{"id":115904,"date":"2023-12-14T16:14:57","date_gmt":"2023-12-14T22:14:57","guid":{"rendered":"https:\/\/canal7slp.tv\/2023\/?p=115904"},"modified":"2023-12-15T16:15:25","modified_gmt":"2023-12-15T22:15:25","slug":"por-primera-vez-designacion-de-integrante-de-scjn-correspondio-al-presidente","status":"publish","type":"post","link":"https:\/\/canal7slp.tv\/2023\/por-primera-vez-designacion-de-integrante-de-scjn-correspondio-al-presidente\/","title":{"rendered":"Por primera vez, designaci\u00f3n de integrante de SCJN correspondi\u00f3 al presidente"},"content":{"rendered":"<p style=\"text-align: justify;\">M\u00e9xico.- Tras una intensa jornada en el Senado, dos rondas de votaci\u00f3n no lograron el consenso para definir qui\u00e9n ocupar\u00e1 el cargo vacante en la Suprema Corte de Justicia de la Naci\u00f3n.<\/p>\n<p style=\"text-align: justify;\">Por primera vez desde la reforma de 1994, el presidente har\u00e1 uso de sus facultades constitucionales para nombrar directamente al nuevo ministro del M\u00e1ximo Tribunal.<\/p>\n<p style=\"text-align: justify;\">Andr\u00e9s Manuel L\u00f3pez Obrador designar\u00e1 a la persona que ocupar\u00e1 el lugar dejado por Arturo Zald\u00edvar, quien renunci\u00f3 a la Corte y se uni\u00f3 al equipo de la precandidata presidencial de Morena, Claudia Sheinbaum.<\/p>\n<p style=\"text-align: justify;\">La presidenta de la Mesa Directiva del Senado, Ana Lilia Rivera Rivera, comunicar\u00e1 el resultado al presidente de la Rep\u00fablica, conforme al art\u00edculo 96 de la Constituci\u00f3n.<\/p>\n<p style=\"text-align: justify;\">Cabe se\u00f1alar que la segunda terna estaba conformada por Bertha Mar\u00eda Alcalde Luj\u00e1n, Lenia Batres Guadarrama y Er\u00e9ndira Cruz Villegas Fuentes. Ninguna de las opciones logr\u00f3 la mayor\u00eda calificada necesaria para ocupar la vacante despu\u00e9s de dos votaciones.<\/p>\n","protected":false},"excerpt":{"rendered":"<p>M\u00e9xico.- Tras una intensa jornada en el Senado, dos rondas de votaci\u00f3n no lograron el consenso para definir qui\u00e9n ocupar\u00e1 el cargo vacante en la Suprema Corte de Justicia de la Naci\u00f3n. Por primera vez desde la reforma de 1994, el presidente har\u00e1 uso de sus facultades constitucionales para nombrar directamente al nuevo ministro del M\u00e1ximo Tribunal. Andr\u00e9s Manuel L\u00f3pez Obrador designar\u00e1 a la persona que ocupar\u00e1 el lugar dejado por Arturo Zald\u00edvar, quien renunci\u00f3 a la Corte y se uni\u00f3 al equipo de la precandidata presidencial de Morena, Claudia Sheinbaum. La presidenta de la Mesa Directiva del Senado, Ana [&hellip;]<\/p>\n","protected":false},"author":2,"featured_media":115922,"comment_status":"closed","ping_status":"closed","sticky":false,"template":"","format":"standard","meta":{"footnotes":""},"categories":[46],"tags":[],"class_list":["post-115904","post","type-post","status-publish","format-standard","has-post-thumbnail","hentry","category-nacional","post--single"],"yoast_head":"<!-- This site is optimized with the Yoast SEO plugin v27.5 - https:\/\/yoast.com\/product\/yoast-seo-wordpress\/ -->\n<title>Por primera vez, designaci\u00f3n de integrante de SCJN correspondi\u00f3 al presidente - Canal 7 SLP - 2023<\/title>\n<meta name=\"robots\" content=\"index, follow, max-snippet:-1, max-image-preview:large, max-video-preview:-1\" \/>\n<link rel=\"canonical\" href=\"https:\/\/canal7slp.tv\/2023\/por-primera-vez-designacion-de-integrante-de-scjn-correspondio-al-presidente\/\" \/>\n<meta property=\"og:locale\" content=\"es_ES\" \/>\n<meta property=\"og:type\" content=\"article\" \/>\n<meta property=\"og:title\" content=\"Por primera vez, designaci\u00f3n de integrante de SCJN correspondi\u00f3 al presidente - Canal 7 SLP - 2023\" \/>\n<meta property=\"og:description\" content=\"M\u00e9xico.- Tras una intensa jornada en el Senado, dos rondas de votaci\u00f3n no lograron el consenso para definir qui\u00e9n ocupar\u00e1 el cargo vacante en la Suprema Corte de Justicia de la Naci\u00f3n. Por primera vez desde la reforma de 1994, el presidente har\u00e1 uso de sus facultades constitucionales para nombrar directamente al nuevo ministro del M\u00e1ximo Tribunal. Andr\u00e9s Manuel L\u00f3pez Obrador designar\u00e1 a la persona que ocupar\u00e1 el lugar dejado por Arturo Zald\u00edvar, quien renunci\u00f3 a la Corte y se uni\u00f3 al equipo de la precandidata presidencial de Morena, Claudia Sheinbaum. La presidenta de la Mesa Directiva del Senado, Ana [&hellip;]\" \/>\n<meta property=\"og:url\" content=\"https:\/\/canal7slp.tv\/2023\/por-primera-vez-designacion-de-integrante-de-scjn-correspondio-al-presidente\/\" \/>\n<meta property=\"og:site_name\" content=\"Canal 7 SLP - 2023\" \/>\n<meta property=\"article:publisher\" content=\"https:\/\/www.facebook.com\/noticieroscanalsiete\" \/>\n<meta property=\"article:published_time\" content=\"2023-12-14T22:14:57+00:00\" \/>\n<meta property=\"article:modified_time\" content=\"2023-12-15T22:15:25+00:00\" \/>\n<meta property=\"og:image\" content=\"https:\/\/canal7slp.tv\/2023\/wp-content\/uploads\/2023\/12\/01-12.jpg\" \/>\n\t<meta property=\"og:image:width\" content=\"800\" \/>\n\t<meta property=\"og:image:height\" content=\"600\" \/>\n\t<meta property=\"og:image:type\" content=\"image\/jpeg\" \/>\n<meta name=\"author\" content=\"Edici\u00f3n Web\" \/>\n<meta name=\"twitter:card\" content=\"summary_large_image\" \/>\n<meta name=\"twitter:creator\" content=\"@NOTICIEROS7\" \/>\n<meta name=\"twitter:site\" content=\"@NOTICIEROS7\" \/>\n<meta name=\"twitter:label1\" content=\"Escrito por\" \/>\n\t<meta name=\"twitter:data1\" content=\"Edici\u00f3n Web\" \/>\n\t<meta name=\"twitter:label2\" content=\"Tiempo de lectura\" \/>\n\t<meta name=\"twitter:data2\" content=\"1 minuto\" \/>\n<script type=\"application\/ld+json\" class=\"yoast-schema-graph\">{\"@context\":\"https:\\\/\\\/schema.org\",\"@graph\":[{\"@type\":\"Article\",\"@id\":\"https:\\\/\\\/canal7slp.tv\\\/2023\\\/por-primera-vez-designacion-de-integrante-de-scjn-correspondio-al-presidente\\\/#article\",\"isPartOf\":{\"@id\":\"https:\\\/\\\/canal7slp.tv\\\/2023\\\/por-primera-vez-designacion-de-integrante-de-scjn-correspondio-al-presidente\\\/\"},\"author\":{\"name\":\"Edici\u00f3n Web\",\"@id\":\"https:\\\/\\\/canal7slp.tv\\\/2023\\\/#\\\/schema\\\/person\\\/639c424e3584069003b11ae813915da6\"},\"headline\":\"Por primera vez, designaci\u00f3n de integrante de SCJN correspondi\u00f3 al presidente\",\"datePublished\":\"2023-12-14T22:14:57+00:00\",\"dateModified\":\"2023-12-15T22:15:25+00:00\",\"mainEntityOfPage\":{\"@id\":\"https:\\\/\\\/canal7slp.tv\\\/2023\\\/por-primera-vez-designacion-de-integrante-de-scjn-correspondio-al-presidente\\\/\"},\"wordCount\":184,\"publisher\":{\"@id\":\"https:\\\/\\\/canal7slp.tv\\\/2023\\\/#organization\"},\"image\":{\"@id\":\"https:\\\/\\\/canal7slp.tv\\\/2023\\\/por-primera-vez-designacion-de-integrante-de-scjn-correspondio-al-presidente\\\/#primaryimage\"},\"thumbnailUrl\":\"https:\\\/\\\/canal7slp.tv\\\/2023\\\/wp-content\\\/uploads\\\/2023\\\/12\\\/01-12.jpg\",\"articleSection\":[\"NACIONALES\"],\"inLanguage\":\"es\"},{\"@type\":\"WebPage\",\"@id\":\"https:\\\/\\\/canal7slp.tv\\\/2023\\\/por-primera-vez-designacion-de-integrante-de-scjn-correspondio-al-presidente\\\/\",\"url\":\"https:\\\/\\\/canal7slp.tv\\\/2023\\\/por-primera-vez-designacion-de-integrante-de-scjn-correspondio-al-presidente\\\/\",\"name\":\"Por primera vez, designaci\u00f3n de integrante de SCJN correspondi\u00f3 al presidente - Canal 7 SLP - 2023\",\"isPartOf\":{\"@id\":\"https:\\\/\\\/canal7slp.tv\\\/2023\\\/#website\"},\"primaryImageOfPage\":{\"@id\":\"https:\\\/\\\/canal7slp.tv\\\/2023\\\/por-primera-vez-designacion-de-integrante-de-scjn-correspondio-al-presidente\\\/#primaryimage\"},\"image\":{\"@id\":\"https:\\\/\\\/canal7slp.tv\\\/2023\\\/por-primera-vez-designacion-de-integrante-de-scjn-correspondio-al-presidente\\\/#primaryimage\"},\"thumbnailUrl\":\"https:\\\/\\\/canal7slp.tv\\\/2023\\\/wp-content\\\/uploads\\\/2023\\\/12\\\/01-12.jpg\",\"datePublished\":\"2023-12-14T22:14:57+00:00\",\"dateModified\":\"2023-12-15T22:15:25+00:00\",\"breadcrumb\":{\"@id\":\"https:\\\/\\\/canal7slp.tv\\\/2023\\\/por-primera-vez-designacion-de-integrante-de-scjn-correspondio-al-presidente\\\/#breadcrumb\"},\"inLanguage\":\"es\",\"potentialAction\":[{\"@type\":\"ReadAction\",\"target\":[\"https:\\\/\\\/canal7slp.tv\\\/2023\\\/por-primera-vez-designacion-de-integrante-de-scjn-correspondio-al-presidente\\\/\"]}]},{\"@type\":\"ImageObject\",\"inLanguage\":\"es\",\"@id\":\"https:\\\/\\\/canal7slp.tv\\\/2023\\\/por-primera-vez-designacion-de-integrante-de-scjn-correspondio-al-presidente\\\/#primaryimage\",\"url\":\"https:\\\/\\\/canal7slp.tv\\\/2023\\\/wp-content\\\/uploads\\\/2023\\\/12\\\/01-12.jpg\",\"contentUrl\":\"https:\\\/\\\/canal7slp.tv\\\/2023\\\/wp-content\\\/uploads\\\/2023\\\/12\\\/01-12.jpg\",\"width\":800,\"height\":600},{\"@type\":\"BreadcrumbList\",\"@id\":\"https:\\\/\\\/canal7slp.tv\\\/2023\\\/por-primera-vez-designacion-de-integrante-de-scjn-correspondio-al-presidente\\\/#breadcrumb\",\"itemListElement\":[{\"@type\":\"ListItem\",\"position\":1,\"name\":\"Portada\",\"item\":\"https:\\\/\\\/canal7slp.tv\\\/2023\\\/\"},{\"@type\":\"ListItem\",\"position\":2,\"name\":\"Por primera vez, designaci\u00f3n de integrante de SCJN correspondi\u00f3 al presidente\"}]},{\"@type\":\"WebSite\",\"@id\":\"https:\\\/\\\/canal7slp.tv\\\/2023\\\/#website\",\"url\":\"https:\\\/\\\/canal7slp.tv\\\/2023\\\/\",\"name\":\"N7 - Noticieros Canal 7\",\"description\":\"Somos Televisi\u00f3n\",\"publisher\":{\"@id\":\"https:\\\/\\\/canal7slp.tv\\\/2023\\\/#organization\"},\"potentialAction\":[{\"@type\":\"SearchAction\",\"target\":{\"@type\":\"EntryPoint\",\"urlTemplate\":\"https:\\\/\\\/canal7slp.tv\\\/2023\\\/?s={search_term_string}\"},\"query-input\":{\"@type\":\"PropertyValueSpecification\",\"valueRequired\":true,\"valueName\":\"search_term_string\"}}],\"inLanguage\":\"es\"},{\"@type\":\"Organization\",\"@id\":\"https:\\\/\\\/canal7slp.tv\\\/2023\\\/#organization\",\"name\":\"Noticieros Canal 7\",\"url\":\"https:\\\/\\\/canal7slp.tv\\\/2023\\\/\",\"logo\":{\"@type\":\"ImageObject\",\"inLanguage\":\"es\",\"@id\":\"https:\\\/\\\/canal7slp.tv\\\/2023\\\/#\\\/schema\\\/logo\\\/image\\\/\",\"url\":\"https:\\\/\\\/canal7slp.tv\\\/2023\\\/wp-content\\\/uploads\\\/2021\\\/01\\\/logo-noticieros@2x.png\",\"contentUrl\":\"https:\\\/\\\/canal7slp.tv\\\/2023\\\/wp-content\\\/uploads\\\/2021\\\/01\\\/logo-noticieros@2x.png\",\"width\":1017,\"height\":268,\"caption\":\"Noticieros Canal 7\"},\"image\":{\"@id\":\"https:\\\/\\\/canal7slp.tv\\\/2023\\\/#\\\/schema\\\/logo\\\/image\\\/\"},\"sameAs\":[\"https:\\\/\\\/www.facebook.com\\\/noticieroscanalsiete\",\"https:\\\/\\\/x.com\\\/NOTICIEROS7\",\"https:\\\/\\\/www.instagram.com\\\/canal7_slp\",\"https:\\\/\\\/www.youtube.com\\\/channel\\\/UCliiYs-gP3JfJeqdPrNdd5A\"]},{\"@type\":\"Person\",\"@id\":\"https:\\\/\\\/canal7slp.tv\\\/2023\\\/#\\\/schema\\\/person\\\/639c424e3584069003b11ae813915da6\",\"name\":\"Edici\u00f3n Web\",\"image\":{\"@type\":\"ImageObject\",\"inLanguage\":\"es\",\"@id\":\"https:\\\/\\\/secure.gravatar.com\\\/avatar\\\/eee448fc3f7164808013b816ba91ac7e43bbe82a70bebac296f8bc6f0addaa1a?s=96&d=mm&r=g\",\"url\":\"https:\\\/\\\/secure.gravatar.com\\\/avatar\\\/eee448fc3f7164808013b816ba91ac7e43bbe82a70bebac296f8bc6f0addaa1a?s=96&d=mm&r=g\",\"contentUrl\":\"https:\\\/\\\/secure.gravatar.com\\\/avatar\\\/eee448fc3f7164808013b816ba91ac7e43bbe82a70bebac296f8bc6f0addaa1a?s=96&d=mm&r=g\",\"caption\":\"Edici\u00f3n Web\"},\"url\":\"https:\\\/\\\/canal7slp.tv\\\/2023\\\/author\\\/edicionweb\\\/\"}]}<\/script>\n<!-- \/ Yoast SEO plugin. -->","yoast_head_json":{"title":"Por primera vez, designaci\u00f3n de integrante de SCJN correspondi\u00f3 al presidente - Canal 7 SLP - 2023","robots":{"index":"index","follow":"follow","max-snippet":"max-snippet:-1","max-image-preview":"max-image-preview:large","max-video-preview":"max-video-preview:-1"},"canonical":"https:\/\/canal7slp.tv\/2023\/por-primera-vez-designacion-de-integrante-de-scjn-correspondio-al-presidente\/","og_locale":"es_ES","og_type":"article","og_title":"Por primera vez, designaci\u00f3n de integrante de SCJN correspondi\u00f3 al presidente - Canal 7 SLP - 2023","og_description":"M\u00e9xico.- Tras una intensa jornada en el Senado, dos rondas de votaci\u00f3n no lograron el consenso para definir qui\u00e9n ocupar\u00e1 el cargo vacante en la Suprema Corte de Justicia de la Naci\u00f3n. Por primera vez desde la reforma de 1994, el presidente har\u00e1 uso de sus facultades constitucionales para nombrar directamente al nuevo ministro del M\u00e1ximo Tribunal. Andr\u00e9s Manuel L\u00f3pez Obrador designar\u00e1 a la persona que ocupar\u00e1 el lugar dejado por Arturo Zald\u00edvar, quien renunci\u00f3 a la Corte y se uni\u00f3 al equipo de la precandidata presidencial de Morena, Claudia Sheinbaum. La presidenta de la Mesa Directiva del Senado, Ana [&hellip;]","og_url":"https:\/\/canal7slp.tv\/2023\/por-primera-vez-designacion-de-integrante-de-scjn-correspondio-al-presidente\/","og_site_name":"Canal 7 SLP - 2023","article_publisher":"https:\/\/www.facebook.com\/noticieroscanalsiete","article_published_time":"2023-12-14T22:14:57+00:00","article_modified_time":"2023-12-15T22:15:25+00:00","og_image":[{"width":800,"height":600,"url":"https:\/\/canal7slp.tv\/2023\/wp-content\/uploads\/2023\/12\/01-12.jpg","type":"image\/jpeg"}],"author":"Edici\u00f3n Web","twitter_card":"summary_large_image","twitter_creator":"@NOTICIEROS7","twitter_site":"@NOTICIEROS7","twitter_misc":{"Escrito por":"Edici\u00f3n Web","Tiempo de lectura":"1 minuto"},"schema":{"@context":"https:\/\/schema.org","@graph":[{"@type":"Article","@id":"https:\/\/canal7slp.tv\/2023\/por-primera-vez-designacion-de-integrante-de-scjn-correspondio-al-presidente\/#article","isPartOf":{"@id":"https:\/\/canal7slp.tv\/2023\/por-primera-vez-designacion-de-integrante-de-scjn-correspondio-al-presidente\/"},"author":{"name":"Edici\u00f3n Web","@id":"https:\/\/canal7slp.tv\/2023\/#\/schema\/person\/639c424e3584069003b11ae813915da6"},"headline":"Por primera vez, designaci\u00f3n de integrante de SCJN correspondi\u00f3 al presidente","datePublished":"2023-12-14T22:14:57+00:00","dateModified":"2023-12-15T22:15:25+00:00","mainEntityOfPage":{"@id":"https:\/\/canal7slp.tv\/2023\/por-primera-vez-designacion-de-integrante-de-scjn-correspondio-al-presidente\/"},"wordCount":184,"publisher":{"@id":"https:\/\/canal7slp.tv\/2023\/#organization"},"image":{"@id":"https:\/\/canal7slp.tv\/2023\/por-primera-vez-designacion-de-integrante-de-scjn-correspondio-al-presidente\/#primaryimage"},"thumbnailUrl":"https:\/\/canal7slp.tv\/2023\/wp-content\/uploads\/2023\/12\/01-12.jpg","articleSection":["NACIONALES"],"inLanguage":"es"},{"@type":"WebPage","@id":"https:\/\/canal7slp.tv\/2023\/por-primera-vez-designacion-de-integrante-de-scjn-correspondio-al-presidente\/","url":"https:\/\/canal7slp.tv\/2023\/por-primera-vez-designacion-de-integrante-de-scjn-correspondio-al-presidente\/","name":"Por primera vez, designaci\u00f3n de integrante de SCJN correspondi\u00f3 al presidente - Canal 7 SLP - 2023","isPartOf":{"@id":"https:\/\/canal7slp.tv\/2023\/#website"},"primaryImageOfPage":{"@id":"https:\/\/canal7slp.tv\/2023\/por-primera-vez-designacion-de-integrante-de-scjn-correspondio-al-presidente\/#primaryimage"},"image":{"@id":"https:\/\/canal7slp.tv\/2023\/por-primera-vez-designacion-de-integrante-de-scjn-correspondio-al-presidente\/#primaryimage"},"thumbnailUrl":"https:\/\/canal7slp.tv\/2023\/wp-content\/uploads\/2023\/12\/01-12.jpg","datePublished":"2023-12-14T22:14:57+00:00","dateModified":"2023-12-15T22:15:25+00:00","breadcrumb":{"@id":"https:\/\/canal7slp.tv\/2023\/por-primera-vez-designacion-de-integrante-de-scjn-correspondio-al-presidente\/#breadcrumb"},"inLanguage":"es","potentialAction":[{"@type":"ReadAction","target":["https:\/\/canal7slp.tv\/2023\/por-primera-vez-designacion-de-integrante-de-scjn-correspondio-al-presidente\/"]}]},{"@type":"ImageObject","inLanguage":"es","@id":"https:\/\/canal7slp.tv\/2023\/por-primera-vez-designacion-de-integrante-de-scjn-correspondio-al-presidente\/#primaryimage","url":"https:\/\/canal7slp.tv\/2023\/wp-content\/uploads\/2023\/12\/01-12.jpg","contentUrl":"https:\/\/canal7slp.tv\/2023\/wp-content\/uploads\/2023\/12\/01-12.jpg","width":800,"height":600},{"@type":"BreadcrumbList","@id":"https:\/\/canal7slp.tv\/2023\/por-primera-vez-designacion-de-integrante-de-scjn-correspondio-al-presidente\/#breadcrumb","itemListElement":[{"@type":"ListItem","position":1,"name":"Portada","item":"https:\/\/canal7slp.tv\/2023\/"},{"@type":"ListItem","position":2,"name":"Por primera vez, designaci\u00f3n de integrante de SCJN correspondi\u00f3 al presidente"}]},{"@type":"WebSite","@id":"https:\/\/canal7slp.tv\/2023\/#website","url":"https:\/\/canal7slp.tv\/2023\/","name":"N7 - Noticieros Canal 7","description":"Somos Televisi\u00f3n","publisher":{"@id":"https:\/\/canal7slp.tv\/2023\/#organization"},"potentialAction":[{"@type":"SearchAction","target":{"@type":"EntryPoint","urlTemplate":"https:\/\/canal7slp.tv\/2023\/?s={search_term_string}"},"query-input":{"@type":"PropertyValueSpecification","valueRequired":true,"valueName":"search_term_string"}}],"inLanguage":"es"},{"@type":"Organization","@id":"https:\/\/canal7slp.tv\/2023\/#organization","name":"Noticieros Canal 7","url":"https:\/\/canal7slp.tv\/2023\/","logo":{"@type":"ImageObject","inLanguage":"es","@id":"https:\/\/canal7slp.tv\/2023\/#\/schema\/logo\/image\/","url":"https:\/\/canal7slp.tv\/2023\/wp-content\/uploads\/2021\/01\/logo-noticieros@2x.png","contentUrl":"https:\/\/canal7slp.tv\/2023\/wp-content\/uploads\/2021\/01\/logo-noticieros@2x.png","width":1017,"height":268,"caption":"Noticieros Canal 7"},"image":{"@id":"https:\/\/canal7slp.tv\/2023\/#\/schema\/logo\/image\/"},"sameAs":["https:\/\/www.facebook.com\/noticieroscanalsiete","https:\/\/x.com\/NOTICIEROS7","https:\/\/www.instagram.com\/canal7_slp","https:\/\/www.youtube.com\/channel\/UCliiYs-gP3JfJeqdPrNdd5A"]},{"@type":"Person","@id":"https:\/\/canal7slp.tv\/2023\/#\/schema\/person\/639c424e3584069003b11ae813915da6","name":"Edici\u00f3n Web","image":{"@type":"ImageObject","inLanguage":"es","@id":"https:\/\/secure.gravatar.com\/avatar\/eee448fc3f7164808013b816ba91ac7e43bbe82a70bebac296f8bc6f0addaa1a?s=96&d=mm&r=g","url":"https:\/\/secure.gravatar.com\/avatar\/eee448fc3f7164808013b816ba91ac7e43bbe82a70bebac296f8bc6f0addaa1a?s=96&d=mm&r=g","contentUrl":"https:\/\/secure.gravatar.com\/avatar\/eee448fc3f7164808013b816ba91ac7e43bbe82a70bebac296f8bc6f0addaa1a?s=96&d=mm&r=g","caption":"Edici\u00f3n Web"},"url":"https:\/\/canal7slp.tv\/2023\/author\/edicionweb\/"}]}},"_links":{"self":[{"href":"https:\/\/canal7slp.tv\/2023\/wp-json\/wp\/v2\/posts\/115904","targetHints":{"allow":["GET"]}}],"collection":[{"href":"https:\/\/canal7slp.tv\/2023\/wp-json\/wp\/v2\/posts"}],"about":[{"href":"https:\/\/canal7slp.tv\/2023\/wp-json\/wp\/v2\/types\/post"}],"author":[{"embeddable":true,"href":"https:\/\/canal7slp.tv\/2023\/wp-json\/wp\/v2\/users\/2"}],"replies":[{"embeddable":true,"href":"https:\/\/canal7slp.tv\/2023\/wp-json\/wp\/v2\/comments?post=115904"}],"version-history":[{"count":3,"href":"https:\/\/canal7slp.tv\/2023\/wp-json\/wp\/v2\/posts\/115904\/revisions"}],"predecessor-version":[{"id":116033,"href":"https:\/\/canal7slp.tv\/2023\/wp-json\/wp\/v2\/posts\/115904\/revisions\/116033"}],"wp:featuredmedia":[{"embeddable":true,"href":"https:\/\/canal7slp.tv\/2023\/wp-json\/wp\/v2\/media\/115922"}],"wp:attachment":[{"href":"https:\/\/canal7slp.tv\/2023\/wp-json\/wp\/v2\/media?parent=115904"}],"wp:term":[{"taxonomy":"category","embeddable":true,"href":"https:\/\/canal7slp.tv\/2023\/wp-json\/wp\/v2\/categories?post=115904"},{"taxonomy":"post_tag","embeddable":true,"href":"https:\/\/canal7slp.tv\/2023\/wp-json\/wp\/v2\/tags?post=115904"}],"curies":[{"name":"wp","href":"https:\/\/api.w.org\/{rel}","templated":true}]}}