{"id":115894,"date":"2023-12-14T14:40:11","date_gmt":"2023-12-14T20:40:11","guid":{"rendered":"https:\/\/canal7slp.tv\/2023\/?p=115894"},"modified":"2023-12-14T14:40:11","modified_gmt":"2023-12-14T20:40:11","slug":"selectivo-estatal-de-campo-traviesa-se-realizara-el-16-de-diciembre","status":"publish","type":"post","link":"https:\/\/canal7slp.tv\/2023\/selectivo-estatal-de-campo-traviesa-se-realizara-el-16-de-diciembre\/","title":{"rendered":"Selectivo Estatal de Campo Traviesa se realizar\u00e1 el 16 de diciembre"},"content":{"rendered":"<p style=\"text-align: justify;\">SLP.- La Asociaci\u00f3n de Atletismo del Estado de San Luis Potos\u00ed convoca a todas las Instituciones, Clubs y atletas del estado, afiliados a la Asociaci\u00f3n de Atletismo del Estado de San Luis Potos\u00ed a participar en el selectivo estatal de campo traviesa, rumbo al Campeonato Nacional 2024.<\/p>\n<p style=\"text-align: justify;\">La justa tendr\u00e1 lugar en el Parque la Mezquitada, Cerritos, S.L.P., el s\u00e1bado 16 de diciembre de 2023, el programa inicia a las 9:00 hora, en la rama varonil y femenil.<\/p>\n<p style=\"text-align: justify;\">El evento contara con diversas categor\u00edas y distancias, Juvenil femenil: (nacidos en 2005, 2006, 2007 y 2008) 6 kil\u00f3metros, Juvenil varonil: (nacidos en 2005, 2006, 2007 y 2008) 8 kil\u00f3metros; Libre femenil y varonil: (20 a 39 a\u00f1os, nacidos en 2004 y anteriores), 10 kil\u00f3metros.<\/p>\n","protected":false},"excerpt":{"rendered":"<p>SLP.- La Asociaci\u00f3n de Atletismo del Estado de San Luis Potos\u00ed convoca a todas las Instituciones, Clubs y atletas del estado, afiliados a la Asociaci\u00f3n de Atletismo del Estado de San Luis Potos\u00ed a participar en el selectivo estatal de campo traviesa, rumbo al Campeonato Nacional 2024. La justa tendr\u00e1 lugar en el Parque la Mezquitada, Cerritos, S.L.P., el s\u00e1bado 16 de diciembre de 2023, el programa inicia a las 9:00 hora, en la rama varonil y femenil. El evento contara con diversas categor\u00edas y distancias, Juvenil femenil: (nacidos en 2005, 2006, 2007 y 2008) 6 kil\u00f3metros, Juvenil varonil: (nacidos [&hellip;]<\/p>\n","protected":false},"author":2,"featured_media":115902,"comment_status":"closed","ping_status":"closed","sticky":false,"template":"","format":"video","meta":{"footnotes":""},"categories":[7,5],"tags":[],"class_list":["post-115894","post","type-post","status-publish","format-video","has-post-thumbnail","hentry","category-deportes","category-destacadas","post_format-post-format-video","post--single"],"yoast_head":"<!-- This site is optimized with the Yoast SEO plugin v27.5 - https:\/\/yoast.com\/product\/yoast-seo-wordpress\/ -->\n<title>Selectivo Estatal de Campo Traviesa se realizar\u00e1 el 16 de diciembre - Canal 7 SLP - 2023<\/title>\n<meta name=\"robots\" content=\"index, follow, max-snippet:-1, max-image-preview:large, max-video-preview:-1\" \/>\n<link rel=\"canonical\" href=\"https:\/\/canal7slp.tv\/2023\/selectivo-estatal-de-campo-traviesa-se-realizara-el-16-de-diciembre\/\" \/>\n<meta property=\"og:locale\" content=\"es_ES\" \/>\n<meta property=\"og:type\" content=\"article\" \/>\n<meta property=\"og:title\" content=\"Selectivo Estatal de Campo Traviesa se realizar\u00e1 el 16 de diciembre - Canal 7 SLP - 2023\" \/>\n<meta property=\"og:description\" content=\"SLP.- La Asociaci\u00f3n de Atletismo del Estado de San Luis Potos\u00ed convoca a todas las Instituciones, Clubs y atletas del estado, afiliados a la Asociaci\u00f3n de Atletismo del Estado de San Luis Potos\u00ed a participar en el selectivo estatal de campo traviesa, rumbo al Campeonato Nacional 2024. La justa tendr\u00e1 lugar en el Parque la Mezquitada, Cerritos, S.L.P., el s\u00e1bado 16 de diciembre de 2023, el programa inicia a las 9:00 hora, en la rama varonil y femenil. El evento contara con diversas categor\u00edas y distancias, Juvenil femenil: (nacidos en 2005, 2006, 2007 y 2008) 6 kil\u00f3metros, Juvenil varonil: (nacidos [&hellip;]\" \/>\n<meta property=\"og:url\" content=\"https:\/\/canal7slp.tv\/2023\/selectivo-estatal-de-campo-traviesa-se-realizara-el-16-de-diciembre\/\" \/>\n<meta property=\"og:site_name\" content=\"Canal 7 SLP - 2023\" \/>\n<meta property=\"article:publisher\" content=\"https:\/\/www.facebook.com\/noticieroscanalsiete\" \/>\n<meta property=\"article:published_time\" content=\"2023-12-14T20:40:11+00:00\" \/>\n<meta property=\"og:image\" content=\"https:\/\/canal7slp.tv\/2023\/wp-content\/uploads\/2023\/12\/Frio03Selectivo.jpg\" \/>\n\t<meta property=\"og:image:width\" content=\"1280\" \/>\n\t<meta property=\"og:image:height\" content=\"720\" \/>\n\t<meta property=\"og:image:type\" content=\"image\/jpeg\" \/>\n<meta name=\"author\" content=\"Edici\u00f3n Web\" \/>\n<meta name=\"twitter:card\" content=\"summary_large_image\" \/>\n<meta name=\"twitter:creator\" content=\"@NOTICIEROS7\" \/>\n<meta name=\"twitter:site\" content=\"@NOTICIEROS7\" \/>\n<meta name=\"twitter:label1\" content=\"Escrito por\" \/>\n\t<meta name=\"twitter:data1\" content=\"Edici\u00f3n Web\" \/>\n\t<meta name=\"twitter:label2\" content=\"Tiempo de lectura\" \/>\n\t<meta name=\"twitter:data2\" content=\"1 minuto\" \/>\n<script type=\"application\/ld+json\" class=\"yoast-schema-graph\">{\"@context\":\"https:\\\/\\\/schema.org\",\"@graph\":[{\"@type\":\"Article\",\"@id\":\"https:\\\/\\\/canal7slp.tv\\\/2023\\\/selectivo-estatal-de-campo-traviesa-se-realizara-el-16-de-diciembre\\\/#article\",\"isPartOf\":{\"@id\":\"https:\\\/\\\/canal7slp.tv\\\/2023\\\/selectivo-estatal-de-campo-traviesa-se-realizara-el-16-de-diciembre\\\/\"},\"author\":{\"name\":\"Edici\u00f3n Web\",\"@id\":\"https:\\\/\\\/canal7slp.tv\\\/2023\\\/#\\\/schema\\\/person\\\/639c424e3584069003b11ae813915da6\"},\"headline\":\"Selectivo Estatal de Campo Traviesa se realizar\u00e1 el 16 de diciembre\",\"datePublished\":\"2023-12-14T20:40:11+00:00\",\"mainEntityOfPage\":{\"@id\":\"https:\\\/\\\/canal7slp.tv\\\/2023\\\/selectivo-estatal-de-campo-traviesa-se-realizara-el-16-de-diciembre\\\/\"},\"wordCount\":126,\"publisher\":{\"@id\":\"https:\\\/\\\/canal7slp.tv\\\/2023\\\/#organization\"},\"image\":{\"@id\":\"https:\\\/\\\/canal7slp.tv\\\/2023\\\/selectivo-estatal-de-campo-traviesa-se-realizara-el-16-de-diciembre\\\/#primaryimage\"},\"thumbnailUrl\":\"https:\\\/\\\/canal7slp.tv\\\/2023\\\/wp-content\\\/uploads\\\/2023\\\/12\\\/Frio03Selectivo.jpg\",\"articleSection\":[\"DEPORTES\",\"DESTACADAS\"],\"inLanguage\":\"es\"},{\"@type\":\"WebPage\",\"@id\":\"https:\\\/\\\/canal7slp.tv\\\/2023\\\/selectivo-estatal-de-campo-traviesa-se-realizara-el-16-de-diciembre\\\/\",\"url\":\"https:\\\/\\\/canal7slp.tv\\\/2023\\\/selectivo-estatal-de-campo-traviesa-se-realizara-el-16-de-diciembre\\\/\",\"name\":\"Selectivo Estatal de Campo Traviesa se realizar\u00e1 el 16 de diciembre - Canal 7 SLP - 2023\",\"isPartOf\":{\"@id\":\"https:\\\/\\\/canal7slp.tv\\\/2023\\\/#website\"},\"primaryImageOfPage\":{\"@id\":\"https:\\\/\\\/canal7slp.tv\\\/2023\\\/selectivo-estatal-de-campo-traviesa-se-realizara-el-16-de-diciembre\\\/#primaryimage\"},\"image\":{\"@id\":\"https:\\\/\\\/canal7slp.tv\\\/2023\\\/selectivo-estatal-de-campo-traviesa-se-realizara-el-16-de-diciembre\\\/#primaryimage\"},\"thumbnailUrl\":\"https:\\\/\\\/canal7slp.tv\\\/2023\\\/wp-content\\\/uploads\\\/2023\\\/12\\\/Frio03Selectivo.jpg\",\"datePublished\":\"2023-12-14T20:40:11+00:00\",\"breadcrumb\":{\"@id\":\"https:\\\/\\\/canal7slp.tv\\\/2023\\\/selectivo-estatal-de-campo-traviesa-se-realizara-el-16-de-diciembre\\\/#breadcrumb\"},\"inLanguage\":\"es\",\"potentialAction\":[{\"@type\":\"ReadAction\",\"target\":[\"https:\\\/\\\/canal7slp.tv\\\/2023\\\/selectivo-estatal-de-campo-traviesa-se-realizara-el-16-de-diciembre\\\/\"]}]},{\"@type\":\"ImageObject\",\"inLanguage\":\"es\",\"@id\":\"https:\\\/\\\/canal7slp.tv\\\/2023\\\/selectivo-estatal-de-campo-traviesa-se-realizara-el-16-de-diciembre\\\/#primaryimage\",\"url\":\"https:\\\/\\\/canal7slp.tv\\\/2023\\\/wp-content\\\/uploads\\\/2023\\\/12\\\/Frio03Selectivo.jpg\",\"contentUrl\":\"https:\\\/\\\/canal7slp.tv\\\/2023\\\/wp-content\\\/uploads\\\/2023\\\/12\\\/Frio03Selectivo.jpg\",\"width\":1280,\"height\":720},{\"@type\":\"BreadcrumbList\",\"@id\":\"https:\\\/\\\/canal7slp.tv\\\/2023\\\/selectivo-estatal-de-campo-traviesa-se-realizara-el-16-de-diciembre\\\/#breadcrumb\",\"itemListElement\":[{\"@type\":\"ListItem\",\"position\":1,\"name\":\"Portada\",\"item\":\"https:\\\/\\\/canal7slp.tv\\\/2023\\\/\"},{\"@type\":\"ListItem\",\"position\":2,\"name\":\"Selectivo Estatal de Campo Traviesa se realizar\u00e1 el 16 de diciembre\"}]},{\"@type\":\"WebSite\",\"@id\":\"https:\\\/\\\/canal7slp.tv\\\/2023\\\/#website\",\"url\":\"https:\\\/\\\/canal7slp.tv\\\/2023\\\/\",\"name\":\"N7 - Noticieros Canal 7\",\"description\":\"Somos Televisi\u00f3n\",\"publisher\":{\"@id\":\"https:\\\/\\\/canal7slp.tv\\\/2023\\\/#organization\"},\"potentialAction\":[{\"@type\":\"SearchAction\",\"target\":{\"@type\":\"EntryPoint\",\"urlTemplate\":\"https:\\\/\\\/canal7slp.tv\\\/2023\\\/?s={search_term_string}\"},\"query-input\":{\"@type\":\"PropertyValueSpecification\",\"valueRequired\":true,\"valueName\":\"search_term_string\"}}],\"inLanguage\":\"es\"},{\"@type\":\"Organization\",\"@id\":\"https:\\\/\\\/canal7slp.tv\\\/2023\\\/#organization\",\"name\":\"Noticieros Canal 7\",\"url\":\"https:\\\/\\\/canal7slp.tv\\\/2023\\\/\",\"logo\":{\"@type\":\"ImageObject\",\"inLanguage\":\"es\",\"@id\":\"https:\\\/\\\/canal7slp.tv\\\/2023\\\/#\\\/schema\\\/logo\\\/image\\\/\",\"url\":\"https:\\\/\\\/canal7slp.tv\\\/2023\\\/wp-content\\\/uploads\\\/2021\\\/01\\\/logo-noticieros@2x.png\",\"contentUrl\":\"https:\\\/\\\/canal7slp.tv\\\/2023\\\/wp-content\\\/uploads\\\/2021\\\/01\\\/logo-noticieros@2x.png\",\"width\":1017,\"height\":268,\"caption\":\"Noticieros Canal 7\"},\"image\":{\"@id\":\"https:\\\/\\\/canal7slp.tv\\\/2023\\\/#\\\/schema\\\/logo\\\/image\\\/\"},\"sameAs\":[\"https:\\\/\\\/www.facebook.com\\\/noticieroscanalsiete\",\"https:\\\/\\\/x.com\\\/NOTICIEROS7\",\"https:\\\/\\\/www.instagram.com\\\/canal7_slp\",\"https:\\\/\\\/www.youtube.com\\\/channel\\\/UCliiYs-gP3JfJeqdPrNdd5A\"]},{\"@type\":\"Person\",\"@id\":\"https:\\\/\\\/canal7slp.tv\\\/2023\\\/#\\\/schema\\\/person\\\/639c424e3584069003b11ae813915da6\",\"name\":\"Edici\u00f3n Web\",\"image\":{\"@type\":\"ImageObject\",\"inLanguage\":\"es\",\"@id\":\"https:\\\/\\\/secure.gravatar.com\\\/avatar\\\/eee448fc3f7164808013b816ba91ac7e43bbe82a70bebac296f8bc6f0addaa1a?s=96&d=mm&r=g\",\"url\":\"https:\\\/\\\/secure.gravatar.com\\\/avatar\\\/eee448fc3f7164808013b816ba91ac7e43bbe82a70bebac296f8bc6f0addaa1a?s=96&d=mm&r=g\",\"contentUrl\":\"https:\\\/\\\/secure.gravatar.com\\\/avatar\\\/eee448fc3f7164808013b816ba91ac7e43bbe82a70bebac296f8bc6f0addaa1a?s=96&d=mm&r=g\",\"caption\":\"Edici\u00f3n Web\"},\"url\":\"https:\\\/\\\/canal7slp.tv\\\/2023\\\/author\\\/edicionweb\\\/\"}]}<\/script>\n<!-- \/ Yoast SEO plugin. -->","yoast_head_json":{"title":"Selectivo Estatal de Campo Traviesa se realizar\u00e1 el 16 de diciembre - Canal 7 SLP - 2023","robots":{"index":"index","follow":"follow","max-snippet":"max-snippet:-1","max-image-preview":"max-image-preview:large","max-video-preview":"max-video-preview:-1"},"canonical":"https:\/\/canal7slp.tv\/2023\/selectivo-estatal-de-campo-traviesa-se-realizara-el-16-de-diciembre\/","og_locale":"es_ES","og_type":"article","og_title":"Selectivo Estatal de Campo Traviesa se realizar\u00e1 el 16 de diciembre - Canal 7 SLP - 2023","og_description":"SLP.- La Asociaci\u00f3n de Atletismo del Estado de San Luis Potos\u00ed convoca a todas las Instituciones, Clubs y atletas del estado, afiliados a la Asociaci\u00f3n de Atletismo del Estado de San Luis Potos\u00ed a participar en el selectivo estatal de campo traviesa, rumbo al Campeonato Nacional 2024. La justa tendr\u00e1 lugar en el Parque la Mezquitada, Cerritos, S.L.P., el s\u00e1bado 16 de diciembre de 2023, el programa inicia a las 9:00 hora, en la rama varonil y femenil. El evento contara con diversas categor\u00edas y distancias, Juvenil femenil: (nacidos en 2005, 2006, 2007 y 2008) 6 kil\u00f3metros, Juvenil varonil: (nacidos [&hellip;]","og_url":"https:\/\/canal7slp.tv\/2023\/selectivo-estatal-de-campo-traviesa-se-realizara-el-16-de-diciembre\/","og_site_name":"Canal 7 SLP - 2023","article_publisher":"https:\/\/www.facebook.com\/noticieroscanalsiete","article_published_time":"2023-12-14T20:40:11+00:00","og_image":[{"width":1280,"height":720,"url":"https:\/\/canal7slp.tv\/2023\/wp-content\/uploads\/2023\/12\/Frio03Selectivo.jpg","type":"image\/jpeg"}],"author":"Edici\u00f3n Web","twitter_card":"summary_large_image","twitter_creator":"@NOTICIEROS7","twitter_site":"@NOTICIEROS7","twitter_misc":{"Escrito por":"Edici\u00f3n Web","Tiempo de lectura":"1 minuto"},"schema":{"@context":"https:\/\/schema.org","@graph":[{"@type":"Article","@id":"https:\/\/canal7slp.tv\/2023\/selectivo-estatal-de-campo-traviesa-se-realizara-el-16-de-diciembre\/#article","isPartOf":{"@id":"https:\/\/canal7slp.tv\/2023\/selectivo-estatal-de-campo-traviesa-se-realizara-el-16-de-diciembre\/"},"author":{"name":"Edici\u00f3n Web","@id":"https:\/\/canal7slp.tv\/2023\/#\/schema\/person\/639c424e3584069003b11ae813915da6"},"headline":"Selectivo Estatal de Campo Traviesa se realizar\u00e1 el 16 de diciembre","datePublished":"2023-12-14T20:40:11+00:00","mainEntityOfPage":{"@id":"https:\/\/canal7slp.tv\/2023\/selectivo-estatal-de-campo-traviesa-se-realizara-el-16-de-diciembre\/"},"wordCount":126,"publisher":{"@id":"https:\/\/canal7slp.tv\/2023\/#organization"},"image":{"@id":"https:\/\/canal7slp.tv\/2023\/selectivo-estatal-de-campo-traviesa-se-realizara-el-16-de-diciembre\/#primaryimage"},"thumbnailUrl":"https:\/\/canal7slp.tv\/2023\/wp-content\/uploads\/2023\/12\/Frio03Selectivo.jpg","articleSection":["DEPORTES","DESTACADAS"],"inLanguage":"es"},{"@type":"WebPage","@id":"https:\/\/canal7slp.tv\/2023\/selectivo-estatal-de-campo-traviesa-se-realizara-el-16-de-diciembre\/","url":"https:\/\/canal7slp.tv\/2023\/selectivo-estatal-de-campo-traviesa-se-realizara-el-16-de-diciembre\/","name":"Selectivo Estatal de Campo Traviesa se realizar\u00e1 el 16 de diciembre - Canal 7 SLP - 2023","isPartOf":{"@id":"https:\/\/canal7slp.tv\/2023\/#website"},"primaryImageOfPage":{"@id":"https:\/\/canal7slp.tv\/2023\/selectivo-estatal-de-campo-traviesa-se-realizara-el-16-de-diciembre\/#primaryimage"},"image":{"@id":"https:\/\/canal7slp.tv\/2023\/selectivo-estatal-de-campo-traviesa-se-realizara-el-16-de-diciembre\/#primaryimage"},"thumbnailUrl":"https:\/\/canal7slp.tv\/2023\/wp-content\/uploads\/2023\/12\/Frio03Selectivo.jpg","datePublished":"2023-12-14T20:40:11+00:00","breadcrumb":{"@id":"https:\/\/canal7slp.tv\/2023\/selectivo-estatal-de-campo-traviesa-se-realizara-el-16-de-diciembre\/#breadcrumb"},"inLanguage":"es","potentialAction":[{"@type":"ReadAction","target":["https:\/\/canal7slp.tv\/2023\/selectivo-estatal-de-campo-traviesa-se-realizara-el-16-de-diciembre\/"]}]},{"@type":"ImageObject","inLanguage":"es","@id":"https:\/\/canal7slp.tv\/2023\/selectivo-estatal-de-campo-traviesa-se-realizara-el-16-de-diciembre\/#primaryimage","url":"https:\/\/canal7slp.tv\/2023\/wp-content\/uploads\/2023\/12\/Frio03Selectivo.jpg","contentUrl":"https:\/\/canal7slp.tv\/2023\/wp-content\/uploads\/2023\/12\/Frio03Selectivo.jpg","width":1280,"height":720},{"@type":"BreadcrumbList","@id":"https:\/\/canal7slp.tv\/2023\/selectivo-estatal-de-campo-traviesa-se-realizara-el-16-de-diciembre\/#breadcrumb","itemListElement":[{"@type":"ListItem","position":1,"name":"Portada","item":"https:\/\/canal7slp.tv\/2023\/"},{"@type":"ListItem","position":2,"name":"Selectivo Estatal de Campo Traviesa se realizar\u00e1 el 16 de diciembre"}]},{"@type":"WebSite","@id":"https:\/\/canal7slp.tv\/2023\/#website","url":"https:\/\/canal7slp.tv\/2023\/","name":"N7 - Noticieros Canal 7","description":"Somos Televisi\u00f3n","publisher":{"@id":"https:\/\/canal7slp.tv\/2023\/#organization"},"potentialAction":[{"@type":"SearchAction","target":{"@type":"EntryPoint","urlTemplate":"https:\/\/canal7slp.tv\/2023\/?s={search_term_string}"},"query-input":{"@type":"PropertyValueSpecification","valueRequired":true,"valueName":"search_term_string"}}],"inLanguage":"es"},{"@type":"Organization","@id":"https:\/\/canal7slp.tv\/2023\/#organization","name":"Noticieros Canal 7","url":"https:\/\/canal7slp.tv\/2023\/","logo":{"@type":"ImageObject","inLanguage":"es","@id":"https:\/\/canal7slp.tv\/2023\/#\/schema\/logo\/image\/","url":"https:\/\/canal7slp.tv\/2023\/wp-content\/uploads\/2021\/01\/logo-noticieros@2x.png","contentUrl":"https:\/\/canal7slp.tv\/2023\/wp-content\/uploads\/2021\/01\/logo-noticieros@2x.png","width":1017,"height":268,"caption":"Noticieros Canal 7"},"image":{"@id":"https:\/\/canal7slp.tv\/2023\/#\/schema\/logo\/image\/"},"sameAs":["https:\/\/www.facebook.com\/noticieroscanalsiete","https:\/\/x.com\/NOTICIEROS7","https:\/\/www.instagram.com\/canal7_slp","https:\/\/www.youtube.com\/channel\/UCliiYs-gP3JfJeqdPrNdd5A"]},{"@type":"Person","@id":"https:\/\/canal7slp.tv\/2023\/#\/schema\/person\/639c424e3584069003b11ae813915da6","name":"Edici\u00f3n Web","image":{"@type":"ImageObject","inLanguage":"es","@id":"https:\/\/secure.gravatar.com\/avatar\/eee448fc3f7164808013b816ba91ac7e43bbe82a70bebac296f8bc6f0addaa1a?s=96&d=mm&r=g","url":"https:\/\/secure.gravatar.com\/avatar\/eee448fc3f7164808013b816ba91ac7e43bbe82a70bebac296f8bc6f0addaa1a?s=96&d=mm&r=g","contentUrl":"https:\/\/secure.gravatar.com\/avatar\/eee448fc3f7164808013b816ba91ac7e43bbe82a70bebac296f8bc6f0addaa1a?s=96&d=mm&r=g","caption":"Edici\u00f3n Web"},"url":"https:\/\/canal7slp.tv\/2023\/author\/edicionweb\/"}]}},"_links":{"self":[{"href":"https:\/\/canal7slp.tv\/2023\/wp-json\/wp\/v2\/posts\/115894","targetHints":{"allow":["GET"]}}],"collection":[{"href":"https:\/\/canal7slp.tv\/2023\/wp-json\/wp\/v2\/posts"}],"about":[{"href":"https:\/\/canal7slp.tv\/2023\/wp-json\/wp\/v2\/types\/post"}],"author":[{"embeddable":true,"href":"https:\/\/canal7slp.tv\/2023\/wp-json\/wp\/v2\/users\/2"}],"replies":[{"embeddable":true,"href":"https:\/\/canal7slp.tv\/2023\/wp-json\/wp\/v2\/comments?post=115894"}],"version-history":[{"count":2,"href":"https:\/\/canal7slp.tv\/2023\/wp-json\/wp\/v2\/posts\/115894\/revisions"}],"predecessor-version":[{"id":115903,"href":"https:\/\/canal7slp.tv\/2023\/wp-json\/wp\/v2\/posts\/115894\/revisions\/115903"}],"wp:featuredmedia":[{"embeddable":true,"href":"https:\/\/canal7slp.tv\/2023\/wp-json\/wp\/v2\/media\/115902"}],"wp:attachment":[{"href":"https:\/\/canal7slp.tv\/2023\/wp-json\/wp\/v2\/media?parent=115894"}],"wp:term":[{"taxonomy":"category","embeddable":true,"href":"https:\/\/canal7slp.tv\/2023\/wp-json\/wp\/v2\/categories?post=115894"},{"taxonomy":"post_tag","embeddable":true,"href":"https:\/\/canal7slp.tv\/2023\/wp-json\/wp\/v2\/tags?post=115894"}],"curies":[{"name":"wp","href":"https:\/\/api.w.org\/{rel}","templated":true}]}}