{"id":115810,"date":"2023-12-13T14:08:55","date_gmt":"2023-12-13T20:08:55","guid":{"rendered":"https:\/\/canal7slp.tv\/2023\/?p=115810"},"modified":"2023-12-13T14:08:55","modified_gmt":"2023-12-13T20:08:55","slug":"uriel-olvera-mendez-campeon-de-tiro-con-arco","status":"publish","type":"post","link":"https:\/\/canal7slp.tv\/2023\/uriel-olvera-mendez-campeon-de-tiro-con-arco\/","title":{"rendered":"Uriel Olvera M\u00e9ndez campe\u00f3n de Tiro con Arco"},"content":{"rendered":"<p style=\"text-align: justify;\">SLP.- En el pasado evento de tiro con arco, Halcones-Classic que tuvo lugar en las instalaciones del Club Halcones, fue el escenario en donde el arquero de la Universidad Aut\u00f3noma de San Luis Potos\u00ed, Uriel Olvera M\u00e9ndez, qued\u00f3 como ganador absoluto de la categor\u00eda abierta varonil en la modalidad de arco compuesto.<\/p>\n<p style=\"text-align: justify;\">En el evento se dieron cita alrededor de 241 arqueros, en 4 diferentes categor\u00edas de todo el pa\u00eds, por lo que se tuvo un excelente nivel competitivo y por lo tanto fue una gran competencia.<\/p>\n<p style=\"text-align: justify;\">Uriel Olvera M\u00e9ndez, es alumnos del noveno semestre de la carrera de Ingeniero en Nanotecnolog\u00eda, por lo que represent\u00f3 a su m\u00e1xima casa de estudios la UASLP.<\/p>\n","protected":false},"excerpt":{"rendered":"<p>SLP.- En el pasado evento de tiro con arco, Halcones-Classic que tuvo lugar en las instalaciones del Club Halcones, fue el escenario en donde el arquero de la Universidad Aut\u00f3noma de San Luis Potos\u00ed, Uriel Olvera M\u00e9ndez, qued\u00f3 como ganador absoluto de la categor\u00eda abierta varonil en la modalidad de arco compuesto. En el evento se dieron cita alrededor de 241 arqueros, en 4 diferentes categor\u00edas de todo el pa\u00eds, por lo que se tuvo un excelente nivel competitivo y por lo tanto fue una gran competencia. Uriel Olvera M\u00e9ndez, es alumnos del noveno semestre de la carrera de Ingeniero [&hellip;]<\/p>\n","protected":false},"author":2,"featured_media":115817,"comment_status":"closed","ping_status":"closed","sticky":false,"template":"","format":"video","meta":{"footnotes":""},"categories":[7,5],"tags":[],"class_list":["post-115810","post","type-post","status-publish","format-video","has-post-thumbnail","hentry","category-deportes","category-destacadas","post_format-post-format-video","post--single"],"yoast_head":"<!-- This site is optimized with the Yoast SEO plugin v27.5 - https:\/\/yoast.com\/product\/yoast-seo-wordpress\/ -->\n<title>Uriel Olvera M\u00e9ndez campe\u00f3n de Tiro con Arco - Canal 7 SLP - 2023<\/title>\n<meta name=\"robots\" content=\"index, follow, max-snippet:-1, max-image-preview:large, max-video-preview:-1\" \/>\n<link rel=\"canonical\" href=\"https:\/\/canal7slp.tv\/2023\/uriel-olvera-mendez-campeon-de-tiro-con-arco\/\" \/>\n<meta property=\"og:locale\" content=\"es_ES\" \/>\n<meta property=\"og:type\" content=\"article\" \/>\n<meta property=\"og:title\" content=\"Uriel Olvera M\u00e9ndez campe\u00f3n de Tiro con Arco - Canal 7 SLP - 2023\" \/>\n<meta property=\"og:description\" content=\"SLP.- En el pasado evento de tiro con arco, Halcones-Classic que tuvo lugar en las instalaciones del Club Halcones, fue el escenario en donde el arquero de la Universidad Aut\u00f3noma de San Luis Potos\u00ed, Uriel Olvera M\u00e9ndez, qued\u00f3 como ganador absoluto de la categor\u00eda abierta varonil en la modalidad de arco compuesto. En el evento se dieron cita alrededor de 241 arqueros, en 4 diferentes categor\u00edas de todo el pa\u00eds, por lo que se tuvo un excelente nivel competitivo y por lo tanto fue una gran competencia. Uriel Olvera M\u00e9ndez, es alumnos del noveno semestre de la carrera de Ingeniero [&hellip;]\" \/>\n<meta property=\"og:url\" content=\"https:\/\/canal7slp.tv\/2023\/uriel-olvera-mendez-campeon-de-tiro-con-arco\/\" \/>\n<meta property=\"og:site_name\" content=\"Canal 7 SLP - 2023\" \/>\n<meta property=\"article:publisher\" content=\"https:\/\/www.facebook.com\/noticieroscanalsiete\" \/>\n<meta property=\"article:published_time\" content=\"2023-12-13T20:08:55+00:00\" \/>\n<meta property=\"og:image\" content=\"https:\/\/canal7slp.tv\/2023\/wp-content\/uploads\/2023\/12\/Froi02Arqueria.jpg\" \/>\n\t<meta property=\"og:image:width\" content=\"1280\" \/>\n\t<meta property=\"og:image:height\" content=\"720\" \/>\n\t<meta property=\"og:image:type\" content=\"image\/jpeg\" \/>\n<meta name=\"author\" content=\"Edici\u00f3n Web\" \/>\n<meta name=\"twitter:card\" content=\"summary_large_image\" \/>\n<meta name=\"twitter:creator\" content=\"@NOTICIEROS7\" \/>\n<meta name=\"twitter:site\" content=\"@NOTICIEROS7\" \/>\n<meta name=\"twitter:label1\" content=\"Escrito por\" \/>\n\t<meta name=\"twitter:data1\" content=\"Edici\u00f3n Web\" \/>\n\t<meta name=\"twitter:label2\" content=\"Tiempo de lectura\" \/>\n\t<meta name=\"twitter:data2\" content=\"1 minuto\" \/>\n<script type=\"application\/ld+json\" class=\"yoast-schema-graph\">{\"@context\":\"https:\\\/\\\/schema.org\",\"@graph\":[{\"@type\":\"Article\",\"@id\":\"https:\\\/\\\/canal7slp.tv\\\/2023\\\/uriel-olvera-mendez-campeon-de-tiro-con-arco\\\/#article\",\"isPartOf\":{\"@id\":\"https:\\\/\\\/canal7slp.tv\\\/2023\\\/uriel-olvera-mendez-campeon-de-tiro-con-arco\\\/\"},\"author\":{\"name\":\"Edici\u00f3n Web\",\"@id\":\"https:\\\/\\\/canal7slp.tv\\\/2023\\\/#\\\/schema\\\/person\\\/639c424e3584069003b11ae813915da6\"},\"headline\":\"Uriel Olvera M\u00e9ndez campe\u00f3n de Tiro con Arco\",\"datePublished\":\"2023-12-13T20:08:55+00:00\",\"mainEntityOfPage\":{\"@id\":\"https:\\\/\\\/canal7slp.tv\\\/2023\\\/uriel-olvera-mendez-campeon-de-tiro-con-arco\\\/\"},\"wordCount\":131,\"publisher\":{\"@id\":\"https:\\\/\\\/canal7slp.tv\\\/2023\\\/#organization\"},\"image\":{\"@id\":\"https:\\\/\\\/canal7slp.tv\\\/2023\\\/uriel-olvera-mendez-campeon-de-tiro-con-arco\\\/#primaryimage\"},\"thumbnailUrl\":\"https:\\\/\\\/canal7slp.tv\\\/2023\\\/wp-content\\\/uploads\\\/2023\\\/12\\\/Froi02Arqueria.jpg\",\"articleSection\":[\"DEPORTES\",\"DESTACADAS\"],\"inLanguage\":\"es\"},{\"@type\":\"WebPage\",\"@id\":\"https:\\\/\\\/canal7slp.tv\\\/2023\\\/uriel-olvera-mendez-campeon-de-tiro-con-arco\\\/\",\"url\":\"https:\\\/\\\/canal7slp.tv\\\/2023\\\/uriel-olvera-mendez-campeon-de-tiro-con-arco\\\/\",\"name\":\"Uriel Olvera M\u00e9ndez campe\u00f3n de Tiro con Arco - Canal 7 SLP - 2023\",\"isPartOf\":{\"@id\":\"https:\\\/\\\/canal7slp.tv\\\/2023\\\/#website\"},\"primaryImageOfPage\":{\"@id\":\"https:\\\/\\\/canal7slp.tv\\\/2023\\\/uriel-olvera-mendez-campeon-de-tiro-con-arco\\\/#primaryimage\"},\"image\":{\"@id\":\"https:\\\/\\\/canal7slp.tv\\\/2023\\\/uriel-olvera-mendez-campeon-de-tiro-con-arco\\\/#primaryimage\"},\"thumbnailUrl\":\"https:\\\/\\\/canal7slp.tv\\\/2023\\\/wp-content\\\/uploads\\\/2023\\\/12\\\/Froi02Arqueria.jpg\",\"datePublished\":\"2023-12-13T20:08:55+00:00\",\"breadcrumb\":{\"@id\":\"https:\\\/\\\/canal7slp.tv\\\/2023\\\/uriel-olvera-mendez-campeon-de-tiro-con-arco\\\/#breadcrumb\"},\"inLanguage\":\"es\",\"potentialAction\":[{\"@type\":\"ReadAction\",\"target\":[\"https:\\\/\\\/canal7slp.tv\\\/2023\\\/uriel-olvera-mendez-campeon-de-tiro-con-arco\\\/\"]}]},{\"@type\":\"ImageObject\",\"inLanguage\":\"es\",\"@id\":\"https:\\\/\\\/canal7slp.tv\\\/2023\\\/uriel-olvera-mendez-campeon-de-tiro-con-arco\\\/#primaryimage\",\"url\":\"https:\\\/\\\/canal7slp.tv\\\/2023\\\/wp-content\\\/uploads\\\/2023\\\/12\\\/Froi02Arqueria.jpg\",\"contentUrl\":\"https:\\\/\\\/canal7slp.tv\\\/2023\\\/wp-content\\\/uploads\\\/2023\\\/12\\\/Froi02Arqueria.jpg\",\"width\":1280,\"height\":720},{\"@type\":\"BreadcrumbList\",\"@id\":\"https:\\\/\\\/canal7slp.tv\\\/2023\\\/uriel-olvera-mendez-campeon-de-tiro-con-arco\\\/#breadcrumb\",\"itemListElement\":[{\"@type\":\"ListItem\",\"position\":1,\"name\":\"Portada\",\"item\":\"https:\\\/\\\/canal7slp.tv\\\/2023\\\/\"},{\"@type\":\"ListItem\",\"position\":2,\"name\":\"Uriel Olvera M\u00e9ndez campe\u00f3n de Tiro con Arco\"}]},{\"@type\":\"WebSite\",\"@id\":\"https:\\\/\\\/canal7slp.tv\\\/2023\\\/#website\",\"url\":\"https:\\\/\\\/canal7slp.tv\\\/2023\\\/\",\"name\":\"N7 - Noticieros Canal 7\",\"description\":\"Somos Televisi\u00f3n\",\"publisher\":{\"@id\":\"https:\\\/\\\/canal7slp.tv\\\/2023\\\/#organization\"},\"potentialAction\":[{\"@type\":\"SearchAction\",\"target\":{\"@type\":\"EntryPoint\",\"urlTemplate\":\"https:\\\/\\\/canal7slp.tv\\\/2023\\\/?s={search_term_string}\"},\"query-input\":{\"@type\":\"PropertyValueSpecification\",\"valueRequired\":true,\"valueName\":\"search_term_string\"}}],\"inLanguage\":\"es\"},{\"@type\":\"Organization\",\"@id\":\"https:\\\/\\\/canal7slp.tv\\\/2023\\\/#organization\",\"name\":\"Noticieros Canal 7\",\"url\":\"https:\\\/\\\/canal7slp.tv\\\/2023\\\/\",\"logo\":{\"@type\":\"ImageObject\",\"inLanguage\":\"es\",\"@id\":\"https:\\\/\\\/canal7slp.tv\\\/2023\\\/#\\\/schema\\\/logo\\\/image\\\/\",\"url\":\"https:\\\/\\\/canal7slp.tv\\\/2023\\\/wp-content\\\/uploads\\\/2021\\\/01\\\/logo-noticieros@2x.png\",\"contentUrl\":\"https:\\\/\\\/canal7slp.tv\\\/2023\\\/wp-content\\\/uploads\\\/2021\\\/01\\\/logo-noticieros@2x.png\",\"width\":1017,\"height\":268,\"caption\":\"Noticieros Canal 7\"},\"image\":{\"@id\":\"https:\\\/\\\/canal7slp.tv\\\/2023\\\/#\\\/schema\\\/logo\\\/image\\\/\"},\"sameAs\":[\"https:\\\/\\\/www.facebook.com\\\/noticieroscanalsiete\",\"https:\\\/\\\/x.com\\\/NOTICIEROS7\",\"https:\\\/\\\/www.instagram.com\\\/canal7_slp\",\"https:\\\/\\\/www.youtube.com\\\/channel\\\/UCliiYs-gP3JfJeqdPrNdd5A\"]},{\"@type\":\"Person\",\"@id\":\"https:\\\/\\\/canal7slp.tv\\\/2023\\\/#\\\/schema\\\/person\\\/639c424e3584069003b11ae813915da6\",\"name\":\"Edici\u00f3n Web\",\"image\":{\"@type\":\"ImageObject\",\"inLanguage\":\"es\",\"@id\":\"https:\\\/\\\/secure.gravatar.com\\\/avatar\\\/eee448fc3f7164808013b816ba91ac7e43bbe82a70bebac296f8bc6f0addaa1a?s=96&d=mm&r=g\",\"url\":\"https:\\\/\\\/secure.gravatar.com\\\/avatar\\\/eee448fc3f7164808013b816ba91ac7e43bbe82a70bebac296f8bc6f0addaa1a?s=96&d=mm&r=g\",\"contentUrl\":\"https:\\\/\\\/secure.gravatar.com\\\/avatar\\\/eee448fc3f7164808013b816ba91ac7e43bbe82a70bebac296f8bc6f0addaa1a?s=96&d=mm&r=g\",\"caption\":\"Edici\u00f3n Web\"},\"url\":\"https:\\\/\\\/canal7slp.tv\\\/2023\\\/author\\\/edicionweb\\\/\"}]}<\/script>\n<!-- \/ Yoast SEO plugin. -->","yoast_head_json":{"title":"Uriel Olvera M\u00e9ndez campe\u00f3n de Tiro con Arco - Canal 7 SLP - 2023","robots":{"index":"index","follow":"follow","max-snippet":"max-snippet:-1","max-image-preview":"max-image-preview:large","max-video-preview":"max-video-preview:-1"},"canonical":"https:\/\/canal7slp.tv\/2023\/uriel-olvera-mendez-campeon-de-tiro-con-arco\/","og_locale":"es_ES","og_type":"article","og_title":"Uriel Olvera M\u00e9ndez campe\u00f3n de Tiro con Arco - Canal 7 SLP - 2023","og_description":"SLP.- En el pasado evento de tiro con arco, Halcones-Classic que tuvo lugar en las instalaciones del Club Halcones, fue el escenario en donde el arquero de la Universidad Aut\u00f3noma de San Luis Potos\u00ed, Uriel Olvera M\u00e9ndez, qued\u00f3 como ganador absoluto de la categor\u00eda abierta varonil en la modalidad de arco compuesto. En el evento se dieron cita alrededor de 241 arqueros, en 4 diferentes categor\u00edas de todo el pa\u00eds, por lo que se tuvo un excelente nivel competitivo y por lo tanto fue una gran competencia. Uriel Olvera M\u00e9ndez, es alumnos del noveno semestre de la carrera de Ingeniero [&hellip;]","og_url":"https:\/\/canal7slp.tv\/2023\/uriel-olvera-mendez-campeon-de-tiro-con-arco\/","og_site_name":"Canal 7 SLP - 2023","article_publisher":"https:\/\/www.facebook.com\/noticieroscanalsiete","article_published_time":"2023-12-13T20:08:55+00:00","og_image":[{"width":1280,"height":720,"url":"https:\/\/canal7slp.tv\/2023\/wp-content\/uploads\/2023\/12\/Froi02Arqueria.jpg","type":"image\/jpeg"}],"author":"Edici\u00f3n Web","twitter_card":"summary_large_image","twitter_creator":"@NOTICIEROS7","twitter_site":"@NOTICIEROS7","twitter_misc":{"Escrito por":"Edici\u00f3n Web","Tiempo de lectura":"1 minuto"},"schema":{"@context":"https:\/\/schema.org","@graph":[{"@type":"Article","@id":"https:\/\/canal7slp.tv\/2023\/uriel-olvera-mendez-campeon-de-tiro-con-arco\/#article","isPartOf":{"@id":"https:\/\/canal7slp.tv\/2023\/uriel-olvera-mendez-campeon-de-tiro-con-arco\/"},"author":{"name":"Edici\u00f3n Web","@id":"https:\/\/canal7slp.tv\/2023\/#\/schema\/person\/639c424e3584069003b11ae813915da6"},"headline":"Uriel Olvera M\u00e9ndez campe\u00f3n de Tiro con Arco","datePublished":"2023-12-13T20:08:55+00:00","mainEntityOfPage":{"@id":"https:\/\/canal7slp.tv\/2023\/uriel-olvera-mendez-campeon-de-tiro-con-arco\/"},"wordCount":131,"publisher":{"@id":"https:\/\/canal7slp.tv\/2023\/#organization"},"image":{"@id":"https:\/\/canal7slp.tv\/2023\/uriel-olvera-mendez-campeon-de-tiro-con-arco\/#primaryimage"},"thumbnailUrl":"https:\/\/canal7slp.tv\/2023\/wp-content\/uploads\/2023\/12\/Froi02Arqueria.jpg","articleSection":["DEPORTES","DESTACADAS"],"inLanguage":"es"},{"@type":"WebPage","@id":"https:\/\/canal7slp.tv\/2023\/uriel-olvera-mendez-campeon-de-tiro-con-arco\/","url":"https:\/\/canal7slp.tv\/2023\/uriel-olvera-mendez-campeon-de-tiro-con-arco\/","name":"Uriel Olvera M\u00e9ndez campe\u00f3n de Tiro con Arco - Canal 7 SLP - 2023","isPartOf":{"@id":"https:\/\/canal7slp.tv\/2023\/#website"},"primaryImageOfPage":{"@id":"https:\/\/canal7slp.tv\/2023\/uriel-olvera-mendez-campeon-de-tiro-con-arco\/#primaryimage"},"image":{"@id":"https:\/\/canal7slp.tv\/2023\/uriel-olvera-mendez-campeon-de-tiro-con-arco\/#primaryimage"},"thumbnailUrl":"https:\/\/canal7slp.tv\/2023\/wp-content\/uploads\/2023\/12\/Froi02Arqueria.jpg","datePublished":"2023-12-13T20:08:55+00:00","breadcrumb":{"@id":"https:\/\/canal7slp.tv\/2023\/uriel-olvera-mendez-campeon-de-tiro-con-arco\/#breadcrumb"},"inLanguage":"es","potentialAction":[{"@type":"ReadAction","target":["https:\/\/canal7slp.tv\/2023\/uriel-olvera-mendez-campeon-de-tiro-con-arco\/"]}]},{"@type":"ImageObject","inLanguage":"es","@id":"https:\/\/canal7slp.tv\/2023\/uriel-olvera-mendez-campeon-de-tiro-con-arco\/#primaryimage","url":"https:\/\/canal7slp.tv\/2023\/wp-content\/uploads\/2023\/12\/Froi02Arqueria.jpg","contentUrl":"https:\/\/canal7slp.tv\/2023\/wp-content\/uploads\/2023\/12\/Froi02Arqueria.jpg","width":1280,"height":720},{"@type":"BreadcrumbList","@id":"https:\/\/canal7slp.tv\/2023\/uriel-olvera-mendez-campeon-de-tiro-con-arco\/#breadcrumb","itemListElement":[{"@type":"ListItem","position":1,"name":"Portada","item":"https:\/\/canal7slp.tv\/2023\/"},{"@type":"ListItem","position":2,"name":"Uriel Olvera M\u00e9ndez campe\u00f3n de Tiro con Arco"}]},{"@type":"WebSite","@id":"https:\/\/canal7slp.tv\/2023\/#website","url":"https:\/\/canal7slp.tv\/2023\/","name":"N7 - Noticieros Canal 7","description":"Somos Televisi\u00f3n","publisher":{"@id":"https:\/\/canal7slp.tv\/2023\/#organization"},"potentialAction":[{"@type":"SearchAction","target":{"@type":"EntryPoint","urlTemplate":"https:\/\/canal7slp.tv\/2023\/?s={search_term_string}"},"query-input":{"@type":"PropertyValueSpecification","valueRequired":true,"valueName":"search_term_string"}}],"inLanguage":"es"},{"@type":"Organization","@id":"https:\/\/canal7slp.tv\/2023\/#organization","name":"Noticieros Canal 7","url":"https:\/\/canal7slp.tv\/2023\/","logo":{"@type":"ImageObject","inLanguage":"es","@id":"https:\/\/canal7slp.tv\/2023\/#\/schema\/logo\/image\/","url":"https:\/\/canal7slp.tv\/2023\/wp-content\/uploads\/2021\/01\/logo-noticieros@2x.png","contentUrl":"https:\/\/canal7slp.tv\/2023\/wp-content\/uploads\/2021\/01\/logo-noticieros@2x.png","width":1017,"height":268,"caption":"Noticieros Canal 7"},"image":{"@id":"https:\/\/canal7slp.tv\/2023\/#\/schema\/logo\/image\/"},"sameAs":["https:\/\/www.facebook.com\/noticieroscanalsiete","https:\/\/x.com\/NOTICIEROS7","https:\/\/www.instagram.com\/canal7_slp","https:\/\/www.youtube.com\/channel\/UCliiYs-gP3JfJeqdPrNdd5A"]},{"@type":"Person","@id":"https:\/\/canal7slp.tv\/2023\/#\/schema\/person\/639c424e3584069003b11ae813915da6","name":"Edici\u00f3n Web","image":{"@type":"ImageObject","inLanguage":"es","@id":"https:\/\/secure.gravatar.com\/avatar\/eee448fc3f7164808013b816ba91ac7e43bbe82a70bebac296f8bc6f0addaa1a?s=96&d=mm&r=g","url":"https:\/\/secure.gravatar.com\/avatar\/eee448fc3f7164808013b816ba91ac7e43bbe82a70bebac296f8bc6f0addaa1a?s=96&d=mm&r=g","contentUrl":"https:\/\/secure.gravatar.com\/avatar\/eee448fc3f7164808013b816ba91ac7e43bbe82a70bebac296f8bc6f0addaa1a?s=96&d=mm&r=g","caption":"Edici\u00f3n Web"},"url":"https:\/\/canal7slp.tv\/2023\/author\/edicionweb\/"}]}},"_links":{"self":[{"href":"https:\/\/canal7slp.tv\/2023\/wp-json\/wp\/v2\/posts\/115810","targetHints":{"allow":["GET"]}}],"collection":[{"href":"https:\/\/canal7slp.tv\/2023\/wp-json\/wp\/v2\/posts"}],"about":[{"href":"https:\/\/canal7slp.tv\/2023\/wp-json\/wp\/v2\/types\/post"}],"author":[{"embeddable":true,"href":"https:\/\/canal7slp.tv\/2023\/wp-json\/wp\/v2\/users\/2"}],"replies":[{"embeddable":true,"href":"https:\/\/canal7slp.tv\/2023\/wp-json\/wp\/v2\/comments?post=115810"}],"version-history":[{"count":2,"href":"https:\/\/canal7slp.tv\/2023\/wp-json\/wp\/v2\/posts\/115810\/revisions"}],"predecessor-version":[{"id":115818,"href":"https:\/\/canal7slp.tv\/2023\/wp-json\/wp\/v2\/posts\/115810\/revisions\/115818"}],"wp:featuredmedia":[{"embeddable":true,"href":"https:\/\/canal7slp.tv\/2023\/wp-json\/wp\/v2\/media\/115817"}],"wp:attachment":[{"href":"https:\/\/canal7slp.tv\/2023\/wp-json\/wp\/v2\/media?parent=115810"}],"wp:term":[{"taxonomy":"category","embeddable":true,"href":"https:\/\/canal7slp.tv\/2023\/wp-json\/wp\/v2\/categories?post=115810"},{"taxonomy":"post_tag","embeddable":true,"href":"https:\/\/canal7slp.tv\/2023\/wp-json\/wp\/v2\/tags?post=115810"}],"curies":[{"name":"wp","href":"https:\/\/api.w.org\/{rel}","templated":true}]}}