{"id":115738,"date":"2023-12-12T17:25:57","date_gmt":"2023-12-12T23:25:57","guid":{"rendered":"https:\/\/canal7slp.tv\/2023\/?p=115738"},"modified":"2023-12-13T17:26:19","modified_gmt":"2023-12-13T23:26:19","slug":"cfe-y-pc-en-recuperacion-de-cuerpos-de-mineros-atrapados-en-el-pinabete","status":"publish","type":"post","link":"https:\/\/canal7slp.tv\/2023\/cfe-y-pc-en-recuperacion-de-cuerpos-de-mineros-atrapados-en-el-pinabete\/","title":{"rendered":"CFE y PC, en recuperaci\u00f3n de cuerpos de mineros atrapados en El Pinabete"},"content":{"rendered":"<p style=\"text-align: justify;\">Coahuila.- Despu\u00e9s de 497 d\u00edas, los trabajos para recuperar los cuerpos de los mineros que quedaron sepultados en la mina de carb\u00f3n &#8216;El Pinabete&#8217;, en Coahuila, han comenzado.<\/p>\n<p style=\"text-align: justify;\">La Coordinaci\u00f3n Nacional de Protecci\u00f3n Civil (CNPC) de M\u00e9xico ha informado que se han acercado a unos 50 cent\u00edmetros de las galer\u00edas donde se presume est\u00e1n los cuerpos de los mineros.<\/p>\n<p style=\"text-align: justify;\">Aunque a\u00fan no pueden determinar tiempos precisos para el rescate, la recuperaci\u00f3n de los cuerpos estar\u00e1 a cargo de la Fiscal\u00eda General del estado de Coahuila.<\/p>\n<p style=\"text-align: justify;\">Desde el d\u00eda del accidente, el Gobierno de M\u00e9xico ha llevado a cabo diversas acciones concretas, como la instalaci\u00f3n de un campamento para proporcionar acompa\u00f1amiento constante a los familiares afectados y la entrega de indemnizaciones econ\u00f3micas.<\/p>\n<p style=\"text-align: justify;\">En el proceso de excavaci\u00f3n, se han invertido m\u00e1s de 11 mil 900 horas de trabajo ininterrumpido, con una plantilla de 303 trabajadores, as\u00ed como se han excavado m\u00e1s de 2.37 millones de metros c\u00fabicos de suelo y roca, equivalentes a 5 millones de toneladas de material y extra\u00eddo m\u00e1s de 1.6 millones de metros c\u00fabicos de agua.<\/p>\n","protected":false},"excerpt":{"rendered":"<p>Coahuila.- Despu\u00e9s de 497 d\u00edas, los trabajos para recuperar los cuerpos de los mineros que quedaron sepultados en la mina de carb\u00f3n &#8216;El Pinabete&#8217;, en Coahuila, han comenzado. La Coordinaci\u00f3n Nacional de Protecci\u00f3n Civil (CNPC) de M\u00e9xico ha informado que se han acercado a unos 50 cent\u00edmetros de las galer\u00edas donde se presume est\u00e1n los cuerpos de los mineros. Aunque a\u00fan no pueden determinar tiempos precisos para el rescate, la recuperaci\u00f3n de los cuerpos estar\u00e1 a cargo de la Fiscal\u00eda General del estado de Coahuila. Desde el d\u00eda del accidente, el Gobierno de M\u00e9xico ha llevado a cabo diversas acciones [&hellip;]<\/p>\n","protected":false},"author":2,"featured_media":115755,"comment_status":"closed","ping_status":"closed","sticky":false,"template":"","format":"standard","meta":{"footnotes":""},"categories":[46],"tags":[],"class_list":["post-115738","post","type-post","status-publish","format-standard","has-post-thumbnail","hentry","category-nacional","post--single"],"yoast_head":"<!-- This site is optimized with the Yoast SEO plugin v27.5 - https:\/\/yoast.com\/product\/yoast-seo-wordpress\/ -->\n<title>CFE y PC, en recuperaci\u00f3n de cuerpos de mineros atrapados en El Pinabete - Canal 7 SLP - 2023<\/title>\n<meta name=\"robots\" content=\"index, follow, max-snippet:-1, max-image-preview:large, max-video-preview:-1\" \/>\n<link rel=\"canonical\" href=\"https:\/\/canal7slp.tv\/2023\/cfe-y-pc-en-recuperacion-de-cuerpos-de-mineros-atrapados-en-el-pinabete\/\" \/>\n<meta property=\"og:locale\" content=\"es_ES\" \/>\n<meta property=\"og:type\" content=\"article\" \/>\n<meta property=\"og:title\" content=\"CFE y PC, en recuperaci\u00f3n de cuerpos de mineros atrapados en El Pinabete - Canal 7 SLP - 2023\" \/>\n<meta property=\"og:description\" content=\"Coahuila.- Despu\u00e9s de 497 d\u00edas, los trabajos para recuperar los cuerpos de los mineros que quedaron sepultados en la mina de carb\u00f3n &#8216;El Pinabete&#8217;, en Coahuila, han comenzado. La Coordinaci\u00f3n Nacional de Protecci\u00f3n Civil (CNPC) de M\u00e9xico ha informado que se han acercado a unos 50 cent\u00edmetros de las galer\u00edas donde se presume est\u00e1n los cuerpos de los mineros. Aunque a\u00fan no pueden determinar tiempos precisos para el rescate, la recuperaci\u00f3n de los cuerpos estar\u00e1 a cargo de la Fiscal\u00eda General del estado de Coahuila. Desde el d\u00eda del accidente, el Gobierno de M\u00e9xico ha llevado a cabo diversas acciones [&hellip;]\" \/>\n<meta property=\"og:url\" content=\"https:\/\/canal7slp.tv\/2023\/cfe-y-pc-en-recuperacion-de-cuerpos-de-mineros-atrapados-en-el-pinabete\/\" \/>\n<meta property=\"og:site_name\" content=\"Canal 7 SLP - 2023\" \/>\n<meta property=\"article:publisher\" content=\"https:\/\/www.facebook.com\/noticieroscanalsiete\" \/>\n<meta property=\"article:published_time\" content=\"2023-12-12T23:25:57+00:00\" \/>\n<meta property=\"article:modified_time\" content=\"2023-12-13T23:26:19+00:00\" \/>\n<meta property=\"og:image\" content=\"https:\/\/canal7slp.tv\/2023\/wp-content\/uploads\/2023\/12\/06.png\" \/>\n\t<meta property=\"og:image:width\" content=\"700\" \/>\n\t<meta property=\"og:image:height\" content=\"454\" \/>\n\t<meta property=\"og:image:type\" content=\"image\/png\" \/>\n<meta name=\"author\" content=\"Edici\u00f3n Web\" \/>\n<meta name=\"twitter:card\" content=\"summary_large_image\" \/>\n<meta name=\"twitter:creator\" content=\"@NOTICIEROS7\" \/>\n<meta name=\"twitter:site\" content=\"@NOTICIEROS7\" \/>\n<meta name=\"twitter:label1\" content=\"Escrito por\" \/>\n\t<meta name=\"twitter:data1\" content=\"Edici\u00f3n Web\" \/>\n\t<meta name=\"twitter:label2\" content=\"Tiempo de lectura\" \/>\n\t<meta name=\"twitter:data2\" content=\"2 minutos\" \/>\n<script type=\"application\/ld+json\" class=\"yoast-schema-graph\">{\"@context\":\"https:\\\/\\\/schema.org\",\"@graph\":[{\"@type\":\"Article\",\"@id\":\"https:\\\/\\\/canal7slp.tv\\\/2023\\\/cfe-y-pc-en-recuperacion-de-cuerpos-de-mineros-atrapados-en-el-pinabete\\\/#article\",\"isPartOf\":{\"@id\":\"https:\\\/\\\/canal7slp.tv\\\/2023\\\/cfe-y-pc-en-recuperacion-de-cuerpos-de-mineros-atrapados-en-el-pinabete\\\/\"},\"author\":{\"name\":\"Edici\u00f3n Web\",\"@id\":\"https:\\\/\\\/canal7slp.tv\\\/2023\\\/#\\\/schema\\\/person\\\/639c424e3584069003b11ae813915da6\"},\"headline\":\"CFE y PC, en recuperaci\u00f3n de cuerpos de mineros atrapados en El Pinabete\",\"datePublished\":\"2023-12-12T23:25:57+00:00\",\"dateModified\":\"2023-12-13T23:26:19+00:00\",\"mainEntityOfPage\":{\"@id\":\"https:\\\/\\\/canal7slp.tv\\\/2023\\\/cfe-y-pc-en-recuperacion-de-cuerpos-de-mineros-atrapados-en-el-pinabete\\\/\"},\"wordCount\":210,\"publisher\":{\"@id\":\"https:\\\/\\\/canal7slp.tv\\\/2023\\\/#organization\"},\"image\":{\"@id\":\"https:\\\/\\\/canal7slp.tv\\\/2023\\\/cfe-y-pc-en-recuperacion-de-cuerpos-de-mineros-atrapados-en-el-pinabete\\\/#primaryimage\"},\"thumbnailUrl\":\"https:\\\/\\\/canal7slp.tv\\\/2023\\\/wp-content\\\/uploads\\\/2023\\\/12\\\/06.png\",\"articleSection\":[\"NACIONALES\"],\"inLanguage\":\"es\"},{\"@type\":\"WebPage\",\"@id\":\"https:\\\/\\\/canal7slp.tv\\\/2023\\\/cfe-y-pc-en-recuperacion-de-cuerpos-de-mineros-atrapados-en-el-pinabete\\\/\",\"url\":\"https:\\\/\\\/canal7slp.tv\\\/2023\\\/cfe-y-pc-en-recuperacion-de-cuerpos-de-mineros-atrapados-en-el-pinabete\\\/\",\"name\":\"CFE y PC, en recuperaci\u00f3n de cuerpos de mineros atrapados en El Pinabete - Canal 7 SLP - 2023\",\"isPartOf\":{\"@id\":\"https:\\\/\\\/canal7slp.tv\\\/2023\\\/#website\"},\"primaryImageOfPage\":{\"@id\":\"https:\\\/\\\/canal7slp.tv\\\/2023\\\/cfe-y-pc-en-recuperacion-de-cuerpos-de-mineros-atrapados-en-el-pinabete\\\/#primaryimage\"},\"image\":{\"@id\":\"https:\\\/\\\/canal7slp.tv\\\/2023\\\/cfe-y-pc-en-recuperacion-de-cuerpos-de-mineros-atrapados-en-el-pinabete\\\/#primaryimage\"},\"thumbnailUrl\":\"https:\\\/\\\/canal7slp.tv\\\/2023\\\/wp-content\\\/uploads\\\/2023\\\/12\\\/06.png\",\"datePublished\":\"2023-12-12T23:25:57+00:00\",\"dateModified\":\"2023-12-13T23:26:19+00:00\",\"breadcrumb\":{\"@id\":\"https:\\\/\\\/canal7slp.tv\\\/2023\\\/cfe-y-pc-en-recuperacion-de-cuerpos-de-mineros-atrapados-en-el-pinabete\\\/#breadcrumb\"},\"inLanguage\":\"es\",\"potentialAction\":[{\"@type\":\"ReadAction\",\"target\":[\"https:\\\/\\\/canal7slp.tv\\\/2023\\\/cfe-y-pc-en-recuperacion-de-cuerpos-de-mineros-atrapados-en-el-pinabete\\\/\"]}]},{\"@type\":\"ImageObject\",\"inLanguage\":\"es\",\"@id\":\"https:\\\/\\\/canal7slp.tv\\\/2023\\\/cfe-y-pc-en-recuperacion-de-cuerpos-de-mineros-atrapados-en-el-pinabete\\\/#primaryimage\",\"url\":\"https:\\\/\\\/canal7slp.tv\\\/2023\\\/wp-content\\\/uploads\\\/2023\\\/12\\\/06.png\",\"contentUrl\":\"https:\\\/\\\/canal7slp.tv\\\/2023\\\/wp-content\\\/uploads\\\/2023\\\/12\\\/06.png\",\"width\":700,\"height\":454},{\"@type\":\"BreadcrumbList\",\"@id\":\"https:\\\/\\\/canal7slp.tv\\\/2023\\\/cfe-y-pc-en-recuperacion-de-cuerpos-de-mineros-atrapados-en-el-pinabete\\\/#breadcrumb\",\"itemListElement\":[{\"@type\":\"ListItem\",\"position\":1,\"name\":\"Portada\",\"item\":\"https:\\\/\\\/canal7slp.tv\\\/2023\\\/\"},{\"@type\":\"ListItem\",\"position\":2,\"name\":\"CFE y PC, en recuperaci\u00f3n de cuerpos de mineros atrapados en El Pinabete\"}]},{\"@type\":\"WebSite\",\"@id\":\"https:\\\/\\\/canal7slp.tv\\\/2023\\\/#website\",\"url\":\"https:\\\/\\\/canal7slp.tv\\\/2023\\\/\",\"name\":\"N7 - Noticieros Canal 7\",\"description\":\"Somos Televisi\u00f3n\",\"publisher\":{\"@id\":\"https:\\\/\\\/canal7slp.tv\\\/2023\\\/#organization\"},\"potentialAction\":[{\"@type\":\"SearchAction\",\"target\":{\"@type\":\"EntryPoint\",\"urlTemplate\":\"https:\\\/\\\/canal7slp.tv\\\/2023\\\/?s={search_term_string}\"},\"query-input\":{\"@type\":\"PropertyValueSpecification\",\"valueRequired\":true,\"valueName\":\"search_term_string\"}}],\"inLanguage\":\"es\"},{\"@type\":\"Organization\",\"@id\":\"https:\\\/\\\/canal7slp.tv\\\/2023\\\/#organization\",\"name\":\"Noticieros Canal 7\",\"url\":\"https:\\\/\\\/canal7slp.tv\\\/2023\\\/\",\"logo\":{\"@type\":\"ImageObject\",\"inLanguage\":\"es\",\"@id\":\"https:\\\/\\\/canal7slp.tv\\\/2023\\\/#\\\/schema\\\/logo\\\/image\\\/\",\"url\":\"https:\\\/\\\/canal7slp.tv\\\/2023\\\/wp-content\\\/uploads\\\/2021\\\/01\\\/logo-noticieros@2x.png\",\"contentUrl\":\"https:\\\/\\\/canal7slp.tv\\\/2023\\\/wp-content\\\/uploads\\\/2021\\\/01\\\/logo-noticieros@2x.png\",\"width\":1017,\"height\":268,\"caption\":\"Noticieros Canal 7\"},\"image\":{\"@id\":\"https:\\\/\\\/canal7slp.tv\\\/2023\\\/#\\\/schema\\\/logo\\\/image\\\/\"},\"sameAs\":[\"https:\\\/\\\/www.facebook.com\\\/noticieroscanalsiete\",\"https:\\\/\\\/x.com\\\/NOTICIEROS7\",\"https:\\\/\\\/www.instagram.com\\\/canal7_slp\",\"https:\\\/\\\/www.youtube.com\\\/channel\\\/UCliiYs-gP3JfJeqdPrNdd5A\"]},{\"@type\":\"Person\",\"@id\":\"https:\\\/\\\/canal7slp.tv\\\/2023\\\/#\\\/schema\\\/person\\\/639c424e3584069003b11ae813915da6\",\"name\":\"Edici\u00f3n Web\",\"image\":{\"@type\":\"ImageObject\",\"inLanguage\":\"es\",\"@id\":\"https:\\\/\\\/secure.gravatar.com\\\/avatar\\\/eee448fc3f7164808013b816ba91ac7e43bbe82a70bebac296f8bc6f0addaa1a?s=96&d=mm&r=g\",\"url\":\"https:\\\/\\\/secure.gravatar.com\\\/avatar\\\/eee448fc3f7164808013b816ba91ac7e43bbe82a70bebac296f8bc6f0addaa1a?s=96&d=mm&r=g\",\"contentUrl\":\"https:\\\/\\\/secure.gravatar.com\\\/avatar\\\/eee448fc3f7164808013b816ba91ac7e43bbe82a70bebac296f8bc6f0addaa1a?s=96&d=mm&r=g\",\"caption\":\"Edici\u00f3n Web\"},\"url\":\"https:\\\/\\\/canal7slp.tv\\\/2023\\\/author\\\/edicionweb\\\/\"}]}<\/script>\n<!-- \/ Yoast SEO plugin. -->","yoast_head_json":{"title":"CFE y PC, en recuperaci\u00f3n de cuerpos de mineros atrapados en El Pinabete - Canal 7 SLP - 2023","robots":{"index":"index","follow":"follow","max-snippet":"max-snippet:-1","max-image-preview":"max-image-preview:large","max-video-preview":"max-video-preview:-1"},"canonical":"https:\/\/canal7slp.tv\/2023\/cfe-y-pc-en-recuperacion-de-cuerpos-de-mineros-atrapados-en-el-pinabete\/","og_locale":"es_ES","og_type":"article","og_title":"CFE y PC, en recuperaci\u00f3n de cuerpos de mineros atrapados en El Pinabete - Canal 7 SLP - 2023","og_description":"Coahuila.- Despu\u00e9s de 497 d\u00edas, los trabajos para recuperar los cuerpos de los mineros que quedaron sepultados en la mina de carb\u00f3n &#8216;El Pinabete&#8217;, en Coahuila, han comenzado. La Coordinaci\u00f3n Nacional de Protecci\u00f3n Civil (CNPC) de M\u00e9xico ha informado que se han acercado a unos 50 cent\u00edmetros de las galer\u00edas donde se presume est\u00e1n los cuerpos de los mineros. Aunque a\u00fan no pueden determinar tiempos precisos para el rescate, la recuperaci\u00f3n de los cuerpos estar\u00e1 a cargo de la Fiscal\u00eda General del estado de Coahuila. Desde el d\u00eda del accidente, el Gobierno de M\u00e9xico ha llevado a cabo diversas acciones [&hellip;]","og_url":"https:\/\/canal7slp.tv\/2023\/cfe-y-pc-en-recuperacion-de-cuerpos-de-mineros-atrapados-en-el-pinabete\/","og_site_name":"Canal 7 SLP - 2023","article_publisher":"https:\/\/www.facebook.com\/noticieroscanalsiete","article_published_time":"2023-12-12T23:25:57+00:00","article_modified_time":"2023-12-13T23:26:19+00:00","og_image":[{"width":700,"height":454,"url":"https:\/\/canal7slp.tv\/2023\/wp-content\/uploads\/2023\/12\/06.png","type":"image\/png"}],"author":"Edici\u00f3n Web","twitter_card":"summary_large_image","twitter_creator":"@NOTICIEROS7","twitter_site":"@NOTICIEROS7","twitter_misc":{"Escrito por":"Edici\u00f3n Web","Tiempo de lectura":"2 minutos"},"schema":{"@context":"https:\/\/schema.org","@graph":[{"@type":"Article","@id":"https:\/\/canal7slp.tv\/2023\/cfe-y-pc-en-recuperacion-de-cuerpos-de-mineros-atrapados-en-el-pinabete\/#article","isPartOf":{"@id":"https:\/\/canal7slp.tv\/2023\/cfe-y-pc-en-recuperacion-de-cuerpos-de-mineros-atrapados-en-el-pinabete\/"},"author":{"name":"Edici\u00f3n Web","@id":"https:\/\/canal7slp.tv\/2023\/#\/schema\/person\/639c424e3584069003b11ae813915da6"},"headline":"CFE y PC, en recuperaci\u00f3n de cuerpos de mineros atrapados en El Pinabete","datePublished":"2023-12-12T23:25:57+00:00","dateModified":"2023-12-13T23:26:19+00:00","mainEntityOfPage":{"@id":"https:\/\/canal7slp.tv\/2023\/cfe-y-pc-en-recuperacion-de-cuerpos-de-mineros-atrapados-en-el-pinabete\/"},"wordCount":210,"publisher":{"@id":"https:\/\/canal7slp.tv\/2023\/#organization"},"image":{"@id":"https:\/\/canal7slp.tv\/2023\/cfe-y-pc-en-recuperacion-de-cuerpos-de-mineros-atrapados-en-el-pinabete\/#primaryimage"},"thumbnailUrl":"https:\/\/canal7slp.tv\/2023\/wp-content\/uploads\/2023\/12\/06.png","articleSection":["NACIONALES"],"inLanguage":"es"},{"@type":"WebPage","@id":"https:\/\/canal7slp.tv\/2023\/cfe-y-pc-en-recuperacion-de-cuerpos-de-mineros-atrapados-en-el-pinabete\/","url":"https:\/\/canal7slp.tv\/2023\/cfe-y-pc-en-recuperacion-de-cuerpos-de-mineros-atrapados-en-el-pinabete\/","name":"CFE y PC, en recuperaci\u00f3n de cuerpos de mineros atrapados en El Pinabete - Canal 7 SLP - 2023","isPartOf":{"@id":"https:\/\/canal7slp.tv\/2023\/#website"},"primaryImageOfPage":{"@id":"https:\/\/canal7slp.tv\/2023\/cfe-y-pc-en-recuperacion-de-cuerpos-de-mineros-atrapados-en-el-pinabete\/#primaryimage"},"image":{"@id":"https:\/\/canal7slp.tv\/2023\/cfe-y-pc-en-recuperacion-de-cuerpos-de-mineros-atrapados-en-el-pinabete\/#primaryimage"},"thumbnailUrl":"https:\/\/canal7slp.tv\/2023\/wp-content\/uploads\/2023\/12\/06.png","datePublished":"2023-12-12T23:25:57+00:00","dateModified":"2023-12-13T23:26:19+00:00","breadcrumb":{"@id":"https:\/\/canal7slp.tv\/2023\/cfe-y-pc-en-recuperacion-de-cuerpos-de-mineros-atrapados-en-el-pinabete\/#breadcrumb"},"inLanguage":"es","potentialAction":[{"@type":"ReadAction","target":["https:\/\/canal7slp.tv\/2023\/cfe-y-pc-en-recuperacion-de-cuerpos-de-mineros-atrapados-en-el-pinabete\/"]}]},{"@type":"ImageObject","inLanguage":"es","@id":"https:\/\/canal7slp.tv\/2023\/cfe-y-pc-en-recuperacion-de-cuerpos-de-mineros-atrapados-en-el-pinabete\/#primaryimage","url":"https:\/\/canal7slp.tv\/2023\/wp-content\/uploads\/2023\/12\/06.png","contentUrl":"https:\/\/canal7slp.tv\/2023\/wp-content\/uploads\/2023\/12\/06.png","width":700,"height":454},{"@type":"BreadcrumbList","@id":"https:\/\/canal7slp.tv\/2023\/cfe-y-pc-en-recuperacion-de-cuerpos-de-mineros-atrapados-en-el-pinabete\/#breadcrumb","itemListElement":[{"@type":"ListItem","position":1,"name":"Portada","item":"https:\/\/canal7slp.tv\/2023\/"},{"@type":"ListItem","position":2,"name":"CFE y PC, en recuperaci\u00f3n de cuerpos de mineros atrapados en El Pinabete"}]},{"@type":"WebSite","@id":"https:\/\/canal7slp.tv\/2023\/#website","url":"https:\/\/canal7slp.tv\/2023\/","name":"N7 - Noticieros Canal 7","description":"Somos Televisi\u00f3n","publisher":{"@id":"https:\/\/canal7slp.tv\/2023\/#organization"},"potentialAction":[{"@type":"SearchAction","target":{"@type":"EntryPoint","urlTemplate":"https:\/\/canal7slp.tv\/2023\/?s={search_term_string}"},"query-input":{"@type":"PropertyValueSpecification","valueRequired":true,"valueName":"search_term_string"}}],"inLanguage":"es"},{"@type":"Organization","@id":"https:\/\/canal7slp.tv\/2023\/#organization","name":"Noticieros Canal 7","url":"https:\/\/canal7slp.tv\/2023\/","logo":{"@type":"ImageObject","inLanguage":"es","@id":"https:\/\/canal7slp.tv\/2023\/#\/schema\/logo\/image\/","url":"https:\/\/canal7slp.tv\/2023\/wp-content\/uploads\/2021\/01\/logo-noticieros@2x.png","contentUrl":"https:\/\/canal7slp.tv\/2023\/wp-content\/uploads\/2021\/01\/logo-noticieros@2x.png","width":1017,"height":268,"caption":"Noticieros Canal 7"},"image":{"@id":"https:\/\/canal7slp.tv\/2023\/#\/schema\/logo\/image\/"},"sameAs":["https:\/\/www.facebook.com\/noticieroscanalsiete","https:\/\/x.com\/NOTICIEROS7","https:\/\/www.instagram.com\/canal7_slp","https:\/\/www.youtube.com\/channel\/UCliiYs-gP3JfJeqdPrNdd5A"]},{"@type":"Person","@id":"https:\/\/canal7slp.tv\/2023\/#\/schema\/person\/639c424e3584069003b11ae813915da6","name":"Edici\u00f3n Web","image":{"@type":"ImageObject","inLanguage":"es","@id":"https:\/\/secure.gravatar.com\/avatar\/eee448fc3f7164808013b816ba91ac7e43bbe82a70bebac296f8bc6f0addaa1a?s=96&d=mm&r=g","url":"https:\/\/secure.gravatar.com\/avatar\/eee448fc3f7164808013b816ba91ac7e43bbe82a70bebac296f8bc6f0addaa1a?s=96&d=mm&r=g","contentUrl":"https:\/\/secure.gravatar.com\/avatar\/eee448fc3f7164808013b816ba91ac7e43bbe82a70bebac296f8bc6f0addaa1a?s=96&d=mm&r=g","caption":"Edici\u00f3n Web"},"url":"https:\/\/canal7slp.tv\/2023\/author\/edicionweb\/"}]}},"_links":{"self":[{"href":"https:\/\/canal7slp.tv\/2023\/wp-json\/wp\/v2\/posts\/115738","targetHints":{"allow":["GET"]}}],"collection":[{"href":"https:\/\/canal7slp.tv\/2023\/wp-json\/wp\/v2\/posts"}],"about":[{"href":"https:\/\/canal7slp.tv\/2023\/wp-json\/wp\/v2\/types\/post"}],"author":[{"embeddable":true,"href":"https:\/\/canal7slp.tv\/2023\/wp-json\/wp\/v2\/users\/2"}],"replies":[{"embeddable":true,"href":"https:\/\/canal7slp.tv\/2023\/wp-json\/wp\/v2\/comments?post=115738"}],"version-history":[{"count":3,"href":"https:\/\/canal7slp.tv\/2023\/wp-json\/wp\/v2\/posts\/115738\/revisions"}],"predecessor-version":[{"id":115874,"href":"https:\/\/canal7slp.tv\/2023\/wp-json\/wp\/v2\/posts\/115738\/revisions\/115874"}],"wp:featuredmedia":[{"embeddable":true,"href":"https:\/\/canal7slp.tv\/2023\/wp-json\/wp\/v2\/media\/115755"}],"wp:attachment":[{"href":"https:\/\/canal7slp.tv\/2023\/wp-json\/wp\/v2\/media?parent=115738"}],"wp:term":[{"taxonomy":"category","embeddable":true,"href":"https:\/\/canal7slp.tv\/2023\/wp-json\/wp\/v2\/categories?post=115738"},{"taxonomy":"post_tag","embeddable":true,"href":"https:\/\/canal7slp.tv\/2023\/wp-json\/wp\/v2\/tags?post=115738"}],"curies":[{"name":"wp","href":"https:\/\/api.w.org\/{rel}","templated":true}]}}