{"id":114556,"date":"2023-11-29T18:51:21","date_gmt":"2023-11-30T00:51:21","guid":{"rendered":"https:\/\/canal7slp.tv\/2023\/?p=114556"},"modified":"2023-11-29T18:51:21","modified_gmt":"2023-11-30T00:51:21","slug":"detienen-a-lider-del-cartel-del-noreste-en-nuevo-laredo-tamaulipas","status":"publish","type":"post","link":"https:\/\/canal7slp.tv\/2023\/detienen-a-lider-del-cartel-del-noreste-en-nuevo-laredo-tamaulipas\/","title":{"rendered":"Detienen a l\u00edder del C\u00e1rtel del Noreste en Nuevo Laredo, Tamaulipas"},"content":{"rendered":"<p style=\"text-align: justify;\">Nuevo Laredo.- En un importante operativo conjunto, las fuerzas del Ej\u00e9rcito mexicano y la Guardia Nacional lograron la aprehensi\u00f3n de C\u00e9sar Alejandro Silva Delgado, alias \u00abEl Tartas\u00bb, l\u00edder del C\u00e1rtel del Noreste en Nuevo Laredo, Tamaulipas.<\/p>\n<p style=\"text-align: justify;\">La captura tuvo lugar en un inmueble de la colonia Infonavit Fundadores durante la madrugada de este mi\u00e9rcoles.<\/p>\n<p style=\"text-align: justify;\">Durante la operaci\u00f3n, se incautaron armas de fuego, municiones y una gran cantidad de pastillas de fentanilo. Para garantizar la seguridad de los agentes, dos helic\u00f3pteros de la Fuerza A\u00e9rea Mexicana sobrevolaron la zona.<\/p>\n<p style=\"text-align: justify;\">\u00abEl Tartas\u00bb era considerado una figura clave dentro de la organizaci\u00f3n criminal, trabajando estrechamente bajo las \u00f3rdenes de Juan Cisneros Trevi\u00f1o, conocido como Juanito Trevi\u00f1o.<\/p>\n<p style=\"text-align: justify;\">Se le atribuyen una serie de delitos graves, incluyendo tr\u00e1fico de drogas, armas e indocumentados hacia Estados Unidos, extorsiones, robo de hidrocarburos, secuestros, lavado de dinero y venta de drogas al menudeo.<\/p>\n","protected":false},"excerpt":{"rendered":"<p>Nuevo Laredo.- En un importante operativo conjunto, las fuerzas del Ej\u00e9rcito mexicano y la Guardia Nacional lograron la aprehensi\u00f3n de C\u00e9sar Alejandro Silva Delgado, alias \u00abEl Tartas\u00bb, l\u00edder del C\u00e1rtel del Noreste en Nuevo Laredo, Tamaulipas. La captura tuvo lugar en un inmueble de la colonia Infonavit Fundadores durante la madrugada de este mi\u00e9rcoles. Durante la operaci\u00f3n, se incautaron armas de fuego, municiones y una gran cantidad de pastillas de fentanilo. Para garantizar la seguridad de los agentes, dos helic\u00f3pteros de la Fuerza A\u00e9rea Mexicana sobrevolaron la zona. \u00abEl Tartas\u00bb era considerado una figura clave dentro de la organizaci\u00f3n criminal, [&hellip;]<\/p>\n","protected":false},"author":2,"featured_media":114571,"comment_status":"closed","ping_status":"closed","sticky":false,"template":"","format":"standard","meta":{"footnotes":""},"categories":[46],"tags":[],"class_list":["post-114556","post","type-post","status-publish","format-standard","has-post-thumbnail","hentry","category-nacional","post--single"],"yoast_head":"<!-- This site is optimized with the Yoast SEO plugin v27.5 - https:\/\/yoast.com\/product\/yoast-seo-wordpress\/ -->\n<title>Detienen a l\u00edder del C\u00e1rtel del Noreste en Nuevo Laredo, Tamaulipas - Canal 7 SLP - 2023<\/title>\n<meta name=\"robots\" content=\"index, follow, max-snippet:-1, max-image-preview:large, max-video-preview:-1\" \/>\n<link rel=\"canonical\" href=\"https:\/\/canal7slp.tv\/2023\/detienen-a-lider-del-cartel-del-noreste-en-nuevo-laredo-tamaulipas\/\" \/>\n<meta property=\"og:locale\" content=\"es_ES\" \/>\n<meta property=\"og:type\" content=\"article\" \/>\n<meta property=\"og:title\" content=\"Detienen a l\u00edder del C\u00e1rtel del Noreste en Nuevo Laredo, Tamaulipas - Canal 7 SLP - 2023\" \/>\n<meta property=\"og:description\" content=\"Nuevo Laredo.- En un importante operativo conjunto, las fuerzas del Ej\u00e9rcito mexicano y la Guardia Nacional lograron la aprehensi\u00f3n de C\u00e9sar Alejandro Silva Delgado, alias \u00abEl Tartas\u00bb, l\u00edder del C\u00e1rtel del Noreste en Nuevo Laredo, Tamaulipas. La captura tuvo lugar en un inmueble de la colonia Infonavit Fundadores durante la madrugada de este mi\u00e9rcoles. Durante la operaci\u00f3n, se incautaron armas de fuego, municiones y una gran cantidad de pastillas de fentanilo. Para garantizar la seguridad de los agentes, dos helic\u00f3pteros de la Fuerza A\u00e9rea Mexicana sobrevolaron la zona. \u00abEl Tartas\u00bb era considerado una figura clave dentro de la organizaci\u00f3n criminal, [&hellip;]\" \/>\n<meta property=\"og:url\" content=\"https:\/\/canal7slp.tv\/2023\/detienen-a-lider-del-cartel-del-noreste-en-nuevo-laredo-tamaulipas\/\" \/>\n<meta property=\"og:site_name\" content=\"Canal 7 SLP - 2023\" \/>\n<meta property=\"article:publisher\" content=\"https:\/\/www.facebook.com\/noticieroscanalsiete\" \/>\n<meta property=\"article:published_time\" content=\"2023-11-30T00:51:21+00:00\" \/>\n<meta property=\"og:image\" content=\"https:\/\/canal7slp.tv\/2023\/wp-content\/uploads\/2023\/11\/06-1.png\" \/>\n\t<meta property=\"og:image:width\" content=\"800\" \/>\n\t<meta property=\"og:image:height\" content=\"600\" \/>\n\t<meta property=\"og:image:type\" content=\"image\/png\" \/>\n<meta name=\"author\" content=\"Edici\u00f3n Web\" \/>\n<meta name=\"twitter:card\" content=\"summary_large_image\" \/>\n<meta name=\"twitter:creator\" content=\"@NOTICIEROS7\" \/>\n<meta name=\"twitter:site\" content=\"@NOTICIEROS7\" \/>\n<meta name=\"twitter:label1\" content=\"Escrito por\" \/>\n\t<meta name=\"twitter:data1\" content=\"Edici\u00f3n Web\" \/>\n\t<meta name=\"twitter:label2\" content=\"Tiempo de lectura\" \/>\n\t<meta name=\"twitter:data2\" content=\"1 minuto\" \/>\n<script type=\"application\/ld+json\" class=\"yoast-schema-graph\">{\"@context\":\"https:\\\/\\\/schema.org\",\"@graph\":[{\"@type\":\"Article\",\"@id\":\"https:\\\/\\\/canal7slp.tv\\\/2023\\\/detienen-a-lider-del-cartel-del-noreste-en-nuevo-laredo-tamaulipas\\\/#article\",\"isPartOf\":{\"@id\":\"https:\\\/\\\/canal7slp.tv\\\/2023\\\/detienen-a-lider-del-cartel-del-noreste-en-nuevo-laredo-tamaulipas\\\/\"},\"author\":{\"name\":\"Edici\u00f3n Web\",\"@id\":\"https:\\\/\\\/canal7slp.tv\\\/2023\\\/#\\\/schema\\\/person\\\/639c424e3584069003b11ae813915da6\"},\"headline\":\"Detienen a l\u00edder del C\u00e1rtel del Noreste en Nuevo Laredo, Tamaulipas\",\"datePublished\":\"2023-11-30T00:51:21+00:00\",\"mainEntityOfPage\":{\"@id\":\"https:\\\/\\\/canal7slp.tv\\\/2023\\\/detienen-a-lider-del-cartel-del-noreste-en-nuevo-laredo-tamaulipas\\\/\"},\"wordCount\":172,\"publisher\":{\"@id\":\"https:\\\/\\\/canal7slp.tv\\\/2023\\\/#organization\"},\"image\":{\"@id\":\"https:\\\/\\\/canal7slp.tv\\\/2023\\\/detienen-a-lider-del-cartel-del-noreste-en-nuevo-laredo-tamaulipas\\\/#primaryimage\"},\"thumbnailUrl\":\"https:\\\/\\\/canal7slp.tv\\\/2023\\\/wp-content\\\/uploads\\\/2023\\\/11\\\/06-1.png\",\"articleSection\":[\"NACIONALES\"],\"inLanguage\":\"es\"},{\"@type\":\"WebPage\",\"@id\":\"https:\\\/\\\/canal7slp.tv\\\/2023\\\/detienen-a-lider-del-cartel-del-noreste-en-nuevo-laredo-tamaulipas\\\/\",\"url\":\"https:\\\/\\\/canal7slp.tv\\\/2023\\\/detienen-a-lider-del-cartel-del-noreste-en-nuevo-laredo-tamaulipas\\\/\",\"name\":\"Detienen a l\u00edder del C\u00e1rtel del Noreste en Nuevo Laredo, Tamaulipas - Canal 7 SLP - 2023\",\"isPartOf\":{\"@id\":\"https:\\\/\\\/canal7slp.tv\\\/2023\\\/#website\"},\"primaryImageOfPage\":{\"@id\":\"https:\\\/\\\/canal7slp.tv\\\/2023\\\/detienen-a-lider-del-cartel-del-noreste-en-nuevo-laredo-tamaulipas\\\/#primaryimage\"},\"image\":{\"@id\":\"https:\\\/\\\/canal7slp.tv\\\/2023\\\/detienen-a-lider-del-cartel-del-noreste-en-nuevo-laredo-tamaulipas\\\/#primaryimage\"},\"thumbnailUrl\":\"https:\\\/\\\/canal7slp.tv\\\/2023\\\/wp-content\\\/uploads\\\/2023\\\/11\\\/06-1.png\",\"datePublished\":\"2023-11-30T00:51:21+00:00\",\"breadcrumb\":{\"@id\":\"https:\\\/\\\/canal7slp.tv\\\/2023\\\/detienen-a-lider-del-cartel-del-noreste-en-nuevo-laredo-tamaulipas\\\/#breadcrumb\"},\"inLanguage\":\"es\",\"potentialAction\":[{\"@type\":\"ReadAction\",\"target\":[\"https:\\\/\\\/canal7slp.tv\\\/2023\\\/detienen-a-lider-del-cartel-del-noreste-en-nuevo-laredo-tamaulipas\\\/\"]}]},{\"@type\":\"ImageObject\",\"inLanguage\":\"es\",\"@id\":\"https:\\\/\\\/canal7slp.tv\\\/2023\\\/detienen-a-lider-del-cartel-del-noreste-en-nuevo-laredo-tamaulipas\\\/#primaryimage\",\"url\":\"https:\\\/\\\/canal7slp.tv\\\/2023\\\/wp-content\\\/uploads\\\/2023\\\/11\\\/06-1.png\",\"contentUrl\":\"https:\\\/\\\/canal7slp.tv\\\/2023\\\/wp-content\\\/uploads\\\/2023\\\/11\\\/06-1.png\",\"width\":800,\"height\":600},{\"@type\":\"BreadcrumbList\",\"@id\":\"https:\\\/\\\/canal7slp.tv\\\/2023\\\/detienen-a-lider-del-cartel-del-noreste-en-nuevo-laredo-tamaulipas\\\/#breadcrumb\",\"itemListElement\":[{\"@type\":\"ListItem\",\"position\":1,\"name\":\"Portada\",\"item\":\"https:\\\/\\\/canal7slp.tv\\\/2023\\\/\"},{\"@type\":\"ListItem\",\"position\":2,\"name\":\"Detienen a l\u00edder del C\u00e1rtel del Noreste en Nuevo Laredo, Tamaulipas\"}]},{\"@type\":\"WebSite\",\"@id\":\"https:\\\/\\\/canal7slp.tv\\\/2023\\\/#website\",\"url\":\"https:\\\/\\\/canal7slp.tv\\\/2023\\\/\",\"name\":\"N7 - Noticieros Canal 7\",\"description\":\"Somos Televisi\u00f3n\",\"publisher\":{\"@id\":\"https:\\\/\\\/canal7slp.tv\\\/2023\\\/#organization\"},\"potentialAction\":[{\"@type\":\"SearchAction\",\"target\":{\"@type\":\"EntryPoint\",\"urlTemplate\":\"https:\\\/\\\/canal7slp.tv\\\/2023\\\/?s={search_term_string}\"},\"query-input\":{\"@type\":\"PropertyValueSpecification\",\"valueRequired\":true,\"valueName\":\"search_term_string\"}}],\"inLanguage\":\"es\"},{\"@type\":\"Organization\",\"@id\":\"https:\\\/\\\/canal7slp.tv\\\/2023\\\/#organization\",\"name\":\"Noticieros Canal 7\",\"url\":\"https:\\\/\\\/canal7slp.tv\\\/2023\\\/\",\"logo\":{\"@type\":\"ImageObject\",\"inLanguage\":\"es\",\"@id\":\"https:\\\/\\\/canal7slp.tv\\\/2023\\\/#\\\/schema\\\/logo\\\/image\\\/\",\"url\":\"https:\\\/\\\/canal7slp.tv\\\/2023\\\/wp-content\\\/uploads\\\/2021\\\/01\\\/logo-noticieros@2x.png\",\"contentUrl\":\"https:\\\/\\\/canal7slp.tv\\\/2023\\\/wp-content\\\/uploads\\\/2021\\\/01\\\/logo-noticieros@2x.png\",\"width\":1017,\"height\":268,\"caption\":\"Noticieros Canal 7\"},\"image\":{\"@id\":\"https:\\\/\\\/canal7slp.tv\\\/2023\\\/#\\\/schema\\\/logo\\\/image\\\/\"},\"sameAs\":[\"https:\\\/\\\/www.facebook.com\\\/noticieroscanalsiete\",\"https:\\\/\\\/x.com\\\/NOTICIEROS7\",\"https:\\\/\\\/www.instagram.com\\\/canal7_slp\",\"https:\\\/\\\/www.youtube.com\\\/channel\\\/UCliiYs-gP3JfJeqdPrNdd5A\"]},{\"@type\":\"Person\",\"@id\":\"https:\\\/\\\/canal7slp.tv\\\/2023\\\/#\\\/schema\\\/person\\\/639c424e3584069003b11ae813915da6\",\"name\":\"Edici\u00f3n Web\",\"image\":{\"@type\":\"ImageObject\",\"inLanguage\":\"es\",\"@id\":\"https:\\\/\\\/secure.gravatar.com\\\/avatar\\\/eee448fc3f7164808013b816ba91ac7e43bbe82a70bebac296f8bc6f0addaa1a?s=96&d=mm&r=g\",\"url\":\"https:\\\/\\\/secure.gravatar.com\\\/avatar\\\/eee448fc3f7164808013b816ba91ac7e43bbe82a70bebac296f8bc6f0addaa1a?s=96&d=mm&r=g\",\"contentUrl\":\"https:\\\/\\\/secure.gravatar.com\\\/avatar\\\/eee448fc3f7164808013b816ba91ac7e43bbe82a70bebac296f8bc6f0addaa1a?s=96&d=mm&r=g\",\"caption\":\"Edici\u00f3n Web\"},\"url\":\"https:\\\/\\\/canal7slp.tv\\\/2023\\\/author\\\/edicionweb\\\/\"}]}<\/script>\n<!-- \/ Yoast SEO plugin. -->","yoast_head_json":{"title":"Detienen a l\u00edder del C\u00e1rtel del Noreste en Nuevo Laredo, Tamaulipas - Canal 7 SLP - 2023","robots":{"index":"index","follow":"follow","max-snippet":"max-snippet:-1","max-image-preview":"max-image-preview:large","max-video-preview":"max-video-preview:-1"},"canonical":"https:\/\/canal7slp.tv\/2023\/detienen-a-lider-del-cartel-del-noreste-en-nuevo-laredo-tamaulipas\/","og_locale":"es_ES","og_type":"article","og_title":"Detienen a l\u00edder del C\u00e1rtel del Noreste en Nuevo Laredo, Tamaulipas - Canal 7 SLP - 2023","og_description":"Nuevo Laredo.- En un importante operativo conjunto, las fuerzas del Ej\u00e9rcito mexicano y la Guardia Nacional lograron la aprehensi\u00f3n de C\u00e9sar Alejandro Silva Delgado, alias \u00abEl Tartas\u00bb, l\u00edder del C\u00e1rtel del Noreste en Nuevo Laredo, Tamaulipas. La captura tuvo lugar en un inmueble de la colonia Infonavit Fundadores durante la madrugada de este mi\u00e9rcoles. Durante la operaci\u00f3n, se incautaron armas de fuego, municiones y una gran cantidad de pastillas de fentanilo. Para garantizar la seguridad de los agentes, dos helic\u00f3pteros de la Fuerza A\u00e9rea Mexicana sobrevolaron la zona. \u00abEl Tartas\u00bb era considerado una figura clave dentro de la organizaci\u00f3n criminal, [&hellip;]","og_url":"https:\/\/canal7slp.tv\/2023\/detienen-a-lider-del-cartel-del-noreste-en-nuevo-laredo-tamaulipas\/","og_site_name":"Canal 7 SLP - 2023","article_publisher":"https:\/\/www.facebook.com\/noticieroscanalsiete","article_published_time":"2023-11-30T00:51:21+00:00","og_image":[{"width":800,"height":600,"url":"https:\/\/canal7slp.tv\/2023\/wp-content\/uploads\/2023\/11\/06-1.png","type":"image\/png"}],"author":"Edici\u00f3n Web","twitter_card":"summary_large_image","twitter_creator":"@NOTICIEROS7","twitter_site":"@NOTICIEROS7","twitter_misc":{"Escrito por":"Edici\u00f3n Web","Tiempo de lectura":"1 minuto"},"schema":{"@context":"https:\/\/schema.org","@graph":[{"@type":"Article","@id":"https:\/\/canal7slp.tv\/2023\/detienen-a-lider-del-cartel-del-noreste-en-nuevo-laredo-tamaulipas\/#article","isPartOf":{"@id":"https:\/\/canal7slp.tv\/2023\/detienen-a-lider-del-cartel-del-noreste-en-nuevo-laredo-tamaulipas\/"},"author":{"name":"Edici\u00f3n Web","@id":"https:\/\/canal7slp.tv\/2023\/#\/schema\/person\/639c424e3584069003b11ae813915da6"},"headline":"Detienen a l\u00edder del C\u00e1rtel del Noreste en Nuevo Laredo, Tamaulipas","datePublished":"2023-11-30T00:51:21+00:00","mainEntityOfPage":{"@id":"https:\/\/canal7slp.tv\/2023\/detienen-a-lider-del-cartel-del-noreste-en-nuevo-laredo-tamaulipas\/"},"wordCount":172,"publisher":{"@id":"https:\/\/canal7slp.tv\/2023\/#organization"},"image":{"@id":"https:\/\/canal7slp.tv\/2023\/detienen-a-lider-del-cartel-del-noreste-en-nuevo-laredo-tamaulipas\/#primaryimage"},"thumbnailUrl":"https:\/\/canal7slp.tv\/2023\/wp-content\/uploads\/2023\/11\/06-1.png","articleSection":["NACIONALES"],"inLanguage":"es"},{"@type":"WebPage","@id":"https:\/\/canal7slp.tv\/2023\/detienen-a-lider-del-cartel-del-noreste-en-nuevo-laredo-tamaulipas\/","url":"https:\/\/canal7slp.tv\/2023\/detienen-a-lider-del-cartel-del-noreste-en-nuevo-laredo-tamaulipas\/","name":"Detienen a l\u00edder del C\u00e1rtel del Noreste en Nuevo Laredo, Tamaulipas - Canal 7 SLP - 2023","isPartOf":{"@id":"https:\/\/canal7slp.tv\/2023\/#website"},"primaryImageOfPage":{"@id":"https:\/\/canal7slp.tv\/2023\/detienen-a-lider-del-cartel-del-noreste-en-nuevo-laredo-tamaulipas\/#primaryimage"},"image":{"@id":"https:\/\/canal7slp.tv\/2023\/detienen-a-lider-del-cartel-del-noreste-en-nuevo-laredo-tamaulipas\/#primaryimage"},"thumbnailUrl":"https:\/\/canal7slp.tv\/2023\/wp-content\/uploads\/2023\/11\/06-1.png","datePublished":"2023-11-30T00:51:21+00:00","breadcrumb":{"@id":"https:\/\/canal7slp.tv\/2023\/detienen-a-lider-del-cartel-del-noreste-en-nuevo-laredo-tamaulipas\/#breadcrumb"},"inLanguage":"es","potentialAction":[{"@type":"ReadAction","target":["https:\/\/canal7slp.tv\/2023\/detienen-a-lider-del-cartel-del-noreste-en-nuevo-laredo-tamaulipas\/"]}]},{"@type":"ImageObject","inLanguage":"es","@id":"https:\/\/canal7slp.tv\/2023\/detienen-a-lider-del-cartel-del-noreste-en-nuevo-laredo-tamaulipas\/#primaryimage","url":"https:\/\/canal7slp.tv\/2023\/wp-content\/uploads\/2023\/11\/06-1.png","contentUrl":"https:\/\/canal7slp.tv\/2023\/wp-content\/uploads\/2023\/11\/06-1.png","width":800,"height":600},{"@type":"BreadcrumbList","@id":"https:\/\/canal7slp.tv\/2023\/detienen-a-lider-del-cartel-del-noreste-en-nuevo-laredo-tamaulipas\/#breadcrumb","itemListElement":[{"@type":"ListItem","position":1,"name":"Portada","item":"https:\/\/canal7slp.tv\/2023\/"},{"@type":"ListItem","position":2,"name":"Detienen a l\u00edder del C\u00e1rtel del Noreste en Nuevo Laredo, Tamaulipas"}]},{"@type":"WebSite","@id":"https:\/\/canal7slp.tv\/2023\/#website","url":"https:\/\/canal7slp.tv\/2023\/","name":"N7 - Noticieros Canal 7","description":"Somos Televisi\u00f3n","publisher":{"@id":"https:\/\/canal7slp.tv\/2023\/#organization"},"potentialAction":[{"@type":"SearchAction","target":{"@type":"EntryPoint","urlTemplate":"https:\/\/canal7slp.tv\/2023\/?s={search_term_string}"},"query-input":{"@type":"PropertyValueSpecification","valueRequired":true,"valueName":"search_term_string"}}],"inLanguage":"es"},{"@type":"Organization","@id":"https:\/\/canal7slp.tv\/2023\/#organization","name":"Noticieros Canal 7","url":"https:\/\/canal7slp.tv\/2023\/","logo":{"@type":"ImageObject","inLanguage":"es","@id":"https:\/\/canal7slp.tv\/2023\/#\/schema\/logo\/image\/","url":"https:\/\/canal7slp.tv\/2023\/wp-content\/uploads\/2021\/01\/logo-noticieros@2x.png","contentUrl":"https:\/\/canal7slp.tv\/2023\/wp-content\/uploads\/2021\/01\/logo-noticieros@2x.png","width":1017,"height":268,"caption":"Noticieros Canal 7"},"image":{"@id":"https:\/\/canal7slp.tv\/2023\/#\/schema\/logo\/image\/"},"sameAs":["https:\/\/www.facebook.com\/noticieroscanalsiete","https:\/\/x.com\/NOTICIEROS7","https:\/\/www.instagram.com\/canal7_slp","https:\/\/www.youtube.com\/channel\/UCliiYs-gP3JfJeqdPrNdd5A"]},{"@type":"Person","@id":"https:\/\/canal7slp.tv\/2023\/#\/schema\/person\/639c424e3584069003b11ae813915da6","name":"Edici\u00f3n Web","image":{"@type":"ImageObject","inLanguage":"es","@id":"https:\/\/secure.gravatar.com\/avatar\/eee448fc3f7164808013b816ba91ac7e43bbe82a70bebac296f8bc6f0addaa1a?s=96&d=mm&r=g","url":"https:\/\/secure.gravatar.com\/avatar\/eee448fc3f7164808013b816ba91ac7e43bbe82a70bebac296f8bc6f0addaa1a?s=96&d=mm&r=g","contentUrl":"https:\/\/secure.gravatar.com\/avatar\/eee448fc3f7164808013b816ba91ac7e43bbe82a70bebac296f8bc6f0addaa1a?s=96&d=mm&r=g","caption":"Edici\u00f3n Web"},"url":"https:\/\/canal7slp.tv\/2023\/author\/edicionweb\/"}]}},"_links":{"self":[{"href":"https:\/\/canal7slp.tv\/2023\/wp-json\/wp\/v2\/posts\/114556","targetHints":{"allow":["GET"]}}],"collection":[{"href":"https:\/\/canal7slp.tv\/2023\/wp-json\/wp\/v2\/posts"}],"about":[{"href":"https:\/\/canal7slp.tv\/2023\/wp-json\/wp\/v2\/types\/post"}],"author":[{"embeddable":true,"href":"https:\/\/canal7slp.tv\/2023\/wp-json\/wp\/v2\/users\/2"}],"replies":[{"embeddable":true,"href":"https:\/\/canal7slp.tv\/2023\/wp-json\/wp\/v2\/comments?post=114556"}],"version-history":[{"count":3,"href":"https:\/\/canal7slp.tv\/2023\/wp-json\/wp\/v2\/posts\/114556\/revisions"}],"predecessor-version":[{"id":114602,"href":"https:\/\/canal7slp.tv\/2023\/wp-json\/wp\/v2\/posts\/114556\/revisions\/114602"}],"wp:featuredmedia":[{"embeddable":true,"href":"https:\/\/canal7slp.tv\/2023\/wp-json\/wp\/v2\/media\/114571"}],"wp:attachment":[{"href":"https:\/\/canal7slp.tv\/2023\/wp-json\/wp\/v2\/media?parent=114556"}],"wp:term":[{"taxonomy":"category","embeddable":true,"href":"https:\/\/canal7slp.tv\/2023\/wp-json\/wp\/v2\/categories?post=114556"},{"taxonomy":"post_tag","embeddable":true,"href":"https:\/\/canal7slp.tv\/2023\/wp-json\/wp\/v2\/tags?post=114556"}],"curies":[{"name":"wp","href":"https:\/\/api.w.org\/{rel}","templated":true}]}}