{"id":114555,"date":"2023-11-29T18:48:48","date_gmt":"2023-11-30T00:48:48","guid":{"rendered":"https:\/\/canal7slp.tv\/2023\/?p=114555"},"modified":"2023-11-29T18:50:53","modified_gmt":"2023-11-30T00:50:53","slug":"pide-amlo-autorizar-ingreso-de-soldados-de-estados-unidos-con-armamento","status":"publish","type":"post","link":"https:\/\/canal7slp.tv\/2023\/pide-amlo-autorizar-ingreso-de-soldados-de-estados-unidos-con-armamento\/","title":{"rendered":"Pide AMLO autorizar ingreso de soldados de Estados Unidos con armamento"},"content":{"rendered":"<p style=\"text-align: justify;\">M\u00e9xico.- El presidente Andr\u00e9s Manuel L\u00f3pez Obrador ha solicitado al Senado de la Rep\u00fablica la autorizaci\u00f3n para la visita de elementos de fuerzas especiales de Estados Unidos a M\u00e9xico.<\/p>\n<p style=\"text-align: justify;\">El prop\u00f3sito de esta colaboraci\u00f3n es fortalecer las capacidades de la Secretar\u00eda de la Defensa Nacional (SEDENA) a trav\u00e9s de un programa de intercambio de adiestramiento.<\/p>\n<p style=\"text-align: justify;\">El programa, denominado \u00abFortalecer las capacidades de las fuerzas especiales de la Secretar\u00eda de la Defensa Nacional\u00bb, tiene como objetivo fomentar la cooperaci\u00f3n y el intercambio de conocimientos entre las Fuerzas Armadas de M\u00e9xico y Estados Unidos. Esto permitir\u00e1 hacer frente a amenazas comunes en el hemisferio norte del continente americano y fortalecer\u00e1 la relaci\u00f3n bilateral en el \u00e1mbito militar.<\/p>\n<p style=\"text-align: justify;\">Se busca la autorizaci\u00f3n para la entrada de 11 elementos del s\u00e9ptimo Grupo de Fuerzas Especiales del Comando de Operaciones Especiales del Ej\u00e9rcito de Estados Unidos. Estas tropas llegar\u00edan a M\u00e9xico en un avi\u00f3n C-130 H\u00e9rcules de la Fuerza A\u00e9rea estadounidense.<\/p>\n<p style=\"text-align: justify;\">Es importante destacar que la Constituci\u00f3n establece que el Senado de la Rep\u00fablica debe autorizar el ingreso de tropas extranjeras al pa\u00eds.<\/p>\n","protected":false},"excerpt":{"rendered":"<p>M\u00e9xico.- El presidente Andr\u00e9s Manuel L\u00f3pez Obrador ha solicitado al Senado de la Rep\u00fablica la autorizaci\u00f3n para la visita de elementos de fuerzas especiales de Estados Unidos a M\u00e9xico. El prop\u00f3sito de esta colaboraci\u00f3n es fortalecer las capacidades de la Secretar\u00eda de la Defensa Nacional (SEDENA) a trav\u00e9s de un programa de intercambio de adiestramiento. El programa, denominado \u00abFortalecer las capacidades de las fuerzas especiales de la Secretar\u00eda de la Defensa Nacional\u00bb, tiene como objetivo fomentar la cooperaci\u00f3n y el intercambio de conocimientos entre las Fuerzas Armadas de M\u00e9xico y Estados Unidos. Esto permitir\u00e1 hacer frente a amenazas comunes en [&hellip;]<\/p>\n","protected":false},"author":2,"featured_media":114601,"comment_status":"closed","ping_status":"closed","sticky":false,"template":"","format":"standard","meta":{"footnotes":""},"categories":[44],"tags":[],"class_list":["post-114555","post","type-post","status-publish","format-standard","has-post-thumbnail","hentry","category-internacional","post--single"],"yoast_head":"<!-- This site is optimized with the Yoast SEO plugin v27.5 - https:\/\/yoast.com\/product\/yoast-seo-wordpress\/ -->\n<title>Pide AMLO autorizar ingreso de soldados de Estados Unidos con armamento - Canal 7 SLP - 2023<\/title>\n<meta name=\"robots\" content=\"index, follow, max-snippet:-1, max-image-preview:large, max-video-preview:-1\" \/>\n<link rel=\"canonical\" href=\"https:\/\/canal7slp.tv\/2023\/pide-amlo-autorizar-ingreso-de-soldados-de-estados-unidos-con-armamento\/\" \/>\n<meta property=\"og:locale\" content=\"es_ES\" \/>\n<meta property=\"og:type\" content=\"article\" \/>\n<meta property=\"og:title\" content=\"Pide AMLO autorizar ingreso de soldados de Estados Unidos con armamento - Canal 7 SLP - 2023\" \/>\n<meta property=\"og:description\" content=\"M\u00e9xico.- El presidente Andr\u00e9s Manuel L\u00f3pez Obrador ha solicitado al Senado de la Rep\u00fablica la autorizaci\u00f3n para la visita de elementos de fuerzas especiales de Estados Unidos a M\u00e9xico. El prop\u00f3sito de esta colaboraci\u00f3n es fortalecer las capacidades de la Secretar\u00eda de la Defensa Nacional (SEDENA) a trav\u00e9s de un programa de intercambio de adiestramiento. El programa, denominado \u00abFortalecer las capacidades de las fuerzas especiales de la Secretar\u00eda de la Defensa Nacional\u00bb, tiene como objetivo fomentar la cooperaci\u00f3n y el intercambio de conocimientos entre las Fuerzas Armadas de M\u00e9xico y Estados Unidos. Esto permitir\u00e1 hacer frente a amenazas comunes en [&hellip;]\" \/>\n<meta property=\"og:url\" content=\"https:\/\/canal7slp.tv\/2023\/pide-amlo-autorizar-ingreso-de-soldados-de-estados-unidos-con-armamento\/\" \/>\n<meta property=\"og:site_name\" content=\"Canal 7 SLP - 2023\" \/>\n<meta property=\"article:publisher\" content=\"https:\/\/www.facebook.com\/noticieroscanalsiete\" \/>\n<meta property=\"article:published_time\" content=\"2023-11-30T00:48:48+00:00\" \/>\n<meta property=\"article:modified_time\" content=\"2023-11-30T00:50:53+00:00\" \/>\n<meta property=\"og:image\" content=\"https:\/\/canal7slp.tv\/2023\/wp-content\/uploads\/2023\/11\/00.jpeg\" \/>\n\t<meta property=\"og:image:width\" content=\"678\" \/>\n\t<meta property=\"og:image:height\" content=\"381\" \/>\n\t<meta property=\"og:image:type\" content=\"image\/jpeg\" \/>\n<meta name=\"author\" content=\"Edici\u00f3n Web\" \/>\n<meta name=\"twitter:card\" content=\"summary_large_image\" \/>\n<meta name=\"twitter:creator\" content=\"@NOTICIEROS7\" \/>\n<meta name=\"twitter:site\" content=\"@NOTICIEROS7\" \/>\n<meta name=\"twitter:label1\" content=\"Escrito por\" \/>\n\t<meta name=\"twitter:data1\" content=\"Edici\u00f3n Web\" \/>\n\t<meta name=\"twitter:label2\" content=\"Tiempo de lectura\" \/>\n\t<meta name=\"twitter:data2\" content=\"1 minuto\" \/>\n<script type=\"application\/ld+json\" class=\"yoast-schema-graph\">{\"@context\":\"https:\\\/\\\/schema.org\",\"@graph\":[{\"@type\":\"Article\",\"@id\":\"https:\\\/\\\/canal7slp.tv\\\/2023\\\/pide-amlo-autorizar-ingreso-de-soldados-de-estados-unidos-con-armamento\\\/#article\",\"isPartOf\":{\"@id\":\"https:\\\/\\\/canal7slp.tv\\\/2023\\\/pide-amlo-autorizar-ingreso-de-soldados-de-estados-unidos-con-armamento\\\/\"},\"author\":{\"name\":\"Edici\u00f3n Web\",\"@id\":\"https:\\\/\\\/canal7slp.tv\\\/2023\\\/#\\\/schema\\\/person\\\/639c424e3584069003b11ae813915da6\"},\"headline\":\"Pide AMLO autorizar ingreso de soldados de Estados Unidos con armamento\",\"datePublished\":\"2023-11-30T00:48:48+00:00\",\"dateModified\":\"2023-11-30T00:50:53+00:00\",\"mainEntityOfPage\":{\"@id\":\"https:\\\/\\\/canal7slp.tv\\\/2023\\\/pide-amlo-autorizar-ingreso-de-soldados-de-estados-unidos-con-armamento\\\/\"},\"wordCount\":214,\"publisher\":{\"@id\":\"https:\\\/\\\/canal7slp.tv\\\/2023\\\/#organization\"},\"image\":{\"@id\":\"https:\\\/\\\/canal7slp.tv\\\/2023\\\/pide-amlo-autorizar-ingreso-de-soldados-de-estados-unidos-con-armamento\\\/#primaryimage\"},\"thumbnailUrl\":\"https:\\\/\\\/canal7slp.tv\\\/2023\\\/wp-content\\\/uploads\\\/2023\\\/11\\\/00.jpeg\",\"articleSection\":[\"INTERNACIONALES\"],\"inLanguage\":\"es\"},{\"@type\":\"WebPage\",\"@id\":\"https:\\\/\\\/canal7slp.tv\\\/2023\\\/pide-amlo-autorizar-ingreso-de-soldados-de-estados-unidos-con-armamento\\\/\",\"url\":\"https:\\\/\\\/canal7slp.tv\\\/2023\\\/pide-amlo-autorizar-ingreso-de-soldados-de-estados-unidos-con-armamento\\\/\",\"name\":\"Pide AMLO autorizar ingreso de soldados de Estados Unidos con armamento - Canal 7 SLP - 2023\",\"isPartOf\":{\"@id\":\"https:\\\/\\\/canal7slp.tv\\\/2023\\\/#website\"},\"primaryImageOfPage\":{\"@id\":\"https:\\\/\\\/canal7slp.tv\\\/2023\\\/pide-amlo-autorizar-ingreso-de-soldados-de-estados-unidos-con-armamento\\\/#primaryimage\"},\"image\":{\"@id\":\"https:\\\/\\\/canal7slp.tv\\\/2023\\\/pide-amlo-autorizar-ingreso-de-soldados-de-estados-unidos-con-armamento\\\/#primaryimage\"},\"thumbnailUrl\":\"https:\\\/\\\/canal7slp.tv\\\/2023\\\/wp-content\\\/uploads\\\/2023\\\/11\\\/00.jpeg\",\"datePublished\":\"2023-11-30T00:48:48+00:00\",\"dateModified\":\"2023-11-30T00:50:53+00:00\",\"breadcrumb\":{\"@id\":\"https:\\\/\\\/canal7slp.tv\\\/2023\\\/pide-amlo-autorizar-ingreso-de-soldados-de-estados-unidos-con-armamento\\\/#breadcrumb\"},\"inLanguage\":\"es\",\"potentialAction\":[{\"@type\":\"ReadAction\",\"target\":[\"https:\\\/\\\/canal7slp.tv\\\/2023\\\/pide-amlo-autorizar-ingreso-de-soldados-de-estados-unidos-con-armamento\\\/\"]}]},{\"@type\":\"ImageObject\",\"inLanguage\":\"es\",\"@id\":\"https:\\\/\\\/canal7slp.tv\\\/2023\\\/pide-amlo-autorizar-ingreso-de-soldados-de-estados-unidos-con-armamento\\\/#primaryimage\",\"url\":\"https:\\\/\\\/canal7slp.tv\\\/2023\\\/wp-content\\\/uploads\\\/2023\\\/11\\\/00.jpeg\",\"contentUrl\":\"https:\\\/\\\/canal7slp.tv\\\/2023\\\/wp-content\\\/uploads\\\/2023\\\/11\\\/00.jpeg\",\"width\":678,\"height\":381},{\"@type\":\"BreadcrumbList\",\"@id\":\"https:\\\/\\\/canal7slp.tv\\\/2023\\\/pide-amlo-autorizar-ingreso-de-soldados-de-estados-unidos-con-armamento\\\/#breadcrumb\",\"itemListElement\":[{\"@type\":\"ListItem\",\"position\":1,\"name\":\"Portada\",\"item\":\"https:\\\/\\\/canal7slp.tv\\\/2023\\\/\"},{\"@type\":\"ListItem\",\"position\":2,\"name\":\"Pide AMLO autorizar ingreso de soldados de Estados Unidos con armamento\"}]},{\"@type\":\"WebSite\",\"@id\":\"https:\\\/\\\/canal7slp.tv\\\/2023\\\/#website\",\"url\":\"https:\\\/\\\/canal7slp.tv\\\/2023\\\/\",\"name\":\"N7 - Noticieros Canal 7\",\"description\":\"Somos Televisi\u00f3n\",\"publisher\":{\"@id\":\"https:\\\/\\\/canal7slp.tv\\\/2023\\\/#organization\"},\"potentialAction\":[{\"@type\":\"SearchAction\",\"target\":{\"@type\":\"EntryPoint\",\"urlTemplate\":\"https:\\\/\\\/canal7slp.tv\\\/2023\\\/?s={search_term_string}\"},\"query-input\":{\"@type\":\"PropertyValueSpecification\",\"valueRequired\":true,\"valueName\":\"search_term_string\"}}],\"inLanguage\":\"es\"},{\"@type\":\"Organization\",\"@id\":\"https:\\\/\\\/canal7slp.tv\\\/2023\\\/#organization\",\"name\":\"Noticieros Canal 7\",\"url\":\"https:\\\/\\\/canal7slp.tv\\\/2023\\\/\",\"logo\":{\"@type\":\"ImageObject\",\"inLanguage\":\"es\",\"@id\":\"https:\\\/\\\/canal7slp.tv\\\/2023\\\/#\\\/schema\\\/logo\\\/image\\\/\",\"url\":\"https:\\\/\\\/canal7slp.tv\\\/2023\\\/wp-content\\\/uploads\\\/2021\\\/01\\\/logo-noticieros@2x.png\",\"contentUrl\":\"https:\\\/\\\/canal7slp.tv\\\/2023\\\/wp-content\\\/uploads\\\/2021\\\/01\\\/logo-noticieros@2x.png\",\"width\":1017,\"height\":268,\"caption\":\"Noticieros Canal 7\"},\"image\":{\"@id\":\"https:\\\/\\\/canal7slp.tv\\\/2023\\\/#\\\/schema\\\/logo\\\/image\\\/\"},\"sameAs\":[\"https:\\\/\\\/www.facebook.com\\\/noticieroscanalsiete\",\"https:\\\/\\\/x.com\\\/NOTICIEROS7\",\"https:\\\/\\\/www.instagram.com\\\/canal7_slp\",\"https:\\\/\\\/www.youtube.com\\\/channel\\\/UCliiYs-gP3JfJeqdPrNdd5A\"]},{\"@type\":\"Person\",\"@id\":\"https:\\\/\\\/canal7slp.tv\\\/2023\\\/#\\\/schema\\\/person\\\/639c424e3584069003b11ae813915da6\",\"name\":\"Edici\u00f3n Web\",\"image\":{\"@type\":\"ImageObject\",\"inLanguage\":\"es\",\"@id\":\"https:\\\/\\\/secure.gravatar.com\\\/avatar\\\/eee448fc3f7164808013b816ba91ac7e43bbe82a70bebac296f8bc6f0addaa1a?s=96&d=mm&r=g\",\"url\":\"https:\\\/\\\/secure.gravatar.com\\\/avatar\\\/eee448fc3f7164808013b816ba91ac7e43bbe82a70bebac296f8bc6f0addaa1a?s=96&d=mm&r=g\",\"contentUrl\":\"https:\\\/\\\/secure.gravatar.com\\\/avatar\\\/eee448fc3f7164808013b816ba91ac7e43bbe82a70bebac296f8bc6f0addaa1a?s=96&d=mm&r=g\",\"caption\":\"Edici\u00f3n Web\"},\"url\":\"https:\\\/\\\/canal7slp.tv\\\/2023\\\/author\\\/edicionweb\\\/\"}]}<\/script>\n<!-- \/ Yoast SEO plugin. -->","yoast_head_json":{"title":"Pide AMLO autorizar ingreso de soldados de Estados Unidos con armamento - Canal 7 SLP - 2023","robots":{"index":"index","follow":"follow","max-snippet":"max-snippet:-1","max-image-preview":"max-image-preview:large","max-video-preview":"max-video-preview:-1"},"canonical":"https:\/\/canal7slp.tv\/2023\/pide-amlo-autorizar-ingreso-de-soldados-de-estados-unidos-con-armamento\/","og_locale":"es_ES","og_type":"article","og_title":"Pide AMLO autorizar ingreso de soldados de Estados Unidos con armamento - Canal 7 SLP - 2023","og_description":"M\u00e9xico.- El presidente Andr\u00e9s Manuel L\u00f3pez Obrador ha solicitado al Senado de la Rep\u00fablica la autorizaci\u00f3n para la visita de elementos de fuerzas especiales de Estados Unidos a M\u00e9xico. El prop\u00f3sito de esta colaboraci\u00f3n es fortalecer las capacidades de la Secretar\u00eda de la Defensa Nacional (SEDENA) a trav\u00e9s de un programa de intercambio de adiestramiento. El programa, denominado \u00abFortalecer las capacidades de las fuerzas especiales de la Secretar\u00eda de la Defensa Nacional\u00bb, tiene como objetivo fomentar la cooperaci\u00f3n y el intercambio de conocimientos entre las Fuerzas Armadas de M\u00e9xico y Estados Unidos. Esto permitir\u00e1 hacer frente a amenazas comunes en [&hellip;]","og_url":"https:\/\/canal7slp.tv\/2023\/pide-amlo-autorizar-ingreso-de-soldados-de-estados-unidos-con-armamento\/","og_site_name":"Canal 7 SLP - 2023","article_publisher":"https:\/\/www.facebook.com\/noticieroscanalsiete","article_published_time":"2023-11-30T00:48:48+00:00","article_modified_time":"2023-11-30T00:50:53+00:00","og_image":[{"width":678,"height":381,"url":"https:\/\/canal7slp.tv\/2023\/wp-content\/uploads\/2023\/11\/00.jpeg","type":"image\/jpeg"}],"author":"Edici\u00f3n Web","twitter_card":"summary_large_image","twitter_creator":"@NOTICIEROS7","twitter_site":"@NOTICIEROS7","twitter_misc":{"Escrito por":"Edici\u00f3n Web","Tiempo de lectura":"1 minuto"},"schema":{"@context":"https:\/\/schema.org","@graph":[{"@type":"Article","@id":"https:\/\/canal7slp.tv\/2023\/pide-amlo-autorizar-ingreso-de-soldados-de-estados-unidos-con-armamento\/#article","isPartOf":{"@id":"https:\/\/canal7slp.tv\/2023\/pide-amlo-autorizar-ingreso-de-soldados-de-estados-unidos-con-armamento\/"},"author":{"name":"Edici\u00f3n Web","@id":"https:\/\/canal7slp.tv\/2023\/#\/schema\/person\/639c424e3584069003b11ae813915da6"},"headline":"Pide AMLO autorizar ingreso de soldados de Estados Unidos con armamento","datePublished":"2023-11-30T00:48:48+00:00","dateModified":"2023-11-30T00:50:53+00:00","mainEntityOfPage":{"@id":"https:\/\/canal7slp.tv\/2023\/pide-amlo-autorizar-ingreso-de-soldados-de-estados-unidos-con-armamento\/"},"wordCount":214,"publisher":{"@id":"https:\/\/canal7slp.tv\/2023\/#organization"},"image":{"@id":"https:\/\/canal7slp.tv\/2023\/pide-amlo-autorizar-ingreso-de-soldados-de-estados-unidos-con-armamento\/#primaryimage"},"thumbnailUrl":"https:\/\/canal7slp.tv\/2023\/wp-content\/uploads\/2023\/11\/00.jpeg","articleSection":["INTERNACIONALES"],"inLanguage":"es"},{"@type":"WebPage","@id":"https:\/\/canal7slp.tv\/2023\/pide-amlo-autorizar-ingreso-de-soldados-de-estados-unidos-con-armamento\/","url":"https:\/\/canal7slp.tv\/2023\/pide-amlo-autorizar-ingreso-de-soldados-de-estados-unidos-con-armamento\/","name":"Pide AMLO autorizar ingreso de soldados de Estados Unidos con armamento - Canal 7 SLP - 2023","isPartOf":{"@id":"https:\/\/canal7slp.tv\/2023\/#website"},"primaryImageOfPage":{"@id":"https:\/\/canal7slp.tv\/2023\/pide-amlo-autorizar-ingreso-de-soldados-de-estados-unidos-con-armamento\/#primaryimage"},"image":{"@id":"https:\/\/canal7slp.tv\/2023\/pide-amlo-autorizar-ingreso-de-soldados-de-estados-unidos-con-armamento\/#primaryimage"},"thumbnailUrl":"https:\/\/canal7slp.tv\/2023\/wp-content\/uploads\/2023\/11\/00.jpeg","datePublished":"2023-11-30T00:48:48+00:00","dateModified":"2023-11-30T00:50:53+00:00","breadcrumb":{"@id":"https:\/\/canal7slp.tv\/2023\/pide-amlo-autorizar-ingreso-de-soldados-de-estados-unidos-con-armamento\/#breadcrumb"},"inLanguage":"es","potentialAction":[{"@type":"ReadAction","target":["https:\/\/canal7slp.tv\/2023\/pide-amlo-autorizar-ingreso-de-soldados-de-estados-unidos-con-armamento\/"]}]},{"@type":"ImageObject","inLanguage":"es","@id":"https:\/\/canal7slp.tv\/2023\/pide-amlo-autorizar-ingreso-de-soldados-de-estados-unidos-con-armamento\/#primaryimage","url":"https:\/\/canal7slp.tv\/2023\/wp-content\/uploads\/2023\/11\/00.jpeg","contentUrl":"https:\/\/canal7slp.tv\/2023\/wp-content\/uploads\/2023\/11\/00.jpeg","width":678,"height":381},{"@type":"BreadcrumbList","@id":"https:\/\/canal7slp.tv\/2023\/pide-amlo-autorizar-ingreso-de-soldados-de-estados-unidos-con-armamento\/#breadcrumb","itemListElement":[{"@type":"ListItem","position":1,"name":"Portada","item":"https:\/\/canal7slp.tv\/2023\/"},{"@type":"ListItem","position":2,"name":"Pide AMLO autorizar ingreso de soldados de Estados Unidos con armamento"}]},{"@type":"WebSite","@id":"https:\/\/canal7slp.tv\/2023\/#website","url":"https:\/\/canal7slp.tv\/2023\/","name":"N7 - Noticieros Canal 7","description":"Somos Televisi\u00f3n","publisher":{"@id":"https:\/\/canal7slp.tv\/2023\/#organization"},"potentialAction":[{"@type":"SearchAction","target":{"@type":"EntryPoint","urlTemplate":"https:\/\/canal7slp.tv\/2023\/?s={search_term_string}"},"query-input":{"@type":"PropertyValueSpecification","valueRequired":true,"valueName":"search_term_string"}}],"inLanguage":"es"},{"@type":"Organization","@id":"https:\/\/canal7slp.tv\/2023\/#organization","name":"Noticieros Canal 7","url":"https:\/\/canal7slp.tv\/2023\/","logo":{"@type":"ImageObject","inLanguage":"es","@id":"https:\/\/canal7slp.tv\/2023\/#\/schema\/logo\/image\/","url":"https:\/\/canal7slp.tv\/2023\/wp-content\/uploads\/2021\/01\/logo-noticieros@2x.png","contentUrl":"https:\/\/canal7slp.tv\/2023\/wp-content\/uploads\/2021\/01\/logo-noticieros@2x.png","width":1017,"height":268,"caption":"Noticieros Canal 7"},"image":{"@id":"https:\/\/canal7slp.tv\/2023\/#\/schema\/logo\/image\/"},"sameAs":["https:\/\/www.facebook.com\/noticieroscanalsiete","https:\/\/x.com\/NOTICIEROS7","https:\/\/www.instagram.com\/canal7_slp","https:\/\/www.youtube.com\/channel\/UCliiYs-gP3JfJeqdPrNdd5A"]},{"@type":"Person","@id":"https:\/\/canal7slp.tv\/2023\/#\/schema\/person\/639c424e3584069003b11ae813915da6","name":"Edici\u00f3n Web","image":{"@type":"ImageObject","inLanguage":"es","@id":"https:\/\/secure.gravatar.com\/avatar\/eee448fc3f7164808013b816ba91ac7e43bbe82a70bebac296f8bc6f0addaa1a?s=96&d=mm&r=g","url":"https:\/\/secure.gravatar.com\/avatar\/eee448fc3f7164808013b816ba91ac7e43bbe82a70bebac296f8bc6f0addaa1a?s=96&d=mm&r=g","contentUrl":"https:\/\/secure.gravatar.com\/avatar\/eee448fc3f7164808013b816ba91ac7e43bbe82a70bebac296f8bc6f0addaa1a?s=96&d=mm&r=g","caption":"Edici\u00f3n Web"},"url":"https:\/\/canal7slp.tv\/2023\/author\/edicionweb\/"}]}},"_links":{"self":[{"href":"https:\/\/canal7slp.tv\/2023\/wp-json\/wp\/v2\/posts\/114555","targetHints":{"allow":["GET"]}}],"collection":[{"href":"https:\/\/canal7slp.tv\/2023\/wp-json\/wp\/v2\/posts"}],"about":[{"href":"https:\/\/canal7slp.tv\/2023\/wp-json\/wp\/v2\/types\/post"}],"author":[{"embeddable":true,"href":"https:\/\/canal7slp.tv\/2023\/wp-json\/wp\/v2\/users\/2"}],"replies":[{"embeddable":true,"href":"https:\/\/canal7slp.tv\/2023\/wp-json\/wp\/v2\/comments?post=114555"}],"version-history":[{"count":3,"href":"https:\/\/canal7slp.tv\/2023\/wp-json\/wp\/v2\/posts\/114555\/revisions"}],"predecessor-version":[{"id":114600,"href":"https:\/\/canal7slp.tv\/2023\/wp-json\/wp\/v2\/posts\/114555\/revisions\/114600"}],"wp:featuredmedia":[{"embeddable":true,"href":"https:\/\/canal7slp.tv\/2023\/wp-json\/wp\/v2\/media\/114601"}],"wp:attachment":[{"href":"https:\/\/canal7slp.tv\/2023\/wp-json\/wp\/v2\/media?parent=114555"}],"wp:term":[{"taxonomy":"category","embeddable":true,"href":"https:\/\/canal7slp.tv\/2023\/wp-json\/wp\/v2\/categories?post=114555"},{"taxonomy":"post_tag","embeddable":true,"href":"https:\/\/canal7slp.tv\/2023\/wp-json\/wp\/v2\/tags?post=114555"}],"curies":[{"name":"wp","href":"https:\/\/api.w.org\/{rel}","templated":true}]}}