{"id":114554,"date":"2023-11-29T18:46:22","date_gmt":"2023-11-30T00:46:22","guid":{"rendered":"https:\/\/canal7slp.tv\/2023\/?p=114554"},"modified":"2023-11-29T18:46:22","modified_gmt":"2023-11-30T00:46:22","slug":"en-panama-declaran-inconstitucional-contrato-con-minera-canadiense","status":"publish","type":"post","link":"https:\/\/canal7slp.tv\/2023\/en-panama-declaran-inconstitucional-contrato-con-minera-canadiense\/","title":{"rendered":"En Panam\u00e1 declaran inconstitucional contrato con minera canadiense"},"content":{"rendered":"<p style=\"text-align: justify;\">Panam\u00e1.- La empresa minera canadiense First Quantum se ha visto obligada a suspender sus operaciones en la mina m\u00e1s grande de Panam\u00e1 despu\u00e9s de m\u00e1s de un mes de intensas protestas. Los manifestantes han exigido que se descarte el contrato de la empresa y han instado a los candidatos a tomar una postura m\u00e1s firme al respecto.<\/p>\n<p style=\"text-align: justify;\">En 2017, el tribunal superior del pa\u00eds fall\u00f3 en contra del contrato anterior de First Quantum, una decisi\u00f3n que fue confirmada en 2021. Sin embargo, el gobierno actual permiti\u00f3 que la minera continuara operando mientras se negociaba un nuevo acuerdo.<\/p>\n<p style=\"text-align: justify;\">La empresa ha invertido alrededor de 10 mil millones de d\u00f3lares en el desarrollo de la mina Cobre Panam\u00e1 durante m\u00e1s de una d\u00e9cada. Sin embargo, las protestas y el malestar social han llevado a la suspensi\u00f3n de la producci\u00f3n y a una p\u00e9rdida significativa en el valor de mercado de la empresa.<\/p>\n<p style=\"text-align: justify;\">Los manifestantes argumentan que los t\u00e9rminos del contrato son demasiado favorables para First Quantum y han planteado acusaciones de corrupci\u00f3n en su aprobaci\u00f3n, aunque la empresa lo niega.<\/p>\n","protected":false},"excerpt":{"rendered":"<p>Panam\u00e1.- La empresa minera canadiense First Quantum se ha visto obligada a suspender sus operaciones en la mina m\u00e1s grande de Panam\u00e1 despu\u00e9s de m\u00e1s de un mes de intensas protestas. Los manifestantes han exigido que se descarte el contrato de la empresa y han instado a los candidatos a tomar una postura m\u00e1s firme al respecto. En 2017, el tribunal superior del pa\u00eds fall\u00f3 en contra del contrato anterior de First Quantum, una decisi\u00f3n que fue confirmada en 2021. Sin embargo, el gobierno actual permiti\u00f3 que la minera continuara operando mientras se negociaba un nuevo acuerdo. La empresa ha [&hellip;]<\/p>\n","protected":false},"author":2,"featured_media":114569,"comment_status":"closed","ping_status":"closed","sticky":false,"template":"","format":"standard","meta":{"footnotes":""},"categories":[40,44],"tags":[],"class_list":["post-114554","post","type-post","status-publish","format-standard","has-post-thumbnail","hentry","category-economia","category-internacional","post--single"],"yoast_head":"<!-- This site is optimized with the Yoast SEO plugin v27.5 - https:\/\/yoast.com\/product\/yoast-seo-wordpress\/ -->\n<title>En Panam\u00e1 declaran inconstitucional contrato con minera canadiense - Canal 7 SLP - 2023<\/title>\n<meta name=\"robots\" content=\"index, follow, max-snippet:-1, max-image-preview:large, max-video-preview:-1\" \/>\n<link rel=\"canonical\" href=\"https:\/\/canal7slp.tv\/2023\/en-panama-declaran-inconstitucional-contrato-con-minera-canadiense\/\" \/>\n<meta property=\"og:locale\" content=\"es_ES\" \/>\n<meta property=\"og:type\" content=\"article\" \/>\n<meta property=\"og:title\" content=\"En Panam\u00e1 declaran inconstitucional contrato con minera canadiense - Canal 7 SLP - 2023\" \/>\n<meta property=\"og:description\" content=\"Panam\u00e1.- La empresa minera canadiense First Quantum se ha visto obligada a suspender sus operaciones en la mina m\u00e1s grande de Panam\u00e1 despu\u00e9s de m\u00e1s de un mes de intensas protestas. Los manifestantes han exigido que se descarte el contrato de la empresa y han instado a los candidatos a tomar una postura m\u00e1s firme al respecto. En 2017, el tribunal superior del pa\u00eds fall\u00f3 en contra del contrato anterior de First Quantum, una decisi\u00f3n que fue confirmada en 2021. Sin embargo, el gobierno actual permiti\u00f3 que la minera continuara operando mientras se negociaba un nuevo acuerdo. La empresa ha [&hellip;]\" \/>\n<meta property=\"og:url\" content=\"https:\/\/canal7slp.tv\/2023\/en-panama-declaran-inconstitucional-contrato-con-minera-canadiense\/\" \/>\n<meta property=\"og:site_name\" content=\"Canal 7 SLP - 2023\" \/>\n<meta property=\"article:publisher\" content=\"https:\/\/www.facebook.com\/noticieroscanalsiete\" \/>\n<meta property=\"article:published_time\" content=\"2023-11-30T00:46:22+00:00\" \/>\n<meta property=\"og:image\" content=\"https:\/\/canal7slp.tv\/2023\/wp-content\/uploads\/2023\/11\/04-22.jpg\" \/>\n\t<meta property=\"og:image:width\" content=\"1500\" \/>\n\t<meta property=\"og:image:height\" content=\"811\" \/>\n\t<meta property=\"og:image:type\" content=\"image\/jpeg\" \/>\n<meta name=\"author\" content=\"Edici\u00f3n Web\" \/>\n<meta name=\"twitter:card\" content=\"summary_large_image\" \/>\n<meta name=\"twitter:creator\" content=\"@NOTICIEROS7\" \/>\n<meta name=\"twitter:site\" content=\"@NOTICIEROS7\" \/>\n<meta name=\"twitter:label1\" content=\"Escrito por\" \/>\n\t<meta name=\"twitter:data1\" content=\"Edici\u00f3n Web\" \/>\n\t<meta name=\"twitter:label2\" content=\"Tiempo de lectura\" \/>\n\t<meta name=\"twitter:data2\" content=\"1 minuto\" \/>\n<script type=\"application\/ld+json\" class=\"yoast-schema-graph\">{\"@context\":\"https:\\\/\\\/schema.org\",\"@graph\":[{\"@type\":\"Article\",\"@id\":\"https:\\\/\\\/canal7slp.tv\\\/2023\\\/en-panama-declaran-inconstitucional-contrato-con-minera-canadiense\\\/#article\",\"isPartOf\":{\"@id\":\"https:\\\/\\\/canal7slp.tv\\\/2023\\\/en-panama-declaran-inconstitucional-contrato-con-minera-canadiense\\\/\"},\"author\":{\"name\":\"Edici\u00f3n Web\",\"@id\":\"https:\\\/\\\/canal7slp.tv\\\/2023\\\/#\\\/schema\\\/person\\\/639c424e3584069003b11ae813915da6\"},\"headline\":\"En Panam\u00e1 declaran inconstitucional contrato con minera canadiense\",\"datePublished\":\"2023-11-30T00:46:22+00:00\",\"mainEntityOfPage\":{\"@id\":\"https:\\\/\\\/canal7slp.tv\\\/2023\\\/en-panama-declaran-inconstitucional-contrato-con-minera-canadiense\\\/\"},\"wordCount\":199,\"publisher\":{\"@id\":\"https:\\\/\\\/canal7slp.tv\\\/2023\\\/#organization\"},\"image\":{\"@id\":\"https:\\\/\\\/canal7slp.tv\\\/2023\\\/en-panama-declaran-inconstitucional-contrato-con-minera-canadiense\\\/#primaryimage\"},\"thumbnailUrl\":\"https:\\\/\\\/canal7slp.tv\\\/2023\\\/wp-content\\\/uploads\\\/2023\\\/11\\\/04-22.jpg\",\"articleSection\":[\"ECONOM\u00cdA\",\"INTERNACIONALES\"],\"inLanguage\":\"es\"},{\"@type\":\"WebPage\",\"@id\":\"https:\\\/\\\/canal7slp.tv\\\/2023\\\/en-panama-declaran-inconstitucional-contrato-con-minera-canadiense\\\/\",\"url\":\"https:\\\/\\\/canal7slp.tv\\\/2023\\\/en-panama-declaran-inconstitucional-contrato-con-minera-canadiense\\\/\",\"name\":\"En Panam\u00e1 declaran inconstitucional contrato con minera canadiense - Canal 7 SLP - 2023\",\"isPartOf\":{\"@id\":\"https:\\\/\\\/canal7slp.tv\\\/2023\\\/#website\"},\"primaryImageOfPage\":{\"@id\":\"https:\\\/\\\/canal7slp.tv\\\/2023\\\/en-panama-declaran-inconstitucional-contrato-con-minera-canadiense\\\/#primaryimage\"},\"image\":{\"@id\":\"https:\\\/\\\/canal7slp.tv\\\/2023\\\/en-panama-declaran-inconstitucional-contrato-con-minera-canadiense\\\/#primaryimage\"},\"thumbnailUrl\":\"https:\\\/\\\/canal7slp.tv\\\/2023\\\/wp-content\\\/uploads\\\/2023\\\/11\\\/04-22.jpg\",\"datePublished\":\"2023-11-30T00:46:22+00:00\",\"breadcrumb\":{\"@id\":\"https:\\\/\\\/canal7slp.tv\\\/2023\\\/en-panama-declaran-inconstitucional-contrato-con-minera-canadiense\\\/#breadcrumb\"},\"inLanguage\":\"es\",\"potentialAction\":[{\"@type\":\"ReadAction\",\"target\":[\"https:\\\/\\\/canal7slp.tv\\\/2023\\\/en-panama-declaran-inconstitucional-contrato-con-minera-canadiense\\\/\"]}]},{\"@type\":\"ImageObject\",\"inLanguage\":\"es\",\"@id\":\"https:\\\/\\\/canal7slp.tv\\\/2023\\\/en-panama-declaran-inconstitucional-contrato-con-minera-canadiense\\\/#primaryimage\",\"url\":\"https:\\\/\\\/canal7slp.tv\\\/2023\\\/wp-content\\\/uploads\\\/2023\\\/11\\\/04-22.jpg\",\"contentUrl\":\"https:\\\/\\\/canal7slp.tv\\\/2023\\\/wp-content\\\/uploads\\\/2023\\\/11\\\/04-22.jpg\",\"width\":1500,\"height\":811},{\"@type\":\"BreadcrumbList\",\"@id\":\"https:\\\/\\\/canal7slp.tv\\\/2023\\\/en-panama-declaran-inconstitucional-contrato-con-minera-canadiense\\\/#breadcrumb\",\"itemListElement\":[{\"@type\":\"ListItem\",\"position\":1,\"name\":\"Portada\",\"item\":\"https:\\\/\\\/canal7slp.tv\\\/2023\\\/\"},{\"@type\":\"ListItem\",\"position\":2,\"name\":\"En Panam\u00e1 declaran inconstitucional contrato con minera canadiense\"}]},{\"@type\":\"WebSite\",\"@id\":\"https:\\\/\\\/canal7slp.tv\\\/2023\\\/#website\",\"url\":\"https:\\\/\\\/canal7slp.tv\\\/2023\\\/\",\"name\":\"N7 - Noticieros Canal 7\",\"description\":\"Somos Televisi\u00f3n\",\"publisher\":{\"@id\":\"https:\\\/\\\/canal7slp.tv\\\/2023\\\/#organization\"},\"potentialAction\":[{\"@type\":\"SearchAction\",\"target\":{\"@type\":\"EntryPoint\",\"urlTemplate\":\"https:\\\/\\\/canal7slp.tv\\\/2023\\\/?s={search_term_string}\"},\"query-input\":{\"@type\":\"PropertyValueSpecification\",\"valueRequired\":true,\"valueName\":\"search_term_string\"}}],\"inLanguage\":\"es\"},{\"@type\":\"Organization\",\"@id\":\"https:\\\/\\\/canal7slp.tv\\\/2023\\\/#organization\",\"name\":\"Noticieros Canal 7\",\"url\":\"https:\\\/\\\/canal7slp.tv\\\/2023\\\/\",\"logo\":{\"@type\":\"ImageObject\",\"inLanguage\":\"es\",\"@id\":\"https:\\\/\\\/canal7slp.tv\\\/2023\\\/#\\\/schema\\\/logo\\\/image\\\/\",\"url\":\"https:\\\/\\\/canal7slp.tv\\\/2023\\\/wp-content\\\/uploads\\\/2021\\\/01\\\/logo-noticieros@2x.png\",\"contentUrl\":\"https:\\\/\\\/canal7slp.tv\\\/2023\\\/wp-content\\\/uploads\\\/2021\\\/01\\\/logo-noticieros@2x.png\",\"width\":1017,\"height\":268,\"caption\":\"Noticieros Canal 7\"},\"image\":{\"@id\":\"https:\\\/\\\/canal7slp.tv\\\/2023\\\/#\\\/schema\\\/logo\\\/image\\\/\"},\"sameAs\":[\"https:\\\/\\\/www.facebook.com\\\/noticieroscanalsiete\",\"https:\\\/\\\/x.com\\\/NOTICIEROS7\",\"https:\\\/\\\/www.instagram.com\\\/canal7_slp\",\"https:\\\/\\\/www.youtube.com\\\/channel\\\/UCliiYs-gP3JfJeqdPrNdd5A\"]},{\"@type\":\"Person\",\"@id\":\"https:\\\/\\\/canal7slp.tv\\\/2023\\\/#\\\/schema\\\/person\\\/639c424e3584069003b11ae813915da6\",\"name\":\"Edici\u00f3n Web\",\"image\":{\"@type\":\"ImageObject\",\"inLanguage\":\"es\",\"@id\":\"https:\\\/\\\/secure.gravatar.com\\\/avatar\\\/eee448fc3f7164808013b816ba91ac7e43bbe82a70bebac296f8bc6f0addaa1a?s=96&d=mm&r=g\",\"url\":\"https:\\\/\\\/secure.gravatar.com\\\/avatar\\\/eee448fc3f7164808013b816ba91ac7e43bbe82a70bebac296f8bc6f0addaa1a?s=96&d=mm&r=g\",\"contentUrl\":\"https:\\\/\\\/secure.gravatar.com\\\/avatar\\\/eee448fc3f7164808013b816ba91ac7e43bbe82a70bebac296f8bc6f0addaa1a?s=96&d=mm&r=g\",\"caption\":\"Edici\u00f3n Web\"},\"url\":\"https:\\\/\\\/canal7slp.tv\\\/2023\\\/author\\\/edicionweb\\\/\"}]}<\/script>\n<!-- \/ Yoast SEO plugin. -->","yoast_head_json":{"title":"En Panam\u00e1 declaran inconstitucional contrato con minera canadiense - Canal 7 SLP - 2023","robots":{"index":"index","follow":"follow","max-snippet":"max-snippet:-1","max-image-preview":"max-image-preview:large","max-video-preview":"max-video-preview:-1"},"canonical":"https:\/\/canal7slp.tv\/2023\/en-panama-declaran-inconstitucional-contrato-con-minera-canadiense\/","og_locale":"es_ES","og_type":"article","og_title":"En Panam\u00e1 declaran inconstitucional contrato con minera canadiense - Canal 7 SLP - 2023","og_description":"Panam\u00e1.- La empresa minera canadiense First Quantum se ha visto obligada a suspender sus operaciones en la mina m\u00e1s grande de Panam\u00e1 despu\u00e9s de m\u00e1s de un mes de intensas protestas. Los manifestantes han exigido que se descarte el contrato de la empresa y han instado a los candidatos a tomar una postura m\u00e1s firme al respecto. En 2017, el tribunal superior del pa\u00eds fall\u00f3 en contra del contrato anterior de First Quantum, una decisi\u00f3n que fue confirmada en 2021. Sin embargo, el gobierno actual permiti\u00f3 que la minera continuara operando mientras se negociaba un nuevo acuerdo. La empresa ha [&hellip;]","og_url":"https:\/\/canal7slp.tv\/2023\/en-panama-declaran-inconstitucional-contrato-con-minera-canadiense\/","og_site_name":"Canal 7 SLP - 2023","article_publisher":"https:\/\/www.facebook.com\/noticieroscanalsiete","article_published_time":"2023-11-30T00:46:22+00:00","og_image":[{"width":1500,"height":811,"url":"https:\/\/canal7slp.tv\/2023\/wp-content\/uploads\/2023\/11\/04-22.jpg","type":"image\/jpeg"}],"author":"Edici\u00f3n Web","twitter_card":"summary_large_image","twitter_creator":"@NOTICIEROS7","twitter_site":"@NOTICIEROS7","twitter_misc":{"Escrito por":"Edici\u00f3n Web","Tiempo de lectura":"1 minuto"},"schema":{"@context":"https:\/\/schema.org","@graph":[{"@type":"Article","@id":"https:\/\/canal7slp.tv\/2023\/en-panama-declaran-inconstitucional-contrato-con-minera-canadiense\/#article","isPartOf":{"@id":"https:\/\/canal7slp.tv\/2023\/en-panama-declaran-inconstitucional-contrato-con-minera-canadiense\/"},"author":{"name":"Edici\u00f3n Web","@id":"https:\/\/canal7slp.tv\/2023\/#\/schema\/person\/639c424e3584069003b11ae813915da6"},"headline":"En Panam\u00e1 declaran inconstitucional contrato con minera canadiense","datePublished":"2023-11-30T00:46:22+00:00","mainEntityOfPage":{"@id":"https:\/\/canal7slp.tv\/2023\/en-panama-declaran-inconstitucional-contrato-con-minera-canadiense\/"},"wordCount":199,"publisher":{"@id":"https:\/\/canal7slp.tv\/2023\/#organization"},"image":{"@id":"https:\/\/canal7slp.tv\/2023\/en-panama-declaran-inconstitucional-contrato-con-minera-canadiense\/#primaryimage"},"thumbnailUrl":"https:\/\/canal7slp.tv\/2023\/wp-content\/uploads\/2023\/11\/04-22.jpg","articleSection":["ECONOM\u00cdA","INTERNACIONALES"],"inLanguage":"es"},{"@type":"WebPage","@id":"https:\/\/canal7slp.tv\/2023\/en-panama-declaran-inconstitucional-contrato-con-minera-canadiense\/","url":"https:\/\/canal7slp.tv\/2023\/en-panama-declaran-inconstitucional-contrato-con-minera-canadiense\/","name":"En Panam\u00e1 declaran inconstitucional contrato con minera canadiense - Canal 7 SLP - 2023","isPartOf":{"@id":"https:\/\/canal7slp.tv\/2023\/#website"},"primaryImageOfPage":{"@id":"https:\/\/canal7slp.tv\/2023\/en-panama-declaran-inconstitucional-contrato-con-minera-canadiense\/#primaryimage"},"image":{"@id":"https:\/\/canal7slp.tv\/2023\/en-panama-declaran-inconstitucional-contrato-con-minera-canadiense\/#primaryimage"},"thumbnailUrl":"https:\/\/canal7slp.tv\/2023\/wp-content\/uploads\/2023\/11\/04-22.jpg","datePublished":"2023-11-30T00:46:22+00:00","breadcrumb":{"@id":"https:\/\/canal7slp.tv\/2023\/en-panama-declaran-inconstitucional-contrato-con-minera-canadiense\/#breadcrumb"},"inLanguage":"es","potentialAction":[{"@type":"ReadAction","target":["https:\/\/canal7slp.tv\/2023\/en-panama-declaran-inconstitucional-contrato-con-minera-canadiense\/"]}]},{"@type":"ImageObject","inLanguage":"es","@id":"https:\/\/canal7slp.tv\/2023\/en-panama-declaran-inconstitucional-contrato-con-minera-canadiense\/#primaryimage","url":"https:\/\/canal7slp.tv\/2023\/wp-content\/uploads\/2023\/11\/04-22.jpg","contentUrl":"https:\/\/canal7slp.tv\/2023\/wp-content\/uploads\/2023\/11\/04-22.jpg","width":1500,"height":811},{"@type":"BreadcrumbList","@id":"https:\/\/canal7slp.tv\/2023\/en-panama-declaran-inconstitucional-contrato-con-minera-canadiense\/#breadcrumb","itemListElement":[{"@type":"ListItem","position":1,"name":"Portada","item":"https:\/\/canal7slp.tv\/2023\/"},{"@type":"ListItem","position":2,"name":"En Panam\u00e1 declaran inconstitucional contrato con minera canadiense"}]},{"@type":"WebSite","@id":"https:\/\/canal7slp.tv\/2023\/#website","url":"https:\/\/canal7slp.tv\/2023\/","name":"N7 - Noticieros Canal 7","description":"Somos Televisi\u00f3n","publisher":{"@id":"https:\/\/canal7slp.tv\/2023\/#organization"},"potentialAction":[{"@type":"SearchAction","target":{"@type":"EntryPoint","urlTemplate":"https:\/\/canal7slp.tv\/2023\/?s={search_term_string}"},"query-input":{"@type":"PropertyValueSpecification","valueRequired":true,"valueName":"search_term_string"}}],"inLanguage":"es"},{"@type":"Organization","@id":"https:\/\/canal7slp.tv\/2023\/#organization","name":"Noticieros Canal 7","url":"https:\/\/canal7slp.tv\/2023\/","logo":{"@type":"ImageObject","inLanguage":"es","@id":"https:\/\/canal7slp.tv\/2023\/#\/schema\/logo\/image\/","url":"https:\/\/canal7slp.tv\/2023\/wp-content\/uploads\/2021\/01\/logo-noticieros@2x.png","contentUrl":"https:\/\/canal7slp.tv\/2023\/wp-content\/uploads\/2021\/01\/logo-noticieros@2x.png","width":1017,"height":268,"caption":"Noticieros Canal 7"},"image":{"@id":"https:\/\/canal7slp.tv\/2023\/#\/schema\/logo\/image\/"},"sameAs":["https:\/\/www.facebook.com\/noticieroscanalsiete","https:\/\/x.com\/NOTICIEROS7","https:\/\/www.instagram.com\/canal7_slp","https:\/\/www.youtube.com\/channel\/UCliiYs-gP3JfJeqdPrNdd5A"]},{"@type":"Person","@id":"https:\/\/canal7slp.tv\/2023\/#\/schema\/person\/639c424e3584069003b11ae813915da6","name":"Edici\u00f3n Web","image":{"@type":"ImageObject","inLanguage":"es","@id":"https:\/\/secure.gravatar.com\/avatar\/eee448fc3f7164808013b816ba91ac7e43bbe82a70bebac296f8bc6f0addaa1a?s=96&d=mm&r=g","url":"https:\/\/secure.gravatar.com\/avatar\/eee448fc3f7164808013b816ba91ac7e43bbe82a70bebac296f8bc6f0addaa1a?s=96&d=mm&r=g","contentUrl":"https:\/\/secure.gravatar.com\/avatar\/eee448fc3f7164808013b816ba91ac7e43bbe82a70bebac296f8bc6f0addaa1a?s=96&d=mm&r=g","caption":"Edici\u00f3n Web"},"url":"https:\/\/canal7slp.tv\/2023\/author\/edicionweb\/"}]}},"_links":{"self":[{"href":"https:\/\/canal7slp.tv\/2023\/wp-json\/wp\/v2\/posts\/114554","targetHints":{"allow":["GET"]}}],"collection":[{"href":"https:\/\/canal7slp.tv\/2023\/wp-json\/wp\/v2\/posts"}],"about":[{"href":"https:\/\/canal7slp.tv\/2023\/wp-json\/wp\/v2\/types\/post"}],"author":[{"embeddable":true,"href":"https:\/\/canal7slp.tv\/2023\/wp-json\/wp\/v2\/users\/2"}],"replies":[{"embeddable":true,"href":"https:\/\/canal7slp.tv\/2023\/wp-json\/wp\/v2\/comments?post=114554"}],"version-history":[{"count":3,"href":"https:\/\/canal7slp.tv\/2023\/wp-json\/wp\/v2\/posts\/114554\/revisions"}],"predecessor-version":[{"id":114599,"href":"https:\/\/canal7slp.tv\/2023\/wp-json\/wp\/v2\/posts\/114554\/revisions\/114599"}],"wp:featuredmedia":[{"embeddable":true,"href":"https:\/\/canal7slp.tv\/2023\/wp-json\/wp\/v2\/media\/114569"}],"wp:attachment":[{"href":"https:\/\/canal7slp.tv\/2023\/wp-json\/wp\/v2\/media?parent=114554"}],"wp:term":[{"taxonomy":"category","embeddable":true,"href":"https:\/\/canal7slp.tv\/2023\/wp-json\/wp\/v2\/categories?post=114554"},{"taxonomy":"post_tag","embeddable":true,"href":"https:\/\/canal7slp.tv\/2023\/wp-json\/wp\/v2\/tags?post=114554"}],"curies":[{"name":"wp","href":"https:\/\/api.w.org\/{rel}","templated":true}]}}