{"id":114553,"date":"2023-11-29T18:45:09","date_gmt":"2023-11-30T00:45:09","guid":{"rendered":"https:\/\/canal7slp.tv\/2023\/?p=114553"},"modified":"2023-11-29T18:45:09","modified_gmt":"2023-11-30T00:45:09","slug":"fuertes-vientos-derriban-arbol-de-navidad-de-la-casa-blanca","status":"publish","type":"post","link":"https:\/\/canal7slp.tv\/2023\/fuertes-vientos-derriban-arbol-de-navidad-de-la-casa-blanca\/","title":{"rendered":"Fuertes vientos derriban \u00e1rbol de Navidad de la Casa Blanca"},"content":{"rendered":"<p style=\"text-align: justify;\">Washington DC.- Los fuertes vientos del martes por la tarde derribaron el \u00e1rbol de Navidad ubicado frente a la Casa Blanca, un pino noruego de 12.1 metros de altura plantado hace apenas dos semanas en la Elipse de la Casa Blanca.<\/p>\n<p style=\"text-align: justify;\">Seg\u00fan el Servicio de Parques Nacionales, el \u00e1rbol se cay\u00f3 debido a las fuertes r\u00e1fagas de viento, que alcanzaron los 74 km\/h cerca del Aeropuerto Nacional Reagan.<\/p>\n<p style=\"text-align: justify;\">A pesar del incidente, el \u00e1rbol se coloc\u00f3 de pie nuevamente despu\u00e9s de \u00abreemplazar un cable roto\u00bb hacia las 06:00 de la tarde del martes, seg\u00fan la vocera del NPS, Jasmine Shanti.<\/p>\n<p style=\"text-align: justify;\">El encendido del \u00e1rbol es una tradici\u00f3n anual de la Casa Blanca que incluye una cuenta regresiva y actuaciones musicales.<\/p>\n<p style=\"text-align: justify;\">Aunque estaba programado para este jueves, no se sabe si el incidente del martes aplazar\u00e1 el evento. El \u00e1rbol de Navidad ubicado fuera del Capitolio federal, por otro lado, se encendi\u00f3 sin contratiempos el martes.<\/p>\n<p style=\"text-align: justify;\">Los videos que captaron el momento se volvieron virales en redes sociales.<\/p>\n","protected":false},"excerpt":{"rendered":"<p>Washington DC.- Los fuertes vientos del martes por la tarde derribaron el \u00e1rbol de Navidad ubicado frente a la Casa Blanca, un pino noruego de 12.1 metros de altura plantado hace apenas dos semanas en la Elipse de la Casa Blanca. Seg\u00fan el Servicio de Parques Nacionales, el \u00e1rbol se cay\u00f3 debido a las fuertes r\u00e1fagas de viento, que alcanzaron los 74 km\/h cerca del Aeropuerto Nacional Reagan. A pesar del incidente, el \u00e1rbol se coloc\u00f3 de pie nuevamente despu\u00e9s de \u00abreemplazar un cable roto\u00bb hacia las 06:00 de la tarde del martes, seg\u00fan la vocera del NPS, Jasmine Shanti. [&hellip;]<\/p>\n","protected":false},"author":2,"featured_media":114568,"comment_status":"closed","ping_status":"closed","sticky":false,"template":"","format":"standard","meta":{"footnotes":""},"categories":[44],"tags":[],"class_list":["post-114553","post","type-post","status-publish","format-standard","has-post-thumbnail","hentry","category-internacional","post--single"],"yoast_head":"<!-- This site is optimized with the Yoast SEO plugin v27.5 - https:\/\/yoast.com\/product\/yoast-seo-wordpress\/ -->\n<title>Fuertes vientos derriban \u00e1rbol de Navidad de la Casa Blanca - Canal 7 SLP - 2023<\/title>\n<meta name=\"robots\" content=\"index, follow, max-snippet:-1, max-image-preview:large, max-video-preview:-1\" \/>\n<link rel=\"canonical\" href=\"https:\/\/canal7slp.tv\/2023\/fuertes-vientos-derriban-arbol-de-navidad-de-la-casa-blanca\/\" \/>\n<meta property=\"og:locale\" content=\"es_ES\" \/>\n<meta property=\"og:type\" content=\"article\" \/>\n<meta property=\"og:title\" content=\"Fuertes vientos derriban \u00e1rbol de Navidad de la Casa Blanca - Canal 7 SLP - 2023\" \/>\n<meta property=\"og:description\" content=\"Washington DC.- Los fuertes vientos del martes por la tarde derribaron el \u00e1rbol de Navidad ubicado frente a la Casa Blanca, un pino noruego de 12.1 metros de altura plantado hace apenas dos semanas en la Elipse de la Casa Blanca. Seg\u00fan el Servicio de Parques Nacionales, el \u00e1rbol se cay\u00f3 debido a las fuertes r\u00e1fagas de viento, que alcanzaron los 74 km\/h cerca del Aeropuerto Nacional Reagan. A pesar del incidente, el \u00e1rbol se coloc\u00f3 de pie nuevamente despu\u00e9s de \u00abreemplazar un cable roto\u00bb hacia las 06:00 de la tarde del martes, seg\u00fan la vocera del NPS, Jasmine Shanti. [&hellip;]\" \/>\n<meta property=\"og:url\" content=\"https:\/\/canal7slp.tv\/2023\/fuertes-vientos-derriban-arbol-de-navidad-de-la-casa-blanca\/\" \/>\n<meta property=\"og:site_name\" content=\"Canal 7 SLP - 2023\" \/>\n<meta property=\"article:publisher\" content=\"https:\/\/www.facebook.com\/noticieroscanalsiete\" \/>\n<meta property=\"article:published_time\" content=\"2023-11-30T00:45:09+00:00\" \/>\n<meta property=\"og:image\" content=\"https:\/\/canal7slp.tv\/2023\/wp-content\/uploads\/2023\/11\/03-23.jpg\" \/>\n\t<meta property=\"og:image:width\" content=\"1200\" \/>\n\t<meta property=\"og:image:height\" content=\"675\" \/>\n\t<meta property=\"og:image:type\" content=\"image\/jpeg\" \/>\n<meta name=\"author\" content=\"Edici\u00f3n Web\" \/>\n<meta name=\"twitter:card\" content=\"summary_large_image\" \/>\n<meta name=\"twitter:creator\" content=\"@NOTICIEROS7\" \/>\n<meta name=\"twitter:site\" content=\"@NOTICIEROS7\" \/>\n<meta name=\"twitter:label1\" content=\"Escrito por\" \/>\n\t<meta name=\"twitter:data1\" content=\"Edici\u00f3n Web\" \/>\n\t<meta name=\"twitter:label2\" content=\"Tiempo de lectura\" \/>\n\t<meta name=\"twitter:data2\" content=\"1 minuto\" \/>\n<script type=\"application\/ld+json\" class=\"yoast-schema-graph\">{\"@context\":\"https:\\\/\\\/schema.org\",\"@graph\":[{\"@type\":\"Article\",\"@id\":\"https:\\\/\\\/canal7slp.tv\\\/2023\\\/fuertes-vientos-derriban-arbol-de-navidad-de-la-casa-blanca\\\/#article\",\"isPartOf\":{\"@id\":\"https:\\\/\\\/canal7slp.tv\\\/2023\\\/fuertes-vientos-derriban-arbol-de-navidad-de-la-casa-blanca\\\/\"},\"author\":{\"name\":\"Edici\u00f3n Web\",\"@id\":\"https:\\\/\\\/canal7slp.tv\\\/2023\\\/#\\\/schema\\\/person\\\/639c424e3584069003b11ae813915da6\"},\"headline\":\"Fuertes vientos derriban \u00e1rbol de Navidad de la Casa Blanca\",\"datePublished\":\"2023-11-30T00:45:09+00:00\",\"mainEntityOfPage\":{\"@id\":\"https:\\\/\\\/canal7slp.tv\\\/2023\\\/fuertes-vientos-derriban-arbol-de-navidad-de-la-casa-blanca\\\/\"},\"wordCount\":181,\"publisher\":{\"@id\":\"https:\\\/\\\/canal7slp.tv\\\/2023\\\/#organization\"},\"image\":{\"@id\":\"https:\\\/\\\/canal7slp.tv\\\/2023\\\/fuertes-vientos-derriban-arbol-de-navidad-de-la-casa-blanca\\\/#primaryimage\"},\"thumbnailUrl\":\"https:\\\/\\\/canal7slp.tv\\\/2023\\\/wp-content\\\/uploads\\\/2023\\\/11\\\/03-23.jpg\",\"articleSection\":[\"INTERNACIONALES\"],\"inLanguage\":\"es\"},{\"@type\":\"WebPage\",\"@id\":\"https:\\\/\\\/canal7slp.tv\\\/2023\\\/fuertes-vientos-derriban-arbol-de-navidad-de-la-casa-blanca\\\/\",\"url\":\"https:\\\/\\\/canal7slp.tv\\\/2023\\\/fuertes-vientos-derriban-arbol-de-navidad-de-la-casa-blanca\\\/\",\"name\":\"Fuertes vientos derriban \u00e1rbol de Navidad de la Casa Blanca - Canal 7 SLP - 2023\",\"isPartOf\":{\"@id\":\"https:\\\/\\\/canal7slp.tv\\\/2023\\\/#website\"},\"primaryImageOfPage\":{\"@id\":\"https:\\\/\\\/canal7slp.tv\\\/2023\\\/fuertes-vientos-derriban-arbol-de-navidad-de-la-casa-blanca\\\/#primaryimage\"},\"image\":{\"@id\":\"https:\\\/\\\/canal7slp.tv\\\/2023\\\/fuertes-vientos-derriban-arbol-de-navidad-de-la-casa-blanca\\\/#primaryimage\"},\"thumbnailUrl\":\"https:\\\/\\\/canal7slp.tv\\\/2023\\\/wp-content\\\/uploads\\\/2023\\\/11\\\/03-23.jpg\",\"datePublished\":\"2023-11-30T00:45:09+00:00\",\"breadcrumb\":{\"@id\":\"https:\\\/\\\/canal7slp.tv\\\/2023\\\/fuertes-vientos-derriban-arbol-de-navidad-de-la-casa-blanca\\\/#breadcrumb\"},\"inLanguage\":\"es\",\"potentialAction\":[{\"@type\":\"ReadAction\",\"target\":[\"https:\\\/\\\/canal7slp.tv\\\/2023\\\/fuertes-vientos-derriban-arbol-de-navidad-de-la-casa-blanca\\\/\"]}]},{\"@type\":\"ImageObject\",\"inLanguage\":\"es\",\"@id\":\"https:\\\/\\\/canal7slp.tv\\\/2023\\\/fuertes-vientos-derriban-arbol-de-navidad-de-la-casa-blanca\\\/#primaryimage\",\"url\":\"https:\\\/\\\/canal7slp.tv\\\/2023\\\/wp-content\\\/uploads\\\/2023\\\/11\\\/03-23.jpg\",\"contentUrl\":\"https:\\\/\\\/canal7slp.tv\\\/2023\\\/wp-content\\\/uploads\\\/2023\\\/11\\\/03-23.jpg\",\"width\":1200,\"height\":675},{\"@type\":\"BreadcrumbList\",\"@id\":\"https:\\\/\\\/canal7slp.tv\\\/2023\\\/fuertes-vientos-derriban-arbol-de-navidad-de-la-casa-blanca\\\/#breadcrumb\",\"itemListElement\":[{\"@type\":\"ListItem\",\"position\":1,\"name\":\"Portada\",\"item\":\"https:\\\/\\\/canal7slp.tv\\\/2023\\\/\"},{\"@type\":\"ListItem\",\"position\":2,\"name\":\"Fuertes vientos derriban \u00e1rbol de Navidad de la Casa Blanca\"}]},{\"@type\":\"WebSite\",\"@id\":\"https:\\\/\\\/canal7slp.tv\\\/2023\\\/#website\",\"url\":\"https:\\\/\\\/canal7slp.tv\\\/2023\\\/\",\"name\":\"N7 - Noticieros Canal 7\",\"description\":\"Somos Televisi\u00f3n\",\"publisher\":{\"@id\":\"https:\\\/\\\/canal7slp.tv\\\/2023\\\/#organization\"},\"potentialAction\":[{\"@type\":\"SearchAction\",\"target\":{\"@type\":\"EntryPoint\",\"urlTemplate\":\"https:\\\/\\\/canal7slp.tv\\\/2023\\\/?s={search_term_string}\"},\"query-input\":{\"@type\":\"PropertyValueSpecification\",\"valueRequired\":true,\"valueName\":\"search_term_string\"}}],\"inLanguage\":\"es\"},{\"@type\":\"Organization\",\"@id\":\"https:\\\/\\\/canal7slp.tv\\\/2023\\\/#organization\",\"name\":\"Noticieros Canal 7\",\"url\":\"https:\\\/\\\/canal7slp.tv\\\/2023\\\/\",\"logo\":{\"@type\":\"ImageObject\",\"inLanguage\":\"es\",\"@id\":\"https:\\\/\\\/canal7slp.tv\\\/2023\\\/#\\\/schema\\\/logo\\\/image\\\/\",\"url\":\"https:\\\/\\\/canal7slp.tv\\\/2023\\\/wp-content\\\/uploads\\\/2021\\\/01\\\/logo-noticieros@2x.png\",\"contentUrl\":\"https:\\\/\\\/canal7slp.tv\\\/2023\\\/wp-content\\\/uploads\\\/2021\\\/01\\\/logo-noticieros@2x.png\",\"width\":1017,\"height\":268,\"caption\":\"Noticieros Canal 7\"},\"image\":{\"@id\":\"https:\\\/\\\/canal7slp.tv\\\/2023\\\/#\\\/schema\\\/logo\\\/image\\\/\"},\"sameAs\":[\"https:\\\/\\\/www.facebook.com\\\/noticieroscanalsiete\",\"https:\\\/\\\/x.com\\\/NOTICIEROS7\",\"https:\\\/\\\/www.instagram.com\\\/canal7_slp\",\"https:\\\/\\\/www.youtube.com\\\/channel\\\/UCliiYs-gP3JfJeqdPrNdd5A\"]},{\"@type\":\"Person\",\"@id\":\"https:\\\/\\\/canal7slp.tv\\\/2023\\\/#\\\/schema\\\/person\\\/639c424e3584069003b11ae813915da6\",\"name\":\"Edici\u00f3n Web\",\"image\":{\"@type\":\"ImageObject\",\"inLanguage\":\"es\",\"@id\":\"https:\\\/\\\/secure.gravatar.com\\\/avatar\\\/eee448fc3f7164808013b816ba91ac7e43bbe82a70bebac296f8bc6f0addaa1a?s=96&d=mm&r=g\",\"url\":\"https:\\\/\\\/secure.gravatar.com\\\/avatar\\\/eee448fc3f7164808013b816ba91ac7e43bbe82a70bebac296f8bc6f0addaa1a?s=96&d=mm&r=g\",\"contentUrl\":\"https:\\\/\\\/secure.gravatar.com\\\/avatar\\\/eee448fc3f7164808013b816ba91ac7e43bbe82a70bebac296f8bc6f0addaa1a?s=96&d=mm&r=g\",\"caption\":\"Edici\u00f3n Web\"},\"url\":\"https:\\\/\\\/canal7slp.tv\\\/2023\\\/author\\\/edicionweb\\\/\"}]}<\/script>\n<!-- \/ Yoast SEO plugin. -->","yoast_head_json":{"title":"Fuertes vientos derriban \u00e1rbol de Navidad de la Casa Blanca - Canal 7 SLP - 2023","robots":{"index":"index","follow":"follow","max-snippet":"max-snippet:-1","max-image-preview":"max-image-preview:large","max-video-preview":"max-video-preview:-1"},"canonical":"https:\/\/canal7slp.tv\/2023\/fuertes-vientos-derriban-arbol-de-navidad-de-la-casa-blanca\/","og_locale":"es_ES","og_type":"article","og_title":"Fuertes vientos derriban \u00e1rbol de Navidad de la Casa Blanca - Canal 7 SLP - 2023","og_description":"Washington DC.- Los fuertes vientos del martes por la tarde derribaron el \u00e1rbol de Navidad ubicado frente a la Casa Blanca, un pino noruego de 12.1 metros de altura plantado hace apenas dos semanas en la Elipse de la Casa Blanca. Seg\u00fan el Servicio de Parques Nacionales, el \u00e1rbol se cay\u00f3 debido a las fuertes r\u00e1fagas de viento, que alcanzaron los 74 km\/h cerca del Aeropuerto Nacional Reagan. A pesar del incidente, el \u00e1rbol se coloc\u00f3 de pie nuevamente despu\u00e9s de \u00abreemplazar un cable roto\u00bb hacia las 06:00 de la tarde del martes, seg\u00fan la vocera del NPS, Jasmine Shanti. [&hellip;]","og_url":"https:\/\/canal7slp.tv\/2023\/fuertes-vientos-derriban-arbol-de-navidad-de-la-casa-blanca\/","og_site_name":"Canal 7 SLP - 2023","article_publisher":"https:\/\/www.facebook.com\/noticieroscanalsiete","article_published_time":"2023-11-30T00:45:09+00:00","og_image":[{"width":1200,"height":675,"url":"https:\/\/canal7slp.tv\/2023\/wp-content\/uploads\/2023\/11\/03-23.jpg","type":"image\/jpeg"}],"author":"Edici\u00f3n Web","twitter_card":"summary_large_image","twitter_creator":"@NOTICIEROS7","twitter_site":"@NOTICIEROS7","twitter_misc":{"Escrito por":"Edici\u00f3n Web","Tiempo de lectura":"1 minuto"},"schema":{"@context":"https:\/\/schema.org","@graph":[{"@type":"Article","@id":"https:\/\/canal7slp.tv\/2023\/fuertes-vientos-derriban-arbol-de-navidad-de-la-casa-blanca\/#article","isPartOf":{"@id":"https:\/\/canal7slp.tv\/2023\/fuertes-vientos-derriban-arbol-de-navidad-de-la-casa-blanca\/"},"author":{"name":"Edici\u00f3n Web","@id":"https:\/\/canal7slp.tv\/2023\/#\/schema\/person\/639c424e3584069003b11ae813915da6"},"headline":"Fuertes vientos derriban \u00e1rbol de Navidad de la Casa Blanca","datePublished":"2023-11-30T00:45:09+00:00","mainEntityOfPage":{"@id":"https:\/\/canal7slp.tv\/2023\/fuertes-vientos-derriban-arbol-de-navidad-de-la-casa-blanca\/"},"wordCount":181,"publisher":{"@id":"https:\/\/canal7slp.tv\/2023\/#organization"},"image":{"@id":"https:\/\/canal7slp.tv\/2023\/fuertes-vientos-derriban-arbol-de-navidad-de-la-casa-blanca\/#primaryimage"},"thumbnailUrl":"https:\/\/canal7slp.tv\/2023\/wp-content\/uploads\/2023\/11\/03-23.jpg","articleSection":["INTERNACIONALES"],"inLanguage":"es"},{"@type":"WebPage","@id":"https:\/\/canal7slp.tv\/2023\/fuertes-vientos-derriban-arbol-de-navidad-de-la-casa-blanca\/","url":"https:\/\/canal7slp.tv\/2023\/fuertes-vientos-derriban-arbol-de-navidad-de-la-casa-blanca\/","name":"Fuertes vientos derriban \u00e1rbol de Navidad de la Casa Blanca - Canal 7 SLP - 2023","isPartOf":{"@id":"https:\/\/canal7slp.tv\/2023\/#website"},"primaryImageOfPage":{"@id":"https:\/\/canal7slp.tv\/2023\/fuertes-vientos-derriban-arbol-de-navidad-de-la-casa-blanca\/#primaryimage"},"image":{"@id":"https:\/\/canal7slp.tv\/2023\/fuertes-vientos-derriban-arbol-de-navidad-de-la-casa-blanca\/#primaryimage"},"thumbnailUrl":"https:\/\/canal7slp.tv\/2023\/wp-content\/uploads\/2023\/11\/03-23.jpg","datePublished":"2023-11-30T00:45:09+00:00","breadcrumb":{"@id":"https:\/\/canal7slp.tv\/2023\/fuertes-vientos-derriban-arbol-de-navidad-de-la-casa-blanca\/#breadcrumb"},"inLanguage":"es","potentialAction":[{"@type":"ReadAction","target":["https:\/\/canal7slp.tv\/2023\/fuertes-vientos-derriban-arbol-de-navidad-de-la-casa-blanca\/"]}]},{"@type":"ImageObject","inLanguage":"es","@id":"https:\/\/canal7slp.tv\/2023\/fuertes-vientos-derriban-arbol-de-navidad-de-la-casa-blanca\/#primaryimage","url":"https:\/\/canal7slp.tv\/2023\/wp-content\/uploads\/2023\/11\/03-23.jpg","contentUrl":"https:\/\/canal7slp.tv\/2023\/wp-content\/uploads\/2023\/11\/03-23.jpg","width":1200,"height":675},{"@type":"BreadcrumbList","@id":"https:\/\/canal7slp.tv\/2023\/fuertes-vientos-derriban-arbol-de-navidad-de-la-casa-blanca\/#breadcrumb","itemListElement":[{"@type":"ListItem","position":1,"name":"Portada","item":"https:\/\/canal7slp.tv\/2023\/"},{"@type":"ListItem","position":2,"name":"Fuertes vientos derriban \u00e1rbol de Navidad de la Casa Blanca"}]},{"@type":"WebSite","@id":"https:\/\/canal7slp.tv\/2023\/#website","url":"https:\/\/canal7slp.tv\/2023\/","name":"N7 - Noticieros Canal 7","description":"Somos Televisi\u00f3n","publisher":{"@id":"https:\/\/canal7slp.tv\/2023\/#organization"},"potentialAction":[{"@type":"SearchAction","target":{"@type":"EntryPoint","urlTemplate":"https:\/\/canal7slp.tv\/2023\/?s={search_term_string}"},"query-input":{"@type":"PropertyValueSpecification","valueRequired":true,"valueName":"search_term_string"}}],"inLanguage":"es"},{"@type":"Organization","@id":"https:\/\/canal7slp.tv\/2023\/#organization","name":"Noticieros Canal 7","url":"https:\/\/canal7slp.tv\/2023\/","logo":{"@type":"ImageObject","inLanguage":"es","@id":"https:\/\/canal7slp.tv\/2023\/#\/schema\/logo\/image\/","url":"https:\/\/canal7slp.tv\/2023\/wp-content\/uploads\/2021\/01\/logo-noticieros@2x.png","contentUrl":"https:\/\/canal7slp.tv\/2023\/wp-content\/uploads\/2021\/01\/logo-noticieros@2x.png","width":1017,"height":268,"caption":"Noticieros Canal 7"},"image":{"@id":"https:\/\/canal7slp.tv\/2023\/#\/schema\/logo\/image\/"},"sameAs":["https:\/\/www.facebook.com\/noticieroscanalsiete","https:\/\/x.com\/NOTICIEROS7","https:\/\/www.instagram.com\/canal7_slp","https:\/\/www.youtube.com\/channel\/UCliiYs-gP3JfJeqdPrNdd5A"]},{"@type":"Person","@id":"https:\/\/canal7slp.tv\/2023\/#\/schema\/person\/639c424e3584069003b11ae813915da6","name":"Edici\u00f3n Web","image":{"@type":"ImageObject","inLanguage":"es","@id":"https:\/\/secure.gravatar.com\/avatar\/eee448fc3f7164808013b816ba91ac7e43bbe82a70bebac296f8bc6f0addaa1a?s=96&d=mm&r=g","url":"https:\/\/secure.gravatar.com\/avatar\/eee448fc3f7164808013b816ba91ac7e43bbe82a70bebac296f8bc6f0addaa1a?s=96&d=mm&r=g","contentUrl":"https:\/\/secure.gravatar.com\/avatar\/eee448fc3f7164808013b816ba91ac7e43bbe82a70bebac296f8bc6f0addaa1a?s=96&d=mm&r=g","caption":"Edici\u00f3n Web"},"url":"https:\/\/canal7slp.tv\/2023\/author\/edicionweb\/"}]}},"_links":{"self":[{"href":"https:\/\/canal7slp.tv\/2023\/wp-json\/wp\/v2\/posts\/114553","targetHints":{"allow":["GET"]}}],"collection":[{"href":"https:\/\/canal7slp.tv\/2023\/wp-json\/wp\/v2\/posts"}],"about":[{"href":"https:\/\/canal7slp.tv\/2023\/wp-json\/wp\/v2\/types\/post"}],"author":[{"embeddable":true,"href":"https:\/\/canal7slp.tv\/2023\/wp-json\/wp\/v2\/users\/2"}],"replies":[{"embeddable":true,"href":"https:\/\/canal7slp.tv\/2023\/wp-json\/wp\/v2\/comments?post=114553"}],"version-history":[{"count":4,"href":"https:\/\/canal7slp.tv\/2023\/wp-json\/wp\/v2\/posts\/114553\/revisions"}],"predecessor-version":[{"id":114598,"href":"https:\/\/canal7slp.tv\/2023\/wp-json\/wp\/v2\/posts\/114553\/revisions\/114598"}],"wp:featuredmedia":[{"embeddable":true,"href":"https:\/\/canal7slp.tv\/2023\/wp-json\/wp\/v2\/media\/114568"}],"wp:attachment":[{"href":"https:\/\/canal7slp.tv\/2023\/wp-json\/wp\/v2\/media?parent=114553"}],"wp:term":[{"taxonomy":"category","embeddable":true,"href":"https:\/\/canal7slp.tv\/2023\/wp-json\/wp\/v2\/categories?post=114553"},{"taxonomy":"post_tag","embeddable":true,"href":"https:\/\/canal7slp.tv\/2023\/wp-json\/wp\/v2\/tags?post=114553"}],"curies":[{"name":"wp","href":"https:\/\/api.w.org\/{rel}","templated":true}]}}