{"id":114552,"date":"2023-11-29T18:43:53","date_gmt":"2023-11-30T00:43:53","guid":{"rendered":"https:\/\/canal7slp.tv\/2023\/?p=114552"},"modified":"2023-11-29T18:43:53","modified_gmt":"2023-11-30T00:43:53","slug":"acuerda-fiscalia-de-aguascalientes-con-familia-de-le-magistrade-ociel-baena-no-dar-informacion-sobre-su-muerte","status":"publish","type":"post","link":"https:\/\/canal7slp.tv\/2023\/acuerda-fiscalia-de-aguascalientes-con-familia-de-le-magistrade-ociel-baena-no-dar-informacion-sobre-su-muerte\/","title":{"rendered":"Acuerda Fiscal\u00eda de Aguascalientes con familia de le magistrade Ociel Baena no dar informaci\u00f3n sobre su muerte"},"content":{"rendered":"<p style=\"text-align: justify;\">Aguascalientes.- El hallazgo sin vida del magistrado electoral Jes\u00fas Ociel Baena y su pareja Dorian N. en Aguascalientes ha causado indignaci\u00f3n en el pa\u00eds, especialmente en la comunidad LGBTQ+. Las circunstancias de su muerte son consideradas como una muestra de las violencias que la comunidad sufre.<\/p>\n<p style=\"text-align: justify;\">A pesar de las peticiones de claridad y transparencia en la investigaci\u00f3n, el Fiscal General de Aguascalientes, Jes\u00fas Figueroa Ortega, ha informado que no se dar\u00e1 informaci\u00f3n sobre las investigaciones en curso por acuerdo con la familia del magistrado.<\/p>\n<p style=\"text-align: justify;\">Es importante recordar que tanto el magistrado Baena Saucedo como su pareja fueron encontrados sin vida por herida producida con una navaja de afeitar en la vena yugular el pasado 13 de noviembre dentro de su casa.<\/p>\n<p style=\"text-align: justify;\">La hip\u00f3tesis revelada por la fiscal\u00eda fue que Dorian mat\u00f3 al magistrado y despu\u00e9s se suicid\u00f3. Sin embargo, la filtraci\u00f3n de fotograf\u00edas de los cuerpos en la escena del crimen ha dado lugar a una carpeta de investigaci\u00f3n paralela.<\/p>\n<p style=\"text-align: justify;\">Aunque el fiscal ha se\u00f1alado que se est\u00e1 recopilando informaci\u00f3n sobre esas im\u00e1genes, no se han dado m\u00e1s detalles sobre las investigaciones.<\/p>\n","protected":false},"excerpt":{"rendered":"<p>Aguascalientes.- El hallazgo sin vida del magistrado electoral Jes\u00fas Ociel Baena y su pareja Dorian N. en Aguascalientes ha causado indignaci\u00f3n en el pa\u00eds, especialmente en la comunidad LGBTQ+. Las circunstancias de su muerte son consideradas como una muestra de las violencias que la comunidad sufre. A pesar de las peticiones de claridad y transparencia en la investigaci\u00f3n, el Fiscal General de Aguascalientes, Jes\u00fas Figueroa Ortega, ha informado que no se dar\u00e1 informaci\u00f3n sobre las investigaciones en curso por acuerdo con la familia del magistrado. Es importante recordar que tanto el magistrado Baena Saucedo como su pareja fueron encontrados sin [&hellip;]<\/p>\n","protected":false},"author":2,"featured_media":114567,"comment_status":"closed","ping_status":"closed","sticky":false,"template":"","format":"standard","meta":{"footnotes":""},"categories":[46],"tags":[],"class_list":["post-114552","post","type-post","status-publish","format-standard","has-post-thumbnail","hentry","category-nacional","post--single"],"yoast_head":"<!-- This site is optimized with the Yoast SEO plugin v27.5 - https:\/\/yoast.com\/product\/yoast-seo-wordpress\/ -->\n<title>Acuerda Fiscal\u00eda de Aguascalientes con familia de le magistrade Ociel Baena no dar informaci\u00f3n sobre su muerte - Canal 7 SLP - 2023<\/title>\n<meta name=\"robots\" content=\"index, follow, max-snippet:-1, max-image-preview:large, max-video-preview:-1\" \/>\n<link rel=\"canonical\" href=\"https:\/\/canal7slp.tv\/2023\/acuerda-fiscalia-de-aguascalientes-con-familia-de-le-magistrade-ociel-baena-no-dar-informacion-sobre-su-muerte\/\" \/>\n<meta property=\"og:locale\" content=\"es_ES\" \/>\n<meta property=\"og:type\" content=\"article\" \/>\n<meta property=\"og:title\" content=\"Acuerda Fiscal\u00eda de Aguascalientes con familia de le magistrade Ociel Baena no dar informaci\u00f3n sobre su muerte - Canal 7 SLP - 2023\" \/>\n<meta property=\"og:description\" content=\"Aguascalientes.- El hallazgo sin vida del magistrado electoral Jes\u00fas Ociel Baena y su pareja Dorian N. en Aguascalientes ha causado indignaci\u00f3n en el pa\u00eds, especialmente en la comunidad LGBTQ+. Las circunstancias de su muerte son consideradas como una muestra de las violencias que la comunidad sufre. A pesar de las peticiones de claridad y transparencia en la investigaci\u00f3n, el Fiscal General de Aguascalientes, Jes\u00fas Figueroa Ortega, ha informado que no se dar\u00e1 informaci\u00f3n sobre las investigaciones en curso por acuerdo con la familia del magistrado. Es importante recordar que tanto el magistrado Baena Saucedo como su pareja fueron encontrados sin [&hellip;]\" \/>\n<meta property=\"og:url\" content=\"https:\/\/canal7slp.tv\/2023\/acuerda-fiscalia-de-aguascalientes-con-familia-de-le-magistrade-ociel-baena-no-dar-informacion-sobre-su-muerte\/\" \/>\n<meta property=\"og:site_name\" content=\"Canal 7 SLP - 2023\" \/>\n<meta property=\"article:publisher\" content=\"https:\/\/www.facebook.com\/noticieroscanalsiete\" \/>\n<meta property=\"article:published_time\" content=\"2023-11-30T00:43:53+00:00\" \/>\n<meta property=\"og:image\" content=\"https:\/\/canal7slp.tv\/2023\/wp-content\/uploads\/2023\/11\/02-23.jpg\" \/>\n\t<meta property=\"og:image:width\" content=\"1200\" \/>\n\t<meta property=\"og:image:height\" content=\"800\" \/>\n\t<meta property=\"og:image:type\" content=\"image\/jpeg\" \/>\n<meta name=\"author\" content=\"Edici\u00f3n Web\" \/>\n<meta name=\"twitter:card\" content=\"summary_large_image\" \/>\n<meta name=\"twitter:creator\" content=\"@NOTICIEROS7\" \/>\n<meta name=\"twitter:site\" content=\"@NOTICIEROS7\" \/>\n<meta name=\"twitter:label1\" content=\"Escrito por\" \/>\n\t<meta name=\"twitter:data1\" content=\"Edici\u00f3n Web\" \/>\n\t<meta name=\"twitter:label2\" content=\"Tiempo de lectura\" \/>\n\t<meta name=\"twitter:data2\" content=\"1 minuto\" \/>\n<script type=\"application\/ld+json\" class=\"yoast-schema-graph\">{\"@context\":\"https:\\\/\\\/schema.org\",\"@graph\":[{\"@type\":\"Article\",\"@id\":\"https:\\\/\\\/canal7slp.tv\\\/2023\\\/acuerda-fiscalia-de-aguascalientes-con-familia-de-le-magistrade-ociel-baena-no-dar-informacion-sobre-su-muerte\\\/#article\",\"isPartOf\":{\"@id\":\"https:\\\/\\\/canal7slp.tv\\\/2023\\\/acuerda-fiscalia-de-aguascalientes-con-familia-de-le-magistrade-ociel-baena-no-dar-informacion-sobre-su-muerte\\\/\"},\"author\":{\"name\":\"Edici\u00f3n Web\",\"@id\":\"https:\\\/\\\/canal7slp.tv\\\/2023\\\/#\\\/schema\\\/person\\\/639c424e3584069003b11ae813915da6\"},\"headline\":\"Acuerda Fiscal\u00eda de Aguascalientes con familia de le magistrade Ociel Baena no dar informaci\u00f3n sobre su muerte\",\"datePublished\":\"2023-11-30T00:43:53+00:00\",\"mainEntityOfPage\":{\"@id\":\"https:\\\/\\\/canal7slp.tv\\\/2023\\\/acuerda-fiscalia-de-aguascalientes-con-familia-de-le-magistrade-ociel-baena-no-dar-informacion-sobre-su-muerte\\\/\"},\"wordCount\":218,\"publisher\":{\"@id\":\"https:\\\/\\\/canal7slp.tv\\\/2023\\\/#organization\"},\"image\":{\"@id\":\"https:\\\/\\\/canal7slp.tv\\\/2023\\\/acuerda-fiscalia-de-aguascalientes-con-familia-de-le-magistrade-ociel-baena-no-dar-informacion-sobre-su-muerte\\\/#primaryimage\"},\"thumbnailUrl\":\"https:\\\/\\\/canal7slp.tv\\\/2023\\\/wp-content\\\/uploads\\\/2023\\\/11\\\/02-23.jpg\",\"articleSection\":[\"NACIONALES\"],\"inLanguage\":\"es\"},{\"@type\":\"WebPage\",\"@id\":\"https:\\\/\\\/canal7slp.tv\\\/2023\\\/acuerda-fiscalia-de-aguascalientes-con-familia-de-le-magistrade-ociel-baena-no-dar-informacion-sobre-su-muerte\\\/\",\"url\":\"https:\\\/\\\/canal7slp.tv\\\/2023\\\/acuerda-fiscalia-de-aguascalientes-con-familia-de-le-magistrade-ociel-baena-no-dar-informacion-sobre-su-muerte\\\/\",\"name\":\"Acuerda Fiscal\u00eda de Aguascalientes con familia de le magistrade Ociel Baena no dar informaci\u00f3n sobre su muerte - Canal 7 SLP - 2023\",\"isPartOf\":{\"@id\":\"https:\\\/\\\/canal7slp.tv\\\/2023\\\/#website\"},\"primaryImageOfPage\":{\"@id\":\"https:\\\/\\\/canal7slp.tv\\\/2023\\\/acuerda-fiscalia-de-aguascalientes-con-familia-de-le-magistrade-ociel-baena-no-dar-informacion-sobre-su-muerte\\\/#primaryimage\"},\"image\":{\"@id\":\"https:\\\/\\\/canal7slp.tv\\\/2023\\\/acuerda-fiscalia-de-aguascalientes-con-familia-de-le-magistrade-ociel-baena-no-dar-informacion-sobre-su-muerte\\\/#primaryimage\"},\"thumbnailUrl\":\"https:\\\/\\\/canal7slp.tv\\\/2023\\\/wp-content\\\/uploads\\\/2023\\\/11\\\/02-23.jpg\",\"datePublished\":\"2023-11-30T00:43:53+00:00\",\"breadcrumb\":{\"@id\":\"https:\\\/\\\/canal7slp.tv\\\/2023\\\/acuerda-fiscalia-de-aguascalientes-con-familia-de-le-magistrade-ociel-baena-no-dar-informacion-sobre-su-muerte\\\/#breadcrumb\"},\"inLanguage\":\"es\",\"potentialAction\":[{\"@type\":\"ReadAction\",\"target\":[\"https:\\\/\\\/canal7slp.tv\\\/2023\\\/acuerda-fiscalia-de-aguascalientes-con-familia-de-le-magistrade-ociel-baena-no-dar-informacion-sobre-su-muerte\\\/\"]}]},{\"@type\":\"ImageObject\",\"inLanguage\":\"es\",\"@id\":\"https:\\\/\\\/canal7slp.tv\\\/2023\\\/acuerda-fiscalia-de-aguascalientes-con-familia-de-le-magistrade-ociel-baena-no-dar-informacion-sobre-su-muerte\\\/#primaryimage\",\"url\":\"https:\\\/\\\/canal7slp.tv\\\/2023\\\/wp-content\\\/uploads\\\/2023\\\/11\\\/02-23.jpg\",\"contentUrl\":\"https:\\\/\\\/canal7slp.tv\\\/2023\\\/wp-content\\\/uploads\\\/2023\\\/11\\\/02-23.jpg\",\"width\":1200,\"height\":800},{\"@type\":\"BreadcrumbList\",\"@id\":\"https:\\\/\\\/canal7slp.tv\\\/2023\\\/acuerda-fiscalia-de-aguascalientes-con-familia-de-le-magistrade-ociel-baena-no-dar-informacion-sobre-su-muerte\\\/#breadcrumb\",\"itemListElement\":[{\"@type\":\"ListItem\",\"position\":1,\"name\":\"Portada\",\"item\":\"https:\\\/\\\/canal7slp.tv\\\/2023\\\/\"},{\"@type\":\"ListItem\",\"position\":2,\"name\":\"Acuerda Fiscal\u00eda de Aguascalientes con familia de le magistrade Ociel Baena no dar informaci\u00f3n sobre su muerte\"}]},{\"@type\":\"WebSite\",\"@id\":\"https:\\\/\\\/canal7slp.tv\\\/2023\\\/#website\",\"url\":\"https:\\\/\\\/canal7slp.tv\\\/2023\\\/\",\"name\":\"N7 - Noticieros Canal 7\",\"description\":\"Somos Televisi\u00f3n\",\"publisher\":{\"@id\":\"https:\\\/\\\/canal7slp.tv\\\/2023\\\/#organization\"},\"potentialAction\":[{\"@type\":\"SearchAction\",\"target\":{\"@type\":\"EntryPoint\",\"urlTemplate\":\"https:\\\/\\\/canal7slp.tv\\\/2023\\\/?s={search_term_string}\"},\"query-input\":{\"@type\":\"PropertyValueSpecification\",\"valueRequired\":true,\"valueName\":\"search_term_string\"}}],\"inLanguage\":\"es\"},{\"@type\":\"Organization\",\"@id\":\"https:\\\/\\\/canal7slp.tv\\\/2023\\\/#organization\",\"name\":\"Noticieros Canal 7\",\"url\":\"https:\\\/\\\/canal7slp.tv\\\/2023\\\/\",\"logo\":{\"@type\":\"ImageObject\",\"inLanguage\":\"es\",\"@id\":\"https:\\\/\\\/canal7slp.tv\\\/2023\\\/#\\\/schema\\\/logo\\\/image\\\/\",\"url\":\"https:\\\/\\\/canal7slp.tv\\\/2023\\\/wp-content\\\/uploads\\\/2021\\\/01\\\/logo-noticieros@2x.png\",\"contentUrl\":\"https:\\\/\\\/canal7slp.tv\\\/2023\\\/wp-content\\\/uploads\\\/2021\\\/01\\\/logo-noticieros@2x.png\",\"width\":1017,\"height\":268,\"caption\":\"Noticieros Canal 7\"},\"image\":{\"@id\":\"https:\\\/\\\/canal7slp.tv\\\/2023\\\/#\\\/schema\\\/logo\\\/image\\\/\"},\"sameAs\":[\"https:\\\/\\\/www.facebook.com\\\/noticieroscanalsiete\",\"https:\\\/\\\/x.com\\\/NOTICIEROS7\",\"https:\\\/\\\/www.instagram.com\\\/canal7_slp\",\"https:\\\/\\\/www.youtube.com\\\/channel\\\/UCliiYs-gP3JfJeqdPrNdd5A\"]},{\"@type\":\"Person\",\"@id\":\"https:\\\/\\\/canal7slp.tv\\\/2023\\\/#\\\/schema\\\/person\\\/639c424e3584069003b11ae813915da6\",\"name\":\"Edici\u00f3n Web\",\"image\":{\"@type\":\"ImageObject\",\"inLanguage\":\"es\",\"@id\":\"https:\\\/\\\/secure.gravatar.com\\\/avatar\\\/eee448fc3f7164808013b816ba91ac7e43bbe82a70bebac296f8bc6f0addaa1a?s=96&d=mm&r=g\",\"url\":\"https:\\\/\\\/secure.gravatar.com\\\/avatar\\\/eee448fc3f7164808013b816ba91ac7e43bbe82a70bebac296f8bc6f0addaa1a?s=96&d=mm&r=g\",\"contentUrl\":\"https:\\\/\\\/secure.gravatar.com\\\/avatar\\\/eee448fc3f7164808013b816ba91ac7e43bbe82a70bebac296f8bc6f0addaa1a?s=96&d=mm&r=g\",\"caption\":\"Edici\u00f3n Web\"},\"url\":\"https:\\\/\\\/canal7slp.tv\\\/2023\\\/author\\\/edicionweb\\\/\"}]}<\/script>\n<!-- \/ Yoast SEO plugin. -->","yoast_head_json":{"title":"Acuerda Fiscal\u00eda de Aguascalientes con familia de le magistrade Ociel Baena no dar informaci\u00f3n sobre su muerte - Canal 7 SLP - 2023","robots":{"index":"index","follow":"follow","max-snippet":"max-snippet:-1","max-image-preview":"max-image-preview:large","max-video-preview":"max-video-preview:-1"},"canonical":"https:\/\/canal7slp.tv\/2023\/acuerda-fiscalia-de-aguascalientes-con-familia-de-le-magistrade-ociel-baena-no-dar-informacion-sobre-su-muerte\/","og_locale":"es_ES","og_type":"article","og_title":"Acuerda Fiscal\u00eda de Aguascalientes con familia de le magistrade Ociel Baena no dar informaci\u00f3n sobre su muerte - Canal 7 SLP - 2023","og_description":"Aguascalientes.- El hallazgo sin vida del magistrado electoral Jes\u00fas Ociel Baena y su pareja Dorian N. en Aguascalientes ha causado indignaci\u00f3n en el pa\u00eds, especialmente en la comunidad LGBTQ+. Las circunstancias de su muerte son consideradas como una muestra de las violencias que la comunidad sufre. A pesar de las peticiones de claridad y transparencia en la investigaci\u00f3n, el Fiscal General de Aguascalientes, Jes\u00fas Figueroa Ortega, ha informado que no se dar\u00e1 informaci\u00f3n sobre las investigaciones en curso por acuerdo con la familia del magistrado. Es importante recordar que tanto el magistrado Baena Saucedo como su pareja fueron encontrados sin [&hellip;]","og_url":"https:\/\/canal7slp.tv\/2023\/acuerda-fiscalia-de-aguascalientes-con-familia-de-le-magistrade-ociel-baena-no-dar-informacion-sobre-su-muerte\/","og_site_name":"Canal 7 SLP - 2023","article_publisher":"https:\/\/www.facebook.com\/noticieroscanalsiete","article_published_time":"2023-11-30T00:43:53+00:00","og_image":[{"width":1200,"height":800,"url":"https:\/\/canal7slp.tv\/2023\/wp-content\/uploads\/2023\/11\/02-23.jpg","type":"image\/jpeg"}],"author":"Edici\u00f3n Web","twitter_card":"summary_large_image","twitter_creator":"@NOTICIEROS7","twitter_site":"@NOTICIEROS7","twitter_misc":{"Escrito por":"Edici\u00f3n Web","Tiempo de lectura":"1 minuto"},"schema":{"@context":"https:\/\/schema.org","@graph":[{"@type":"Article","@id":"https:\/\/canal7slp.tv\/2023\/acuerda-fiscalia-de-aguascalientes-con-familia-de-le-magistrade-ociel-baena-no-dar-informacion-sobre-su-muerte\/#article","isPartOf":{"@id":"https:\/\/canal7slp.tv\/2023\/acuerda-fiscalia-de-aguascalientes-con-familia-de-le-magistrade-ociel-baena-no-dar-informacion-sobre-su-muerte\/"},"author":{"name":"Edici\u00f3n Web","@id":"https:\/\/canal7slp.tv\/2023\/#\/schema\/person\/639c424e3584069003b11ae813915da6"},"headline":"Acuerda Fiscal\u00eda de Aguascalientes con familia de le magistrade Ociel Baena no dar informaci\u00f3n sobre su muerte","datePublished":"2023-11-30T00:43:53+00:00","mainEntityOfPage":{"@id":"https:\/\/canal7slp.tv\/2023\/acuerda-fiscalia-de-aguascalientes-con-familia-de-le-magistrade-ociel-baena-no-dar-informacion-sobre-su-muerte\/"},"wordCount":218,"publisher":{"@id":"https:\/\/canal7slp.tv\/2023\/#organization"},"image":{"@id":"https:\/\/canal7slp.tv\/2023\/acuerda-fiscalia-de-aguascalientes-con-familia-de-le-magistrade-ociel-baena-no-dar-informacion-sobre-su-muerte\/#primaryimage"},"thumbnailUrl":"https:\/\/canal7slp.tv\/2023\/wp-content\/uploads\/2023\/11\/02-23.jpg","articleSection":["NACIONALES"],"inLanguage":"es"},{"@type":"WebPage","@id":"https:\/\/canal7slp.tv\/2023\/acuerda-fiscalia-de-aguascalientes-con-familia-de-le-magistrade-ociel-baena-no-dar-informacion-sobre-su-muerte\/","url":"https:\/\/canal7slp.tv\/2023\/acuerda-fiscalia-de-aguascalientes-con-familia-de-le-magistrade-ociel-baena-no-dar-informacion-sobre-su-muerte\/","name":"Acuerda Fiscal\u00eda de Aguascalientes con familia de le magistrade Ociel Baena no dar informaci\u00f3n sobre su muerte - Canal 7 SLP - 2023","isPartOf":{"@id":"https:\/\/canal7slp.tv\/2023\/#website"},"primaryImageOfPage":{"@id":"https:\/\/canal7slp.tv\/2023\/acuerda-fiscalia-de-aguascalientes-con-familia-de-le-magistrade-ociel-baena-no-dar-informacion-sobre-su-muerte\/#primaryimage"},"image":{"@id":"https:\/\/canal7slp.tv\/2023\/acuerda-fiscalia-de-aguascalientes-con-familia-de-le-magistrade-ociel-baena-no-dar-informacion-sobre-su-muerte\/#primaryimage"},"thumbnailUrl":"https:\/\/canal7slp.tv\/2023\/wp-content\/uploads\/2023\/11\/02-23.jpg","datePublished":"2023-11-30T00:43:53+00:00","breadcrumb":{"@id":"https:\/\/canal7slp.tv\/2023\/acuerda-fiscalia-de-aguascalientes-con-familia-de-le-magistrade-ociel-baena-no-dar-informacion-sobre-su-muerte\/#breadcrumb"},"inLanguage":"es","potentialAction":[{"@type":"ReadAction","target":["https:\/\/canal7slp.tv\/2023\/acuerda-fiscalia-de-aguascalientes-con-familia-de-le-magistrade-ociel-baena-no-dar-informacion-sobre-su-muerte\/"]}]},{"@type":"ImageObject","inLanguage":"es","@id":"https:\/\/canal7slp.tv\/2023\/acuerda-fiscalia-de-aguascalientes-con-familia-de-le-magistrade-ociel-baena-no-dar-informacion-sobre-su-muerte\/#primaryimage","url":"https:\/\/canal7slp.tv\/2023\/wp-content\/uploads\/2023\/11\/02-23.jpg","contentUrl":"https:\/\/canal7slp.tv\/2023\/wp-content\/uploads\/2023\/11\/02-23.jpg","width":1200,"height":800},{"@type":"BreadcrumbList","@id":"https:\/\/canal7slp.tv\/2023\/acuerda-fiscalia-de-aguascalientes-con-familia-de-le-magistrade-ociel-baena-no-dar-informacion-sobre-su-muerte\/#breadcrumb","itemListElement":[{"@type":"ListItem","position":1,"name":"Portada","item":"https:\/\/canal7slp.tv\/2023\/"},{"@type":"ListItem","position":2,"name":"Acuerda Fiscal\u00eda de Aguascalientes con familia de le magistrade Ociel Baena no dar informaci\u00f3n sobre su muerte"}]},{"@type":"WebSite","@id":"https:\/\/canal7slp.tv\/2023\/#website","url":"https:\/\/canal7slp.tv\/2023\/","name":"N7 - Noticieros Canal 7","description":"Somos Televisi\u00f3n","publisher":{"@id":"https:\/\/canal7slp.tv\/2023\/#organization"},"potentialAction":[{"@type":"SearchAction","target":{"@type":"EntryPoint","urlTemplate":"https:\/\/canal7slp.tv\/2023\/?s={search_term_string}"},"query-input":{"@type":"PropertyValueSpecification","valueRequired":true,"valueName":"search_term_string"}}],"inLanguage":"es"},{"@type":"Organization","@id":"https:\/\/canal7slp.tv\/2023\/#organization","name":"Noticieros Canal 7","url":"https:\/\/canal7slp.tv\/2023\/","logo":{"@type":"ImageObject","inLanguage":"es","@id":"https:\/\/canal7slp.tv\/2023\/#\/schema\/logo\/image\/","url":"https:\/\/canal7slp.tv\/2023\/wp-content\/uploads\/2021\/01\/logo-noticieros@2x.png","contentUrl":"https:\/\/canal7slp.tv\/2023\/wp-content\/uploads\/2021\/01\/logo-noticieros@2x.png","width":1017,"height":268,"caption":"Noticieros Canal 7"},"image":{"@id":"https:\/\/canal7slp.tv\/2023\/#\/schema\/logo\/image\/"},"sameAs":["https:\/\/www.facebook.com\/noticieroscanalsiete","https:\/\/x.com\/NOTICIEROS7","https:\/\/www.instagram.com\/canal7_slp","https:\/\/www.youtube.com\/channel\/UCliiYs-gP3JfJeqdPrNdd5A"]},{"@type":"Person","@id":"https:\/\/canal7slp.tv\/2023\/#\/schema\/person\/639c424e3584069003b11ae813915da6","name":"Edici\u00f3n Web","image":{"@type":"ImageObject","inLanguage":"es","@id":"https:\/\/secure.gravatar.com\/avatar\/eee448fc3f7164808013b816ba91ac7e43bbe82a70bebac296f8bc6f0addaa1a?s=96&d=mm&r=g","url":"https:\/\/secure.gravatar.com\/avatar\/eee448fc3f7164808013b816ba91ac7e43bbe82a70bebac296f8bc6f0addaa1a?s=96&d=mm&r=g","contentUrl":"https:\/\/secure.gravatar.com\/avatar\/eee448fc3f7164808013b816ba91ac7e43bbe82a70bebac296f8bc6f0addaa1a?s=96&d=mm&r=g","caption":"Edici\u00f3n Web"},"url":"https:\/\/canal7slp.tv\/2023\/author\/edicionweb\/"}]}},"_links":{"self":[{"href":"https:\/\/canal7slp.tv\/2023\/wp-json\/wp\/v2\/posts\/114552","targetHints":{"allow":["GET"]}}],"collection":[{"href":"https:\/\/canal7slp.tv\/2023\/wp-json\/wp\/v2\/posts"}],"about":[{"href":"https:\/\/canal7slp.tv\/2023\/wp-json\/wp\/v2\/types\/post"}],"author":[{"embeddable":true,"href":"https:\/\/canal7slp.tv\/2023\/wp-json\/wp\/v2\/users\/2"}],"replies":[{"embeddable":true,"href":"https:\/\/canal7slp.tv\/2023\/wp-json\/wp\/v2\/comments?post=114552"}],"version-history":[{"count":3,"href":"https:\/\/canal7slp.tv\/2023\/wp-json\/wp\/v2\/posts\/114552\/revisions"}],"predecessor-version":[{"id":114596,"href":"https:\/\/canal7slp.tv\/2023\/wp-json\/wp\/v2\/posts\/114552\/revisions\/114596"}],"wp:featuredmedia":[{"embeddable":true,"href":"https:\/\/canal7slp.tv\/2023\/wp-json\/wp\/v2\/media\/114567"}],"wp:attachment":[{"href":"https:\/\/canal7slp.tv\/2023\/wp-json\/wp\/v2\/media?parent=114552"}],"wp:term":[{"taxonomy":"category","embeddable":true,"href":"https:\/\/canal7slp.tv\/2023\/wp-json\/wp\/v2\/categories?post=114552"},{"taxonomy":"post_tag","embeddable":true,"href":"https:\/\/canal7slp.tv\/2023\/wp-json\/wp\/v2\/tags?post=114552"}],"curies":[{"name":"wp","href":"https:\/\/api.w.org\/{rel}","templated":true}]}}