{"id":114551,"date":"2023-11-29T18:41:15","date_gmt":"2023-11-30T00:41:15","guid":{"rendered":"https:\/\/canal7slp.tv\/2023\/?p=114551"},"modified":"2023-11-29T18:41:15","modified_gmt":"2023-11-30T00:41:15","slug":"samuel-garcia-reasume-gubernatura-de-nuevo-leon-pero-el-viernes-se-va-de-nuevo-a-la-precampana","status":"publish","type":"post","link":"https:\/\/canal7slp.tv\/2023\/samuel-garcia-reasume-gubernatura-de-nuevo-leon-pero-el-viernes-se-va-de-nuevo-a-la-precampana\/","title":{"rendered":"Samuel Garc\u00eda reasume gubernatura de Nuevo Le\u00f3n&#8230; pero el viernes se va de nuevo a la precampa\u00f1a"},"content":{"rendered":"<p style=\"text-align: justify;\">Monterrey.- El gobernador de Nuevo Le\u00f3n, Samuel Garc\u00eda, regres\u00f3 temporalmente a su puesto para cumplir con una formalidad legal. Sin embargo, dejar\u00e1 el cargo nuevamente el 1 de diciembre a la media noche para permitir que su sustituto tome el cargo al d\u00eda siguiente.<\/p>\n<p style=\"text-align: justify;\">Garc\u00eda hab\u00eda solicitado una licencia de seis meses para separarse del puesto y se encuentra actualmente en plena precampa\u00f1a para la presidencia como aspirante p\u00fanico de Movimiento Ciudadano.<\/p>\n<p style=\"text-align: justify;\">En un video publicado en sus cuentas de redes sociales, Garc\u00eda firm\u00f3 el oficio en el que se reincorpora como gobernador constitucional y anunci\u00f3 que dejar\u00eda como encargado del despacho a Javier Navarro, su secretario general de Gobierno.<\/p>\n<p style=\"text-align: justify;\">El regreso de Garc\u00eda es solo el cumplimiento de un requisito de ley, seg\u00fan explic\u00f3 el diputado local morenista Waldo Fern\u00e1ndez.<\/p>\n<p style=\"text-align: justify;\">Aunque el regreso de Garc\u00eda no afecta la obligaci\u00f3n del Congreso local de nombrar a un gobernador interino que sustituya a Garc\u00eda, este procedimiento debe quedar consumado precisamente el 1 de diciembre a las 11:59 de la noche.<\/p>\n","protected":false},"excerpt":{"rendered":"<p>Monterrey.- El gobernador de Nuevo Le\u00f3n, Samuel Garc\u00eda, regres\u00f3 temporalmente a su puesto para cumplir con una formalidad legal. Sin embargo, dejar\u00e1 el cargo nuevamente el 1 de diciembre a la media noche para permitir que su sustituto tome el cargo al d\u00eda siguiente. Garc\u00eda hab\u00eda solicitado una licencia de seis meses para separarse del puesto y se encuentra actualmente en plena precampa\u00f1a para la presidencia como aspirante p\u00fanico de Movimiento Ciudadano. En un video publicado en sus cuentas de redes sociales, Garc\u00eda firm\u00f3 el oficio en el que se reincorpora como gobernador constitucional y anunci\u00f3 que dejar\u00eda como encargado [&hellip;]<\/p>\n","protected":false},"author":2,"featured_media":114566,"comment_status":"closed","ping_status":"closed","sticky":false,"template":"","format":"standard","meta":{"footnotes":""},"categories":[46],"tags":[],"class_list":["post-114551","post","type-post","status-publish","format-standard","has-post-thumbnail","hentry","category-nacional","post--single"],"yoast_head":"<!-- This site is optimized with the Yoast SEO plugin v27.5 - https:\/\/yoast.com\/product\/yoast-seo-wordpress\/ -->\n<title>Samuel Garc\u00eda reasume gubernatura de Nuevo Le\u00f3n... pero el viernes se va de nuevo a la precampa\u00f1a - Canal 7 SLP - 2023<\/title>\n<meta name=\"robots\" content=\"index, follow, max-snippet:-1, max-image-preview:large, max-video-preview:-1\" \/>\n<link rel=\"canonical\" href=\"https:\/\/canal7slp.tv\/2023\/samuel-garcia-reasume-gubernatura-de-nuevo-leon-pero-el-viernes-se-va-de-nuevo-a-la-precampana\/\" \/>\n<meta property=\"og:locale\" content=\"es_ES\" \/>\n<meta property=\"og:type\" content=\"article\" \/>\n<meta property=\"og:title\" content=\"Samuel Garc\u00eda reasume gubernatura de Nuevo Le\u00f3n... pero el viernes se va de nuevo a la precampa\u00f1a - Canal 7 SLP - 2023\" \/>\n<meta property=\"og:description\" content=\"Monterrey.- El gobernador de Nuevo Le\u00f3n, Samuel Garc\u00eda, regres\u00f3 temporalmente a su puesto para cumplir con una formalidad legal. Sin embargo, dejar\u00e1 el cargo nuevamente el 1 de diciembre a la media noche para permitir que su sustituto tome el cargo al d\u00eda siguiente. Garc\u00eda hab\u00eda solicitado una licencia de seis meses para separarse del puesto y se encuentra actualmente en plena precampa\u00f1a para la presidencia como aspirante p\u00fanico de Movimiento Ciudadano. En un video publicado en sus cuentas de redes sociales, Garc\u00eda firm\u00f3 el oficio en el que se reincorpora como gobernador constitucional y anunci\u00f3 que dejar\u00eda como encargado [&hellip;]\" \/>\n<meta property=\"og:url\" content=\"https:\/\/canal7slp.tv\/2023\/samuel-garcia-reasume-gubernatura-de-nuevo-leon-pero-el-viernes-se-va-de-nuevo-a-la-precampana\/\" \/>\n<meta property=\"og:site_name\" content=\"Canal 7 SLP - 2023\" \/>\n<meta property=\"article:publisher\" content=\"https:\/\/www.facebook.com\/noticieroscanalsiete\" \/>\n<meta property=\"article:published_time\" content=\"2023-11-30T00:41:15+00:00\" \/>\n<meta property=\"og:image\" content=\"https:\/\/canal7slp.tv\/2023\/wp-content\/uploads\/2023\/11\/01-25.jpg\" \/>\n\t<meta property=\"og:image:width\" content=\"1200\" \/>\n\t<meta property=\"og:image:height\" content=\"747\" \/>\n\t<meta property=\"og:image:type\" content=\"image\/jpeg\" \/>\n<meta name=\"author\" content=\"Edici\u00f3n Web\" \/>\n<meta name=\"twitter:card\" content=\"summary_large_image\" \/>\n<meta name=\"twitter:creator\" content=\"@NOTICIEROS7\" \/>\n<meta name=\"twitter:site\" content=\"@NOTICIEROS7\" \/>\n<meta name=\"twitter:label1\" content=\"Escrito por\" \/>\n\t<meta name=\"twitter:data1\" content=\"Edici\u00f3n Web\" \/>\n\t<meta name=\"twitter:label2\" content=\"Tiempo de lectura\" \/>\n\t<meta name=\"twitter:data2\" content=\"1 minuto\" \/>\n<script type=\"application\/ld+json\" class=\"yoast-schema-graph\">{\"@context\":\"https:\\\/\\\/schema.org\",\"@graph\":[{\"@type\":\"Article\",\"@id\":\"https:\\\/\\\/canal7slp.tv\\\/2023\\\/samuel-garcia-reasume-gubernatura-de-nuevo-leon-pero-el-viernes-se-va-de-nuevo-a-la-precampana\\\/#article\",\"isPartOf\":{\"@id\":\"https:\\\/\\\/canal7slp.tv\\\/2023\\\/samuel-garcia-reasume-gubernatura-de-nuevo-leon-pero-el-viernes-se-va-de-nuevo-a-la-precampana\\\/\"},\"author\":{\"name\":\"Edici\u00f3n Web\",\"@id\":\"https:\\\/\\\/canal7slp.tv\\\/2023\\\/#\\\/schema\\\/person\\\/639c424e3584069003b11ae813915da6\"},\"headline\":\"Samuel Garc\u00eda reasume gubernatura de Nuevo Le\u00f3n&#8230; pero el viernes se va de nuevo a la precampa\u00f1a\",\"datePublished\":\"2023-11-30T00:41:15+00:00\",\"mainEntityOfPage\":{\"@id\":\"https:\\\/\\\/canal7slp.tv\\\/2023\\\/samuel-garcia-reasume-gubernatura-de-nuevo-leon-pero-el-viernes-se-va-de-nuevo-a-la-precampana\\\/\"},\"wordCount\":202,\"publisher\":{\"@id\":\"https:\\\/\\\/canal7slp.tv\\\/2023\\\/#organization\"},\"image\":{\"@id\":\"https:\\\/\\\/canal7slp.tv\\\/2023\\\/samuel-garcia-reasume-gubernatura-de-nuevo-leon-pero-el-viernes-se-va-de-nuevo-a-la-precampana\\\/#primaryimage\"},\"thumbnailUrl\":\"https:\\\/\\\/canal7slp.tv\\\/2023\\\/wp-content\\\/uploads\\\/2023\\\/11\\\/01-25.jpg\",\"articleSection\":[\"NACIONALES\"],\"inLanguage\":\"es\"},{\"@type\":\"WebPage\",\"@id\":\"https:\\\/\\\/canal7slp.tv\\\/2023\\\/samuel-garcia-reasume-gubernatura-de-nuevo-leon-pero-el-viernes-se-va-de-nuevo-a-la-precampana\\\/\",\"url\":\"https:\\\/\\\/canal7slp.tv\\\/2023\\\/samuel-garcia-reasume-gubernatura-de-nuevo-leon-pero-el-viernes-se-va-de-nuevo-a-la-precampana\\\/\",\"name\":\"Samuel Garc\u00eda reasume gubernatura de Nuevo Le\u00f3n... pero el viernes se va de nuevo a la precampa\u00f1a - Canal 7 SLP - 2023\",\"isPartOf\":{\"@id\":\"https:\\\/\\\/canal7slp.tv\\\/2023\\\/#website\"},\"primaryImageOfPage\":{\"@id\":\"https:\\\/\\\/canal7slp.tv\\\/2023\\\/samuel-garcia-reasume-gubernatura-de-nuevo-leon-pero-el-viernes-se-va-de-nuevo-a-la-precampana\\\/#primaryimage\"},\"image\":{\"@id\":\"https:\\\/\\\/canal7slp.tv\\\/2023\\\/samuel-garcia-reasume-gubernatura-de-nuevo-leon-pero-el-viernes-se-va-de-nuevo-a-la-precampana\\\/#primaryimage\"},\"thumbnailUrl\":\"https:\\\/\\\/canal7slp.tv\\\/2023\\\/wp-content\\\/uploads\\\/2023\\\/11\\\/01-25.jpg\",\"datePublished\":\"2023-11-30T00:41:15+00:00\",\"breadcrumb\":{\"@id\":\"https:\\\/\\\/canal7slp.tv\\\/2023\\\/samuel-garcia-reasume-gubernatura-de-nuevo-leon-pero-el-viernes-se-va-de-nuevo-a-la-precampana\\\/#breadcrumb\"},\"inLanguage\":\"es\",\"potentialAction\":[{\"@type\":\"ReadAction\",\"target\":[\"https:\\\/\\\/canal7slp.tv\\\/2023\\\/samuel-garcia-reasume-gubernatura-de-nuevo-leon-pero-el-viernes-se-va-de-nuevo-a-la-precampana\\\/\"]}]},{\"@type\":\"ImageObject\",\"inLanguage\":\"es\",\"@id\":\"https:\\\/\\\/canal7slp.tv\\\/2023\\\/samuel-garcia-reasume-gubernatura-de-nuevo-leon-pero-el-viernes-se-va-de-nuevo-a-la-precampana\\\/#primaryimage\",\"url\":\"https:\\\/\\\/canal7slp.tv\\\/2023\\\/wp-content\\\/uploads\\\/2023\\\/11\\\/01-25.jpg\",\"contentUrl\":\"https:\\\/\\\/canal7slp.tv\\\/2023\\\/wp-content\\\/uploads\\\/2023\\\/11\\\/01-25.jpg\",\"width\":1200,\"height\":747},{\"@type\":\"BreadcrumbList\",\"@id\":\"https:\\\/\\\/canal7slp.tv\\\/2023\\\/samuel-garcia-reasume-gubernatura-de-nuevo-leon-pero-el-viernes-se-va-de-nuevo-a-la-precampana\\\/#breadcrumb\",\"itemListElement\":[{\"@type\":\"ListItem\",\"position\":1,\"name\":\"Portada\",\"item\":\"https:\\\/\\\/canal7slp.tv\\\/2023\\\/\"},{\"@type\":\"ListItem\",\"position\":2,\"name\":\"Samuel Garc\u00eda reasume gubernatura de Nuevo Le\u00f3n&#8230; pero el viernes se va de nuevo a la precampa\u00f1a\"}]},{\"@type\":\"WebSite\",\"@id\":\"https:\\\/\\\/canal7slp.tv\\\/2023\\\/#website\",\"url\":\"https:\\\/\\\/canal7slp.tv\\\/2023\\\/\",\"name\":\"N7 - Noticieros Canal 7\",\"description\":\"Somos Televisi\u00f3n\",\"publisher\":{\"@id\":\"https:\\\/\\\/canal7slp.tv\\\/2023\\\/#organization\"},\"potentialAction\":[{\"@type\":\"SearchAction\",\"target\":{\"@type\":\"EntryPoint\",\"urlTemplate\":\"https:\\\/\\\/canal7slp.tv\\\/2023\\\/?s={search_term_string}\"},\"query-input\":{\"@type\":\"PropertyValueSpecification\",\"valueRequired\":true,\"valueName\":\"search_term_string\"}}],\"inLanguage\":\"es\"},{\"@type\":\"Organization\",\"@id\":\"https:\\\/\\\/canal7slp.tv\\\/2023\\\/#organization\",\"name\":\"Noticieros Canal 7\",\"url\":\"https:\\\/\\\/canal7slp.tv\\\/2023\\\/\",\"logo\":{\"@type\":\"ImageObject\",\"inLanguage\":\"es\",\"@id\":\"https:\\\/\\\/canal7slp.tv\\\/2023\\\/#\\\/schema\\\/logo\\\/image\\\/\",\"url\":\"https:\\\/\\\/canal7slp.tv\\\/2023\\\/wp-content\\\/uploads\\\/2021\\\/01\\\/logo-noticieros@2x.png\",\"contentUrl\":\"https:\\\/\\\/canal7slp.tv\\\/2023\\\/wp-content\\\/uploads\\\/2021\\\/01\\\/logo-noticieros@2x.png\",\"width\":1017,\"height\":268,\"caption\":\"Noticieros Canal 7\"},\"image\":{\"@id\":\"https:\\\/\\\/canal7slp.tv\\\/2023\\\/#\\\/schema\\\/logo\\\/image\\\/\"},\"sameAs\":[\"https:\\\/\\\/www.facebook.com\\\/noticieroscanalsiete\",\"https:\\\/\\\/x.com\\\/NOTICIEROS7\",\"https:\\\/\\\/www.instagram.com\\\/canal7_slp\",\"https:\\\/\\\/www.youtube.com\\\/channel\\\/UCliiYs-gP3JfJeqdPrNdd5A\"]},{\"@type\":\"Person\",\"@id\":\"https:\\\/\\\/canal7slp.tv\\\/2023\\\/#\\\/schema\\\/person\\\/639c424e3584069003b11ae813915da6\",\"name\":\"Edici\u00f3n Web\",\"image\":{\"@type\":\"ImageObject\",\"inLanguage\":\"es\",\"@id\":\"https:\\\/\\\/secure.gravatar.com\\\/avatar\\\/eee448fc3f7164808013b816ba91ac7e43bbe82a70bebac296f8bc6f0addaa1a?s=96&d=mm&r=g\",\"url\":\"https:\\\/\\\/secure.gravatar.com\\\/avatar\\\/eee448fc3f7164808013b816ba91ac7e43bbe82a70bebac296f8bc6f0addaa1a?s=96&d=mm&r=g\",\"contentUrl\":\"https:\\\/\\\/secure.gravatar.com\\\/avatar\\\/eee448fc3f7164808013b816ba91ac7e43bbe82a70bebac296f8bc6f0addaa1a?s=96&d=mm&r=g\",\"caption\":\"Edici\u00f3n Web\"},\"url\":\"https:\\\/\\\/canal7slp.tv\\\/2023\\\/author\\\/edicionweb\\\/\"}]}<\/script>\n<!-- \/ Yoast SEO plugin. -->","yoast_head_json":{"title":"Samuel Garc\u00eda reasume gubernatura de Nuevo Le\u00f3n... pero el viernes se va de nuevo a la precampa\u00f1a - Canal 7 SLP - 2023","robots":{"index":"index","follow":"follow","max-snippet":"max-snippet:-1","max-image-preview":"max-image-preview:large","max-video-preview":"max-video-preview:-1"},"canonical":"https:\/\/canal7slp.tv\/2023\/samuel-garcia-reasume-gubernatura-de-nuevo-leon-pero-el-viernes-se-va-de-nuevo-a-la-precampana\/","og_locale":"es_ES","og_type":"article","og_title":"Samuel Garc\u00eda reasume gubernatura de Nuevo Le\u00f3n... pero el viernes se va de nuevo a la precampa\u00f1a - Canal 7 SLP - 2023","og_description":"Monterrey.- El gobernador de Nuevo Le\u00f3n, Samuel Garc\u00eda, regres\u00f3 temporalmente a su puesto para cumplir con una formalidad legal. Sin embargo, dejar\u00e1 el cargo nuevamente el 1 de diciembre a la media noche para permitir que su sustituto tome el cargo al d\u00eda siguiente. Garc\u00eda hab\u00eda solicitado una licencia de seis meses para separarse del puesto y se encuentra actualmente en plena precampa\u00f1a para la presidencia como aspirante p\u00fanico de Movimiento Ciudadano. En un video publicado en sus cuentas de redes sociales, Garc\u00eda firm\u00f3 el oficio en el que se reincorpora como gobernador constitucional y anunci\u00f3 que dejar\u00eda como encargado [&hellip;]","og_url":"https:\/\/canal7slp.tv\/2023\/samuel-garcia-reasume-gubernatura-de-nuevo-leon-pero-el-viernes-se-va-de-nuevo-a-la-precampana\/","og_site_name":"Canal 7 SLP - 2023","article_publisher":"https:\/\/www.facebook.com\/noticieroscanalsiete","article_published_time":"2023-11-30T00:41:15+00:00","og_image":[{"width":1200,"height":747,"url":"https:\/\/canal7slp.tv\/2023\/wp-content\/uploads\/2023\/11\/01-25.jpg","type":"image\/jpeg"}],"author":"Edici\u00f3n Web","twitter_card":"summary_large_image","twitter_creator":"@NOTICIEROS7","twitter_site":"@NOTICIEROS7","twitter_misc":{"Escrito por":"Edici\u00f3n Web","Tiempo de lectura":"1 minuto"},"schema":{"@context":"https:\/\/schema.org","@graph":[{"@type":"Article","@id":"https:\/\/canal7slp.tv\/2023\/samuel-garcia-reasume-gubernatura-de-nuevo-leon-pero-el-viernes-se-va-de-nuevo-a-la-precampana\/#article","isPartOf":{"@id":"https:\/\/canal7slp.tv\/2023\/samuel-garcia-reasume-gubernatura-de-nuevo-leon-pero-el-viernes-se-va-de-nuevo-a-la-precampana\/"},"author":{"name":"Edici\u00f3n Web","@id":"https:\/\/canal7slp.tv\/2023\/#\/schema\/person\/639c424e3584069003b11ae813915da6"},"headline":"Samuel Garc\u00eda reasume gubernatura de Nuevo Le\u00f3n&#8230; pero el viernes se va de nuevo a la precampa\u00f1a","datePublished":"2023-11-30T00:41:15+00:00","mainEntityOfPage":{"@id":"https:\/\/canal7slp.tv\/2023\/samuel-garcia-reasume-gubernatura-de-nuevo-leon-pero-el-viernes-se-va-de-nuevo-a-la-precampana\/"},"wordCount":202,"publisher":{"@id":"https:\/\/canal7slp.tv\/2023\/#organization"},"image":{"@id":"https:\/\/canal7slp.tv\/2023\/samuel-garcia-reasume-gubernatura-de-nuevo-leon-pero-el-viernes-se-va-de-nuevo-a-la-precampana\/#primaryimage"},"thumbnailUrl":"https:\/\/canal7slp.tv\/2023\/wp-content\/uploads\/2023\/11\/01-25.jpg","articleSection":["NACIONALES"],"inLanguage":"es"},{"@type":"WebPage","@id":"https:\/\/canal7slp.tv\/2023\/samuel-garcia-reasume-gubernatura-de-nuevo-leon-pero-el-viernes-se-va-de-nuevo-a-la-precampana\/","url":"https:\/\/canal7slp.tv\/2023\/samuel-garcia-reasume-gubernatura-de-nuevo-leon-pero-el-viernes-se-va-de-nuevo-a-la-precampana\/","name":"Samuel Garc\u00eda reasume gubernatura de Nuevo Le\u00f3n... pero el viernes se va de nuevo a la precampa\u00f1a - Canal 7 SLP - 2023","isPartOf":{"@id":"https:\/\/canal7slp.tv\/2023\/#website"},"primaryImageOfPage":{"@id":"https:\/\/canal7slp.tv\/2023\/samuel-garcia-reasume-gubernatura-de-nuevo-leon-pero-el-viernes-se-va-de-nuevo-a-la-precampana\/#primaryimage"},"image":{"@id":"https:\/\/canal7slp.tv\/2023\/samuel-garcia-reasume-gubernatura-de-nuevo-leon-pero-el-viernes-se-va-de-nuevo-a-la-precampana\/#primaryimage"},"thumbnailUrl":"https:\/\/canal7slp.tv\/2023\/wp-content\/uploads\/2023\/11\/01-25.jpg","datePublished":"2023-11-30T00:41:15+00:00","breadcrumb":{"@id":"https:\/\/canal7slp.tv\/2023\/samuel-garcia-reasume-gubernatura-de-nuevo-leon-pero-el-viernes-se-va-de-nuevo-a-la-precampana\/#breadcrumb"},"inLanguage":"es","potentialAction":[{"@type":"ReadAction","target":["https:\/\/canal7slp.tv\/2023\/samuel-garcia-reasume-gubernatura-de-nuevo-leon-pero-el-viernes-se-va-de-nuevo-a-la-precampana\/"]}]},{"@type":"ImageObject","inLanguage":"es","@id":"https:\/\/canal7slp.tv\/2023\/samuel-garcia-reasume-gubernatura-de-nuevo-leon-pero-el-viernes-se-va-de-nuevo-a-la-precampana\/#primaryimage","url":"https:\/\/canal7slp.tv\/2023\/wp-content\/uploads\/2023\/11\/01-25.jpg","contentUrl":"https:\/\/canal7slp.tv\/2023\/wp-content\/uploads\/2023\/11\/01-25.jpg","width":1200,"height":747},{"@type":"BreadcrumbList","@id":"https:\/\/canal7slp.tv\/2023\/samuel-garcia-reasume-gubernatura-de-nuevo-leon-pero-el-viernes-se-va-de-nuevo-a-la-precampana\/#breadcrumb","itemListElement":[{"@type":"ListItem","position":1,"name":"Portada","item":"https:\/\/canal7slp.tv\/2023\/"},{"@type":"ListItem","position":2,"name":"Samuel Garc\u00eda reasume gubernatura de Nuevo Le\u00f3n&#8230; pero el viernes se va de nuevo a la precampa\u00f1a"}]},{"@type":"WebSite","@id":"https:\/\/canal7slp.tv\/2023\/#website","url":"https:\/\/canal7slp.tv\/2023\/","name":"N7 - Noticieros Canal 7","description":"Somos Televisi\u00f3n","publisher":{"@id":"https:\/\/canal7slp.tv\/2023\/#organization"},"potentialAction":[{"@type":"SearchAction","target":{"@type":"EntryPoint","urlTemplate":"https:\/\/canal7slp.tv\/2023\/?s={search_term_string}"},"query-input":{"@type":"PropertyValueSpecification","valueRequired":true,"valueName":"search_term_string"}}],"inLanguage":"es"},{"@type":"Organization","@id":"https:\/\/canal7slp.tv\/2023\/#organization","name":"Noticieros Canal 7","url":"https:\/\/canal7slp.tv\/2023\/","logo":{"@type":"ImageObject","inLanguage":"es","@id":"https:\/\/canal7slp.tv\/2023\/#\/schema\/logo\/image\/","url":"https:\/\/canal7slp.tv\/2023\/wp-content\/uploads\/2021\/01\/logo-noticieros@2x.png","contentUrl":"https:\/\/canal7slp.tv\/2023\/wp-content\/uploads\/2021\/01\/logo-noticieros@2x.png","width":1017,"height":268,"caption":"Noticieros Canal 7"},"image":{"@id":"https:\/\/canal7slp.tv\/2023\/#\/schema\/logo\/image\/"},"sameAs":["https:\/\/www.facebook.com\/noticieroscanalsiete","https:\/\/x.com\/NOTICIEROS7","https:\/\/www.instagram.com\/canal7_slp","https:\/\/www.youtube.com\/channel\/UCliiYs-gP3JfJeqdPrNdd5A"]},{"@type":"Person","@id":"https:\/\/canal7slp.tv\/2023\/#\/schema\/person\/639c424e3584069003b11ae813915da6","name":"Edici\u00f3n Web","image":{"@type":"ImageObject","inLanguage":"es","@id":"https:\/\/secure.gravatar.com\/avatar\/eee448fc3f7164808013b816ba91ac7e43bbe82a70bebac296f8bc6f0addaa1a?s=96&d=mm&r=g","url":"https:\/\/secure.gravatar.com\/avatar\/eee448fc3f7164808013b816ba91ac7e43bbe82a70bebac296f8bc6f0addaa1a?s=96&d=mm&r=g","contentUrl":"https:\/\/secure.gravatar.com\/avatar\/eee448fc3f7164808013b816ba91ac7e43bbe82a70bebac296f8bc6f0addaa1a?s=96&d=mm&r=g","caption":"Edici\u00f3n Web"},"url":"https:\/\/canal7slp.tv\/2023\/author\/edicionweb\/"}]}},"_links":{"self":[{"href":"https:\/\/canal7slp.tv\/2023\/wp-json\/wp\/v2\/posts\/114551","targetHints":{"allow":["GET"]}}],"collection":[{"href":"https:\/\/canal7slp.tv\/2023\/wp-json\/wp\/v2\/posts"}],"about":[{"href":"https:\/\/canal7slp.tv\/2023\/wp-json\/wp\/v2\/types\/post"}],"author":[{"embeddable":true,"href":"https:\/\/canal7slp.tv\/2023\/wp-json\/wp\/v2\/users\/2"}],"replies":[{"embeddable":true,"href":"https:\/\/canal7slp.tv\/2023\/wp-json\/wp\/v2\/comments?post=114551"}],"version-history":[{"count":3,"href":"https:\/\/canal7slp.tv\/2023\/wp-json\/wp\/v2\/posts\/114551\/revisions"}],"predecessor-version":[{"id":114595,"href":"https:\/\/canal7slp.tv\/2023\/wp-json\/wp\/v2\/posts\/114551\/revisions\/114595"}],"wp:featuredmedia":[{"embeddable":true,"href":"https:\/\/canal7slp.tv\/2023\/wp-json\/wp\/v2\/media\/114566"}],"wp:attachment":[{"href":"https:\/\/canal7slp.tv\/2023\/wp-json\/wp\/v2\/media?parent=114551"}],"wp:term":[{"taxonomy":"category","embeddable":true,"href":"https:\/\/canal7slp.tv\/2023\/wp-json\/wp\/v2\/categories?post=114551"},{"taxonomy":"post_tag","embeddable":true,"href":"https:\/\/canal7slp.tv\/2023\/wp-json\/wp\/v2\/tags?post=114551"}],"curies":[{"name":"wp","href":"https:\/\/api.w.org\/{rel}","templated":true}]}}