{"id":114190,"date":"2023-11-25T18:02:16","date_gmt":"2023-11-26T00:02:16","guid":{"rendered":"https:\/\/canal7slp.tv\/2023\/?p=114190"},"modified":"2023-11-25T18:02:16","modified_gmt":"2023-11-26T00:02:16","slug":"francisco-javier-salazar-soni-asume-titularidad-de-la-direccion-general-de-policia-vial-en-la-capital","status":"publish","type":"post","link":"https:\/\/canal7slp.tv\/2023\/francisco-javier-salazar-soni-asume-titularidad-de-la-direccion-general-de-policia-vial-en-la-capital\/","title":{"rendered":"Francisco Javier Salazar Soni, asume titularidad de la Direcci\u00f3n General de Polic\u00eda Vial en la capital"},"content":{"rendered":"<p style=\"text-align: justify;\">SLP.- Francisco Javier Salazar Soni asumi\u00f3 este fin de semana la titularidad de la Direcci\u00f3n General de Polic\u00eda Vial y Movilidad en la capital potosina.<\/p>\n<p style=\"text-align: justify;\">El objetivo es fortalecer procedimientos operativos de la administraci\u00f3n municipal.<\/p>\n<p style=\"text-align: justify;\">El anterior titular de Polic\u00eda Vial, Armando Puente Puente, se retir\u00f3 de la funci\u00f3n p\u00fablica debido a asuntos familiares.<\/p>\n<p style=\"text-align: justify;\">Salazar Soni cuenta con amplia trayectoria en el \u00e1mbito de la seguridad p\u00fablica.<\/p>\n<p style=\"text-align: justify;\">Adem\u00e1s se ratific\u00f3 y nombr\u00f3 como titular de la Direcci\u00f3n General de Guardia Municipal a Joel Palacios Mendoza -que desempe\u00f1aba dicha funci\u00f3n como encargado de despacho desde julio-.<\/p>\n<p style=\"text-align: justify;\">Cuenta con 21 a\u00f1os de carrera policial y experiencia en labores operativas de la corporaci\u00f3n.<\/p>\n<p>Por: Paulina Rodr\u00edguez<\/p>\n","protected":false},"excerpt":{"rendered":"<p>SLP.- Francisco Javier Salazar Soni asumi\u00f3 este fin de semana la titularidad de la Direcci\u00f3n General de Polic\u00eda Vial y Movilidad en la capital potosina. El objetivo es fortalecer procedimientos operativos de la administraci\u00f3n municipal. El anterior titular de Polic\u00eda Vial, Armando Puente Puente, se retir\u00f3 de la funci\u00f3n p\u00fablica debido a asuntos familiares. Salazar Soni cuenta con amplia trayectoria en el \u00e1mbito de la seguridad p\u00fablica. Adem\u00e1s se ratific\u00f3 y nombr\u00f3 como titular de la Direcci\u00f3n General de Guardia Municipal a Joel Palacios Mendoza -que desempe\u00f1aba dicha funci\u00f3n como encargado de despacho desde julio-. Cuenta con 21 a\u00f1os de [&hellip;]<\/p>\n","protected":false},"author":2,"featured_media":114191,"comment_status":"closed","ping_status":"closed","sticky":false,"template":"","format":"video","meta":{"footnotes":""},"categories":[66,5,45],"tags":[],"class_list":["post-114190","post","type-post","status-publish","format-video","has-post-thumbnail","hentry","category-ayoslp","category-destacadas","category-localesyregionales","post_format-post-format-video","post--single"],"yoast_head":"<!-- This site is optimized with the Yoast SEO plugin v27.5 - https:\/\/yoast.com\/product\/yoast-seo-wordpress\/ -->\n<title>Francisco Javier Salazar Soni, asume titularidad de la Direcci\u00f3n General de Polic\u00eda Vial en la capital - Canal 7 SLP - 2023<\/title>\n<meta name=\"robots\" content=\"index, follow, max-snippet:-1, max-image-preview:large, max-video-preview:-1\" \/>\n<link rel=\"canonical\" href=\"https:\/\/canal7slp.tv\/2023\/francisco-javier-salazar-soni-asume-titularidad-de-la-direccion-general-de-policia-vial-en-la-capital\/\" \/>\n<meta property=\"og:locale\" content=\"es_ES\" \/>\n<meta property=\"og:type\" content=\"article\" \/>\n<meta property=\"og:title\" content=\"Francisco Javier Salazar Soni, asume titularidad de la Direcci\u00f3n General de Polic\u00eda Vial en la capital - Canal 7 SLP - 2023\" \/>\n<meta property=\"og:description\" content=\"SLP.- Francisco Javier Salazar Soni asumi\u00f3 este fin de semana la titularidad de la Direcci\u00f3n General de Polic\u00eda Vial y Movilidad en la capital potosina. El objetivo es fortalecer procedimientos operativos de la administraci\u00f3n municipal. El anterior titular de Polic\u00eda Vial, Armando Puente Puente, se retir\u00f3 de la funci\u00f3n p\u00fablica debido a asuntos familiares. Salazar Soni cuenta con amplia trayectoria en el \u00e1mbito de la seguridad p\u00fablica. Adem\u00e1s se ratific\u00f3 y nombr\u00f3 como titular de la Direcci\u00f3n General de Guardia Municipal a Joel Palacios Mendoza -que desempe\u00f1aba dicha funci\u00f3n como encargado de despacho desde julio-. Cuenta con 21 a\u00f1os de [&hellip;]\" \/>\n<meta property=\"og:url\" content=\"https:\/\/canal7slp.tv\/2023\/francisco-javier-salazar-soni-asume-titularidad-de-la-direccion-general-de-policia-vial-en-la-capital\/\" \/>\n<meta property=\"og:site_name\" content=\"Canal 7 SLP - 2023\" \/>\n<meta property=\"article:publisher\" content=\"https:\/\/www.facebook.com\/noticieroscanalsiete\" \/>\n<meta property=\"article:published_time\" content=\"2023-11-26T00:02:16+00:00\" \/>\n<meta property=\"og:image\" content=\"https:\/\/canal7slp.tv\/2023\/wp-content\/uploads\/2023\/11\/Pau01NOmbramiento.jpg\" \/>\n\t<meta property=\"og:image:width\" content=\"1280\" \/>\n\t<meta property=\"og:image:height\" content=\"720\" \/>\n\t<meta property=\"og:image:type\" content=\"image\/jpeg\" \/>\n<meta name=\"author\" content=\"Edici\u00f3n Web\" \/>\n<meta name=\"twitter:card\" content=\"summary_large_image\" \/>\n<meta name=\"twitter:creator\" content=\"@NOTICIEROS7\" \/>\n<meta name=\"twitter:site\" content=\"@NOTICIEROS7\" \/>\n<meta name=\"twitter:label1\" content=\"Escrito por\" \/>\n\t<meta name=\"twitter:data1\" content=\"Edici\u00f3n Web\" \/>\n\t<meta name=\"twitter:label2\" content=\"Tiempo de lectura\" \/>\n\t<meta name=\"twitter:data2\" content=\"1 minuto\" \/>\n<script type=\"application\/ld+json\" class=\"yoast-schema-graph\">{\"@context\":\"https:\\\/\\\/schema.org\",\"@graph\":[{\"@type\":\"Article\",\"@id\":\"https:\\\/\\\/canal7slp.tv\\\/2023\\\/francisco-javier-salazar-soni-asume-titularidad-de-la-direccion-general-de-policia-vial-en-la-capital\\\/#article\",\"isPartOf\":{\"@id\":\"https:\\\/\\\/canal7slp.tv\\\/2023\\\/francisco-javier-salazar-soni-asume-titularidad-de-la-direccion-general-de-policia-vial-en-la-capital\\\/\"},\"author\":{\"name\":\"Edici\u00f3n Web\",\"@id\":\"https:\\\/\\\/canal7slp.tv\\\/2023\\\/#\\\/schema\\\/person\\\/639c424e3584069003b11ae813915da6\"},\"headline\":\"Francisco Javier Salazar Soni, asume titularidad de la Direcci\u00f3n General de Polic\u00eda Vial en la capital\",\"datePublished\":\"2023-11-26T00:02:16+00:00\",\"mainEntityOfPage\":{\"@id\":\"https:\\\/\\\/canal7slp.tv\\\/2023\\\/francisco-javier-salazar-soni-asume-titularidad-de-la-direccion-general-de-policia-vial-en-la-capital\\\/\"},\"wordCount\":145,\"publisher\":{\"@id\":\"https:\\\/\\\/canal7slp.tv\\\/2023\\\/#organization\"},\"image\":{\"@id\":\"https:\\\/\\\/canal7slp.tv\\\/2023\\\/francisco-javier-salazar-soni-asume-titularidad-de-la-direccion-general-de-policia-vial-en-la-capital\\\/#primaryimage\"},\"thumbnailUrl\":\"https:\\\/\\\/canal7slp.tv\\\/2023\\\/wp-content\\\/uploads\\\/2023\\\/11\\\/Pau01NOmbramiento.jpg\",\"articleSection\":[\"AYOSLP\",\"DESTACADAS\",\"LOCALES Y REGIONALES\"],\"inLanguage\":\"es\"},{\"@type\":\"WebPage\",\"@id\":\"https:\\\/\\\/canal7slp.tv\\\/2023\\\/francisco-javier-salazar-soni-asume-titularidad-de-la-direccion-general-de-policia-vial-en-la-capital\\\/\",\"url\":\"https:\\\/\\\/canal7slp.tv\\\/2023\\\/francisco-javier-salazar-soni-asume-titularidad-de-la-direccion-general-de-policia-vial-en-la-capital\\\/\",\"name\":\"Francisco Javier Salazar Soni, asume titularidad de la Direcci\u00f3n General de Polic\u00eda Vial en la capital - Canal 7 SLP - 2023\",\"isPartOf\":{\"@id\":\"https:\\\/\\\/canal7slp.tv\\\/2023\\\/#website\"},\"primaryImageOfPage\":{\"@id\":\"https:\\\/\\\/canal7slp.tv\\\/2023\\\/francisco-javier-salazar-soni-asume-titularidad-de-la-direccion-general-de-policia-vial-en-la-capital\\\/#primaryimage\"},\"image\":{\"@id\":\"https:\\\/\\\/canal7slp.tv\\\/2023\\\/francisco-javier-salazar-soni-asume-titularidad-de-la-direccion-general-de-policia-vial-en-la-capital\\\/#primaryimage\"},\"thumbnailUrl\":\"https:\\\/\\\/canal7slp.tv\\\/2023\\\/wp-content\\\/uploads\\\/2023\\\/11\\\/Pau01NOmbramiento.jpg\",\"datePublished\":\"2023-11-26T00:02:16+00:00\",\"breadcrumb\":{\"@id\":\"https:\\\/\\\/canal7slp.tv\\\/2023\\\/francisco-javier-salazar-soni-asume-titularidad-de-la-direccion-general-de-policia-vial-en-la-capital\\\/#breadcrumb\"},\"inLanguage\":\"es\",\"potentialAction\":[{\"@type\":\"ReadAction\",\"target\":[\"https:\\\/\\\/canal7slp.tv\\\/2023\\\/francisco-javier-salazar-soni-asume-titularidad-de-la-direccion-general-de-policia-vial-en-la-capital\\\/\"]}]},{\"@type\":\"ImageObject\",\"inLanguage\":\"es\",\"@id\":\"https:\\\/\\\/canal7slp.tv\\\/2023\\\/francisco-javier-salazar-soni-asume-titularidad-de-la-direccion-general-de-policia-vial-en-la-capital\\\/#primaryimage\",\"url\":\"https:\\\/\\\/canal7slp.tv\\\/2023\\\/wp-content\\\/uploads\\\/2023\\\/11\\\/Pau01NOmbramiento.jpg\",\"contentUrl\":\"https:\\\/\\\/canal7slp.tv\\\/2023\\\/wp-content\\\/uploads\\\/2023\\\/11\\\/Pau01NOmbramiento.jpg\",\"width\":1280,\"height\":720},{\"@type\":\"BreadcrumbList\",\"@id\":\"https:\\\/\\\/canal7slp.tv\\\/2023\\\/francisco-javier-salazar-soni-asume-titularidad-de-la-direccion-general-de-policia-vial-en-la-capital\\\/#breadcrumb\",\"itemListElement\":[{\"@type\":\"ListItem\",\"position\":1,\"name\":\"Portada\",\"item\":\"https:\\\/\\\/canal7slp.tv\\\/2023\\\/\"},{\"@type\":\"ListItem\",\"position\":2,\"name\":\"Francisco Javier Salazar Soni, asume titularidad de la Direcci\u00f3n General de Polic\u00eda Vial en la capital\"}]},{\"@type\":\"WebSite\",\"@id\":\"https:\\\/\\\/canal7slp.tv\\\/2023\\\/#website\",\"url\":\"https:\\\/\\\/canal7slp.tv\\\/2023\\\/\",\"name\":\"N7 - Noticieros Canal 7\",\"description\":\"Somos Televisi\u00f3n\",\"publisher\":{\"@id\":\"https:\\\/\\\/canal7slp.tv\\\/2023\\\/#organization\"},\"potentialAction\":[{\"@type\":\"SearchAction\",\"target\":{\"@type\":\"EntryPoint\",\"urlTemplate\":\"https:\\\/\\\/canal7slp.tv\\\/2023\\\/?s={search_term_string}\"},\"query-input\":{\"@type\":\"PropertyValueSpecification\",\"valueRequired\":true,\"valueName\":\"search_term_string\"}}],\"inLanguage\":\"es\"},{\"@type\":\"Organization\",\"@id\":\"https:\\\/\\\/canal7slp.tv\\\/2023\\\/#organization\",\"name\":\"Noticieros Canal 7\",\"url\":\"https:\\\/\\\/canal7slp.tv\\\/2023\\\/\",\"logo\":{\"@type\":\"ImageObject\",\"inLanguage\":\"es\",\"@id\":\"https:\\\/\\\/canal7slp.tv\\\/2023\\\/#\\\/schema\\\/logo\\\/image\\\/\",\"url\":\"https:\\\/\\\/canal7slp.tv\\\/2023\\\/wp-content\\\/uploads\\\/2021\\\/01\\\/logo-noticieros@2x.png\",\"contentUrl\":\"https:\\\/\\\/canal7slp.tv\\\/2023\\\/wp-content\\\/uploads\\\/2021\\\/01\\\/logo-noticieros@2x.png\",\"width\":1017,\"height\":268,\"caption\":\"Noticieros Canal 7\"},\"image\":{\"@id\":\"https:\\\/\\\/canal7slp.tv\\\/2023\\\/#\\\/schema\\\/logo\\\/image\\\/\"},\"sameAs\":[\"https:\\\/\\\/www.facebook.com\\\/noticieroscanalsiete\",\"https:\\\/\\\/x.com\\\/NOTICIEROS7\",\"https:\\\/\\\/www.instagram.com\\\/canal7_slp\",\"https:\\\/\\\/www.youtube.com\\\/channel\\\/UCliiYs-gP3JfJeqdPrNdd5A\"]},{\"@type\":\"Person\",\"@id\":\"https:\\\/\\\/canal7slp.tv\\\/2023\\\/#\\\/schema\\\/person\\\/639c424e3584069003b11ae813915da6\",\"name\":\"Edici\u00f3n Web\",\"image\":{\"@type\":\"ImageObject\",\"inLanguage\":\"es\",\"@id\":\"https:\\\/\\\/secure.gravatar.com\\\/avatar\\\/eee448fc3f7164808013b816ba91ac7e43bbe82a70bebac296f8bc6f0addaa1a?s=96&d=mm&r=g\",\"url\":\"https:\\\/\\\/secure.gravatar.com\\\/avatar\\\/eee448fc3f7164808013b816ba91ac7e43bbe82a70bebac296f8bc6f0addaa1a?s=96&d=mm&r=g\",\"contentUrl\":\"https:\\\/\\\/secure.gravatar.com\\\/avatar\\\/eee448fc3f7164808013b816ba91ac7e43bbe82a70bebac296f8bc6f0addaa1a?s=96&d=mm&r=g\",\"caption\":\"Edici\u00f3n Web\"},\"url\":\"https:\\\/\\\/canal7slp.tv\\\/2023\\\/author\\\/edicionweb\\\/\"}]}<\/script>\n<!-- \/ Yoast SEO plugin. -->","yoast_head_json":{"title":"Francisco Javier Salazar Soni, asume titularidad de la Direcci\u00f3n General de Polic\u00eda Vial en la capital - Canal 7 SLP - 2023","robots":{"index":"index","follow":"follow","max-snippet":"max-snippet:-1","max-image-preview":"max-image-preview:large","max-video-preview":"max-video-preview:-1"},"canonical":"https:\/\/canal7slp.tv\/2023\/francisco-javier-salazar-soni-asume-titularidad-de-la-direccion-general-de-policia-vial-en-la-capital\/","og_locale":"es_ES","og_type":"article","og_title":"Francisco Javier Salazar Soni, asume titularidad de la Direcci\u00f3n General de Polic\u00eda Vial en la capital - Canal 7 SLP - 2023","og_description":"SLP.- Francisco Javier Salazar Soni asumi\u00f3 este fin de semana la titularidad de la Direcci\u00f3n General de Polic\u00eda Vial y Movilidad en la capital potosina. El objetivo es fortalecer procedimientos operativos de la administraci\u00f3n municipal. El anterior titular de Polic\u00eda Vial, Armando Puente Puente, se retir\u00f3 de la funci\u00f3n p\u00fablica debido a asuntos familiares. Salazar Soni cuenta con amplia trayectoria en el \u00e1mbito de la seguridad p\u00fablica. Adem\u00e1s se ratific\u00f3 y nombr\u00f3 como titular de la Direcci\u00f3n General de Guardia Municipal a Joel Palacios Mendoza -que desempe\u00f1aba dicha funci\u00f3n como encargado de despacho desde julio-. Cuenta con 21 a\u00f1os de [&hellip;]","og_url":"https:\/\/canal7slp.tv\/2023\/francisco-javier-salazar-soni-asume-titularidad-de-la-direccion-general-de-policia-vial-en-la-capital\/","og_site_name":"Canal 7 SLP - 2023","article_publisher":"https:\/\/www.facebook.com\/noticieroscanalsiete","article_published_time":"2023-11-26T00:02:16+00:00","og_image":[{"width":1280,"height":720,"url":"https:\/\/canal7slp.tv\/2023\/wp-content\/uploads\/2023\/11\/Pau01NOmbramiento.jpg","type":"image\/jpeg"}],"author":"Edici\u00f3n Web","twitter_card":"summary_large_image","twitter_creator":"@NOTICIEROS7","twitter_site":"@NOTICIEROS7","twitter_misc":{"Escrito por":"Edici\u00f3n Web","Tiempo de lectura":"1 minuto"},"schema":{"@context":"https:\/\/schema.org","@graph":[{"@type":"Article","@id":"https:\/\/canal7slp.tv\/2023\/francisco-javier-salazar-soni-asume-titularidad-de-la-direccion-general-de-policia-vial-en-la-capital\/#article","isPartOf":{"@id":"https:\/\/canal7slp.tv\/2023\/francisco-javier-salazar-soni-asume-titularidad-de-la-direccion-general-de-policia-vial-en-la-capital\/"},"author":{"name":"Edici\u00f3n Web","@id":"https:\/\/canal7slp.tv\/2023\/#\/schema\/person\/639c424e3584069003b11ae813915da6"},"headline":"Francisco Javier Salazar Soni, asume titularidad de la Direcci\u00f3n General de Polic\u00eda Vial en la capital","datePublished":"2023-11-26T00:02:16+00:00","mainEntityOfPage":{"@id":"https:\/\/canal7slp.tv\/2023\/francisco-javier-salazar-soni-asume-titularidad-de-la-direccion-general-de-policia-vial-en-la-capital\/"},"wordCount":145,"publisher":{"@id":"https:\/\/canal7slp.tv\/2023\/#organization"},"image":{"@id":"https:\/\/canal7slp.tv\/2023\/francisco-javier-salazar-soni-asume-titularidad-de-la-direccion-general-de-policia-vial-en-la-capital\/#primaryimage"},"thumbnailUrl":"https:\/\/canal7slp.tv\/2023\/wp-content\/uploads\/2023\/11\/Pau01NOmbramiento.jpg","articleSection":["AYOSLP","DESTACADAS","LOCALES Y REGIONALES"],"inLanguage":"es"},{"@type":"WebPage","@id":"https:\/\/canal7slp.tv\/2023\/francisco-javier-salazar-soni-asume-titularidad-de-la-direccion-general-de-policia-vial-en-la-capital\/","url":"https:\/\/canal7slp.tv\/2023\/francisco-javier-salazar-soni-asume-titularidad-de-la-direccion-general-de-policia-vial-en-la-capital\/","name":"Francisco Javier Salazar Soni, asume titularidad de la Direcci\u00f3n General de Polic\u00eda Vial en la capital - Canal 7 SLP - 2023","isPartOf":{"@id":"https:\/\/canal7slp.tv\/2023\/#website"},"primaryImageOfPage":{"@id":"https:\/\/canal7slp.tv\/2023\/francisco-javier-salazar-soni-asume-titularidad-de-la-direccion-general-de-policia-vial-en-la-capital\/#primaryimage"},"image":{"@id":"https:\/\/canal7slp.tv\/2023\/francisco-javier-salazar-soni-asume-titularidad-de-la-direccion-general-de-policia-vial-en-la-capital\/#primaryimage"},"thumbnailUrl":"https:\/\/canal7slp.tv\/2023\/wp-content\/uploads\/2023\/11\/Pau01NOmbramiento.jpg","datePublished":"2023-11-26T00:02:16+00:00","breadcrumb":{"@id":"https:\/\/canal7slp.tv\/2023\/francisco-javier-salazar-soni-asume-titularidad-de-la-direccion-general-de-policia-vial-en-la-capital\/#breadcrumb"},"inLanguage":"es","potentialAction":[{"@type":"ReadAction","target":["https:\/\/canal7slp.tv\/2023\/francisco-javier-salazar-soni-asume-titularidad-de-la-direccion-general-de-policia-vial-en-la-capital\/"]}]},{"@type":"ImageObject","inLanguage":"es","@id":"https:\/\/canal7slp.tv\/2023\/francisco-javier-salazar-soni-asume-titularidad-de-la-direccion-general-de-policia-vial-en-la-capital\/#primaryimage","url":"https:\/\/canal7slp.tv\/2023\/wp-content\/uploads\/2023\/11\/Pau01NOmbramiento.jpg","contentUrl":"https:\/\/canal7slp.tv\/2023\/wp-content\/uploads\/2023\/11\/Pau01NOmbramiento.jpg","width":1280,"height":720},{"@type":"BreadcrumbList","@id":"https:\/\/canal7slp.tv\/2023\/francisco-javier-salazar-soni-asume-titularidad-de-la-direccion-general-de-policia-vial-en-la-capital\/#breadcrumb","itemListElement":[{"@type":"ListItem","position":1,"name":"Portada","item":"https:\/\/canal7slp.tv\/2023\/"},{"@type":"ListItem","position":2,"name":"Francisco Javier Salazar Soni, asume titularidad de la Direcci\u00f3n General de Polic\u00eda Vial en la capital"}]},{"@type":"WebSite","@id":"https:\/\/canal7slp.tv\/2023\/#website","url":"https:\/\/canal7slp.tv\/2023\/","name":"N7 - Noticieros Canal 7","description":"Somos Televisi\u00f3n","publisher":{"@id":"https:\/\/canal7slp.tv\/2023\/#organization"},"potentialAction":[{"@type":"SearchAction","target":{"@type":"EntryPoint","urlTemplate":"https:\/\/canal7slp.tv\/2023\/?s={search_term_string}"},"query-input":{"@type":"PropertyValueSpecification","valueRequired":true,"valueName":"search_term_string"}}],"inLanguage":"es"},{"@type":"Organization","@id":"https:\/\/canal7slp.tv\/2023\/#organization","name":"Noticieros Canal 7","url":"https:\/\/canal7slp.tv\/2023\/","logo":{"@type":"ImageObject","inLanguage":"es","@id":"https:\/\/canal7slp.tv\/2023\/#\/schema\/logo\/image\/","url":"https:\/\/canal7slp.tv\/2023\/wp-content\/uploads\/2021\/01\/logo-noticieros@2x.png","contentUrl":"https:\/\/canal7slp.tv\/2023\/wp-content\/uploads\/2021\/01\/logo-noticieros@2x.png","width":1017,"height":268,"caption":"Noticieros Canal 7"},"image":{"@id":"https:\/\/canal7slp.tv\/2023\/#\/schema\/logo\/image\/"},"sameAs":["https:\/\/www.facebook.com\/noticieroscanalsiete","https:\/\/x.com\/NOTICIEROS7","https:\/\/www.instagram.com\/canal7_slp","https:\/\/www.youtube.com\/channel\/UCliiYs-gP3JfJeqdPrNdd5A"]},{"@type":"Person","@id":"https:\/\/canal7slp.tv\/2023\/#\/schema\/person\/639c424e3584069003b11ae813915da6","name":"Edici\u00f3n Web","image":{"@type":"ImageObject","inLanguage":"es","@id":"https:\/\/secure.gravatar.com\/avatar\/eee448fc3f7164808013b816ba91ac7e43bbe82a70bebac296f8bc6f0addaa1a?s=96&d=mm&r=g","url":"https:\/\/secure.gravatar.com\/avatar\/eee448fc3f7164808013b816ba91ac7e43bbe82a70bebac296f8bc6f0addaa1a?s=96&d=mm&r=g","contentUrl":"https:\/\/secure.gravatar.com\/avatar\/eee448fc3f7164808013b816ba91ac7e43bbe82a70bebac296f8bc6f0addaa1a?s=96&d=mm&r=g","caption":"Edici\u00f3n Web"},"url":"https:\/\/canal7slp.tv\/2023\/author\/edicionweb\/"}]}},"_links":{"self":[{"href":"https:\/\/canal7slp.tv\/2023\/wp-json\/wp\/v2\/posts\/114190","targetHints":{"allow":["GET"]}}],"collection":[{"href":"https:\/\/canal7slp.tv\/2023\/wp-json\/wp\/v2\/posts"}],"about":[{"href":"https:\/\/canal7slp.tv\/2023\/wp-json\/wp\/v2\/types\/post"}],"author":[{"embeddable":true,"href":"https:\/\/canal7slp.tv\/2023\/wp-json\/wp\/v2\/users\/2"}],"replies":[{"embeddable":true,"href":"https:\/\/canal7slp.tv\/2023\/wp-json\/wp\/v2\/comments?post=114190"}],"version-history":[{"count":1,"href":"https:\/\/canal7slp.tv\/2023\/wp-json\/wp\/v2\/posts\/114190\/revisions"}],"predecessor-version":[{"id":114192,"href":"https:\/\/canal7slp.tv\/2023\/wp-json\/wp\/v2\/posts\/114190\/revisions\/114192"}],"wp:featuredmedia":[{"embeddable":true,"href":"https:\/\/canal7slp.tv\/2023\/wp-json\/wp\/v2\/media\/114191"}],"wp:attachment":[{"href":"https:\/\/canal7slp.tv\/2023\/wp-json\/wp\/v2\/media?parent=114190"}],"wp:term":[{"taxonomy":"category","embeddable":true,"href":"https:\/\/canal7slp.tv\/2023\/wp-json\/wp\/v2\/categories?post=114190"},{"taxonomy":"post_tag","embeddable":true,"href":"https:\/\/canal7slp.tv\/2023\/wp-json\/wp\/v2\/tags?post=114190"}],"curies":[{"name":"wp","href":"https:\/\/api.w.org\/{rel}","templated":true}]}}