{"id":114180,"date":"2023-11-25T17:39:25","date_gmt":"2023-11-25T23:39:25","guid":{"rendered":"https:\/\/canal7slp.tv\/2023\/?p=114180"},"modified":"2023-11-25T17:39:25","modified_gmt":"2023-11-25T23:39:25","slug":"importante-garantizar-justicia-a-victimas-de-violencia-digital-y-mediatica-dra-aimee-vega","status":"publish","type":"post","link":"https:\/\/canal7slp.tv\/2023\/importante-garantizar-justicia-a-victimas-de-violencia-digital-y-mediatica-dra-aimee-vega\/","title":{"rendered":"Importante garantizar justicia a v\u00edctimas de violencia digital y medi\u00e1tica: Dra. Aim\u00e9e Vega"},"content":{"rendered":"<p style=\"text-align: justify;\">SLP.- Como parte de las actividades del d\u00eda internacional de la eliminaci\u00f3n de la violencia contra las mujeres que se realizan en San Luis Potos\u00ed, se imparti\u00f3 la conferencia \u00abLa comunicaci\u00f3n en medios para empoderar a las mujeres\u00bb a manos de la especialista en derechos humanos Aim\u00e9e Vega Montiel.<\/p>\n<p style=\"text-align: justify;\">Seg\u00fan refiere, el principal objetivo es garantizar justicia a las mujeres cuando se habla de una violencia medi\u00e1tica o digital, misma que ha tenido un incremento con la actual era digital y de redes sociales.<\/p>\n<p style=\"text-align: justify;\">\u00abRecientemente logramos incorporar tres modalidades de violencia en espec\u00edfico que son la violencia pol\u00edtica contra las mujeres as\u00ed como la violencia medi\u00e1tica y la violencia digital es en estos dos \u00e1mbitos en los cuales yo me especializado y me parece muy importante hacer \u00e9nfasis en ello\u00bb, explic\u00f3.<\/p>\n<p style=\"text-align: justify;\">Prosigui\u00f3: \u00abDarle un enfoque integral a la eliminaci\u00f3n de la violencia contra las mujeres, lo cual implica impulsar tareas dirigidas a la prevenci\u00f3n, a la atenci\u00f3n, a la sanci\u00f3n y a la reparaci\u00f3n integral del da\u00f1o\u00bb.<\/p>\n<p style=\"text-align: justify;\">Sin embargo, destac\u00f3 que otro tipo de violencias se ejercen desde los espacios de informaci\u00f3n y tambi\u00e9n tienen que ser erradicadas.<\/p>\n<p style=\"text-align: justify;\">\u00abLa ley reconoce tipos y modalidades de violencia contra las mujeres, entre ellas: la f\u00edsica, sexual, psicol\u00f3gica, econ\u00f3mica, patrimonial y feminicida; en los \u00e1mbitos familiar, escolar, laboral, institucional comunitario y como lo digo recientemente, este reconocimiento al escenario pol\u00edtico como un \u00e1mbito donde son atentados los derechos de las mujeres, pero tambi\u00e9n el medi\u00e1tico y digital\u00bb, reiter\u00f3.<\/p>\n<p style=\"text-align: justify;\">La ponente aprovech\u00f3 para hablar sobre la coordinaci\u00f3n que ha existido en territorio potosino con estos temas.<\/p>\n<p style=\"text-align: justify;\">\u00abMe honra encontrarme aqu\u00ed en una entidad donde tenemos una historia de larga data de construcci\u00f3n del derecho a las mujeres a una vida libre de violencia, el trabajo que hemos hecho en esta entidad con compa\u00f1eras desde la sociedad civil, desde los tres poderes del estado, desde instituciones p\u00fablicas y privadas, y desde las propias universidades\u00bb, coment\u00f3.<\/p>\n<p style=\"text-align: justify;\">Es por ello que resalt\u00f3 la necesidad que dentro del marco institucional se impulsen los marcos normativos en cuanto a pol\u00edticas p\u00fablicas espec\u00edficas dirigidas a garantizar los derechos de las mujeres.<\/p>\n<p>Por: Jos\u00e9 Luis V\u00e1zquez<\/p>\n","protected":false},"excerpt":{"rendered":"<p>SLP.- Como parte de las actividades del d\u00eda internacional de la eliminaci\u00f3n de la violencia contra las mujeres que se realizan en San Luis Potos\u00ed, se imparti\u00f3 la conferencia \u00abLa comunicaci\u00f3n en medios para empoderar a las mujeres\u00bb a manos de la especialista en derechos humanos Aim\u00e9e Vega Montiel. Seg\u00fan refiere, el principal objetivo es garantizar justicia a las mujeres cuando se habla de una violencia medi\u00e1tica o digital, misma que ha tenido un incremento con la actual era digital y de redes sociales. \u00abRecientemente logramos incorporar tres modalidades de violencia en espec\u00edfico que son la violencia pol\u00edtica contra las [&hellip;]<\/p>\n","protected":false},"author":2,"featured_media":114182,"comment_status":"closed","ping_status":"closed","sticky":false,"template":"","format":"video","meta":{"footnotes":""},"categories":[5,45],"tags":[],"class_list":["post-114180","post","type-post","status-publish","format-video","has-post-thumbnail","hentry","category-destacadas","category-localesyregionales","post_format-post-format-video","post--single"],"yoast_head":"<!-- This site is optimized with the Yoast SEO plugin v27.5 - https:\/\/yoast.com\/product\/yoast-seo-wordpress\/ -->\n<title>Importante garantizar justicia a v\u00edctimas de violencia digital y medi\u00e1tica: Dra. Aim\u00e9e Vega - Canal 7 SLP - 2023<\/title>\n<meta name=\"robots\" content=\"index, follow, max-snippet:-1, max-image-preview:large, max-video-preview:-1\" \/>\n<link rel=\"canonical\" href=\"https:\/\/canal7slp.tv\/2023\/importante-garantizar-justicia-a-victimas-de-violencia-digital-y-mediatica-dra-aimee-vega\/\" \/>\n<meta property=\"og:locale\" content=\"es_ES\" \/>\n<meta property=\"og:type\" content=\"article\" \/>\n<meta property=\"og:title\" content=\"Importante garantizar justicia a v\u00edctimas de violencia digital y medi\u00e1tica: Dra. Aim\u00e9e Vega - Canal 7 SLP - 2023\" \/>\n<meta property=\"og:description\" content=\"SLP.- Como parte de las actividades del d\u00eda internacional de la eliminaci\u00f3n de la violencia contra las mujeres que se realizan en San Luis Potos\u00ed, se imparti\u00f3 la conferencia \u00abLa comunicaci\u00f3n en medios para empoderar a las mujeres\u00bb a manos de la especialista en derechos humanos Aim\u00e9e Vega Montiel. Seg\u00fan refiere, el principal objetivo es garantizar justicia a las mujeres cuando se habla de una violencia medi\u00e1tica o digital, misma que ha tenido un incremento con la actual era digital y de redes sociales. \u00abRecientemente logramos incorporar tres modalidades de violencia en espec\u00edfico que son la violencia pol\u00edtica contra las [&hellip;]\" \/>\n<meta property=\"og:url\" content=\"https:\/\/canal7slp.tv\/2023\/importante-garantizar-justicia-a-victimas-de-violencia-digital-y-mediatica-dra-aimee-vega\/\" \/>\n<meta property=\"og:site_name\" content=\"Canal 7 SLP - 2023\" \/>\n<meta property=\"article:publisher\" content=\"https:\/\/www.facebook.com\/noticieroscanalsiete\" \/>\n<meta property=\"article:published_time\" content=\"2023-11-25T23:39:25+00:00\" \/>\n<meta property=\"og:image\" content=\"https:\/\/canal7slp.tv\/2023\/wp-content\/uploads\/2023\/11\/Vazquez03AimeeVega.jpg\" \/>\n\t<meta property=\"og:image:width\" content=\"1280\" \/>\n\t<meta property=\"og:image:height\" content=\"720\" \/>\n\t<meta property=\"og:image:type\" content=\"image\/jpeg\" \/>\n<meta name=\"author\" content=\"Edici\u00f3n Web\" \/>\n<meta name=\"twitter:card\" content=\"summary_large_image\" \/>\n<meta name=\"twitter:creator\" content=\"@NOTICIEROS7\" \/>\n<meta name=\"twitter:site\" content=\"@NOTICIEROS7\" \/>\n<meta name=\"twitter:label1\" content=\"Escrito por\" \/>\n\t<meta name=\"twitter:data1\" content=\"Edici\u00f3n Web\" \/>\n\t<meta name=\"twitter:label2\" content=\"Tiempo de lectura\" \/>\n\t<meta name=\"twitter:data2\" content=\"2 minutos\" \/>\n<script type=\"application\/ld+json\" class=\"yoast-schema-graph\">{\"@context\":\"https:\\\/\\\/schema.org\",\"@graph\":[{\"@type\":\"Article\",\"@id\":\"https:\\\/\\\/canal7slp.tv\\\/2023\\\/importante-garantizar-justicia-a-victimas-de-violencia-digital-y-mediatica-dra-aimee-vega\\\/#article\",\"isPartOf\":{\"@id\":\"https:\\\/\\\/canal7slp.tv\\\/2023\\\/importante-garantizar-justicia-a-victimas-de-violencia-digital-y-mediatica-dra-aimee-vega\\\/\"},\"author\":{\"name\":\"Edici\u00f3n Web\",\"@id\":\"https:\\\/\\\/canal7slp.tv\\\/2023\\\/#\\\/schema\\\/person\\\/639c424e3584069003b11ae813915da6\"},\"headline\":\"Importante garantizar justicia a v\u00edctimas de violencia digital y medi\u00e1tica: Dra. Aim\u00e9e Vega\",\"datePublished\":\"2023-11-25T23:39:25+00:00\",\"mainEntityOfPage\":{\"@id\":\"https:\\\/\\\/canal7slp.tv\\\/2023\\\/importante-garantizar-justicia-a-victimas-de-violencia-digital-y-mediatica-dra-aimee-vega\\\/\"},\"wordCount\":403,\"publisher\":{\"@id\":\"https:\\\/\\\/canal7slp.tv\\\/2023\\\/#organization\"},\"image\":{\"@id\":\"https:\\\/\\\/canal7slp.tv\\\/2023\\\/importante-garantizar-justicia-a-victimas-de-violencia-digital-y-mediatica-dra-aimee-vega\\\/#primaryimage\"},\"thumbnailUrl\":\"https:\\\/\\\/canal7slp.tv\\\/2023\\\/wp-content\\\/uploads\\\/2023\\\/11\\\/Vazquez03AimeeVega.jpg\",\"articleSection\":[\"DESTACADAS\",\"LOCALES Y REGIONALES\"],\"inLanguage\":\"es\"},{\"@type\":\"WebPage\",\"@id\":\"https:\\\/\\\/canal7slp.tv\\\/2023\\\/importante-garantizar-justicia-a-victimas-de-violencia-digital-y-mediatica-dra-aimee-vega\\\/\",\"url\":\"https:\\\/\\\/canal7slp.tv\\\/2023\\\/importante-garantizar-justicia-a-victimas-de-violencia-digital-y-mediatica-dra-aimee-vega\\\/\",\"name\":\"Importante garantizar justicia a v\u00edctimas de violencia digital y medi\u00e1tica: Dra. Aim\u00e9e Vega - Canal 7 SLP - 2023\",\"isPartOf\":{\"@id\":\"https:\\\/\\\/canal7slp.tv\\\/2023\\\/#website\"},\"primaryImageOfPage\":{\"@id\":\"https:\\\/\\\/canal7slp.tv\\\/2023\\\/importante-garantizar-justicia-a-victimas-de-violencia-digital-y-mediatica-dra-aimee-vega\\\/#primaryimage\"},\"image\":{\"@id\":\"https:\\\/\\\/canal7slp.tv\\\/2023\\\/importante-garantizar-justicia-a-victimas-de-violencia-digital-y-mediatica-dra-aimee-vega\\\/#primaryimage\"},\"thumbnailUrl\":\"https:\\\/\\\/canal7slp.tv\\\/2023\\\/wp-content\\\/uploads\\\/2023\\\/11\\\/Vazquez03AimeeVega.jpg\",\"datePublished\":\"2023-11-25T23:39:25+00:00\",\"breadcrumb\":{\"@id\":\"https:\\\/\\\/canal7slp.tv\\\/2023\\\/importante-garantizar-justicia-a-victimas-de-violencia-digital-y-mediatica-dra-aimee-vega\\\/#breadcrumb\"},\"inLanguage\":\"es\",\"potentialAction\":[{\"@type\":\"ReadAction\",\"target\":[\"https:\\\/\\\/canal7slp.tv\\\/2023\\\/importante-garantizar-justicia-a-victimas-de-violencia-digital-y-mediatica-dra-aimee-vega\\\/\"]}]},{\"@type\":\"ImageObject\",\"inLanguage\":\"es\",\"@id\":\"https:\\\/\\\/canal7slp.tv\\\/2023\\\/importante-garantizar-justicia-a-victimas-de-violencia-digital-y-mediatica-dra-aimee-vega\\\/#primaryimage\",\"url\":\"https:\\\/\\\/canal7slp.tv\\\/2023\\\/wp-content\\\/uploads\\\/2023\\\/11\\\/Vazquez03AimeeVega.jpg\",\"contentUrl\":\"https:\\\/\\\/canal7slp.tv\\\/2023\\\/wp-content\\\/uploads\\\/2023\\\/11\\\/Vazquez03AimeeVega.jpg\",\"width\":1280,\"height\":720},{\"@type\":\"BreadcrumbList\",\"@id\":\"https:\\\/\\\/canal7slp.tv\\\/2023\\\/importante-garantizar-justicia-a-victimas-de-violencia-digital-y-mediatica-dra-aimee-vega\\\/#breadcrumb\",\"itemListElement\":[{\"@type\":\"ListItem\",\"position\":1,\"name\":\"Portada\",\"item\":\"https:\\\/\\\/canal7slp.tv\\\/2023\\\/\"},{\"@type\":\"ListItem\",\"position\":2,\"name\":\"Importante garantizar justicia a v\u00edctimas de violencia digital y medi\u00e1tica: Dra. Aim\u00e9e Vega\"}]},{\"@type\":\"WebSite\",\"@id\":\"https:\\\/\\\/canal7slp.tv\\\/2023\\\/#website\",\"url\":\"https:\\\/\\\/canal7slp.tv\\\/2023\\\/\",\"name\":\"N7 - Noticieros Canal 7\",\"description\":\"Somos Televisi\u00f3n\",\"publisher\":{\"@id\":\"https:\\\/\\\/canal7slp.tv\\\/2023\\\/#organization\"},\"potentialAction\":[{\"@type\":\"SearchAction\",\"target\":{\"@type\":\"EntryPoint\",\"urlTemplate\":\"https:\\\/\\\/canal7slp.tv\\\/2023\\\/?s={search_term_string}\"},\"query-input\":{\"@type\":\"PropertyValueSpecification\",\"valueRequired\":true,\"valueName\":\"search_term_string\"}}],\"inLanguage\":\"es\"},{\"@type\":\"Organization\",\"@id\":\"https:\\\/\\\/canal7slp.tv\\\/2023\\\/#organization\",\"name\":\"Noticieros Canal 7\",\"url\":\"https:\\\/\\\/canal7slp.tv\\\/2023\\\/\",\"logo\":{\"@type\":\"ImageObject\",\"inLanguage\":\"es\",\"@id\":\"https:\\\/\\\/canal7slp.tv\\\/2023\\\/#\\\/schema\\\/logo\\\/image\\\/\",\"url\":\"https:\\\/\\\/canal7slp.tv\\\/2023\\\/wp-content\\\/uploads\\\/2021\\\/01\\\/logo-noticieros@2x.png\",\"contentUrl\":\"https:\\\/\\\/canal7slp.tv\\\/2023\\\/wp-content\\\/uploads\\\/2021\\\/01\\\/logo-noticieros@2x.png\",\"width\":1017,\"height\":268,\"caption\":\"Noticieros Canal 7\"},\"image\":{\"@id\":\"https:\\\/\\\/canal7slp.tv\\\/2023\\\/#\\\/schema\\\/logo\\\/image\\\/\"},\"sameAs\":[\"https:\\\/\\\/www.facebook.com\\\/noticieroscanalsiete\",\"https:\\\/\\\/x.com\\\/NOTICIEROS7\",\"https:\\\/\\\/www.instagram.com\\\/canal7_slp\",\"https:\\\/\\\/www.youtube.com\\\/channel\\\/UCliiYs-gP3JfJeqdPrNdd5A\"]},{\"@type\":\"Person\",\"@id\":\"https:\\\/\\\/canal7slp.tv\\\/2023\\\/#\\\/schema\\\/person\\\/639c424e3584069003b11ae813915da6\",\"name\":\"Edici\u00f3n Web\",\"image\":{\"@type\":\"ImageObject\",\"inLanguage\":\"es\",\"@id\":\"https:\\\/\\\/secure.gravatar.com\\\/avatar\\\/eee448fc3f7164808013b816ba91ac7e43bbe82a70bebac296f8bc6f0addaa1a?s=96&d=mm&r=g\",\"url\":\"https:\\\/\\\/secure.gravatar.com\\\/avatar\\\/eee448fc3f7164808013b816ba91ac7e43bbe82a70bebac296f8bc6f0addaa1a?s=96&d=mm&r=g\",\"contentUrl\":\"https:\\\/\\\/secure.gravatar.com\\\/avatar\\\/eee448fc3f7164808013b816ba91ac7e43bbe82a70bebac296f8bc6f0addaa1a?s=96&d=mm&r=g\",\"caption\":\"Edici\u00f3n Web\"},\"url\":\"https:\\\/\\\/canal7slp.tv\\\/2023\\\/author\\\/edicionweb\\\/\"}]}<\/script>\n<!-- \/ Yoast SEO plugin. -->","yoast_head_json":{"title":"Importante garantizar justicia a v\u00edctimas de violencia digital y medi\u00e1tica: Dra. Aim\u00e9e Vega - Canal 7 SLP - 2023","robots":{"index":"index","follow":"follow","max-snippet":"max-snippet:-1","max-image-preview":"max-image-preview:large","max-video-preview":"max-video-preview:-1"},"canonical":"https:\/\/canal7slp.tv\/2023\/importante-garantizar-justicia-a-victimas-de-violencia-digital-y-mediatica-dra-aimee-vega\/","og_locale":"es_ES","og_type":"article","og_title":"Importante garantizar justicia a v\u00edctimas de violencia digital y medi\u00e1tica: Dra. Aim\u00e9e Vega - Canal 7 SLP - 2023","og_description":"SLP.- Como parte de las actividades del d\u00eda internacional de la eliminaci\u00f3n de la violencia contra las mujeres que se realizan en San Luis Potos\u00ed, se imparti\u00f3 la conferencia \u00abLa comunicaci\u00f3n en medios para empoderar a las mujeres\u00bb a manos de la especialista en derechos humanos Aim\u00e9e Vega Montiel. Seg\u00fan refiere, el principal objetivo es garantizar justicia a las mujeres cuando se habla de una violencia medi\u00e1tica o digital, misma que ha tenido un incremento con la actual era digital y de redes sociales. \u00abRecientemente logramos incorporar tres modalidades de violencia en espec\u00edfico que son la violencia pol\u00edtica contra las [&hellip;]","og_url":"https:\/\/canal7slp.tv\/2023\/importante-garantizar-justicia-a-victimas-de-violencia-digital-y-mediatica-dra-aimee-vega\/","og_site_name":"Canal 7 SLP - 2023","article_publisher":"https:\/\/www.facebook.com\/noticieroscanalsiete","article_published_time":"2023-11-25T23:39:25+00:00","og_image":[{"width":1280,"height":720,"url":"https:\/\/canal7slp.tv\/2023\/wp-content\/uploads\/2023\/11\/Vazquez03AimeeVega.jpg","type":"image\/jpeg"}],"author":"Edici\u00f3n Web","twitter_card":"summary_large_image","twitter_creator":"@NOTICIEROS7","twitter_site":"@NOTICIEROS7","twitter_misc":{"Escrito por":"Edici\u00f3n Web","Tiempo de lectura":"2 minutos"},"schema":{"@context":"https:\/\/schema.org","@graph":[{"@type":"Article","@id":"https:\/\/canal7slp.tv\/2023\/importante-garantizar-justicia-a-victimas-de-violencia-digital-y-mediatica-dra-aimee-vega\/#article","isPartOf":{"@id":"https:\/\/canal7slp.tv\/2023\/importante-garantizar-justicia-a-victimas-de-violencia-digital-y-mediatica-dra-aimee-vega\/"},"author":{"name":"Edici\u00f3n Web","@id":"https:\/\/canal7slp.tv\/2023\/#\/schema\/person\/639c424e3584069003b11ae813915da6"},"headline":"Importante garantizar justicia a v\u00edctimas de violencia digital y medi\u00e1tica: Dra. Aim\u00e9e Vega","datePublished":"2023-11-25T23:39:25+00:00","mainEntityOfPage":{"@id":"https:\/\/canal7slp.tv\/2023\/importante-garantizar-justicia-a-victimas-de-violencia-digital-y-mediatica-dra-aimee-vega\/"},"wordCount":403,"publisher":{"@id":"https:\/\/canal7slp.tv\/2023\/#organization"},"image":{"@id":"https:\/\/canal7slp.tv\/2023\/importante-garantizar-justicia-a-victimas-de-violencia-digital-y-mediatica-dra-aimee-vega\/#primaryimage"},"thumbnailUrl":"https:\/\/canal7slp.tv\/2023\/wp-content\/uploads\/2023\/11\/Vazquez03AimeeVega.jpg","articleSection":["DESTACADAS","LOCALES Y REGIONALES"],"inLanguage":"es"},{"@type":"WebPage","@id":"https:\/\/canal7slp.tv\/2023\/importante-garantizar-justicia-a-victimas-de-violencia-digital-y-mediatica-dra-aimee-vega\/","url":"https:\/\/canal7slp.tv\/2023\/importante-garantizar-justicia-a-victimas-de-violencia-digital-y-mediatica-dra-aimee-vega\/","name":"Importante garantizar justicia a v\u00edctimas de violencia digital y medi\u00e1tica: Dra. Aim\u00e9e Vega - Canal 7 SLP - 2023","isPartOf":{"@id":"https:\/\/canal7slp.tv\/2023\/#website"},"primaryImageOfPage":{"@id":"https:\/\/canal7slp.tv\/2023\/importante-garantizar-justicia-a-victimas-de-violencia-digital-y-mediatica-dra-aimee-vega\/#primaryimage"},"image":{"@id":"https:\/\/canal7slp.tv\/2023\/importante-garantizar-justicia-a-victimas-de-violencia-digital-y-mediatica-dra-aimee-vega\/#primaryimage"},"thumbnailUrl":"https:\/\/canal7slp.tv\/2023\/wp-content\/uploads\/2023\/11\/Vazquez03AimeeVega.jpg","datePublished":"2023-11-25T23:39:25+00:00","breadcrumb":{"@id":"https:\/\/canal7slp.tv\/2023\/importante-garantizar-justicia-a-victimas-de-violencia-digital-y-mediatica-dra-aimee-vega\/#breadcrumb"},"inLanguage":"es","potentialAction":[{"@type":"ReadAction","target":["https:\/\/canal7slp.tv\/2023\/importante-garantizar-justicia-a-victimas-de-violencia-digital-y-mediatica-dra-aimee-vega\/"]}]},{"@type":"ImageObject","inLanguage":"es","@id":"https:\/\/canal7slp.tv\/2023\/importante-garantizar-justicia-a-victimas-de-violencia-digital-y-mediatica-dra-aimee-vega\/#primaryimage","url":"https:\/\/canal7slp.tv\/2023\/wp-content\/uploads\/2023\/11\/Vazquez03AimeeVega.jpg","contentUrl":"https:\/\/canal7slp.tv\/2023\/wp-content\/uploads\/2023\/11\/Vazquez03AimeeVega.jpg","width":1280,"height":720},{"@type":"BreadcrumbList","@id":"https:\/\/canal7slp.tv\/2023\/importante-garantizar-justicia-a-victimas-de-violencia-digital-y-mediatica-dra-aimee-vega\/#breadcrumb","itemListElement":[{"@type":"ListItem","position":1,"name":"Portada","item":"https:\/\/canal7slp.tv\/2023\/"},{"@type":"ListItem","position":2,"name":"Importante garantizar justicia a v\u00edctimas de violencia digital y medi\u00e1tica: Dra. Aim\u00e9e Vega"}]},{"@type":"WebSite","@id":"https:\/\/canal7slp.tv\/2023\/#website","url":"https:\/\/canal7slp.tv\/2023\/","name":"N7 - Noticieros Canal 7","description":"Somos Televisi\u00f3n","publisher":{"@id":"https:\/\/canal7slp.tv\/2023\/#organization"},"potentialAction":[{"@type":"SearchAction","target":{"@type":"EntryPoint","urlTemplate":"https:\/\/canal7slp.tv\/2023\/?s={search_term_string}"},"query-input":{"@type":"PropertyValueSpecification","valueRequired":true,"valueName":"search_term_string"}}],"inLanguage":"es"},{"@type":"Organization","@id":"https:\/\/canal7slp.tv\/2023\/#organization","name":"Noticieros Canal 7","url":"https:\/\/canal7slp.tv\/2023\/","logo":{"@type":"ImageObject","inLanguage":"es","@id":"https:\/\/canal7slp.tv\/2023\/#\/schema\/logo\/image\/","url":"https:\/\/canal7slp.tv\/2023\/wp-content\/uploads\/2021\/01\/logo-noticieros@2x.png","contentUrl":"https:\/\/canal7slp.tv\/2023\/wp-content\/uploads\/2021\/01\/logo-noticieros@2x.png","width":1017,"height":268,"caption":"Noticieros Canal 7"},"image":{"@id":"https:\/\/canal7slp.tv\/2023\/#\/schema\/logo\/image\/"},"sameAs":["https:\/\/www.facebook.com\/noticieroscanalsiete","https:\/\/x.com\/NOTICIEROS7","https:\/\/www.instagram.com\/canal7_slp","https:\/\/www.youtube.com\/channel\/UCliiYs-gP3JfJeqdPrNdd5A"]},{"@type":"Person","@id":"https:\/\/canal7slp.tv\/2023\/#\/schema\/person\/639c424e3584069003b11ae813915da6","name":"Edici\u00f3n Web","image":{"@type":"ImageObject","inLanguage":"es","@id":"https:\/\/secure.gravatar.com\/avatar\/eee448fc3f7164808013b816ba91ac7e43bbe82a70bebac296f8bc6f0addaa1a?s=96&d=mm&r=g","url":"https:\/\/secure.gravatar.com\/avatar\/eee448fc3f7164808013b816ba91ac7e43bbe82a70bebac296f8bc6f0addaa1a?s=96&d=mm&r=g","contentUrl":"https:\/\/secure.gravatar.com\/avatar\/eee448fc3f7164808013b816ba91ac7e43bbe82a70bebac296f8bc6f0addaa1a?s=96&d=mm&r=g","caption":"Edici\u00f3n Web"},"url":"https:\/\/canal7slp.tv\/2023\/author\/edicionweb\/"}]}},"_links":{"self":[{"href":"https:\/\/canal7slp.tv\/2023\/wp-json\/wp\/v2\/posts\/114180","targetHints":{"allow":["GET"]}}],"collection":[{"href":"https:\/\/canal7slp.tv\/2023\/wp-json\/wp\/v2\/posts"}],"about":[{"href":"https:\/\/canal7slp.tv\/2023\/wp-json\/wp\/v2\/types\/post"}],"author":[{"embeddable":true,"href":"https:\/\/canal7slp.tv\/2023\/wp-json\/wp\/v2\/users\/2"}],"replies":[{"embeddable":true,"href":"https:\/\/canal7slp.tv\/2023\/wp-json\/wp\/v2\/comments?post=114180"}],"version-history":[{"count":2,"href":"https:\/\/canal7slp.tv\/2023\/wp-json\/wp\/v2\/posts\/114180\/revisions"}],"predecessor-version":[{"id":114184,"href":"https:\/\/canal7slp.tv\/2023\/wp-json\/wp\/v2\/posts\/114180\/revisions\/114184"}],"wp:featuredmedia":[{"embeddable":true,"href":"https:\/\/canal7slp.tv\/2023\/wp-json\/wp\/v2\/media\/114182"}],"wp:attachment":[{"href":"https:\/\/canal7slp.tv\/2023\/wp-json\/wp\/v2\/media?parent=114180"}],"wp:term":[{"taxonomy":"category","embeddable":true,"href":"https:\/\/canal7slp.tv\/2023\/wp-json\/wp\/v2\/categories?post=114180"},{"taxonomy":"post_tag","embeddable":true,"href":"https:\/\/canal7slp.tv\/2023\/wp-json\/wp\/v2\/tags?post=114180"}],"curies":[{"name":"wp","href":"https:\/\/api.w.org\/{rel}","templated":true}]}}