{"id":114176,"date":"2023-11-25T17:28:26","date_gmt":"2023-11-25T23:28:26","guid":{"rendered":"https:\/\/canal7slp.tv\/2023\/?p=114176"},"modified":"2023-11-25T17:28:26","modified_gmt":"2023-11-25T23:28:26","slug":"con-mas-de-200-actividades-arranco-imes-16-dias-de-activismo-por-el-25n","status":"publish","type":"post","link":"https:\/\/canal7slp.tv\/2023\/con-mas-de-200-actividades-arranco-imes-16-dias-de-activismo-por-el-25n\/","title":{"rendered":"Con m\u00e1s de 200 actividades arranc\u00f3 IMES 16 d\u00edas de activismo por el 25N"},"content":{"rendered":"<p style=\"text-align: justify;\">SLP.- El Instituto de las Mujeres del Estado de San Luis Potos\u00ed dio arranque a las actividades con motivo del 25N, D\u00eda Internacional de la Eliminaci\u00f3n de la Violencia Contra las Mujeres.<\/p>\n<p style=\"text-align: justify;\">Fue la titular, Gloria Serrato S\u00e1nchez, qui\u00e9n destac\u00f3 una agenda de m\u00e1s de 200 eventos a realizar para la conmemoraci\u00f3n de este dia.<\/p>\n<p style=\"text-align: justify;\">\u00abLas acciones que como autoridades, como organismos aut\u00f3nomos, como sociedad de organizaciones empresariales y poblaci\u00f3n en general, hemos realizado a favor de la eliminaci\u00f3n de las diferentes formas de violencia contra las mujeres, todas y todos contribuimos a ponerle fin a los actos acciones u omisiones que menoscaban los derechos de todas\u00bb, dijo al inicio de su intervenci\u00f3n.<\/p>\n<p style=\"text-align: justify;\">Continu\u00f3: \u00abNos hemos organizado con m\u00e1s de doscientas actividades solamente para los 16 d\u00edas de activismo en miras de sensibilizar a la poblaci\u00f3n de las brechas de desigualdad que generan actos de violencia contra las mujeres\u00bb.<\/p>\n<p style=\"text-align: justify;\">La funcionaria habl\u00f3 sobre el trabajo que se realiza desde el instituto con atenciones, servicios y acciones \u00edntegrales y que van encaminadas en materia psicol\u00f3gica, de asesor\u00eda jur\u00eddica o de trabajo social.<\/p>\n<p style=\"text-align: justify;\">\u00abQuiero decirles que hoy llegamos ya con atenci\u00f3n integral a 44 municipios del estado, este a\u00f1o nos enfocamos en seis municipios prioritarios con estrategias de prevenci\u00f3n de las violencias contra las mujeres: con talleres, con pl\u00e1ticas en escuelas, en canchas, debajo de un \u00e1rbol, en la casa de alguna compa\u00f1era, en las comunidades\u00bb, agreg\u00f3.<\/p>\n<p style=\"text-align: justify;\">Aunado a ello, Serrato S\u00e1nchez mencion\u00f3 que para el Imes se buscar\u00e1 fortalecer un empoderamiento econ\u00f3mico entre las mujeres de San Luis Potos\u00ed.<\/p>\n<p style=\"text-align: justify;\">\u00abLa meta es vivir en paz, nuestros derechos, nuestro poder de decisi\u00f3n, nuestra diversidad de pensamiento, de construir nuestro futuro est\u00e1 a salvo, podemos ser nosotras; por ello, este 25 de noviembre reafirmamos el compromiso de seguir trabajando todas y todos para eliminar la violencia de cualquier tipo contra nosotras\u00bb, termin\u00f3.<\/p>\n<p style=\"text-align: justify;\">Por: Jos\u00e9 Luis V\u00e1zquez<\/p>\n","protected":false},"excerpt":{"rendered":"<p>SLP.- El Instituto de las Mujeres del Estado de San Luis Potos\u00ed dio arranque a las actividades con motivo del 25N, D\u00eda Internacional de la Eliminaci\u00f3n de la Violencia Contra las Mujeres. Fue la titular, Gloria Serrato S\u00e1nchez, qui\u00e9n destac\u00f3 una agenda de m\u00e1s de 200 eventos a realizar para la conmemoraci\u00f3n de este dia. \u00abLas acciones que como autoridades, como organismos aut\u00f3nomos, como sociedad de organizaciones empresariales y poblaci\u00f3n en general, hemos realizado a favor de la eliminaci\u00f3n de las diferentes formas de violencia contra las mujeres, todas y todos contribuimos a ponerle fin a los actos acciones u [&hellip;]<\/p>\n","protected":false},"author":2,"featured_media":114178,"comment_status":"closed","ping_status":"closed","sticky":false,"template":"","format":"video","meta":{"footnotes":""},"categories":[5,45],"tags":[],"class_list":["post-114176","post","type-post","status-publish","format-video","has-post-thumbnail","hentry","category-destacadas","category-localesyregionales","post_format-post-format-video","post--single"],"yoast_head":"<!-- This site is optimized with the Yoast SEO plugin v27.5 - https:\/\/yoast.com\/product\/yoast-seo-wordpress\/ -->\n<title>Con m\u00e1s de 200 actividades arranc\u00f3 IMES 16 d\u00edas de activismo por el 25N - Canal 7 SLP - 2023<\/title>\n<meta name=\"robots\" content=\"index, follow, max-snippet:-1, max-image-preview:large, max-video-preview:-1\" \/>\n<link rel=\"canonical\" href=\"https:\/\/canal7slp.tv\/2023\/con-mas-de-200-actividades-arranco-imes-16-dias-de-activismo-por-el-25n\/\" \/>\n<meta property=\"og:locale\" content=\"es_ES\" \/>\n<meta property=\"og:type\" content=\"article\" \/>\n<meta property=\"og:title\" content=\"Con m\u00e1s de 200 actividades arranc\u00f3 IMES 16 d\u00edas de activismo por el 25N - Canal 7 SLP - 2023\" \/>\n<meta property=\"og:description\" content=\"SLP.- El Instituto de las Mujeres del Estado de San Luis Potos\u00ed dio arranque a las actividades con motivo del 25N, D\u00eda Internacional de la Eliminaci\u00f3n de la Violencia Contra las Mujeres. Fue la titular, Gloria Serrato S\u00e1nchez, qui\u00e9n destac\u00f3 una agenda de m\u00e1s de 200 eventos a realizar para la conmemoraci\u00f3n de este dia. \u00abLas acciones que como autoridades, como organismos aut\u00f3nomos, como sociedad de organizaciones empresariales y poblaci\u00f3n en general, hemos realizado a favor de la eliminaci\u00f3n de las diferentes formas de violencia contra las mujeres, todas y todos contribuimos a ponerle fin a los actos acciones u [&hellip;]\" \/>\n<meta property=\"og:url\" content=\"https:\/\/canal7slp.tv\/2023\/con-mas-de-200-actividades-arranco-imes-16-dias-de-activismo-por-el-25n\/\" \/>\n<meta property=\"og:site_name\" content=\"Canal 7 SLP - 2023\" \/>\n<meta property=\"article:publisher\" content=\"https:\/\/www.facebook.com\/noticieroscanalsiete\" \/>\n<meta property=\"article:published_time\" content=\"2023-11-25T23:28:26+00:00\" \/>\n<meta property=\"og:image\" content=\"https:\/\/canal7slp.tv\/2023\/wp-content\/uploads\/2023\/11\/Vazquez02Arranque25N.jpg\" \/>\n\t<meta property=\"og:image:width\" content=\"1280\" \/>\n\t<meta property=\"og:image:height\" content=\"720\" \/>\n\t<meta property=\"og:image:type\" content=\"image\/jpeg\" \/>\n<meta name=\"author\" content=\"Edici\u00f3n Web\" \/>\n<meta name=\"twitter:card\" content=\"summary_large_image\" \/>\n<meta name=\"twitter:creator\" content=\"@NOTICIEROS7\" \/>\n<meta name=\"twitter:site\" content=\"@NOTICIEROS7\" \/>\n<meta name=\"twitter:label1\" content=\"Escrito por\" \/>\n\t<meta name=\"twitter:data1\" content=\"Edici\u00f3n Web\" \/>\n\t<meta name=\"twitter:label2\" content=\"Tiempo de lectura\" \/>\n\t<meta name=\"twitter:data2\" content=\"2 minutos\" \/>\n<script type=\"application\/ld+json\" class=\"yoast-schema-graph\">{\"@context\":\"https:\\\/\\\/schema.org\",\"@graph\":[{\"@type\":\"Article\",\"@id\":\"https:\\\/\\\/canal7slp.tv\\\/2023\\\/con-mas-de-200-actividades-arranco-imes-16-dias-de-activismo-por-el-25n\\\/#article\",\"isPartOf\":{\"@id\":\"https:\\\/\\\/canal7slp.tv\\\/2023\\\/con-mas-de-200-actividades-arranco-imes-16-dias-de-activismo-por-el-25n\\\/\"},\"author\":{\"name\":\"Edici\u00f3n Web\",\"@id\":\"https:\\\/\\\/canal7slp.tv\\\/2023\\\/#\\\/schema\\\/person\\\/639c424e3584069003b11ae813915da6\"},\"headline\":\"Con m\u00e1s de 200 actividades arranc\u00f3 IMES 16 d\u00edas de activismo por el 25N\",\"datePublished\":\"2023-11-25T23:28:26+00:00\",\"mainEntityOfPage\":{\"@id\":\"https:\\\/\\\/canal7slp.tv\\\/2023\\\/con-mas-de-200-actividades-arranco-imes-16-dias-de-activismo-por-el-25n\\\/\"},\"wordCount\":349,\"publisher\":{\"@id\":\"https:\\\/\\\/canal7slp.tv\\\/2023\\\/#organization\"},\"image\":{\"@id\":\"https:\\\/\\\/canal7slp.tv\\\/2023\\\/con-mas-de-200-actividades-arranco-imes-16-dias-de-activismo-por-el-25n\\\/#primaryimage\"},\"thumbnailUrl\":\"https:\\\/\\\/canal7slp.tv\\\/2023\\\/wp-content\\\/uploads\\\/2023\\\/11\\\/Vazquez02Arranque25N.jpg\",\"articleSection\":[\"DESTACADAS\",\"LOCALES Y REGIONALES\"],\"inLanguage\":\"es\"},{\"@type\":\"WebPage\",\"@id\":\"https:\\\/\\\/canal7slp.tv\\\/2023\\\/con-mas-de-200-actividades-arranco-imes-16-dias-de-activismo-por-el-25n\\\/\",\"url\":\"https:\\\/\\\/canal7slp.tv\\\/2023\\\/con-mas-de-200-actividades-arranco-imes-16-dias-de-activismo-por-el-25n\\\/\",\"name\":\"Con m\u00e1s de 200 actividades arranc\u00f3 IMES 16 d\u00edas de activismo por el 25N - Canal 7 SLP - 2023\",\"isPartOf\":{\"@id\":\"https:\\\/\\\/canal7slp.tv\\\/2023\\\/#website\"},\"primaryImageOfPage\":{\"@id\":\"https:\\\/\\\/canal7slp.tv\\\/2023\\\/con-mas-de-200-actividades-arranco-imes-16-dias-de-activismo-por-el-25n\\\/#primaryimage\"},\"image\":{\"@id\":\"https:\\\/\\\/canal7slp.tv\\\/2023\\\/con-mas-de-200-actividades-arranco-imes-16-dias-de-activismo-por-el-25n\\\/#primaryimage\"},\"thumbnailUrl\":\"https:\\\/\\\/canal7slp.tv\\\/2023\\\/wp-content\\\/uploads\\\/2023\\\/11\\\/Vazquez02Arranque25N.jpg\",\"datePublished\":\"2023-11-25T23:28:26+00:00\",\"breadcrumb\":{\"@id\":\"https:\\\/\\\/canal7slp.tv\\\/2023\\\/con-mas-de-200-actividades-arranco-imes-16-dias-de-activismo-por-el-25n\\\/#breadcrumb\"},\"inLanguage\":\"es\",\"potentialAction\":[{\"@type\":\"ReadAction\",\"target\":[\"https:\\\/\\\/canal7slp.tv\\\/2023\\\/con-mas-de-200-actividades-arranco-imes-16-dias-de-activismo-por-el-25n\\\/\"]}]},{\"@type\":\"ImageObject\",\"inLanguage\":\"es\",\"@id\":\"https:\\\/\\\/canal7slp.tv\\\/2023\\\/con-mas-de-200-actividades-arranco-imes-16-dias-de-activismo-por-el-25n\\\/#primaryimage\",\"url\":\"https:\\\/\\\/canal7slp.tv\\\/2023\\\/wp-content\\\/uploads\\\/2023\\\/11\\\/Vazquez02Arranque25N.jpg\",\"contentUrl\":\"https:\\\/\\\/canal7slp.tv\\\/2023\\\/wp-content\\\/uploads\\\/2023\\\/11\\\/Vazquez02Arranque25N.jpg\",\"width\":1280,\"height\":720},{\"@type\":\"BreadcrumbList\",\"@id\":\"https:\\\/\\\/canal7slp.tv\\\/2023\\\/con-mas-de-200-actividades-arranco-imes-16-dias-de-activismo-por-el-25n\\\/#breadcrumb\",\"itemListElement\":[{\"@type\":\"ListItem\",\"position\":1,\"name\":\"Portada\",\"item\":\"https:\\\/\\\/canal7slp.tv\\\/2023\\\/\"},{\"@type\":\"ListItem\",\"position\":2,\"name\":\"Con m\u00e1s de 200 actividades arranc\u00f3 IMES 16 d\u00edas de activismo por el 25N\"}]},{\"@type\":\"WebSite\",\"@id\":\"https:\\\/\\\/canal7slp.tv\\\/2023\\\/#website\",\"url\":\"https:\\\/\\\/canal7slp.tv\\\/2023\\\/\",\"name\":\"N7 - Noticieros Canal 7\",\"description\":\"Somos Televisi\u00f3n\",\"publisher\":{\"@id\":\"https:\\\/\\\/canal7slp.tv\\\/2023\\\/#organization\"},\"potentialAction\":[{\"@type\":\"SearchAction\",\"target\":{\"@type\":\"EntryPoint\",\"urlTemplate\":\"https:\\\/\\\/canal7slp.tv\\\/2023\\\/?s={search_term_string}\"},\"query-input\":{\"@type\":\"PropertyValueSpecification\",\"valueRequired\":true,\"valueName\":\"search_term_string\"}}],\"inLanguage\":\"es\"},{\"@type\":\"Organization\",\"@id\":\"https:\\\/\\\/canal7slp.tv\\\/2023\\\/#organization\",\"name\":\"Noticieros Canal 7\",\"url\":\"https:\\\/\\\/canal7slp.tv\\\/2023\\\/\",\"logo\":{\"@type\":\"ImageObject\",\"inLanguage\":\"es\",\"@id\":\"https:\\\/\\\/canal7slp.tv\\\/2023\\\/#\\\/schema\\\/logo\\\/image\\\/\",\"url\":\"https:\\\/\\\/canal7slp.tv\\\/2023\\\/wp-content\\\/uploads\\\/2021\\\/01\\\/logo-noticieros@2x.png\",\"contentUrl\":\"https:\\\/\\\/canal7slp.tv\\\/2023\\\/wp-content\\\/uploads\\\/2021\\\/01\\\/logo-noticieros@2x.png\",\"width\":1017,\"height\":268,\"caption\":\"Noticieros Canal 7\"},\"image\":{\"@id\":\"https:\\\/\\\/canal7slp.tv\\\/2023\\\/#\\\/schema\\\/logo\\\/image\\\/\"},\"sameAs\":[\"https:\\\/\\\/www.facebook.com\\\/noticieroscanalsiete\",\"https:\\\/\\\/x.com\\\/NOTICIEROS7\",\"https:\\\/\\\/www.instagram.com\\\/canal7_slp\",\"https:\\\/\\\/www.youtube.com\\\/channel\\\/UCliiYs-gP3JfJeqdPrNdd5A\"]},{\"@type\":\"Person\",\"@id\":\"https:\\\/\\\/canal7slp.tv\\\/2023\\\/#\\\/schema\\\/person\\\/639c424e3584069003b11ae813915da6\",\"name\":\"Edici\u00f3n Web\",\"image\":{\"@type\":\"ImageObject\",\"inLanguage\":\"es\",\"@id\":\"https:\\\/\\\/secure.gravatar.com\\\/avatar\\\/eee448fc3f7164808013b816ba91ac7e43bbe82a70bebac296f8bc6f0addaa1a?s=96&d=mm&r=g\",\"url\":\"https:\\\/\\\/secure.gravatar.com\\\/avatar\\\/eee448fc3f7164808013b816ba91ac7e43bbe82a70bebac296f8bc6f0addaa1a?s=96&d=mm&r=g\",\"contentUrl\":\"https:\\\/\\\/secure.gravatar.com\\\/avatar\\\/eee448fc3f7164808013b816ba91ac7e43bbe82a70bebac296f8bc6f0addaa1a?s=96&d=mm&r=g\",\"caption\":\"Edici\u00f3n Web\"},\"url\":\"https:\\\/\\\/canal7slp.tv\\\/2023\\\/author\\\/edicionweb\\\/\"}]}<\/script>\n<!-- \/ Yoast SEO plugin. -->","yoast_head_json":{"title":"Con m\u00e1s de 200 actividades arranc\u00f3 IMES 16 d\u00edas de activismo por el 25N - Canal 7 SLP - 2023","robots":{"index":"index","follow":"follow","max-snippet":"max-snippet:-1","max-image-preview":"max-image-preview:large","max-video-preview":"max-video-preview:-1"},"canonical":"https:\/\/canal7slp.tv\/2023\/con-mas-de-200-actividades-arranco-imes-16-dias-de-activismo-por-el-25n\/","og_locale":"es_ES","og_type":"article","og_title":"Con m\u00e1s de 200 actividades arranc\u00f3 IMES 16 d\u00edas de activismo por el 25N - Canal 7 SLP - 2023","og_description":"SLP.- El Instituto de las Mujeres del Estado de San Luis Potos\u00ed dio arranque a las actividades con motivo del 25N, D\u00eda Internacional de la Eliminaci\u00f3n de la Violencia Contra las Mujeres. Fue la titular, Gloria Serrato S\u00e1nchez, qui\u00e9n destac\u00f3 una agenda de m\u00e1s de 200 eventos a realizar para la conmemoraci\u00f3n de este dia. \u00abLas acciones que como autoridades, como organismos aut\u00f3nomos, como sociedad de organizaciones empresariales y poblaci\u00f3n en general, hemos realizado a favor de la eliminaci\u00f3n de las diferentes formas de violencia contra las mujeres, todas y todos contribuimos a ponerle fin a los actos acciones u [&hellip;]","og_url":"https:\/\/canal7slp.tv\/2023\/con-mas-de-200-actividades-arranco-imes-16-dias-de-activismo-por-el-25n\/","og_site_name":"Canal 7 SLP - 2023","article_publisher":"https:\/\/www.facebook.com\/noticieroscanalsiete","article_published_time":"2023-11-25T23:28:26+00:00","og_image":[{"width":1280,"height":720,"url":"https:\/\/canal7slp.tv\/2023\/wp-content\/uploads\/2023\/11\/Vazquez02Arranque25N.jpg","type":"image\/jpeg"}],"author":"Edici\u00f3n Web","twitter_card":"summary_large_image","twitter_creator":"@NOTICIEROS7","twitter_site":"@NOTICIEROS7","twitter_misc":{"Escrito por":"Edici\u00f3n Web","Tiempo de lectura":"2 minutos"},"schema":{"@context":"https:\/\/schema.org","@graph":[{"@type":"Article","@id":"https:\/\/canal7slp.tv\/2023\/con-mas-de-200-actividades-arranco-imes-16-dias-de-activismo-por-el-25n\/#article","isPartOf":{"@id":"https:\/\/canal7slp.tv\/2023\/con-mas-de-200-actividades-arranco-imes-16-dias-de-activismo-por-el-25n\/"},"author":{"name":"Edici\u00f3n Web","@id":"https:\/\/canal7slp.tv\/2023\/#\/schema\/person\/639c424e3584069003b11ae813915da6"},"headline":"Con m\u00e1s de 200 actividades arranc\u00f3 IMES 16 d\u00edas de activismo por el 25N","datePublished":"2023-11-25T23:28:26+00:00","mainEntityOfPage":{"@id":"https:\/\/canal7slp.tv\/2023\/con-mas-de-200-actividades-arranco-imes-16-dias-de-activismo-por-el-25n\/"},"wordCount":349,"publisher":{"@id":"https:\/\/canal7slp.tv\/2023\/#organization"},"image":{"@id":"https:\/\/canal7slp.tv\/2023\/con-mas-de-200-actividades-arranco-imes-16-dias-de-activismo-por-el-25n\/#primaryimage"},"thumbnailUrl":"https:\/\/canal7slp.tv\/2023\/wp-content\/uploads\/2023\/11\/Vazquez02Arranque25N.jpg","articleSection":["DESTACADAS","LOCALES Y REGIONALES"],"inLanguage":"es"},{"@type":"WebPage","@id":"https:\/\/canal7slp.tv\/2023\/con-mas-de-200-actividades-arranco-imes-16-dias-de-activismo-por-el-25n\/","url":"https:\/\/canal7slp.tv\/2023\/con-mas-de-200-actividades-arranco-imes-16-dias-de-activismo-por-el-25n\/","name":"Con m\u00e1s de 200 actividades arranc\u00f3 IMES 16 d\u00edas de activismo por el 25N - Canal 7 SLP - 2023","isPartOf":{"@id":"https:\/\/canal7slp.tv\/2023\/#website"},"primaryImageOfPage":{"@id":"https:\/\/canal7slp.tv\/2023\/con-mas-de-200-actividades-arranco-imes-16-dias-de-activismo-por-el-25n\/#primaryimage"},"image":{"@id":"https:\/\/canal7slp.tv\/2023\/con-mas-de-200-actividades-arranco-imes-16-dias-de-activismo-por-el-25n\/#primaryimage"},"thumbnailUrl":"https:\/\/canal7slp.tv\/2023\/wp-content\/uploads\/2023\/11\/Vazquez02Arranque25N.jpg","datePublished":"2023-11-25T23:28:26+00:00","breadcrumb":{"@id":"https:\/\/canal7slp.tv\/2023\/con-mas-de-200-actividades-arranco-imes-16-dias-de-activismo-por-el-25n\/#breadcrumb"},"inLanguage":"es","potentialAction":[{"@type":"ReadAction","target":["https:\/\/canal7slp.tv\/2023\/con-mas-de-200-actividades-arranco-imes-16-dias-de-activismo-por-el-25n\/"]}]},{"@type":"ImageObject","inLanguage":"es","@id":"https:\/\/canal7slp.tv\/2023\/con-mas-de-200-actividades-arranco-imes-16-dias-de-activismo-por-el-25n\/#primaryimage","url":"https:\/\/canal7slp.tv\/2023\/wp-content\/uploads\/2023\/11\/Vazquez02Arranque25N.jpg","contentUrl":"https:\/\/canal7slp.tv\/2023\/wp-content\/uploads\/2023\/11\/Vazquez02Arranque25N.jpg","width":1280,"height":720},{"@type":"BreadcrumbList","@id":"https:\/\/canal7slp.tv\/2023\/con-mas-de-200-actividades-arranco-imes-16-dias-de-activismo-por-el-25n\/#breadcrumb","itemListElement":[{"@type":"ListItem","position":1,"name":"Portada","item":"https:\/\/canal7slp.tv\/2023\/"},{"@type":"ListItem","position":2,"name":"Con m\u00e1s de 200 actividades arranc\u00f3 IMES 16 d\u00edas de activismo por el 25N"}]},{"@type":"WebSite","@id":"https:\/\/canal7slp.tv\/2023\/#website","url":"https:\/\/canal7slp.tv\/2023\/","name":"N7 - Noticieros Canal 7","description":"Somos Televisi\u00f3n","publisher":{"@id":"https:\/\/canal7slp.tv\/2023\/#organization"},"potentialAction":[{"@type":"SearchAction","target":{"@type":"EntryPoint","urlTemplate":"https:\/\/canal7slp.tv\/2023\/?s={search_term_string}"},"query-input":{"@type":"PropertyValueSpecification","valueRequired":true,"valueName":"search_term_string"}}],"inLanguage":"es"},{"@type":"Organization","@id":"https:\/\/canal7slp.tv\/2023\/#organization","name":"Noticieros Canal 7","url":"https:\/\/canal7slp.tv\/2023\/","logo":{"@type":"ImageObject","inLanguage":"es","@id":"https:\/\/canal7slp.tv\/2023\/#\/schema\/logo\/image\/","url":"https:\/\/canal7slp.tv\/2023\/wp-content\/uploads\/2021\/01\/logo-noticieros@2x.png","contentUrl":"https:\/\/canal7slp.tv\/2023\/wp-content\/uploads\/2021\/01\/logo-noticieros@2x.png","width":1017,"height":268,"caption":"Noticieros Canal 7"},"image":{"@id":"https:\/\/canal7slp.tv\/2023\/#\/schema\/logo\/image\/"},"sameAs":["https:\/\/www.facebook.com\/noticieroscanalsiete","https:\/\/x.com\/NOTICIEROS7","https:\/\/www.instagram.com\/canal7_slp","https:\/\/www.youtube.com\/channel\/UCliiYs-gP3JfJeqdPrNdd5A"]},{"@type":"Person","@id":"https:\/\/canal7slp.tv\/2023\/#\/schema\/person\/639c424e3584069003b11ae813915da6","name":"Edici\u00f3n Web","image":{"@type":"ImageObject","inLanguage":"es","@id":"https:\/\/secure.gravatar.com\/avatar\/eee448fc3f7164808013b816ba91ac7e43bbe82a70bebac296f8bc6f0addaa1a?s=96&d=mm&r=g","url":"https:\/\/secure.gravatar.com\/avatar\/eee448fc3f7164808013b816ba91ac7e43bbe82a70bebac296f8bc6f0addaa1a?s=96&d=mm&r=g","contentUrl":"https:\/\/secure.gravatar.com\/avatar\/eee448fc3f7164808013b816ba91ac7e43bbe82a70bebac296f8bc6f0addaa1a?s=96&d=mm&r=g","caption":"Edici\u00f3n Web"},"url":"https:\/\/canal7slp.tv\/2023\/author\/edicionweb\/"}]}},"_links":{"self":[{"href":"https:\/\/canal7slp.tv\/2023\/wp-json\/wp\/v2\/posts\/114176","targetHints":{"allow":["GET"]}}],"collection":[{"href":"https:\/\/canal7slp.tv\/2023\/wp-json\/wp\/v2\/posts"}],"about":[{"href":"https:\/\/canal7slp.tv\/2023\/wp-json\/wp\/v2\/types\/post"}],"author":[{"embeddable":true,"href":"https:\/\/canal7slp.tv\/2023\/wp-json\/wp\/v2\/users\/2"}],"replies":[{"embeddable":true,"href":"https:\/\/canal7slp.tv\/2023\/wp-json\/wp\/v2\/comments?post=114176"}],"version-history":[{"count":1,"href":"https:\/\/canal7slp.tv\/2023\/wp-json\/wp\/v2\/posts\/114176\/revisions"}],"predecessor-version":[{"id":114179,"href":"https:\/\/canal7slp.tv\/2023\/wp-json\/wp\/v2\/posts\/114176\/revisions\/114179"}],"wp:featuredmedia":[{"embeddable":true,"href":"https:\/\/canal7slp.tv\/2023\/wp-json\/wp\/v2\/media\/114178"}],"wp:attachment":[{"href":"https:\/\/canal7slp.tv\/2023\/wp-json\/wp\/v2\/media?parent=114176"}],"wp:term":[{"taxonomy":"category","embeddable":true,"href":"https:\/\/canal7slp.tv\/2023\/wp-json\/wp\/v2\/categories?post=114176"},{"taxonomy":"post_tag","embeddable":true,"href":"https:\/\/canal7slp.tv\/2023\/wp-json\/wp\/v2\/tags?post=114176"}],"curies":[{"name":"wp","href":"https:\/\/api.w.org\/{rel}","templated":true}]}}