{"id":114172,"date":"2023-11-25T17:23:23","date_gmt":"2023-11-25T23:23:23","guid":{"rendered":"https:\/\/canal7slp.tv\/2023\/?p=114172"},"modified":"2023-11-25T17:23:40","modified_gmt":"2023-11-25T23:23:40","slug":"gobierno-del-estado-se-mantendra-al-margen-durante-la-movilizacion-de-este-25n-gallardo","status":"publish","type":"post","link":"https:\/\/canal7slp.tv\/2023\/gobierno-del-estado-se-mantendra-al-margen-durante-la-movilizacion-de-este-25n-gallardo\/","title":{"rendered":"Gobierno del Estado se mantendr\u00e1 al margen durante la movilizaci\u00f3n de este 25N: Gallardo"},"content":{"rendered":"<p style=\"text-align: justify;\">SLP.- El jefe del ejecutivo local en San Luis Potos\u00ed, Ricardo Gallardo Cardona, descart\u00f3 que haya alg\u00fan tipo de intervenci\u00f3n por parte del estado durante la marcha del pr\u00f3ximo 25N, Dia Internacional de la Eliminaci\u00f3n de la Violencia Contra las Mujeres.<\/p>\n<p style=\"text-align: justify;\">\u00abCon mucho respeto, vamos a dejar que la mujer sea libre, que transcurre su marcha con mucho respeto, vamos a dejar que hagan todo lo que ellas quieren hacer ese d\u00eda porque yo creo que est\u00e1n mucho su derecho\u00bb, dijo.<\/p>\n<p style=\"text-align: justify;\">E insisti\u00f3: \u00abEst\u00e1n en una situaci\u00f3n donde ellas se est\u00e1n desahogando por un tema, se sintieron violentadas en su momento, yo creo que es v\u00e1lido, solo hay que actuar c.on mucho respeto\u00bb.<\/p>\n<p style=\"text-align: justify;\">En ese sentido, el funcionario habl\u00f3 sobre una petici\u00f3n realizada a los diferentes entes para que no realicen ning\u00fan tipo de acto que pudiera vulnerar el derecho de las manifestantes.<\/p>\n<p style=\"text-align: justify;\">\u00abLe he pedido a todas las instituciones p\u00fablicas, OPDs, ayuntamientos, que se mantengan al margen de esa marcha y que nadie act\u00fae confrontando o tratando de da\u00f1ar esas marchas que no las manchen\u00bb, agreg\u00f3.<\/p>\n<p style=\"text-align: justify;\">Sin embargo, Gallardo Cardona indic\u00f3 que si habr\u00e1 vigilancia para evitar la intromisi\u00f3n de grupos de choque que pudieran desvirtuar el movimiento.<\/p>\n<p style=\"text-align: justify;\">\u00abHay de repente grupos o activistas que se meten o se infiltran a las marchas para poder deshonrar la marcha de ellas y empiezan a hacer destrozos que ellas no hacen, pero son grupos que se filtran y hay que estar al pendiente porque siempre son con doble fin para tratar de manchar instituciones\u00bb, sentenci\u00f3.<\/p>\n<p style=\"text-align: justify;\">Record\u00f3 que el a\u00f1o pasado se presentaron algunas situaciones que buscar\u00e1n no se repitan en esta ocasi\u00f3n.<\/p>\n<p style=\"text-align: justify;\">\u00abLa vez pasada le fue como en feria a la universidad, nos fue en feria a nosotros y hubo lugares donde ni siquiera los mancharon con el p\u00e9talo de una rosa curiosamente, entonces, hay que cuidar esa parte\u00bb, termin\u00f3.<\/p>\n<p>Por: Jos\u00e9 Luis V\u00e1zquez<\/p>\n","protected":false},"excerpt":{"rendered":"<p>SLP.- El jefe del ejecutivo local en San Luis Potos\u00ed, Ricardo Gallardo Cardona, descart\u00f3 que haya alg\u00fan tipo de intervenci\u00f3n por parte del estado durante la marcha del pr\u00f3ximo 25N, Dia Internacional de la Eliminaci\u00f3n de la Violencia Contra las Mujeres. \u00abCon mucho respeto, vamos a dejar que la mujer sea libre, que transcurre su marcha con mucho respeto, vamos a dejar que hagan todo lo que ellas quieren hacer ese d\u00eda porque yo creo que est\u00e1n mucho su derecho\u00bb, dijo. E insisti\u00f3: \u00abEst\u00e1n en una situaci\u00f3n donde ellas se est\u00e1n desahogando por un tema, se sintieron violentadas en su [&hellip;]<\/p>\n","protected":false},"author":2,"featured_media":114174,"comment_status":"closed","ping_status":"closed","sticky":false,"template":"","format":"video","meta":{"footnotes":""},"categories":[5,510,45],"tags":[],"class_list":["post-114172","post","type-post","status-publish","format-video","has-post-thumbnail","hentry","category-destacadas","category-gobedoslp","category-localesyregionales","post_format-post-format-video","post--single"],"yoast_head":"<!-- This site is optimized with the Yoast SEO plugin v27.5 - https:\/\/yoast.com\/product\/yoast-seo-wordpress\/ -->\n<title>Gobierno del Estado se mantendr\u00e1 al margen durante la movilizaci\u00f3n de este 25N: Gallardo - Canal 7 SLP - 2023<\/title>\n<meta name=\"robots\" content=\"index, follow, max-snippet:-1, max-image-preview:large, max-video-preview:-1\" \/>\n<link rel=\"canonical\" href=\"https:\/\/canal7slp.tv\/2023\/gobierno-del-estado-se-mantendra-al-margen-durante-la-movilizacion-de-este-25n-gallardo\/\" \/>\n<meta property=\"og:locale\" content=\"es_ES\" \/>\n<meta property=\"og:type\" content=\"article\" \/>\n<meta property=\"og:title\" content=\"Gobierno del Estado se mantendr\u00e1 al margen durante la movilizaci\u00f3n de este 25N: Gallardo - Canal 7 SLP - 2023\" \/>\n<meta property=\"og:description\" content=\"SLP.- El jefe del ejecutivo local en San Luis Potos\u00ed, Ricardo Gallardo Cardona, descart\u00f3 que haya alg\u00fan tipo de intervenci\u00f3n por parte del estado durante la marcha del pr\u00f3ximo 25N, Dia Internacional de la Eliminaci\u00f3n de la Violencia Contra las Mujeres. \u00abCon mucho respeto, vamos a dejar que la mujer sea libre, que transcurre su marcha con mucho respeto, vamos a dejar que hagan todo lo que ellas quieren hacer ese d\u00eda porque yo creo que est\u00e1n mucho su derecho\u00bb, dijo. E insisti\u00f3: \u00abEst\u00e1n en una situaci\u00f3n donde ellas se est\u00e1n desahogando por un tema, se sintieron violentadas en su [&hellip;]\" \/>\n<meta property=\"og:url\" content=\"https:\/\/canal7slp.tv\/2023\/gobierno-del-estado-se-mantendra-al-margen-durante-la-movilizacion-de-este-25n-gallardo\/\" \/>\n<meta property=\"og:site_name\" content=\"Canal 7 SLP - 2023\" \/>\n<meta property=\"article:publisher\" content=\"https:\/\/www.facebook.com\/noticieroscanalsiete\" \/>\n<meta property=\"article:published_time\" content=\"2023-11-25T23:23:23+00:00\" \/>\n<meta property=\"article:modified_time\" content=\"2023-11-25T23:23:40+00:00\" \/>\n<meta property=\"og:image\" content=\"https:\/\/canal7slp.tv\/2023\/wp-content\/uploads\/2023\/11\/Vazquez01Marcha25N.jpg\" \/>\n\t<meta property=\"og:image:width\" content=\"1280\" \/>\n\t<meta property=\"og:image:height\" content=\"720\" \/>\n\t<meta property=\"og:image:type\" content=\"image\/jpeg\" \/>\n<meta name=\"author\" content=\"Edici\u00f3n Web\" \/>\n<meta name=\"twitter:card\" content=\"summary_large_image\" \/>\n<meta name=\"twitter:creator\" content=\"@NOTICIEROS7\" \/>\n<meta name=\"twitter:site\" content=\"@NOTICIEROS7\" \/>\n<meta name=\"twitter:label1\" content=\"Escrito por\" \/>\n\t<meta name=\"twitter:data1\" content=\"Edici\u00f3n Web\" \/>\n\t<meta name=\"twitter:label2\" content=\"Tiempo de lectura\" \/>\n\t<meta name=\"twitter:data2\" content=\"2 minutos\" \/>\n<script type=\"application\/ld+json\" class=\"yoast-schema-graph\">{\"@context\":\"https:\\\/\\\/schema.org\",\"@graph\":[{\"@type\":\"Article\",\"@id\":\"https:\\\/\\\/canal7slp.tv\\\/2023\\\/gobierno-del-estado-se-mantendra-al-margen-durante-la-movilizacion-de-este-25n-gallardo\\\/#article\",\"isPartOf\":{\"@id\":\"https:\\\/\\\/canal7slp.tv\\\/2023\\\/gobierno-del-estado-se-mantendra-al-margen-durante-la-movilizacion-de-este-25n-gallardo\\\/\"},\"author\":{\"name\":\"Edici\u00f3n Web\",\"@id\":\"https:\\\/\\\/canal7slp.tv\\\/2023\\\/#\\\/schema\\\/person\\\/639c424e3584069003b11ae813915da6\"},\"headline\":\"Gobierno del Estado se mantendr\u00e1 al margen durante la movilizaci\u00f3n de este 25N: Gallardo\",\"datePublished\":\"2023-11-25T23:23:23+00:00\",\"dateModified\":\"2023-11-25T23:23:40+00:00\",\"mainEntityOfPage\":{\"@id\":\"https:\\\/\\\/canal7slp.tv\\\/2023\\\/gobierno-del-estado-se-mantendra-al-margen-durante-la-movilizacion-de-este-25n-gallardo\\\/\"},\"wordCount\":352,\"publisher\":{\"@id\":\"https:\\\/\\\/canal7slp.tv\\\/2023\\\/#organization\"},\"image\":{\"@id\":\"https:\\\/\\\/canal7slp.tv\\\/2023\\\/gobierno-del-estado-se-mantendra-al-margen-durante-la-movilizacion-de-este-25n-gallardo\\\/#primaryimage\"},\"thumbnailUrl\":\"https:\\\/\\\/canal7slp.tv\\\/2023\\\/wp-content\\\/uploads\\\/2023\\\/11\\\/Vazquez01Marcha25N.jpg\",\"articleSection\":[\"DESTACADAS\",\"GOBEDOSLP\",\"LOCALES Y REGIONALES\"],\"inLanguage\":\"es\"},{\"@type\":\"WebPage\",\"@id\":\"https:\\\/\\\/canal7slp.tv\\\/2023\\\/gobierno-del-estado-se-mantendra-al-margen-durante-la-movilizacion-de-este-25n-gallardo\\\/\",\"url\":\"https:\\\/\\\/canal7slp.tv\\\/2023\\\/gobierno-del-estado-se-mantendra-al-margen-durante-la-movilizacion-de-este-25n-gallardo\\\/\",\"name\":\"Gobierno del Estado se mantendr\u00e1 al margen durante la movilizaci\u00f3n de este 25N: Gallardo - Canal 7 SLP - 2023\",\"isPartOf\":{\"@id\":\"https:\\\/\\\/canal7slp.tv\\\/2023\\\/#website\"},\"primaryImageOfPage\":{\"@id\":\"https:\\\/\\\/canal7slp.tv\\\/2023\\\/gobierno-del-estado-se-mantendra-al-margen-durante-la-movilizacion-de-este-25n-gallardo\\\/#primaryimage\"},\"image\":{\"@id\":\"https:\\\/\\\/canal7slp.tv\\\/2023\\\/gobierno-del-estado-se-mantendra-al-margen-durante-la-movilizacion-de-este-25n-gallardo\\\/#primaryimage\"},\"thumbnailUrl\":\"https:\\\/\\\/canal7slp.tv\\\/2023\\\/wp-content\\\/uploads\\\/2023\\\/11\\\/Vazquez01Marcha25N.jpg\",\"datePublished\":\"2023-11-25T23:23:23+00:00\",\"dateModified\":\"2023-11-25T23:23:40+00:00\",\"breadcrumb\":{\"@id\":\"https:\\\/\\\/canal7slp.tv\\\/2023\\\/gobierno-del-estado-se-mantendra-al-margen-durante-la-movilizacion-de-este-25n-gallardo\\\/#breadcrumb\"},\"inLanguage\":\"es\",\"potentialAction\":[{\"@type\":\"ReadAction\",\"target\":[\"https:\\\/\\\/canal7slp.tv\\\/2023\\\/gobierno-del-estado-se-mantendra-al-margen-durante-la-movilizacion-de-este-25n-gallardo\\\/\"]}]},{\"@type\":\"ImageObject\",\"inLanguage\":\"es\",\"@id\":\"https:\\\/\\\/canal7slp.tv\\\/2023\\\/gobierno-del-estado-se-mantendra-al-margen-durante-la-movilizacion-de-este-25n-gallardo\\\/#primaryimage\",\"url\":\"https:\\\/\\\/canal7slp.tv\\\/2023\\\/wp-content\\\/uploads\\\/2023\\\/11\\\/Vazquez01Marcha25N.jpg\",\"contentUrl\":\"https:\\\/\\\/canal7slp.tv\\\/2023\\\/wp-content\\\/uploads\\\/2023\\\/11\\\/Vazquez01Marcha25N.jpg\",\"width\":1280,\"height\":720},{\"@type\":\"BreadcrumbList\",\"@id\":\"https:\\\/\\\/canal7slp.tv\\\/2023\\\/gobierno-del-estado-se-mantendra-al-margen-durante-la-movilizacion-de-este-25n-gallardo\\\/#breadcrumb\",\"itemListElement\":[{\"@type\":\"ListItem\",\"position\":1,\"name\":\"Portada\",\"item\":\"https:\\\/\\\/canal7slp.tv\\\/2023\\\/\"},{\"@type\":\"ListItem\",\"position\":2,\"name\":\"Gobierno del Estado se mantendr\u00e1 al margen durante la movilizaci\u00f3n de este 25N: Gallardo\"}]},{\"@type\":\"WebSite\",\"@id\":\"https:\\\/\\\/canal7slp.tv\\\/2023\\\/#website\",\"url\":\"https:\\\/\\\/canal7slp.tv\\\/2023\\\/\",\"name\":\"N7 - Noticieros Canal 7\",\"description\":\"Somos Televisi\u00f3n\",\"publisher\":{\"@id\":\"https:\\\/\\\/canal7slp.tv\\\/2023\\\/#organization\"},\"potentialAction\":[{\"@type\":\"SearchAction\",\"target\":{\"@type\":\"EntryPoint\",\"urlTemplate\":\"https:\\\/\\\/canal7slp.tv\\\/2023\\\/?s={search_term_string}\"},\"query-input\":{\"@type\":\"PropertyValueSpecification\",\"valueRequired\":true,\"valueName\":\"search_term_string\"}}],\"inLanguage\":\"es\"},{\"@type\":\"Organization\",\"@id\":\"https:\\\/\\\/canal7slp.tv\\\/2023\\\/#organization\",\"name\":\"Noticieros Canal 7\",\"url\":\"https:\\\/\\\/canal7slp.tv\\\/2023\\\/\",\"logo\":{\"@type\":\"ImageObject\",\"inLanguage\":\"es\",\"@id\":\"https:\\\/\\\/canal7slp.tv\\\/2023\\\/#\\\/schema\\\/logo\\\/image\\\/\",\"url\":\"https:\\\/\\\/canal7slp.tv\\\/2023\\\/wp-content\\\/uploads\\\/2021\\\/01\\\/logo-noticieros@2x.png\",\"contentUrl\":\"https:\\\/\\\/canal7slp.tv\\\/2023\\\/wp-content\\\/uploads\\\/2021\\\/01\\\/logo-noticieros@2x.png\",\"width\":1017,\"height\":268,\"caption\":\"Noticieros Canal 7\"},\"image\":{\"@id\":\"https:\\\/\\\/canal7slp.tv\\\/2023\\\/#\\\/schema\\\/logo\\\/image\\\/\"},\"sameAs\":[\"https:\\\/\\\/www.facebook.com\\\/noticieroscanalsiete\",\"https:\\\/\\\/x.com\\\/NOTICIEROS7\",\"https:\\\/\\\/www.instagram.com\\\/canal7_slp\",\"https:\\\/\\\/www.youtube.com\\\/channel\\\/UCliiYs-gP3JfJeqdPrNdd5A\"]},{\"@type\":\"Person\",\"@id\":\"https:\\\/\\\/canal7slp.tv\\\/2023\\\/#\\\/schema\\\/person\\\/639c424e3584069003b11ae813915da6\",\"name\":\"Edici\u00f3n Web\",\"image\":{\"@type\":\"ImageObject\",\"inLanguage\":\"es\",\"@id\":\"https:\\\/\\\/secure.gravatar.com\\\/avatar\\\/eee448fc3f7164808013b816ba91ac7e43bbe82a70bebac296f8bc6f0addaa1a?s=96&d=mm&r=g\",\"url\":\"https:\\\/\\\/secure.gravatar.com\\\/avatar\\\/eee448fc3f7164808013b816ba91ac7e43bbe82a70bebac296f8bc6f0addaa1a?s=96&d=mm&r=g\",\"contentUrl\":\"https:\\\/\\\/secure.gravatar.com\\\/avatar\\\/eee448fc3f7164808013b816ba91ac7e43bbe82a70bebac296f8bc6f0addaa1a?s=96&d=mm&r=g\",\"caption\":\"Edici\u00f3n Web\"},\"url\":\"https:\\\/\\\/canal7slp.tv\\\/2023\\\/author\\\/edicionweb\\\/\"}]}<\/script>\n<!-- \/ Yoast SEO plugin. -->","yoast_head_json":{"title":"Gobierno del Estado se mantendr\u00e1 al margen durante la movilizaci\u00f3n de este 25N: Gallardo - Canal 7 SLP - 2023","robots":{"index":"index","follow":"follow","max-snippet":"max-snippet:-1","max-image-preview":"max-image-preview:large","max-video-preview":"max-video-preview:-1"},"canonical":"https:\/\/canal7slp.tv\/2023\/gobierno-del-estado-se-mantendra-al-margen-durante-la-movilizacion-de-este-25n-gallardo\/","og_locale":"es_ES","og_type":"article","og_title":"Gobierno del Estado se mantendr\u00e1 al margen durante la movilizaci\u00f3n de este 25N: Gallardo - Canal 7 SLP - 2023","og_description":"SLP.- El jefe del ejecutivo local en San Luis Potos\u00ed, Ricardo Gallardo Cardona, descart\u00f3 que haya alg\u00fan tipo de intervenci\u00f3n por parte del estado durante la marcha del pr\u00f3ximo 25N, Dia Internacional de la Eliminaci\u00f3n de la Violencia Contra las Mujeres. \u00abCon mucho respeto, vamos a dejar que la mujer sea libre, que transcurre su marcha con mucho respeto, vamos a dejar que hagan todo lo que ellas quieren hacer ese d\u00eda porque yo creo que est\u00e1n mucho su derecho\u00bb, dijo. E insisti\u00f3: \u00abEst\u00e1n en una situaci\u00f3n donde ellas se est\u00e1n desahogando por un tema, se sintieron violentadas en su [&hellip;]","og_url":"https:\/\/canal7slp.tv\/2023\/gobierno-del-estado-se-mantendra-al-margen-durante-la-movilizacion-de-este-25n-gallardo\/","og_site_name":"Canal 7 SLP - 2023","article_publisher":"https:\/\/www.facebook.com\/noticieroscanalsiete","article_published_time":"2023-11-25T23:23:23+00:00","article_modified_time":"2023-11-25T23:23:40+00:00","og_image":[{"width":1280,"height":720,"url":"https:\/\/canal7slp.tv\/2023\/wp-content\/uploads\/2023\/11\/Vazquez01Marcha25N.jpg","type":"image\/jpeg"}],"author":"Edici\u00f3n Web","twitter_card":"summary_large_image","twitter_creator":"@NOTICIEROS7","twitter_site":"@NOTICIEROS7","twitter_misc":{"Escrito por":"Edici\u00f3n Web","Tiempo de lectura":"2 minutos"},"schema":{"@context":"https:\/\/schema.org","@graph":[{"@type":"Article","@id":"https:\/\/canal7slp.tv\/2023\/gobierno-del-estado-se-mantendra-al-margen-durante-la-movilizacion-de-este-25n-gallardo\/#article","isPartOf":{"@id":"https:\/\/canal7slp.tv\/2023\/gobierno-del-estado-se-mantendra-al-margen-durante-la-movilizacion-de-este-25n-gallardo\/"},"author":{"name":"Edici\u00f3n Web","@id":"https:\/\/canal7slp.tv\/2023\/#\/schema\/person\/639c424e3584069003b11ae813915da6"},"headline":"Gobierno del Estado se mantendr\u00e1 al margen durante la movilizaci\u00f3n de este 25N: Gallardo","datePublished":"2023-11-25T23:23:23+00:00","dateModified":"2023-11-25T23:23:40+00:00","mainEntityOfPage":{"@id":"https:\/\/canal7slp.tv\/2023\/gobierno-del-estado-se-mantendra-al-margen-durante-la-movilizacion-de-este-25n-gallardo\/"},"wordCount":352,"publisher":{"@id":"https:\/\/canal7slp.tv\/2023\/#organization"},"image":{"@id":"https:\/\/canal7slp.tv\/2023\/gobierno-del-estado-se-mantendra-al-margen-durante-la-movilizacion-de-este-25n-gallardo\/#primaryimage"},"thumbnailUrl":"https:\/\/canal7slp.tv\/2023\/wp-content\/uploads\/2023\/11\/Vazquez01Marcha25N.jpg","articleSection":["DESTACADAS","GOBEDOSLP","LOCALES Y REGIONALES"],"inLanguage":"es"},{"@type":"WebPage","@id":"https:\/\/canal7slp.tv\/2023\/gobierno-del-estado-se-mantendra-al-margen-durante-la-movilizacion-de-este-25n-gallardo\/","url":"https:\/\/canal7slp.tv\/2023\/gobierno-del-estado-se-mantendra-al-margen-durante-la-movilizacion-de-este-25n-gallardo\/","name":"Gobierno del Estado se mantendr\u00e1 al margen durante la movilizaci\u00f3n de este 25N: Gallardo - Canal 7 SLP - 2023","isPartOf":{"@id":"https:\/\/canal7slp.tv\/2023\/#website"},"primaryImageOfPage":{"@id":"https:\/\/canal7slp.tv\/2023\/gobierno-del-estado-se-mantendra-al-margen-durante-la-movilizacion-de-este-25n-gallardo\/#primaryimage"},"image":{"@id":"https:\/\/canal7slp.tv\/2023\/gobierno-del-estado-se-mantendra-al-margen-durante-la-movilizacion-de-este-25n-gallardo\/#primaryimage"},"thumbnailUrl":"https:\/\/canal7slp.tv\/2023\/wp-content\/uploads\/2023\/11\/Vazquez01Marcha25N.jpg","datePublished":"2023-11-25T23:23:23+00:00","dateModified":"2023-11-25T23:23:40+00:00","breadcrumb":{"@id":"https:\/\/canal7slp.tv\/2023\/gobierno-del-estado-se-mantendra-al-margen-durante-la-movilizacion-de-este-25n-gallardo\/#breadcrumb"},"inLanguage":"es","potentialAction":[{"@type":"ReadAction","target":["https:\/\/canal7slp.tv\/2023\/gobierno-del-estado-se-mantendra-al-margen-durante-la-movilizacion-de-este-25n-gallardo\/"]}]},{"@type":"ImageObject","inLanguage":"es","@id":"https:\/\/canal7slp.tv\/2023\/gobierno-del-estado-se-mantendra-al-margen-durante-la-movilizacion-de-este-25n-gallardo\/#primaryimage","url":"https:\/\/canal7slp.tv\/2023\/wp-content\/uploads\/2023\/11\/Vazquez01Marcha25N.jpg","contentUrl":"https:\/\/canal7slp.tv\/2023\/wp-content\/uploads\/2023\/11\/Vazquez01Marcha25N.jpg","width":1280,"height":720},{"@type":"BreadcrumbList","@id":"https:\/\/canal7slp.tv\/2023\/gobierno-del-estado-se-mantendra-al-margen-durante-la-movilizacion-de-este-25n-gallardo\/#breadcrumb","itemListElement":[{"@type":"ListItem","position":1,"name":"Portada","item":"https:\/\/canal7slp.tv\/2023\/"},{"@type":"ListItem","position":2,"name":"Gobierno del Estado se mantendr\u00e1 al margen durante la movilizaci\u00f3n de este 25N: Gallardo"}]},{"@type":"WebSite","@id":"https:\/\/canal7slp.tv\/2023\/#website","url":"https:\/\/canal7slp.tv\/2023\/","name":"N7 - Noticieros Canal 7","description":"Somos Televisi\u00f3n","publisher":{"@id":"https:\/\/canal7slp.tv\/2023\/#organization"},"potentialAction":[{"@type":"SearchAction","target":{"@type":"EntryPoint","urlTemplate":"https:\/\/canal7slp.tv\/2023\/?s={search_term_string}"},"query-input":{"@type":"PropertyValueSpecification","valueRequired":true,"valueName":"search_term_string"}}],"inLanguage":"es"},{"@type":"Organization","@id":"https:\/\/canal7slp.tv\/2023\/#organization","name":"Noticieros Canal 7","url":"https:\/\/canal7slp.tv\/2023\/","logo":{"@type":"ImageObject","inLanguage":"es","@id":"https:\/\/canal7slp.tv\/2023\/#\/schema\/logo\/image\/","url":"https:\/\/canal7slp.tv\/2023\/wp-content\/uploads\/2021\/01\/logo-noticieros@2x.png","contentUrl":"https:\/\/canal7slp.tv\/2023\/wp-content\/uploads\/2021\/01\/logo-noticieros@2x.png","width":1017,"height":268,"caption":"Noticieros Canal 7"},"image":{"@id":"https:\/\/canal7slp.tv\/2023\/#\/schema\/logo\/image\/"},"sameAs":["https:\/\/www.facebook.com\/noticieroscanalsiete","https:\/\/x.com\/NOTICIEROS7","https:\/\/www.instagram.com\/canal7_slp","https:\/\/www.youtube.com\/channel\/UCliiYs-gP3JfJeqdPrNdd5A"]},{"@type":"Person","@id":"https:\/\/canal7slp.tv\/2023\/#\/schema\/person\/639c424e3584069003b11ae813915da6","name":"Edici\u00f3n Web","image":{"@type":"ImageObject","inLanguage":"es","@id":"https:\/\/secure.gravatar.com\/avatar\/eee448fc3f7164808013b816ba91ac7e43bbe82a70bebac296f8bc6f0addaa1a?s=96&d=mm&r=g","url":"https:\/\/secure.gravatar.com\/avatar\/eee448fc3f7164808013b816ba91ac7e43bbe82a70bebac296f8bc6f0addaa1a?s=96&d=mm&r=g","contentUrl":"https:\/\/secure.gravatar.com\/avatar\/eee448fc3f7164808013b816ba91ac7e43bbe82a70bebac296f8bc6f0addaa1a?s=96&d=mm&r=g","caption":"Edici\u00f3n Web"},"url":"https:\/\/canal7slp.tv\/2023\/author\/edicionweb\/"}]}},"_links":{"self":[{"href":"https:\/\/canal7slp.tv\/2023\/wp-json\/wp\/v2\/posts\/114172","targetHints":{"allow":["GET"]}}],"collection":[{"href":"https:\/\/canal7slp.tv\/2023\/wp-json\/wp\/v2\/posts"}],"about":[{"href":"https:\/\/canal7slp.tv\/2023\/wp-json\/wp\/v2\/types\/post"}],"author":[{"embeddable":true,"href":"https:\/\/canal7slp.tv\/2023\/wp-json\/wp\/v2\/users\/2"}],"replies":[{"embeddable":true,"href":"https:\/\/canal7slp.tv\/2023\/wp-json\/wp\/v2\/comments?post=114172"}],"version-history":[{"count":1,"href":"https:\/\/canal7slp.tv\/2023\/wp-json\/wp\/v2\/posts\/114172\/revisions"}],"predecessor-version":[{"id":114175,"href":"https:\/\/canal7slp.tv\/2023\/wp-json\/wp\/v2\/posts\/114172\/revisions\/114175"}],"wp:featuredmedia":[{"embeddable":true,"href":"https:\/\/canal7slp.tv\/2023\/wp-json\/wp\/v2\/media\/114174"}],"wp:attachment":[{"href":"https:\/\/canal7slp.tv\/2023\/wp-json\/wp\/v2\/media?parent=114172"}],"wp:term":[{"taxonomy":"category","embeddable":true,"href":"https:\/\/canal7slp.tv\/2023\/wp-json\/wp\/v2\/categories?post=114172"},{"taxonomy":"post_tag","embeddable":true,"href":"https:\/\/canal7slp.tv\/2023\/wp-json\/wp\/v2\/tags?post=114172"}],"curies":[{"name":"wp","href":"https:\/\/api.w.org\/{rel}","templated":true}]}}