{"id":114134,"date":"2023-11-25T12:47:05","date_gmt":"2023-11-25T18:47:05","guid":{"rendered":"https:\/\/canal7slp.tv\/2023\/?p=114134"},"modified":"2023-11-26T21:08:07","modified_gmt":"2023-11-27T03:08:07","slug":"verstappen-se-lleva-la-pole-position-en-abu-dhabi","status":"publish","type":"post","link":"https:\/\/canal7slp.tv\/2023\/verstappen-se-lleva-la-pole-position-en-abu-dhabi\/","title":{"rendered":"Verstappen se lleva la \u00abpole position\u00bb en Abu Dhabi"},"content":{"rendered":"<p style=\"text-align: justify;\">Abu Dhabi.- Este domingo se llevar\u00e1 a cabo el Gran Premio de Abu Dhabi, \u00faltima carrera de la temporada de la F\u00f3rmula 1, y el neerland\u00e9s Max Verstappen arrancar\u00e1 en la pole position. Por su parte, el mexicano Sergio P\u00e9rez comenzar\u00e1 en la novena posici\u00f3n.<\/p>\n<p style=\"text-align: justify;\">Verstappen logr\u00f3 un tiempo de 1:23.445 en el trazado urbano, asegurando el primer lugar en la parrilla de salida.<\/p>\n<p style=\"text-align: justify;\">El segundo lugar fue para el piloto monegasco Charles Leclerc de Ferrari, seguido por el australiano Oscar Piastri de McLaren, completando as\u00ed el Top 3.<\/p>\n<p style=\"text-align: justify;\">Una de las sorpresas de la sesi\u00f3n fue la eliminaci\u00f3n en la Q1 del piloto espa\u00f1ol Carlos Sainz, representante de Ferrari.<\/p>\n<p style=\"text-align: justify;\">Cabe se\u00f1alar que la lucha por el segundo lugar en el campeonato de constructores se dar\u00e1 entre Mercedes y Ferrari hasta la \u00faltima vuelta de la temporada. Mercedes cuenta con 392 puntos, mientras que Ferrari suma 388 unidades.<\/p>\n<p style=\"text-align: justify;\">El Gran Premio de Abu Dhabi dar\u00e1 inicio este domingo a las 07:00 horas, tiempo del centro de M\u00e9xico.<\/p>\n","protected":false},"excerpt":{"rendered":"<p>Abu Dhabi.- Este domingo se llevar\u00e1 a cabo el Gran Premio de Abu Dhabi, \u00faltima carrera de la temporada de la F\u00f3rmula 1, y el neerland\u00e9s Max Verstappen arrancar\u00e1 en la pole position. Por su parte, el mexicano Sergio P\u00e9rez comenzar\u00e1 en la novena posici\u00f3n. Verstappen logr\u00f3 un tiempo de 1:23.445 en el trazado urbano, asegurando el primer lugar en la parrilla de salida. El segundo lugar fue para el piloto monegasco Charles Leclerc de Ferrari, seguido por el australiano Oscar Piastri de McLaren, completando as\u00ed el Top 3. Una de las sorpresas de la sesi\u00f3n fue la eliminaci\u00f3n en [&hellip;]<\/p>\n","protected":false},"author":2,"featured_media":114149,"comment_status":"closed","ping_status":"closed","sticky":false,"template":"","format":"standard","meta":{"footnotes":""},"categories":[7],"tags":[],"class_list":["post-114134","post","type-post","status-publish","format-standard","has-post-thumbnail","hentry","category-deportes","post--single"],"yoast_head":"<!-- This site is optimized with the Yoast SEO plugin v27.5 - https:\/\/yoast.com\/product\/yoast-seo-wordpress\/ -->\n<title>Verstappen se lleva la &quot;pole position&quot; en Abu Dhabi - Canal 7 SLP - 2023<\/title>\n<meta name=\"robots\" content=\"index, follow, max-snippet:-1, max-image-preview:large, max-video-preview:-1\" \/>\n<link rel=\"canonical\" href=\"https:\/\/canal7slp.tv\/2023\/verstappen-se-lleva-la-pole-position-en-abu-dhabi\/\" \/>\n<meta property=\"og:locale\" content=\"es_ES\" \/>\n<meta property=\"og:type\" content=\"article\" \/>\n<meta property=\"og:title\" content=\"Verstappen se lleva la &quot;pole position&quot; en Abu Dhabi - Canal 7 SLP - 2023\" \/>\n<meta property=\"og:description\" content=\"Abu Dhabi.- Este domingo se llevar\u00e1 a cabo el Gran Premio de Abu Dhabi, \u00faltima carrera de la temporada de la F\u00f3rmula 1, y el neerland\u00e9s Max Verstappen arrancar\u00e1 en la pole position. Por su parte, el mexicano Sergio P\u00e9rez comenzar\u00e1 en la novena posici\u00f3n. Verstappen logr\u00f3 un tiempo de 1:23.445 en el trazado urbano, asegurando el primer lugar en la parrilla de salida. El segundo lugar fue para el piloto monegasco Charles Leclerc de Ferrari, seguido por el australiano Oscar Piastri de McLaren, completando as\u00ed el Top 3. Una de las sorpresas de la sesi\u00f3n fue la eliminaci\u00f3n en [&hellip;]\" \/>\n<meta property=\"og:url\" content=\"https:\/\/canal7slp.tv\/2023\/verstappen-se-lleva-la-pole-position-en-abu-dhabi\/\" \/>\n<meta property=\"og:site_name\" content=\"Canal 7 SLP - 2023\" \/>\n<meta property=\"article:publisher\" content=\"https:\/\/www.facebook.com\/noticieroscanalsiete\" \/>\n<meta property=\"article:published_time\" content=\"2023-11-25T18:47:05+00:00\" \/>\n<meta property=\"article:modified_time\" content=\"2023-11-27T03:08:07+00:00\" \/>\n<meta property=\"og:image\" content=\"https:\/\/canal7slp.tv\/2023\/wp-content\/uploads\/2023\/11\/06-21.jpg\" \/>\n\t<meta property=\"og:image:width\" content=\"925\" \/>\n\t<meta property=\"og:image:height\" content=\"470\" \/>\n\t<meta property=\"og:image:type\" content=\"image\/jpeg\" \/>\n<meta name=\"author\" content=\"Edici\u00f3n Web\" \/>\n<meta name=\"twitter:card\" content=\"summary_large_image\" \/>\n<meta name=\"twitter:creator\" content=\"@NOTICIEROS7\" \/>\n<meta name=\"twitter:site\" content=\"@NOTICIEROS7\" \/>\n<meta name=\"twitter:label1\" content=\"Escrito por\" \/>\n\t<meta name=\"twitter:data1\" content=\"Edici\u00f3n Web\" \/>\n\t<meta name=\"twitter:label2\" content=\"Tiempo de lectura\" \/>\n\t<meta name=\"twitter:data2\" content=\"1 minuto\" \/>\n<script type=\"application\/ld+json\" class=\"yoast-schema-graph\">{\"@context\":\"https:\\\/\\\/schema.org\",\"@graph\":[{\"@type\":\"Article\",\"@id\":\"https:\\\/\\\/canal7slp.tv\\\/2023\\\/verstappen-se-lleva-la-pole-position-en-abu-dhabi\\\/#article\",\"isPartOf\":{\"@id\":\"https:\\\/\\\/canal7slp.tv\\\/2023\\\/verstappen-se-lleva-la-pole-position-en-abu-dhabi\\\/\"},\"author\":{\"name\":\"Edici\u00f3n Web\",\"@id\":\"https:\\\/\\\/canal7slp.tv\\\/2023\\\/#\\\/schema\\\/person\\\/639c424e3584069003b11ae813915da6\"},\"headline\":\"Verstappen se lleva la \u00abpole position\u00bb en Abu Dhabi\",\"datePublished\":\"2023-11-25T18:47:05+00:00\",\"dateModified\":\"2023-11-27T03:08:07+00:00\",\"mainEntityOfPage\":{\"@id\":\"https:\\\/\\\/canal7slp.tv\\\/2023\\\/verstappen-se-lleva-la-pole-position-en-abu-dhabi\\\/\"},\"wordCount\":180,\"publisher\":{\"@id\":\"https:\\\/\\\/canal7slp.tv\\\/2023\\\/#organization\"},\"image\":{\"@id\":\"https:\\\/\\\/canal7slp.tv\\\/2023\\\/verstappen-se-lleva-la-pole-position-en-abu-dhabi\\\/#primaryimage\"},\"thumbnailUrl\":\"https:\\\/\\\/canal7slp.tv\\\/2023\\\/wp-content\\\/uploads\\\/2023\\\/11\\\/06-21.jpg\",\"articleSection\":[\"DEPORTES\"],\"inLanguage\":\"es\"},{\"@type\":\"WebPage\",\"@id\":\"https:\\\/\\\/canal7slp.tv\\\/2023\\\/verstappen-se-lleva-la-pole-position-en-abu-dhabi\\\/\",\"url\":\"https:\\\/\\\/canal7slp.tv\\\/2023\\\/verstappen-se-lleva-la-pole-position-en-abu-dhabi\\\/\",\"name\":\"Verstappen se lleva la \\\"pole position\\\" en Abu Dhabi - Canal 7 SLP - 2023\",\"isPartOf\":{\"@id\":\"https:\\\/\\\/canal7slp.tv\\\/2023\\\/#website\"},\"primaryImageOfPage\":{\"@id\":\"https:\\\/\\\/canal7slp.tv\\\/2023\\\/verstappen-se-lleva-la-pole-position-en-abu-dhabi\\\/#primaryimage\"},\"image\":{\"@id\":\"https:\\\/\\\/canal7slp.tv\\\/2023\\\/verstappen-se-lleva-la-pole-position-en-abu-dhabi\\\/#primaryimage\"},\"thumbnailUrl\":\"https:\\\/\\\/canal7slp.tv\\\/2023\\\/wp-content\\\/uploads\\\/2023\\\/11\\\/06-21.jpg\",\"datePublished\":\"2023-11-25T18:47:05+00:00\",\"dateModified\":\"2023-11-27T03:08:07+00:00\",\"breadcrumb\":{\"@id\":\"https:\\\/\\\/canal7slp.tv\\\/2023\\\/verstappen-se-lleva-la-pole-position-en-abu-dhabi\\\/#breadcrumb\"},\"inLanguage\":\"es\",\"potentialAction\":[{\"@type\":\"ReadAction\",\"target\":[\"https:\\\/\\\/canal7slp.tv\\\/2023\\\/verstappen-se-lleva-la-pole-position-en-abu-dhabi\\\/\"]}]},{\"@type\":\"ImageObject\",\"inLanguage\":\"es\",\"@id\":\"https:\\\/\\\/canal7slp.tv\\\/2023\\\/verstappen-se-lleva-la-pole-position-en-abu-dhabi\\\/#primaryimage\",\"url\":\"https:\\\/\\\/canal7slp.tv\\\/2023\\\/wp-content\\\/uploads\\\/2023\\\/11\\\/06-21.jpg\",\"contentUrl\":\"https:\\\/\\\/canal7slp.tv\\\/2023\\\/wp-content\\\/uploads\\\/2023\\\/11\\\/06-21.jpg\",\"width\":925,\"height\":470},{\"@type\":\"BreadcrumbList\",\"@id\":\"https:\\\/\\\/canal7slp.tv\\\/2023\\\/verstappen-se-lleva-la-pole-position-en-abu-dhabi\\\/#breadcrumb\",\"itemListElement\":[{\"@type\":\"ListItem\",\"position\":1,\"name\":\"Portada\",\"item\":\"https:\\\/\\\/canal7slp.tv\\\/2023\\\/\"},{\"@type\":\"ListItem\",\"position\":2,\"name\":\"Verstappen se lleva la &#8220;pole position&#8221; en Abu Dhabi\"}]},{\"@type\":\"WebSite\",\"@id\":\"https:\\\/\\\/canal7slp.tv\\\/2023\\\/#website\",\"url\":\"https:\\\/\\\/canal7slp.tv\\\/2023\\\/\",\"name\":\"N7 - Noticieros Canal 7\",\"description\":\"Somos Televisi\u00f3n\",\"publisher\":{\"@id\":\"https:\\\/\\\/canal7slp.tv\\\/2023\\\/#organization\"},\"potentialAction\":[{\"@type\":\"SearchAction\",\"target\":{\"@type\":\"EntryPoint\",\"urlTemplate\":\"https:\\\/\\\/canal7slp.tv\\\/2023\\\/?s={search_term_string}\"},\"query-input\":{\"@type\":\"PropertyValueSpecification\",\"valueRequired\":true,\"valueName\":\"search_term_string\"}}],\"inLanguage\":\"es\"},{\"@type\":\"Organization\",\"@id\":\"https:\\\/\\\/canal7slp.tv\\\/2023\\\/#organization\",\"name\":\"Noticieros Canal 7\",\"url\":\"https:\\\/\\\/canal7slp.tv\\\/2023\\\/\",\"logo\":{\"@type\":\"ImageObject\",\"inLanguage\":\"es\",\"@id\":\"https:\\\/\\\/canal7slp.tv\\\/2023\\\/#\\\/schema\\\/logo\\\/image\\\/\",\"url\":\"https:\\\/\\\/canal7slp.tv\\\/2023\\\/wp-content\\\/uploads\\\/2021\\\/01\\\/logo-noticieros@2x.png\",\"contentUrl\":\"https:\\\/\\\/canal7slp.tv\\\/2023\\\/wp-content\\\/uploads\\\/2021\\\/01\\\/logo-noticieros@2x.png\",\"width\":1017,\"height\":268,\"caption\":\"Noticieros Canal 7\"},\"image\":{\"@id\":\"https:\\\/\\\/canal7slp.tv\\\/2023\\\/#\\\/schema\\\/logo\\\/image\\\/\"},\"sameAs\":[\"https:\\\/\\\/www.facebook.com\\\/noticieroscanalsiete\",\"https:\\\/\\\/x.com\\\/NOTICIEROS7\",\"https:\\\/\\\/www.instagram.com\\\/canal7_slp\",\"https:\\\/\\\/www.youtube.com\\\/channel\\\/UCliiYs-gP3JfJeqdPrNdd5A\"]},{\"@type\":\"Person\",\"@id\":\"https:\\\/\\\/canal7slp.tv\\\/2023\\\/#\\\/schema\\\/person\\\/639c424e3584069003b11ae813915da6\",\"name\":\"Edici\u00f3n Web\",\"image\":{\"@type\":\"ImageObject\",\"inLanguage\":\"es\",\"@id\":\"https:\\\/\\\/secure.gravatar.com\\\/avatar\\\/eee448fc3f7164808013b816ba91ac7e43bbe82a70bebac296f8bc6f0addaa1a?s=96&d=mm&r=g\",\"url\":\"https:\\\/\\\/secure.gravatar.com\\\/avatar\\\/eee448fc3f7164808013b816ba91ac7e43bbe82a70bebac296f8bc6f0addaa1a?s=96&d=mm&r=g\",\"contentUrl\":\"https:\\\/\\\/secure.gravatar.com\\\/avatar\\\/eee448fc3f7164808013b816ba91ac7e43bbe82a70bebac296f8bc6f0addaa1a?s=96&d=mm&r=g\",\"caption\":\"Edici\u00f3n Web\"},\"url\":\"https:\\\/\\\/canal7slp.tv\\\/2023\\\/author\\\/edicionweb\\\/\"}]}<\/script>\n<!-- \/ Yoast SEO plugin. -->","yoast_head_json":{"title":"Verstappen se lleva la \"pole position\" en Abu Dhabi - Canal 7 SLP - 2023","robots":{"index":"index","follow":"follow","max-snippet":"max-snippet:-1","max-image-preview":"max-image-preview:large","max-video-preview":"max-video-preview:-1"},"canonical":"https:\/\/canal7slp.tv\/2023\/verstappen-se-lleva-la-pole-position-en-abu-dhabi\/","og_locale":"es_ES","og_type":"article","og_title":"Verstappen se lleva la \"pole position\" en Abu Dhabi - Canal 7 SLP - 2023","og_description":"Abu Dhabi.- Este domingo se llevar\u00e1 a cabo el Gran Premio de Abu Dhabi, \u00faltima carrera de la temporada de la F\u00f3rmula 1, y el neerland\u00e9s Max Verstappen arrancar\u00e1 en la pole position. Por su parte, el mexicano Sergio P\u00e9rez comenzar\u00e1 en la novena posici\u00f3n. Verstappen logr\u00f3 un tiempo de 1:23.445 en el trazado urbano, asegurando el primer lugar en la parrilla de salida. El segundo lugar fue para el piloto monegasco Charles Leclerc de Ferrari, seguido por el australiano Oscar Piastri de McLaren, completando as\u00ed el Top 3. Una de las sorpresas de la sesi\u00f3n fue la eliminaci\u00f3n en [&hellip;]","og_url":"https:\/\/canal7slp.tv\/2023\/verstappen-se-lleva-la-pole-position-en-abu-dhabi\/","og_site_name":"Canal 7 SLP - 2023","article_publisher":"https:\/\/www.facebook.com\/noticieroscanalsiete","article_published_time":"2023-11-25T18:47:05+00:00","article_modified_time":"2023-11-27T03:08:07+00:00","og_image":[{"width":925,"height":470,"url":"https:\/\/canal7slp.tv\/2023\/wp-content\/uploads\/2023\/11\/06-21.jpg","type":"image\/jpeg"}],"author":"Edici\u00f3n Web","twitter_card":"summary_large_image","twitter_creator":"@NOTICIEROS7","twitter_site":"@NOTICIEROS7","twitter_misc":{"Escrito por":"Edici\u00f3n Web","Tiempo de lectura":"1 minuto"},"schema":{"@context":"https:\/\/schema.org","@graph":[{"@type":"Article","@id":"https:\/\/canal7slp.tv\/2023\/verstappen-se-lleva-la-pole-position-en-abu-dhabi\/#article","isPartOf":{"@id":"https:\/\/canal7slp.tv\/2023\/verstappen-se-lleva-la-pole-position-en-abu-dhabi\/"},"author":{"name":"Edici\u00f3n Web","@id":"https:\/\/canal7slp.tv\/2023\/#\/schema\/person\/639c424e3584069003b11ae813915da6"},"headline":"Verstappen se lleva la \u00abpole position\u00bb en Abu Dhabi","datePublished":"2023-11-25T18:47:05+00:00","dateModified":"2023-11-27T03:08:07+00:00","mainEntityOfPage":{"@id":"https:\/\/canal7slp.tv\/2023\/verstappen-se-lleva-la-pole-position-en-abu-dhabi\/"},"wordCount":180,"publisher":{"@id":"https:\/\/canal7slp.tv\/2023\/#organization"},"image":{"@id":"https:\/\/canal7slp.tv\/2023\/verstappen-se-lleva-la-pole-position-en-abu-dhabi\/#primaryimage"},"thumbnailUrl":"https:\/\/canal7slp.tv\/2023\/wp-content\/uploads\/2023\/11\/06-21.jpg","articleSection":["DEPORTES"],"inLanguage":"es"},{"@type":"WebPage","@id":"https:\/\/canal7slp.tv\/2023\/verstappen-se-lleva-la-pole-position-en-abu-dhabi\/","url":"https:\/\/canal7slp.tv\/2023\/verstappen-se-lleva-la-pole-position-en-abu-dhabi\/","name":"Verstappen se lleva la \"pole position\" en Abu Dhabi - Canal 7 SLP - 2023","isPartOf":{"@id":"https:\/\/canal7slp.tv\/2023\/#website"},"primaryImageOfPage":{"@id":"https:\/\/canal7slp.tv\/2023\/verstappen-se-lleva-la-pole-position-en-abu-dhabi\/#primaryimage"},"image":{"@id":"https:\/\/canal7slp.tv\/2023\/verstappen-se-lleva-la-pole-position-en-abu-dhabi\/#primaryimage"},"thumbnailUrl":"https:\/\/canal7slp.tv\/2023\/wp-content\/uploads\/2023\/11\/06-21.jpg","datePublished":"2023-11-25T18:47:05+00:00","dateModified":"2023-11-27T03:08:07+00:00","breadcrumb":{"@id":"https:\/\/canal7slp.tv\/2023\/verstappen-se-lleva-la-pole-position-en-abu-dhabi\/#breadcrumb"},"inLanguage":"es","potentialAction":[{"@type":"ReadAction","target":["https:\/\/canal7slp.tv\/2023\/verstappen-se-lleva-la-pole-position-en-abu-dhabi\/"]}]},{"@type":"ImageObject","inLanguage":"es","@id":"https:\/\/canal7slp.tv\/2023\/verstappen-se-lleva-la-pole-position-en-abu-dhabi\/#primaryimage","url":"https:\/\/canal7slp.tv\/2023\/wp-content\/uploads\/2023\/11\/06-21.jpg","contentUrl":"https:\/\/canal7slp.tv\/2023\/wp-content\/uploads\/2023\/11\/06-21.jpg","width":925,"height":470},{"@type":"BreadcrumbList","@id":"https:\/\/canal7slp.tv\/2023\/verstappen-se-lleva-la-pole-position-en-abu-dhabi\/#breadcrumb","itemListElement":[{"@type":"ListItem","position":1,"name":"Portada","item":"https:\/\/canal7slp.tv\/2023\/"},{"@type":"ListItem","position":2,"name":"Verstappen se lleva la &#8220;pole position&#8221; en Abu Dhabi"}]},{"@type":"WebSite","@id":"https:\/\/canal7slp.tv\/2023\/#website","url":"https:\/\/canal7slp.tv\/2023\/","name":"N7 - Noticieros Canal 7","description":"Somos Televisi\u00f3n","publisher":{"@id":"https:\/\/canal7slp.tv\/2023\/#organization"},"potentialAction":[{"@type":"SearchAction","target":{"@type":"EntryPoint","urlTemplate":"https:\/\/canal7slp.tv\/2023\/?s={search_term_string}"},"query-input":{"@type":"PropertyValueSpecification","valueRequired":true,"valueName":"search_term_string"}}],"inLanguage":"es"},{"@type":"Organization","@id":"https:\/\/canal7slp.tv\/2023\/#organization","name":"Noticieros Canal 7","url":"https:\/\/canal7slp.tv\/2023\/","logo":{"@type":"ImageObject","inLanguage":"es","@id":"https:\/\/canal7slp.tv\/2023\/#\/schema\/logo\/image\/","url":"https:\/\/canal7slp.tv\/2023\/wp-content\/uploads\/2021\/01\/logo-noticieros@2x.png","contentUrl":"https:\/\/canal7slp.tv\/2023\/wp-content\/uploads\/2021\/01\/logo-noticieros@2x.png","width":1017,"height":268,"caption":"Noticieros Canal 7"},"image":{"@id":"https:\/\/canal7slp.tv\/2023\/#\/schema\/logo\/image\/"},"sameAs":["https:\/\/www.facebook.com\/noticieroscanalsiete","https:\/\/x.com\/NOTICIEROS7","https:\/\/www.instagram.com\/canal7_slp","https:\/\/www.youtube.com\/channel\/UCliiYs-gP3JfJeqdPrNdd5A"]},{"@type":"Person","@id":"https:\/\/canal7slp.tv\/2023\/#\/schema\/person\/639c424e3584069003b11ae813915da6","name":"Edici\u00f3n Web","image":{"@type":"ImageObject","inLanguage":"es","@id":"https:\/\/secure.gravatar.com\/avatar\/eee448fc3f7164808013b816ba91ac7e43bbe82a70bebac296f8bc6f0addaa1a?s=96&d=mm&r=g","url":"https:\/\/secure.gravatar.com\/avatar\/eee448fc3f7164808013b816ba91ac7e43bbe82a70bebac296f8bc6f0addaa1a?s=96&d=mm&r=g","contentUrl":"https:\/\/secure.gravatar.com\/avatar\/eee448fc3f7164808013b816ba91ac7e43bbe82a70bebac296f8bc6f0addaa1a?s=96&d=mm&r=g","caption":"Edici\u00f3n Web"},"url":"https:\/\/canal7slp.tv\/2023\/author\/edicionweb\/"}]}},"_links":{"self":[{"href":"https:\/\/canal7slp.tv\/2023\/wp-json\/wp\/v2\/posts\/114134","targetHints":{"allow":["GET"]}}],"collection":[{"href":"https:\/\/canal7slp.tv\/2023\/wp-json\/wp\/v2\/posts"}],"about":[{"href":"https:\/\/canal7slp.tv\/2023\/wp-json\/wp\/v2\/types\/post"}],"author":[{"embeddable":true,"href":"https:\/\/canal7slp.tv\/2023\/wp-json\/wp\/v2\/users\/2"}],"replies":[{"embeddable":true,"href":"https:\/\/canal7slp.tv\/2023\/wp-json\/wp\/v2\/comments?post=114134"}],"version-history":[{"count":3,"href":"https:\/\/canal7slp.tv\/2023\/wp-json\/wp\/v2\/posts\/114134\/revisions"}],"predecessor-version":[{"id":114236,"href":"https:\/\/canal7slp.tv\/2023\/wp-json\/wp\/v2\/posts\/114134\/revisions\/114236"}],"wp:featuredmedia":[{"embeddable":true,"href":"https:\/\/canal7slp.tv\/2023\/wp-json\/wp\/v2\/media\/114149"}],"wp:attachment":[{"href":"https:\/\/canal7slp.tv\/2023\/wp-json\/wp\/v2\/media?parent=114134"}],"wp:term":[{"taxonomy":"category","embeddable":true,"href":"https:\/\/canal7slp.tv\/2023\/wp-json\/wp\/v2\/categories?post=114134"},{"taxonomy":"post_tag","embeddable":true,"href":"https:\/\/canal7slp.tv\/2023\/wp-json\/wp\/v2\/tags?post=114134"}],"curies":[{"name":"wp","href":"https:\/\/api.w.org\/{rel}","templated":true}]}}