{"id":114133,"date":"2023-11-26T21:07:08","date_gmt":"2023-11-27T03:07:08","guid":{"rendered":"https:\/\/canal7slp.tv\/2023\/?p=114133"},"modified":"2023-11-26T21:07:08","modified_gmt":"2023-11-27T03:07:08","slug":"libera-israel-a-39-presos-palestinos-en-acuerdo-con-hamas","status":"publish","type":"post","link":"https:\/\/canal7slp.tv\/2023\/libera-israel-a-39-presos-palestinos-en-acuerdo-con-hamas\/","title":{"rendered":"Libera Israel a 39 presos palestinos en acuerdo con Ham\u00e1s"},"content":{"rendered":"<p style=\"text-align: justify;\">Jerusal\u00e9n.- Este 24 de noviembre, Israel liber\u00f3 a los primeros 39 presos palestinos como parte de un acuerdo alcanzado con el grupo islamista Ham\u00e1s.<\/p>\n<p style=\"text-align: justify;\">La liberaci\u00f3n de estas personas, que incluyen 24 mujeres y 15 adolescentes varones acusados de terrorismo pero no de delitos de sangre, fue confirmada por Majed al Ansari, vocero del Ministerio de Exteriores de Qatar.<\/p>\n<p style=\"text-align: justify;\">Los presos fueron reunidos en la prisi\u00f3n israel\u00ed de Ofer, desde donde el Comit\u00e9 Internacional de la Cruz Roja (CICR) los traslad\u00f3 a Cisjordania, lugar en el que ser\u00e1n entregados a sus familiares.<\/p>\n<p style=\"text-align: justify;\">La Sociedad de Presos Palestinos hab\u00eda anunciado horas antes sus nombres, entre los que no figuraba ninguno de los palestinos arrestados por las fuerzas israel\u00edes desde que comenz\u00f3 la guerra en Gaza el pasado 7 de octubre en Cisjordania, donde ha intensificado sus redadas.<\/p>\n","protected":false},"excerpt":{"rendered":"<p>Jerusal\u00e9n.- Este 24 de noviembre, Israel liber\u00f3 a los primeros 39 presos palestinos como parte de un acuerdo alcanzado con el grupo islamista Ham\u00e1s. La liberaci\u00f3n de estas personas, que incluyen 24 mujeres y 15 adolescentes varones acusados de terrorismo pero no de delitos de sangre, fue confirmada por Majed al Ansari, vocero del Ministerio de Exteriores de Qatar. Los presos fueron reunidos en la prisi\u00f3n israel\u00ed de Ofer, desde donde el Comit\u00e9 Internacional de la Cruz Roja (CICR) los traslad\u00f3 a Cisjordania, lugar en el que ser\u00e1n entregados a sus familiares. La Sociedad de Presos Palestinos hab\u00eda anunciado horas [&hellip;]<\/p>\n","protected":false},"author":2,"featured_media":114150,"comment_status":"closed","ping_status":"closed","sticky":false,"template":"","format":"standard","meta":{"footnotes":""},"categories":[44],"tags":[],"class_list":["post-114133","post","type-post","status-publish","format-standard","has-post-thumbnail","hentry","category-internacional","post--single"],"yoast_head":"<!-- This site is optimized with the Yoast SEO plugin v27.5 - https:\/\/yoast.com\/product\/yoast-seo-wordpress\/ -->\n<title>Libera Israel a 39 presos palestinos en acuerdo con Ham\u00e1s - Canal 7 SLP - 2023<\/title>\n<meta name=\"robots\" content=\"index, follow, max-snippet:-1, max-image-preview:large, max-video-preview:-1\" \/>\n<link rel=\"canonical\" href=\"https:\/\/canal7slp.tv\/2023\/libera-israel-a-39-presos-palestinos-en-acuerdo-con-hamas\/\" \/>\n<meta property=\"og:locale\" content=\"es_ES\" \/>\n<meta property=\"og:type\" content=\"article\" \/>\n<meta property=\"og:title\" content=\"Libera Israel a 39 presos palestinos en acuerdo con Ham\u00e1s - Canal 7 SLP - 2023\" \/>\n<meta property=\"og:description\" content=\"Jerusal\u00e9n.- Este 24 de noviembre, Israel liber\u00f3 a los primeros 39 presos palestinos como parte de un acuerdo alcanzado con el grupo islamista Ham\u00e1s. La liberaci\u00f3n de estas personas, que incluyen 24 mujeres y 15 adolescentes varones acusados de terrorismo pero no de delitos de sangre, fue confirmada por Majed al Ansari, vocero del Ministerio de Exteriores de Qatar. Los presos fueron reunidos en la prisi\u00f3n israel\u00ed de Ofer, desde donde el Comit\u00e9 Internacional de la Cruz Roja (CICR) los traslad\u00f3 a Cisjordania, lugar en el que ser\u00e1n entregados a sus familiares. La Sociedad de Presos Palestinos hab\u00eda anunciado horas [&hellip;]\" \/>\n<meta property=\"og:url\" content=\"https:\/\/canal7slp.tv\/2023\/libera-israel-a-39-presos-palestinos-en-acuerdo-con-hamas\/\" \/>\n<meta property=\"og:site_name\" content=\"Canal 7 SLP - 2023\" \/>\n<meta property=\"article:publisher\" content=\"https:\/\/www.facebook.com\/noticieroscanalsiete\" \/>\n<meta property=\"article:published_time\" content=\"2023-11-27T03:07:08+00:00\" \/>\n<meta property=\"og:image\" content=\"https:\/\/canal7slp.tv\/2023\/wp-content\/uploads\/2023\/11\/05-17.jpg\" \/>\n\t<meta property=\"og:image:width\" content=\"1024\" \/>\n\t<meta property=\"og:image:height\" content=\"577\" \/>\n\t<meta property=\"og:image:type\" content=\"image\/jpeg\" \/>\n<meta name=\"author\" content=\"Edici\u00f3n Web\" \/>\n<meta name=\"twitter:card\" content=\"summary_large_image\" \/>\n<meta name=\"twitter:creator\" content=\"@NOTICIEROS7\" \/>\n<meta name=\"twitter:site\" content=\"@NOTICIEROS7\" \/>\n<meta name=\"twitter:label1\" content=\"Escrito por\" \/>\n\t<meta name=\"twitter:data1\" content=\"Edici\u00f3n Web\" \/>\n\t<meta name=\"twitter:label2\" content=\"Tiempo de lectura\" \/>\n\t<meta name=\"twitter:data2\" content=\"1 minuto\" \/>\n<script type=\"application\/ld+json\" class=\"yoast-schema-graph\">{\"@context\":\"https:\\\/\\\/schema.org\",\"@graph\":[{\"@type\":\"Article\",\"@id\":\"https:\\\/\\\/canal7slp.tv\\\/2023\\\/libera-israel-a-39-presos-palestinos-en-acuerdo-con-hamas\\\/#article\",\"isPartOf\":{\"@id\":\"https:\\\/\\\/canal7slp.tv\\\/2023\\\/libera-israel-a-39-presos-palestinos-en-acuerdo-con-hamas\\\/\"},\"author\":{\"name\":\"Edici\u00f3n Web\",\"@id\":\"https:\\\/\\\/canal7slp.tv\\\/2023\\\/#\\\/schema\\\/person\\\/639c424e3584069003b11ae813915da6\"},\"headline\":\"Libera Israel a 39 presos palestinos en acuerdo con Ham\u00e1s\",\"datePublished\":\"2023-11-27T03:07:08+00:00\",\"mainEntityOfPage\":{\"@id\":\"https:\\\/\\\/canal7slp.tv\\\/2023\\\/libera-israel-a-39-presos-palestinos-en-acuerdo-con-hamas\\\/\"},\"wordCount\":149,\"publisher\":{\"@id\":\"https:\\\/\\\/canal7slp.tv\\\/2023\\\/#organization\"},\"image\":{\"@id\":\"https:\\\/\\\/canal7slp.tv\\\/2023\\\/libera-israel-a-39-presos-palestinos-en-acuerdo-con-hamas\\\/#primaryimage\"},\"thumbnailUrl\":\"https:\\\/\\\/canal7slp.tv\\\/2023\\\/wp-content\\\/uploads\\\/2023\\\/11\\\/05-17.jpg\",\"articleSection\":[\"INTERNACIONALES\"],\"inLanguage\":\"es\"},{\"@type\":\"WebPage\",\"@id\":\"https:\\\/\\\/canal7slp.tv\\\/2023\\\/libera-israel-a-39-presos-palestinos-en-acuerdo-con-hamas\\\/\",\"url\":\"https:\\\/\\\/canal7slp.tv\\\/2023\\\/libera-israel-a-39-presos-palestinos-en-acuerdo-con-hamas\\\/\",\"name\":\"Libera Israel a 39 presos palestinos en acuerdo con Ham\u00e1s - Canal 7 SLP - 2023\",\"isPartOf\":{\"@id\":\"https:\\\/\\\/canal7slp.tv\\\/2023\\\/#website\"},\"primaryImageOfPage\":{\"@id\":\"https:\\\/\\\/canal7slp.tv\\\/2023\\\/libera-israel-a-39-presos-palestinos-en-acuerdo-con-hamas\\\/#primaryimage\"},\"image\":{\"@id\":\"https:\\\/\\\/canal7slp.tv\\\/2023\\\/libera-israel-a-39-presos-palestinos-en-acuerdo-con-hamas\\\/#primaryimage\"},\"thumbnailUrl\":\"https:\\\/\\\/canal7slp.tv\\\/2023\\\/wp-content\\\/uploads\\\/2023\\\/11\\\/05-17.jpg\",\"datePublished\":\"2023-11-27T03:07:08+00:00\",\"breadcrumb\":{\"@id\":\"https:\\\/\\\/canal7slp.tv\\\/2023\\\/libera-israel-a-39-presos-palestinos-en-acuerdo-con-hamas\\\/#breadcrumb\"},\"inLanguage\":\"es\",\"potentialAction\":[{\"@type\":\"ReadAction\",\"target\":[\"https:\\\/\\\/canal7slp.tv\\\/2023\\\/libera-israel-a-39-presos-palestinos-en-acuerdo-con-hamas\\\/\"]}]},{\"@type\":\"ImageObject\",\"inLanguage\":\"es\",\"@id\":\"https:\\\/\\\/canal7slp.tv\\\/2023\\\/libera-israel-a-39-presos-palestinos-en-acuerdo-con-hamas\\\/#primaryimage\",\"url\":\"https:\\\/\\\/canal7slp.tv\\\/2023\\\/wp-content\\\/uploads\\\/2023\\\/11\\\/05-17.jpg\",\"contentUrl\":\"https:\\\/\\\/canal7slp.tv\\\/2023\\\/wp-content\\\/uploads\\\/2023\\\/11\\\/05-17.jpg\",\"width\":1024,\"height\":577},{\"@type\":\"BreadcrumbList\",\"@id\":\"https:\\\/\\\/canal7slp.tv\\\/2023\\\/libera-israel-a-39-presos-palestinos-en-acuerdo-con-hamas\\\/#breadcrumb\",\"itemListElement\":[{\"@type\":\"ListItem\",\"position\":1,\"name\":\"Portada\",\"item\":\"https:\\\/\\\/canal7slp.tv\\\/2023\\\/\"},{\"@type\":\"ListItem\",\"position\":2,\"name\":\"Libera Israel a 39 presos palestinos en acuerdo con Ham\u00e1s\"}]},{\"@type\":\"WebSite\",\"@id\":\"https:\\\/\\\/canal7slp.tv\\\/2023\\\/#website\",\"url\":\"https:\\\/\\\/canal7slp.tv\\\/2023\\\/\",\"name\":\"N7 - Noticieros Canal 7\",\"description\":\"Somos Televisi\u00f3n\",\"publisher\":{\"@id\":\"https:\\\/\\\/canal7slp.tv\\\/2023\\\/#organization\"},\"potentialAction\":[{\"@type\":\"SearchAction\",\"target\":{\"@type\":\"EntryPoint\",\"urlTemplate\":\"https:\\\/\\\/canal7slp.tv\\\/2023\\\/?s={search_term_string}\"},\"query-input\":{\"@type\":\"PropertyValueSpecification\",\"valueRequired\":true,\"valueName\":\"search_term_string\"}}],\"inLanguage\":\"es\"},{\"@type\":\"Organization\",\"@id\":\"https:\\\/\\\/canal7slp.tv\\\/2023\\\/#organization\",\"name\":\"Noticieros Canal 7\",\"url\":\"https:\\\/\\\/canal7slp.tv\\\/2023\\\/\",\"logo\":{\"@type\":\"ImageObject\",\"inLanguage\":\"es\",\"@id\":\"https:\\\/\\\/canal7slp.tv\\\/2023\\\/#\\\/schema\\\/logo\\\/image\\\/\",\"url\":\"https:\\\/\\\/canal7slp.tv\\\/2023\\\/wp-content\\\/uploads\\\/2021\\\/01\\\/logo-noticieros@2x.png\",\"contentUrl\":\"https:\\\/\\\/canal7slp.tv\\\/2023\\\/wp-content\\\/uploads\\\/2021\\\/01\\\/logo-noticieros@2x.png\",\"width\":1017,\"height\":268,\"caption\":\"Noticieros Canal 7\"},\"image\":{\"@id\":\"https:\\\/\\\/canal7slp.tv\\\/2023\\\/#\\\/schema\\\/logo\\\/image\\\/\"},\"sameAs\":[\"https:\\\/\\\/www.facebook.com\\\/noticieroscanalsiete\",\"https:\\\/\\\/x.com\\\/NOTICIEROS7\",\"https:\\\/\\\/www.instagram.com\\\/canal7_slp\",\"https:\\\/\\\/www.youtube.com\\\/channel\\\/UCliiYs-gP3JfJeqdPrNdd5A\"]},{\"@type\":\"Person\",\"@id\":\"https:\\\/\\\/canal7slp.tv\\\/2023\\\/#\\\/schema\\\/person\\\/639c424e3584069003b11ae813915da6\",\"name\":\"Edici\u00f3n Web\",\"image\":{\"@type\":\"ImageObject\",\"inLanguage\":\"es\",\"@id\":\"https:\\\/\\\/secure.gravatar.com\\\/avatar\\\/eee448fc3f7164808013b816ba91ac7e43bbe82a70bebac296f8bc6f0addaa1a?s=96&d=mm&r=g\",\"url\":\"https:\\\/\\\/secure.gravatar.com\\\/avatar\\\/eee448fc3f7164808013b816ba91ac7e43bbe82a70bebac296f8bc6f0addaa1a?s=96&d=mm&r=g\",\"contentUrl\":\"https:\\\/\\\/secure.gravatar.com\\\/avatar\\\/eee448fc3f7164808013b816ba91ac7e43bbe82a70bebac296f8bc6f0addaa1a?s=96&d=mm&r=g\",\"caption\":\"Edici\u00f3n Web\"},\"url\":\"https:\\\/\\\/canal7slp.tv\\\/2023\\\/author\\\/edicionweb\\\/\"}]}<\/script>\n<!-- \/ Yoast SEO plugin. -->","yoast_head_json":{"title":"Libera Israel a 39 presos palestinos en acuerdo con Ham\u00e1s - Canal 7 SLP - 2023","robots":{"index":"index","follow":"follow","max-snippet":"max-snippet:-1","max-image-preview":"max-image-preview:large","max-video-preview":"max-video-preview:-1"},"canonical":"https:\/\/canal7slp.tv\/2023\/libera-israel-a-39-presos-palestinos-en-acuerdo-con-hamas\/","og_locale":"es_ES","og_type":"article","og_title":"Libera Israel a 39 presos palestinos en acuerdo con Ham\u00e1s - Canal 7 SLP - 2023","og_description":"Jerusal\u00e9n.- Este 24 de noviembre, Israel liber\u00f3 a los primeros 39 presos palestinos como parte de un acuerdo alcanzado con el grupo islamista Ham\u00e1s. La liberaci\u00f3n de estas personas, que incluyen 24 mujeres y 15 adolescentes varones acusados de terrorismo pero no de delitos de sangre, fue confirmada por Majed al Ansari, vocero del Ministerio de Exteriores de Qatar. Los presos fueron reunidos en la prisi\u00f3n israel\u00ed de Ofer, desde donde el Comit\u00e9 Internacional de la Cruz Roja (CICR) los traslad\u00f3 a Cisjordania, lugar en el que ser\u00e1n entregados a sus familiares. La Sociedad de Presos Palestinos hab\u00eda anunciado horas [&hellip;]","og_url":"https:\/\/canal7slp.tv\/2023\/libera-israel-a-39-presos-palestinos-en-acuerdo-con-hamas\/","og_site_name":"Canal 7 SLP - 2023","article_publisher":"https:\/\/www.facebook.com\/noticieroscanalsiete","article_published_time":"2023-11-27T03:07:08+00:00","og_image":[{"width":1024,"height":577,"url":"https:\/\/canal7slp.tv\/2023\/wp-content\/uploads\/2023\/11\/05-17.jpg","type":"image\/jpeg"}],"author":"Edici\u00f3n Web","twitter_card":"summary_large_image","twitter_creator":"@NOTICIEROS7","twitter_site":"@NOTICIEROS7","twitter_misc":{"Escrito por":"Edici\u00f3n Web","Tiempo de lectura":"1 minuto"},"schema":{"@context":"https:\/\/schema.org","@graph":[{"@type":"Article","@id":"https:\/\/canal7slp.tv\/2023\/libera-israel-a-39-presos-palestinos-en-acuerdo-con-hamas\/#article","isPartOf":{"@id":"https:\/\/canal7slp.tv\/2023\/libera-israel-a-39-presos-palestinos-en-acuerdo-con-hamas\/"},"author":{"name":"Edici\u00f3n Web","@id":"https:\/\/canal7slp.tv\/2023\/#\/schema\/person\/639c424e3584069003b11ae813915da6"},"headline":"Libera Israel a 39 presos palestinos en acuerdo con Ham\u00e1s","datePublished":"2023-11-27T03:07:08+00:00","mainEntityOfPage":{"@id":"https:\/\/canal7slp.tv\/2023\/libera-israel-a-39-presos-palestinos-en-acuerdo-con-hamas\/"},"wordCount":149,"publisher":{"@id":"https:\/\/canal7slp.tv\/2023\/#organization"},"image":{"@id":"https:\/\/canal7slp.tv\/2023\/libera-israel-a-39-presos-palestinos-en-acuerdo-con-hamas\/#primaryimage"},"thumbnailUrl":"https:\/\/canal7slp.tv\/2023\/wp-content\/uploads\/2023\/11\/05-17.jpg","articleSection":["INTERNACIONALES"],"inLanguage":"es"},{"@type":"WebPage","@id":"https:\/\/canal7slp.tv\/2023\/libera-israel-a-39-presos-palestinos-en-acuerdo-con-hamas\/","url":"https:\/\/canal7slp.tv\/2023\/libera-israel-a-39-presos-palestinos-en-acuerdo-con-hamas\/","name":"Libera Israel a 39 presos palestinos en acuerdo con Ham\u00e1s - Canal 7 SLP - 2023","isPartOf":{"@id":"https:\/\/canal7slp.tv\/2023\/#website"},"primaryImageOfPage":{"@id":"https:\/\/canal7slp.tv\/2023\/libera-israel-a-39-presos-palestinos-en-acuerdo-con-hamas\/#primaryimage"},"image":{"@id":"https:\/\/canal7slp.tv\/2023\/libera-israel-a-39-presos-palestinos-en-acuerdo-con-hamas\/#primaryimage"},"thumbnailUrl":"https:\/\/canal7slp.tv\/2023\/wp-content\/uploads\/2023\/11\/05-17.jpg","datePublished":"2023-11-27T03:07:08+00:00","breadcrumb":{"@id":"https:\/\/canal7slp.tv\/2023\/libera-israel-a-39-presos-palestinos-en-acuerdo-con-hamas\/#breadcrumb"},"inLanguage":"es","potentialAction":[{"@type":"ReadAction","target":["https:\/\/canal7slp.tv\/2023\/libera-israel-a-39-presos-palestinos-en-acuerdo-con-hamas\/"]}]},{"@type":"ImageObject","inLanguage":"es","@id":"https:\/\/canal7slp.tv\/2023\/libera-israel-a-39-presos-palestinos-en-acuerdo-con-hamas\/#primaryimage","url":"https:\/\/canal7slp.tv\/2023\/wp-content\/uploads\/2023\/11\/05-17.jpg","contentUrl":"https:\/\/canal7slp.tv\/2023\/wp-content\/uploads\/2023\/11\/05-17.jpg","width":1024,"height":577},{"@type":"BreadcrumbList","@id":"https:\/\/canal7slp.tv\/2023\/libera-israel-a-39-presos-palestinos-en-acuerdo-con-hamas\/#breadcrumb","itemListElement":[{"@type":"ListItem","position":1,"name":"Portada","item":"https:\/\/canal7slp.tv\/2023\/"},{"@type":"ListItem","position":2,"name":"Libera Israel a 39 presos palestinos en acuerdo con Ham\u00e1s"}]},{"@type":"WebSite","@id":"https:\/\/canal7slp.tv\/2023\/#website","url":"https:\/\/canal7slp.tv\/2023\/","name":"N7 - Noticieros Canal 7","description":"Somos Televisi\u00f3n","publisher":{"@id":"https:\/\/canal7slp.tv\/2023\/#organization"},"potentialAction":[{"@type":"SearchAction","target":{"@type":"EntryPoint","urlTemplate":"https:\/\/canal7slp.tv\/2023\/?s={search_term_string}"},"query-input":{"@type":"PropertyValueSpecification","valueRequired":true,"valueName":"search_term_string"}}],"inLanguage":"es"},{"@type":"Organization","@id":"https:\/\/canal7slp.tv\/2023\/#organization","name":"Noticieros Canal 7","url":"https:\/\/canal7slp.tv\/2023\/","logo":{"@type":"ImageObject","inLanguage":"es","@id":"https:\/\/canal7slp.tv\/2023\/#\/schema\/logo\/image\/","url":"https:\/\/canal7slp.tv\/2023\/wp-content\/uploads\/2021\/01\/logo-noticieros@2x.png","contentUrl":"https:\/\/canal7slp.tv\/2023\/wp-content\/uploads\/2021\/01\/logo-noticieros@2x.png","width":1017,"height":268,"caption":"Noticieros Canal 7"},"image":{"@id":"https:\/\/canal7slp.tv\/2023\/#\/schema\/logo\/image\/"},"sameAs":["https:\/\/www.facebook.com\/noticieroscanalsiete","https:\/\/x.com\/NOTICIEROS7","https:\/\/www.instagram.com\/canal7_slp","https:\/\/www.youtube.com\/channel\/UCliiYs-gP3JfJeqdPrNdd5A"]},{"@type":"Person","@id":"https:\/\/canal7slp.tv\/2023\/#\/schema\/person\/639c424e3584069003b11ae813915da6","name":"Edici\u00f3n Web","image":{"@type":"ImageObject","inLanguage":"es","@id":"https:\/\/secure.gravatar.com\/avatar\/eee448fc3f7164808013b816ba91ac7e43bbe82a70bebac296f8bc6f0addaa1a?s=96&d=mm&r=g","url":"https:\/\/secure.gravatar.com\/avatar\/eee448fc3f7164808013b816ba91ac7e43bbe82a70bebac296f8bc6f0addaa1a?s=96&d=mm&r=g","contentUrl":"https:\/\/secure.gravatar.com\/avatar\/eee448fc3f7164808013b816ba91ac7e43bbe82a70bebac296f8bc6f0addaa1a?s=96&d=mm&r=g","caption":"Edici\u00f3n Web"},"url":"https:\/\/canal7slp.tv\/2023\/author\/edicionweb\/"}]}},"_links":{"self":[{"href":"https:\/\/canal7slp.tv\/2023\/wp-json\/wp\/v2\/posts\/114133","targetHints":{"allow":["GET"]}}],"collection":[{"href":"https:\/\/canal7slp.tv\/2023\/wp-json\/wp\/v2\/posts"}],"about":[{"href":"https:\/\/canal7slp.tv\/2023\/wp-json\/wp\/v2\/types\/post"}],"author":[{"embeddable":true,"href":"https:\/\/canal7slp.tv\/2023\/wp-json\/wp\/v2\/users\/2"}],"replies":[{"embeddable":true,"href":"https:\/\/canal7slp.tv\/2023\/wp-json\/wp\/v2\/comments?post=114133"}],"version-history":[{"count":3,"href":"https:\/\/canal7slp.tv\/2023\/wp-json\/wp\/v2\/posts\/114133\/revisions"}],"predecessor-version":[{"id":114235,"href":"https:\/\/canal7slp.tv\/2023\/wp-json\/wp\/v2\/posts\/114133\/revisions\/114235"}],"wp:featuredmedia":[{"embeddable":true,"href":"https:\/\/canal7slp.tv\/2023\/wp-json\/wp\/v2\/media\/114150"}],"wp:attachment":[{"href":"https:\/\/canal7slp.tv\/2023\/wp-json\/wp\/v2\/media?parent=114133"}],"wp:term":[{"taxonomy":"category","embeddable":true,"href":"https:\/\/canal7slp.tv\/2023\/wp-json\/wp\/v2\/categories?post=114133"},{"taxonomy":"post_tag","embeddable":true,"href":"https:\/\/canal7slp.tv\/2023\/wp-json\/wp\/v2\/tags?post=114133"}],"curies":[{"name":"wp","href":"https:\/\/api.w.org\/{rel}","templated":true}]}}