{"id":114071,"date":"2023-11-24T16:49:27","date_gmt":"2023-11-24T22:49:27","guid":{"rendered":"https:\/\/canal7slp.tv\/2023\/?p=114071"},"modified":"2023-11-24T16:49:27","modified_gmt":"2023-11-24T22:49:27","slug":"jueza-frena-extradicion-a-estados-unidos-de-el-nini-jefe-de-escoltas-de-los-chapitos","status":"publish","type":"post","link":"https:\/\/canal7slp.tv\/2023\/jueza-frena-extradicion-a-estados-unidos-de-el-nini-jefe-de-escoltas-de-los-chapitos\/","title":{"rendered":"Jueza frena extradici\u00f3n a Estados Unidos de \u00abEl Nini\u00bb, jefe de escoltas de Los Chapitos"},"content":{"rendered":"<p style=\"text-align: justify;\">M\u00e9xico.- En una audiencia reciente, N\u00e9stor Isidro, tambi\u00e9n conocido como &#8216;El Nini&#8217; y supuestamente vinculado al grupo delincuencial &#8216;Los Chapitos&#8217;, ha experimentado un freno temporal en su extradici\u00f3n a los Estados Unidos.<\/p>\n<p style=\"text-align: justify;\">El juez federal encargado de su caso ha determinado que a\u00fan no es el momento adecuado para su traslado, a pesar de los cargos de delincuencia organizada y tr\u00e1fico de drogas que se le imputan.<\/p>\n<p style=\"text-align: justify;\">Despu\u00e9s de ser trasladado en un veh\u00edculo de alta seguridad desde las instalaciones de la Fiscal\u00eda Especializada en Materia de Delincuencia Organizada (FEMDO) hacia el Reclusorio Norte, donde se enfrent\u00f3 a un juez federal por primera vez, la audiencia estaba programada para las 15:00 horas.<\/p>\n<p style=\"text-align: justify;\">La jueza dictamin\u00f3 que la medida cautelar no tendr\u00eda efecto si la orden de extradici\u00f3n no proven\u00eda de las autoridades correspondientes o si se hab\u00eda ejecutado de manera apresurada sin considerar la solicitud de amparo presentada.<\/p>\n<p style=\"text-align: justify;\">En consecuencia, se ha decidido no admitir el tr\u00e1mite de la demanda y se espera que &#8216;El Nini&#8217; ratifique su escrito en relaci\u00f3n a esta decisi\u00f3n.<\/p>\n","protected":false},"excerpt":{"rendered":"<p>M\u00e9xico.- En una audiencia reciente, N\u00e9stor Isidro, tambi\u00e9n conocido como &#8216;El Nini&#8217; y supuestamente vinculado al grupo delincuencial &#8216;Los Chapitos&#8217;, ha experimentado un freno temporal en su extradici\u00f3n a los Estados Unidos. El juez federal encargado de su caso ha determinado que a\u00fan no es el momento adecuado para su traslado, a pesar de los cargos de delincuencia organizada y tr\u00e1fico de drogas que se le imputan. Despu\u00e9s de ser trasladado en un veh\u00edculo de alta seguridad desde las instalaciones de la Fiscal\u00eda Especializada en Materia de Delincuencia Organizada (FEMDO) hacia el Reclusorio Norte, donde se enfrent\u00f3 a un juez [&hellip;]<\/p>\n","protected":false},"author":2,"featured_media":114090,"comment_status":"closed","ping_status":"closed","sticky":false,"template":"","format":"standard","meta":{"footnotes":""},"categories":[46],"tags":[],"class_list":["post-114071","post","type-post","status-publish","format-standard","has-post-thumbnail","hentry","category-nacional","post--single"],"yoast_head":"<!-- This site is optimized with the Yoast SEO plugin v27.5 - https:\/\/yoast.com\/product\/yoast-seo-wordpress\/ -->\n<title>Jueza frena extradici\u00f3n a Estados Unidos de &quot;El Nini&quot;, jefe de escoltas de Los Chapitos - Canal 7 SLP - 2023<\/title>\n<meta name=\"robots\" content=\"index, follow, max-snippet:-1, max-image-preview:large, max-video-preview:-1\" \/>\n<link rel=\"canonical\" href=\"https:\/\/canal7slp.tv\/2023\/jueza-frena-extradicion-a-estados-unidos-de-el-nini-jefe-de-escoltas-de-los-chapitos\/\" \/>\n<meta property=\"og:locale\" content=\"es_ES\" \/>\n<meta property=\"og:type\" content=\"article\" \/>\n<meta property=\"og:title\" content=\"Jueza frena extradici\u00f3n a Estados Unidos de &quot;El Nini&quot;, jefe de escoltas de Los Chapitos - Canal 7 SLP - 2023\" \/>\n<meta property=\"og:description\" content=\"M\u00e9xico.- En una audiencia reciente, N\u00e9stor Isidro, tambi\u00e9n conocido como &#8216;El Nini&#8217; y supuestamente vinculado al grupo delincuencial &#8216;Los Chapitos&#8217;, ha experimentado un freno temporal en su extradici\u00f3n a los Estados Unidos. El juez federal encargado de su caso ha determinado que a\u00fan no es el momento adecuado para su traslado, a pesar de los cargos de delincuencia organizada y tr\u00e1fico de drogas que se le imputan. Despu\u00e9s de ser trasladado en un veh\u00edculo de alta seguridad desde las instalaciones de la Fiscal\u00eda Especializada en Materia de Delincuencia Organizada (FEMDO) hacia el Reclusorio Norte, donde se enfrent\u00f3 a un juez [&hellip;]\" \/>\n<meta property=\"og:url\" content=\"https:\/\/canal7slp.tv\/2023\/jueza-frena-extradicion-a-estados-unidos-de-el-nini-jefe-de-escoltas-de-los-chapitos\/\" \/>\n<meta property=\"og:site_name\" content=\"Canal 7 SLP - 2023\" \/>\n<meta property=\"article:publisher\" content=\"https:\/\/www.facebook.com\/noticieroscanalsiete\" \/>\n<meta property=\"article:published_time\" content=\"2023-11-24T22:49:27+00:00\" \/>\n<meta property=\"og:image\" content=\"https:\/\/canal7slp.tv\/2023\/wp-content\/uploads\/2023\/11\/01-20.jpg\" \/>\n\t<meta property=\"og:image:width\" content=\"960\" \/>\n\t<meta property=\"og:image:height\" content=\"599\" \/>\n\t<meta property=\"og:image:type\" content=\"image\/jpeg\" \/>\n<meta name=\"author\" content=\"Edici\u00f3n Web\" \/>\n<meta name=\"twitter:card\" content=\"summary_large_image\" \/>\n<meta name=\"twitter:creator\" content=\"@NOTICIEROS7\" \/>\n<meta name=\"twitter:site\" content=\"@NOTICIEROS7\" \/>\n<meta name=\"twitter:label1\" content=\"Escrito por\" \/>\n\t<meta name=\"twitter:data1\" content=\"Edici\u00f3n Web\" \/>\n\t<meta name=\"twitter:label2\" content=\"Tiempo de lectura\" \/>\n\t<meta name=\"twitter:data2\" content=\"1 minuto\" \/>\n<script type=\"application\/ld+json\" class=\"yoast-schema-graph\">{\"@context\":\"https:\\\/\\\/schema.org\",\"@graph\":[{\"@type\":\"Article\",\"@id\":\"https:\\\/\\\/canal7slp.tv\\\/2023\\\/jueza-frena-extradicion-a-estados-unidos-de-el-nini-jefe-de-escoltas-de-los-chapitos\\\/#article\",\"isPartOf\":{\"@id\":\"https:\\\/\\\/canal7slp.tv\\\/2023\\\/jueza-frena-extradicion-a-estados-unidos-de-el-nini-jefe-de-escoltas-de-los-chapitos\\\/\"},\"author\":{\"name\":\"Edici\u00f3n Web\",\"@id\":\"https:\\\/\\\/canal7slp.tv\\\/2023\\\/#\\\/schema\\\/person\\\/639c424e3584069003b11ae813915da6\"},\"headline\":\"Jueza frena extradici\u00f3n a Estados Unidos de \u00abEl Nini\u00bb, jefe de escoltas de Los Chapitos\",\"datePublished\":\"2023-11-24T22:49:27+00:00\",\"mainEntityOfPage\":{\"@id\":\"https:\\\/\\\/canal7slp.tv\\\/2023\\\/jueza-frena-extradicion-a-estados-unidos-de-el-nini-jefe-de-escoltas-de-los-chapitos\\\/\"},\"wordCount\":206,\"publisher\":{\"@id\":\"https:\\\/\\\/canal7slp.tv\\\/2023\\\/#organization\"},\"image\":{\"@id\":\"https:\\\/\\\/canal7slp.tv\\\/2023\\\/jueza-frena-extradicion-a-estados-unidos-de-el-nini-jefe-de-escoltas-de-los-chapitos\\\/#primaryimage\"},\"thumbnailUrl\":\"https:\\\/\\\/canal7slp.tv\\\/2023\\\/wp-content\\\/uploads\\\/2023\\\/11\\\/01-20.jpg\",\"articleSection\":[\"NACIONALES\"],\"inLanguage\":\"es\"},{\"@type\":\"WebPage\",\"@id\":\"https:\\\/\\\/canal7slp.tv\\\/2023\\\/jueza-frena-extradicion-a-estados-unidos-de-el-nini-jefe-de-escoltas-de-los-chapitos\\\/\",\"url\":\"https:\\\/\\\/canal7slp.tv\\\/2023\\\/jueza-frena-extradicion-a-estados-unidos-de-el-nini-jefe-de-escoltas-de-los-chapitos\\\/\",\"name\":\"Jueza frena extradici\u00f3n a Estados Unidos de \\\"El Nini\\\", jefe de escoltas de Los Chapitos - Canal 7 SLP - 2023\",\"isPartOf\":{\"@id\":\"https:\\\/\\\/canal7slp.tv\\\/2023\\\/#website\"},\"primaryImageOfPage\":{\"@id\":\"https:\\\/\\\/canal7slp.tv\\\/2023\\\/jueza-frena-extradicion-a-estados-unidos-de-el-nini-jefe-de-escoltas-de-los-chapitos\\\/#primaryimage\"},\"image\":{\"@id\":\"https:\\\/\\\/canal7slp.tv\\\/2023\\\/jueza-frena-extradicion-a-estados-unidos-de-el-nini-jefe-de-escoltas-de-los-chapitos\\\/#primaryimage\"},\"thumbnailUrl\":\"https:\\\/\\\/canal7slp.tv\\\/2023\\\/wp-content\\\/uploads\\\/2023\\\/11\\\/01-20.jpg\",\"datePublished\":\"2023-11-24T22:49:27+00:00\",\"breadcrumb\":{\"@id\":\"https:\\\/\\\/canal7slp.tv\\\/2023\\\/jueza-frena-extradicion-a-estados-unidos-de-el-nini-jefe-de-escoltas-de-los-chapitos\\\/#breadcrumb\"},\"inLanguage\":\"es\",\"potentialAction\":[{\"@type\":\"ReadAction\",\"target\":[\"https:\\\/\\\/canal7slp.tv\\\/2023\\\/jueza-frena-extradicion-a-estados-unidos-de-el-nini-jefe-de-escoltas-de-los-chapitos\\\/\"]}]},{\"@type\":\"ImageObject\",\"inLanguage\":\"es\",\"@id\":\"https:\\\/\\\/canal7slp.tv\\\/2023\\\/jueza-frena-extradicion-a-estados-unidos-de-el-nini-jefe-de-escoltas-de-los-chapitos\\\/#primaryimage\",\"url\":\"https:\\\/\\\/canal7slp.tv\\\/2023\\\/wp-content\\\/uploads\\\/2023\\\/11\\\/01-20.jpg\",\"contentUrl\":\"https:\\\/\\\/canal7slp.tv\\\/2023\\\/wp-content\\\/uploads\\\/2023\\\/11\\\/01-20.jpg\",\"width\":960,\"height\":599},{\"@type\":\"BreadcrumbList\",\"@id\":\"https:\\\/\\\/canal7slp.tv\\\/2023\\\/jueza-frena-extradicion-a-estados-unidos-de-el-nini-jefe-de-escoltas-de-los-chapitos\\\/#breadcrumb\",\"itemListElement\":[{\"@type\":\"ListItem\",\"position\":1,\"name\":\"Portada\",\"item\":\"https:\\\/\\\/canal7slp.tv\\\/2023\\\/\"},{\"@type\":\"ListItem\",\"position\":2,\"name\":\"Jueza frena extradici\u00f3n a Estados Unidos de &#8220;El Nini&#8221;, jefe de escoltas de Los Chapitos\"}]},{\"@type\":\"WebSite\",\"@id\":\"https:\\\/\\\/canal7slp.tv\\\/2023\\\/#website\",\"url\":\"https:\\\/\\\/canal7slp.tv\\\/2023\\\/\",\"name\":\"N7 - Noticieros Canal 7\",\"description\":\"Somos Televisi\u00f3n\",\"publisher\":{\"@id\":\"https:\\\/\\\/canal7slp.tv\\\/2023\\\/#organization\"},\"potentialAction\":[{\"@type\":\"SearchAction\",\"target\":{\"@type\":\"EntryPoint\",\"urlTemplate\":\"https:\\\/\\\/canal7slp.tv\\\/2023\\\/?s={search_term_string}\"},\"query-input\":{\"@type\":\"PropertyValueSpecification\",\"valueRequired\":true,\"valueName\":\"search_term_string\"}}],\"inLanguage\":\"es\"},{\"@type\":\"Organization\",\"@id\":\"https:\\\/\\\/canal7slp.tv\\\/2023\\\/#organization\",\"name\":\"Noticieros Canal 7\",\"url\":\"https:\\\/\\\/canal7slp.tv\\\/2023\\\/\",\"logo\":{\"@type\":\"ImageObject\",\"inLanguage\":\"es\",\"@id\":\"https:\\\/\\\/canal7slp.tv\\\/2023\\\/#\\\/schema\\\/logo\\\/image\\\/\",\"url\":\"https:\\\/\\\/canal7slp.tv\\\/2023\\\/wp-content\\\/uploads\\\/2021\\\/01\\\/logo-noticieros@2x.png\",\"contentUrl\":\"https:\\\/\\\/canal7slp.tv\\\/2023\\\/wp-content\\\/uploads\\\/2021\\\/01\\\/logo-noticieros@2x.png\",\"width\":1017,\"height\":268,\"caption\":\"Noticieros Canal 7\"},\"image\":{\"@id\":\"https:\\\/\\\/canal7slp.tv\\\/2023\\\/#\\\/schema\\\/logo\\\/image\\\/\"},\"sameAs\":[\"https:\\\/\\\/www.facebook.com\\\/noticieroscanalsiete\",\"https:\\\/\\\/x.com\\\/NOTICIEROS7\",\"https:\\\/\\\/www.instagram.com\\\/canal7_slp\",\"https:\\\/\\\/www.youtube.com\\\/channel\\\/UCliiYs-gP3JfJeqdPrNdd5A\"]},{\"@type\":\"Person\",\"@id\":\"https:\\\/\\\/canal7slp.tv\\\/2023\\\/#\\\/schema\\\/person\\\/639c424e3584069003b11ae813915da6\",\"name\":\"Edici\u00f3n Web\",\"image\":{\"@type\":\"ImageObject\",\"inLanguage\":\"es\",\"@id\":\"https:\\\/\\\/secure.gravatar.com\\\/avatar\\\/eee448fc3f7164808013b816ba91ac7e43bbe82a70bebac296f8bc6f0addaa1a?s=96&d=mm&r=g\",\"url\":\"https:\\\/\\\/secure.gravatar.com\\\/avatar\\\/eee448fc3f7164808013b816ba91ac7e43bbe82a70bebac296f8bc6f0addaa1a?s=96&d=mm&r=g\",\"contentUrl\":\"https:\\\/\\\/secure.gravatar.com\\\/avatar\\\/eee448fc3f7164808013b816ba91ac7e43bbe82a70bebac296f8bc6f0addaa1a?s=96&d=mm&r=g\",\"caption\":\"Edici\u00f3n Web\"},\"url\":\"https:\\\/\\\/canal7slp.tv\\\/2023\\\/author\\\/edicionweb\\\/\"}]}<\/script>\n<!-- \/ Yoast SEO plugin. -->","yoast_head_json":{"title":"Jueza frena extradici\u00f3n a Estados Unidos de \"El Nini\", jefe de escoltas de Los Chapitos - Canal 7 SLP - 2023","robots":{"index":"index","follow":"follow","max-snippet":"max-snippet:-1","max-image-preview":"max-image-preview:large","max-video-preview":"max-video-preview:-1"},"canonical":"https:\/\/canal7slp.tv\/2023\/jueza-frena-extradicion-a-estados-unidos-de-el-nini-jefe-de-escoltas-de-los-chapitos\/","og_locale":"es_ES","og_type":"article","og_title":"Jueza frena extradici\u00f3n a Estados Unidos de \"El Nini\", jefe de escoltas de Los Chapitos - Canal 7 SLP - 2023","og_description":"M\u00e9xico.- En una audiencia reciente, N\u00e9stor Isidro, tambi\u00e9n conocido como &#8216;El Nini&#8217; y supuestamente vinculado al grupo delincuencial &#8216;Los Chapitos&#8217;, ha experimentado un freno temporal en su extradici\u00f3n a los Estados Unidos. El juez federal encargado de su caso ha determinado que a\u00fan no es el momento adecuado para su traslado, a pesar de los cargos de delincuencia organizada y tr\u00e1fico de drogas que se le imputan. Despu\u00e9s de ser trasladado en un veh\u00edculo de alta seguridad desde las instalaciones de la Fiscal\u00eda Especializada en Materia de Delincuencia Organizada (FEMDO) hacia el Reclusorio Norte, donde se enfrent\u00f3 a un juez [&hellip;]","og_url":"https:\/\/canal7slp.tv\/2023\/jueza-frena-extradicion-a-estados-unidos-de-el-nini-jefe-de-escoltas-de-los-chapitos\/","og_site_name":"Canal 7 SLP - 2023","article_publisher":"https:\/\/www.facebook.com\/noticieroscanalsiete","article_published_time":"2023-11-24T22:49:27+00:00","og_image":[{"width":960,"height":599,"url":"https:\/\/canal7slp.tv\/2023\/wp-content\/uploads\/2023\/11\/01-20.jpg","type":"image\/jpeg"}],"author":"Edici\u00f3n Web","twitter_card":"summary_large_image","twitter_creator":"@NOTICIEROS7","twitter_site":"@NOTICIEROS7","twitter_misc":{"Escrito por":"Edici\u00f3n Web","Tiempo de lectura":"1 minuto"},"schema":{"@context":"https:\/\/schema.org","@graph":[{"@type":"Article","@id":"https:\/\/canal7slp.tv\/2023\/jueza-frena-extradicion-a-estados-unidos-de-el-nini-jefe-de-escoltas-de-los-chapitos\/#article","isPartOf":{"@id":"https:\/\/canal7slp.tv\/2023\/jueza-frena-extradicion-a-estados-unidos-de-el-nini-jefe-de-escoltas-de-los-chapitos\/"},"author":{"name":"Edici\u00f3n Web","@id":"https:\/\/canal7slp.tv\/2023\/#\/schema\/person\/639c424e3584069003b11ae813915da6"},"headline":"Jueza frena extradici\u00f3n a Estados Unidos de \u00abEl Nini\u00bb, jefe de escoltas de Los Chapitos","datePublished":"2023-11-24T22:49:27+00:00","mainEntityOfPage":{"@id":"https:\/\/canal7slp.tv\/2023\/jueza-frena-extradicion-a-estados-unidos-de-el-nini-jefe-de-escoltas-de-los-chapitos\/"},"wordCount":206,"publisher":{"@id":"https:\/\/canal7slp.tv\/2023\/#organization"},"image":{"@id":"https:\/\/canal7slp.tv\/2023\/jueza-frena-extradicion-a-estados-unidos-de-el-nini-jefe-de-escoltas-de-los-chapitos\/#primaryimage"},"thumbnailUrl":"https:\/\/canal7slp.tv\/2023\/wp-content\/uploads\/2023\/11\/01-20.jpg","articleSection":["NACIONALES"],"inLanguage":"es"},{"@type":"WebPage","@id":"https:\/\/canal7slp.tv\/2023\/jueza-frena-extradicion-a-estados-unidos-de-el-nini-jefe-de-escoltas-de-los-chapitos\/","url":"https:\/\/canal7slp.tv\/2023\/jueza-frena-extradicion-a-estados-unidos-de-el-nini-jefe-de-escoltas-de-los-chapitos\/","name":"Jueza frena extradici\u00f3n a Estados Unidos de \"El Nini\", jefe de escoltas de Los Chapitos - Canal 7 SLP - 2023","isPartOf":{"@id":"https:\/\/canal7slp.tv\/2023\/#website"},"primaryImageOfPage":{"@id":"https:\/\/canal7slp.tv\/2023\/jueza-frena-extradicion-a-estados-unidos-de-el-nini-jefe-de-escoltas-de-los-chapitos\/#primaryimage"},"image":{"@id":"https:\/\/canal7slp.tv\/2023\/jueza-frena-extradicion-a-estados-unidos-de-el-nini-jefe-de-escoltas-de-los-chapitos\/#primaryimage"},"thumbnailUrl":"https:\/\/canal7slp.tv\/2023\/wp-content\/uploads\/2023\/11\/01-20.jpg","datePublished":"2023-11-24T22:49:27+00:00","breadcrumb":{"@id":"https:\/\/canal7slp.tv\/2023\/jueza-frena-extradicion-a-estados-unidos-de-el-nini-jefe-de-escoltas-de-los-chapitos\/#breadcrumb"},"inLanguage":"es","potentialAction":[{"@type":"ReadAction","target":["https:\/\/canal7slp.tv\/2023\/jueza-frena-extradicion-a-estados-unidos-de-el-nini-jefe-de-escoltas-de-los-chapitos\/"]}]},{"@type":"ImageObject","inLanguage":"es","@id":"https:\/\/canal7slp.tv\/2023\/jueza-frena-extradicion-a-estados-unidos-de-el-nini-jefe-de-escoltas-de-los-chapitos\/#primaryimage","url":"https:\/\/canal7slp.tv\/2023\/wp-content\/uploads\/2023\/11\/01-20.jpg","contentUrl":"https:\/\/canal7slp.tv\/2023\/wp-content\/uploads\/2023\/11\/01-20.jpg","width":960,"height":599},{"@type":"BreadcrumbList","@id":"https:\/\/canal7slp.tv\/2023\/jueza-frena-extradicion-a-estados-unidos-de-el-nini-jefe-de-escoltas-de-los-chapitos\/#breadcrumb","itemListElement":[{"@type":"ListItem","position":1,"name":"Portada","item":"https:\/\/canal7slp.tv\/2023\/"},{"@type":"ListItem","position":2,"name":"Jueza frena extradici\u00f3n a Estados Unidos de &#8220;El Nini&#8221;, jefe de escoltas de Los Chapitos"}]},{"@type":"WebSite","@id":"https:\/\/canal7slp.tv\/2023\/#website","url":"https:\/\/canal7slp.tv\/2023\/","name":"N7 - Noticieros Canal 7","description":"Somos Televisi\u00f3n","publisher":{"@id":"https:\/\/canal7slp.tv\/2023\/#organization"},"potentialAction":[{"@type":"SearchAction","target":{"@type":"EntryPoint","urlTemplate":"https:\/\/canal7slp.tv\/2023\/?s={search_term_string}"},"query-input":{"@type":"PropertyValueSpecification","valueRequired":true,"valueName":"search_term_string"}}],"inLanguage":"es"},{"@type":"Organization","@id":"https:\/\/canal7slp.tv\/2023\/#organization","name":"Noticieros Canal 7","url":"https:\/\/canal7slp.tv\/2023\/","logo":{"@type":"ImageObject","inLanguage":"es","@id":"https:\/\/canal7slp.tv\/2023\/#\/schema\/logo\/image\/","url":"https:\/\/canal7slp.tv\/2023\/wp-content\/uploads\/2021\/01\/logo-noticieros@2x.png","contentUrl":"https:\/\/canal7slp.tv\/2023\/wp-content\/uploads\/2021\/01\/logo-noticieros@2x.png","width":1017,"height":268,"caption":"Noticieros Canal 7"},"image":{"@id":"https:\/\/canal7slp.tv\/2023\/#\/schema\/logo\/image\/"},"sameAs":["https:\/\/www.facebook.com\/noticieroscanalsiete","https:\/\/x.com\/NOTICIEROS7","https:\/\/www.instagram.com\/canal7_slp","https:\/\/www.youtube.com\/channel\/UCliiYs-gP3JfJeqdPrNdd5A"]},{"@type":"Person","@id":"https:\/\/canal7slp.tv\/2023\/#\/schema\/person\/639c424e3584069003b11ae813915da6","name":"Edici\u00f3n Web","image":{"@type":"ImageObject","inLanguage":"es","@id":"https:\/\/secure.gravatar.com\/avatar\/eee448fc3f7164808013b816ba91ac7e43bbe82a70bebac296f8bc6f0addaa1a?s=96&d=mm&r=g","url":"https:\/\/secure.gravatar.com\/avatar\/eee448fc3f7164808013b816ba91ac7e43bbe82a70bebac296f8bc6f0addaa1a?s=96&d=mm&r=g","contentUrl":"https:\/\/secure.gravatar.com\/avatar\/eee448fc3f7164808013b816ba91ac7e43bbe82a70bebac296f8bc6f0addaa1a?s=96&d=mm&r=g","caption":"Edici\u00f3n Web"},"url":"https:\/\/canal7slp.tv\/2023\/author\/edicionweb\/"}]}},"_links":{"self":[{"href":"https:\/\/canal7slp.tv\/2023\/wp-json\/wp\/v2\/posts\/114071","targetHints":{"allow":["GET"]}}],"collection":[{"href":"https:\/\/canal7slp.tv\/2023\/wp-json\/wp\/v2\/posts"}],"about":[{"href":"https:\/\/canal7slp.tv\/2023\/wp-json\/wp\/v2\/types\/post"}],"author":[{"embeddable":true,"href":"https:\/\/canal7slp.tv\/2023\/wp-json\/wp\/v2\/users\/2"}],"replies":[{"embeddable":true,"href":"https:\/\/canal7slp.tv\/2023\/wp-json\/wp\/v2\/comments?post=114071"}],"version-history":[{"count":3,"href":"https:\/\/canal7slp.tv\/2023\/wp-json\/wp\/v2\/posts\/114071\/revisions"}],"predecessor-version":[{"id":114110,"href":"https:\/\/canal7slp.tv\/2023\/wp-json\/wp\/v2\/posts\/114071\/revisions\/114110"}],"wp:featuredmedia":[{"embeddable":true,"href":"https:\/\/canal7slp.tv\/2023\/wp-json\/wp\/v2\/media\/114090"}],"wp:attachment":[{"href":"https:\/\/canal7slp.tv\/2023\/wp-json\/wp\/v2\/media?parent=114071"}],"wp:term":[{"taxonomy":"category","embeddable":true,"href":"https:\/\/canal7slp.tv\/2023\/wp-json\/wp\/v2\/categories?post=114071"},{"taxonomy":"post_tag","embeddable":true,"href":"https:\/\/canal7slp.tv\/2023\/wp-json\/wp\/v2\/tags?post=114071"}],"curies":[{"name":"wp","href":"https:\/\/api.w.org\/{rel}","templated":true}]}}