{"id":114059,"date":"2023-11-24T14:26:11","date_gmt":"2023-11-24T20:26:11","guid":{"rendered":"https:\/\/canal7slp.tv\/2023\/?p=114059"},"modified":"2023-11-24T14:26:11","modified_gmt":"2023-11-24T20:26:11","slug":"invitan-a-convivencia-familiar-conmemorativa-del-25n-en-soledad-de-graciano-sanchez","status":"publish","type":"post","link":"https:\/\/canal7slp.tv\/2023\/invitan-a-convivencia-familiar-conmemorativa-del-25n-en-soledad-de-graciano-sanchez\/","title":{"rendered":"Invitan a Convivencia Familiar Conmemorativa del 25N en Soledad de Graciano S\u00e1nchez"},"content":{"rendered":"<p style=\"text-align: justify;\">SGS.- Se invita a la poblaci\u00f3n en general a ser parte de la Convivencia familiar \u201cPor una vida libre de violencia\u201d, con la intenci\u00f3n de fortalecer el mensaje de paz y equidad entre hombres y mujeres, en el marco del 25N \u201cD\u00eda Internacional de la Eliminaci\u00f3n de la Violencia contra las Mujeres\u201d.<\/p>\n<p style=\"text-align: justify;\">La cita es este s\u00e1bado 25 de noviembre en la Plaza principal de Soledad De Graciano S\u00e1nchez, en punto de las 8:00 horas, donde las familias podr\u00e1n convivir sanamente, conmemorando la lucha contra la violencia de g\u00e9nero, a trav\u00e9s de actividades l\u00fadicas y de recreaci\u00f3n.<\/p>\n<p style=\"text-align: justify;\">Se contara con una caminata Atl\u00e9tica donde los participantes recibir\u00e1n una playera conmemorativa deportiva para participar en el recorrido, que ser\u00e1 desde la Plaza principal hacia la calle Benito Ju\u00e1rez, carretera a Matehuala y calle Miguel Hidalgo, retornando a la Plaza nuevamente.<\/p>\n","protected":false},"excerpt":{"rendered":"<p>SGS.- Se invita a la poblaci\u00f3n en general a ser parte de la Convivencia familiar \u201cPor una vida libre de violencia\u201d, con la intenci\u00f3n de fortalecer el mensaje de paz y equidad entre hombres y mujeres, en el marco del 25N \u201cD\u00eda Internacional de la Eliminaci\u00f3n de la Violencia contra las Mujeres\u201d. La cita es este s\u00e1bado 25 de noviembre en la Plaza principal de Soledad De Graciano S\u00e1nchez, en punto de las 8:00 horas, donde las familias podr\u00e1n convivir sanamente, conmemorando la lucha contra la violencia de g\u00e9nero, a trav\u00e9s de actividades l\u00fadicas y de recreaci\u00f3n. Se contara con [&hellip;]<\/p>\n","protected":false},"author":2,"featured_media":114067,"comment_status":"closed","ping_status":"closed","sticky":false,"template":"","format":"video","meta":{"footnotes":""},"categories":[7,5],"tags":[],"class_list":["post-114059","post","type-post","status-publish","format-video","has-post-thumbnail","hentry","category-deportes","category-destacadas","post_format-post-format-video","post--single"],"yoast_head":"<!-- This site is optimized with the Yoast SEO plugin v27.5 - https:\/\/yoast.com\/product\/yoast-seo-wordpress\/ -->\n<title>Invitan a Convivencia Familiar Conmemorativa del 25N en Soledad de Graciano S\u00e1nchez - Canal 7 SLP - 2023<\/title>\n<meta name=\"robots\" content=\"index, follow, max-snippet:-1, max-image-preview:large, max-video-preview:-1\" \/>\n<link rel=\"canonical\" href=\"https:\/\/canal7slp.tv\/2023\/invitan-a-convivencia-familiar-conmemorativa-del-25n-en-soledad-de-graciano-sanchez\/\" \/>\n<meta property=\"og:locale\" content=\"es_ES\" \/>\n<meta property=\"og:type\" content=\"article\" \/>\n<meta property=\"og:title\" content=\"Invitan a Convivencia Familiar Conmemorativa del 25N en Soledad de Graciano S\u00e1nchez - Canal 7 SLP - 2023\" \/>\n<meta property=\"og:description\" content=\"SGS.- Se invita a la poblaci\u00f3n en general a ser parte de la Convivencia familiar \u201cPor una vida libre de violencia\u201d, con la intenci\u00f3n de fortalecer el mensaje de paz y equidad entre hombres y mujeres, en el marco del 25N \u201cD\u00eda Internacional de la Eliminaci\u00f3n de la Violencia contra las Mujeres\u201d. La cita es este s\u00e1bado 25 de noviembre en la Plaza principal de Soledad De Graciano S\u00e1nchez, en punto de las 8:00 horas, donde las familias podr\u00e1n convivir sanamente, conmemorando la lucha contra la violencia de g\u00e9nero, a trav\u00e9s de actividades l\u00fadicas y de recreaci\u00f3n. Se contara con [&hellip;]\" \/>\n<meta property=\"og:url\" content=\"https:\/\/canal7slp.tv\/2023\/invitan-a-convivencia-familiar-conmemorativa-del-25n-en-soledad-de-graciano-sanchez\/\" \/>\n<meta property=\"og:site_name\" content=\"Canal 7 SLP - 2023\" \/>\n<meta property=\"article:publisher\" content=\"https:\/\/www.facebook.com\/noticieroscanalsiete\" \/>\n<meta property=\"article:published_time\" content=\"2023-11-24T20:26:11+00:00\" \/>\n<meta property=\"og:image\" content=\"https:\/\/canal7slp.tv\/2023\/wp-content\/uploads\/2023\/11\/Froi02Convivencia.jpg\" \/>\n\t<meta property=\"og:image:width\" content=\"1280\" \/>\n\t<meta property=\"og:image:height\" content=\"720\" \/>\n\t<meta property=\"og:image:type\" content=\"image\/jpeg\" \/>\n<meta name=\"author\" content=\"Edici\u00f3n Web\" \/>\n<meta name=\"twitter:card\" content=\"summary_large_image\" \/>\n<meta name=\"twitter:creator\" content=\"@NOTICIEROS7\" \/>\n<meta name=\"twitter:site\" content=\"@NOTICIEROS7\" \/>\n<meta name=\"twitter:label1\" content=\"Escrito por\" \/>\n\t<meta name=\"twitter:data1\" content=\"Edici\u00f3n Web\" \/>\n\t<meta name=\"twitter:label2\" content=\"Tiempo de lectura\" \/>\n\t<meta name=\"twitter:data2\" content=\"1 minuto\" \/>\n<script type=\"application\/ld+json\" class=\"yoast-schema-graph\">{\"@context\":\"https:\\\/\\\/schema.org\",\"@graph\":[{\"@type\":\"Article\",\"@id\":\"https:\\\/\\\/canal7slp.tv\\\/2023\\\/invitan-a-convivencia-familiar-conmemorativa-del-25n-en-soledad-de-graciano-sanchez\\\/#article\",\"isPartOf\":{\"@id\":\"https:\\\/\\\/canal7slp.tv\\\/2023\\\/invitan-a-convivencia-familiar-conmemorativa-del-25n-en-soledad-de-graciano-sanchez\\\/\"},\"author\":{\"name\":\"Edici\u00f3n Web\",\"@id\":\"https:\\\/\\\/canal7slp.tv\\\/2023\\\/#\\\/schema\\\/person\\\/639c424e3584069003b11ae813915da6\"},\"headline\":\"Invitan a Convivencia Familiar Conmemorativa del 25N en Soledad de Graciano S\u00e1nchez\",\"datePublished\":\"2023-11-24T20:26:11+00:00\",\"mainEntityOfPage\":{\"@id\":\"https:\\\/\\\/canal7slp.tv\\\/2023\\\/invitan-a-convivencia-familiar-conmemorativa-del-25n-en-soledad-de-graciano-sanchez\\\/\"},\"wordCount\":165,\"publisher\":{\"@id\":\"https:\\\/\\\/canal7slp.tv\\\/2023\\\/#organization\"},\"image\":{\"@id\":\"https:\\\/\\\/canal7slp.tv\\\/2023\\\/invitan-a-convivencia-familiar-conmemorativa-del-25n-en-soledad-de-graciano-sanchez\\\/#primaryimage\"},\"thumbnailUrl\":\"https:\\\/\\\/canal7slp.tv\\\/2023\\\/wp-content\\\/uploads\\\/2023\\\/11\\\/Froi02Convivencia.jpg\",\"articleSection\":[\"DEPORTES\",\"DESTACADAS\"],\"inLanguage\":\"es\"},{\"@type\":\"WebPage\",\"@id\":\"https:\\\/\\\/canal7slp.tv\\\/2023\\\/invitan-a-convivencia-familiar-conmemorativa-del-25n-en-soledad-de-graciano-sanchez\\\/\",\"url\":\"https:\\\/\\\/canal7slp.tv\\\/2023\\\/invitan-a-convivencia-familiar-conmemorativa-del-25n-en-soledad-de-graciano-sanchez\\\/\",\"name\":\"Invitan a Convivencia Familiar Conmemorativa del 25N en Soledad de Graciano S\u00e1nchez - Canal 7 SLP - 2023\",\"isPartOf\":{\"@id\":\"https:\\\/\\\/canal7slp.tv\\\/2023\\\/#website\"},\"primaryImageOfPage\":{\"@id\":\"https:\\\/\\\/canal7slp.tv\\\/2023\\\/invitan-a-convivencia-familiar-conmemorativa-del-25n-en-soledad-de-graciano-sanchez\\\/#primaryimage\"},\"image\":{\"@id\":\"https:\\\/\\\/canal7slp.tv\\\/2023\\\/invitan-a-convivencia-familiar-conmemorativa-del-25n-en-soledad-de-graciano-sanchez\\\/#primaryimage\"},\"thumbnailUrl\":\"https:\\\/\\\/canal7slp.tv\\\/2023\\\/wp-content\\\/uploads\\\/2023\\\/11\\\/Froi02Convivencia.jpg\",\"datePublished\":\"2023-11-24T20:26:11+00:00\",\"breadcrumb\":{\"@id\":\"https:\\\/\\\/canal7slp.tv\\\/2023\\\/invitan-a-convivencia-familiar-conmemorativa-del-25n-en-soledad-de-graciano-sanchez\\\/#breadcrumb\"},\"inLanguage\":\"es\",\"potentialAction\":[{\"@type\":\"ReadAction\",\"target\":[\"https:\\\/\\\/canal7slp.tv\\\/2023\\\/invitan-a-convivencia-familiar-conmemorativa-del-25n-en-soledad-de-graciano-sanchez\\\/\"]}]},{\"@type\":\"ImageObject\",\"inLanguage\":\"es\",\"@id\":\"https:\\\/\\\/canal7slp.tv\\\/2023\\\/invitan-a-convivencia-familiar-conmemorativa-del-25n-en-soledad-de-graciano-sanchez\\\/#primaryimage\",\"url\":\"https:\\\/\\\/canal7slp.tv\\\/2023\\\/wp-content\\\/uploads\\\/2023\\\/11\\\/Froi02Convivencia.jpg\",\"contentUrl\":\"https:\\\/\\\/canal7slp.tv\\\/2023\\\/wp-content\\\/uploads\\\/2023\\\/11\\\/Froi02Convivencia.jpg\",\"width\":1280,\"height\":720},{\"@type\":\"BreadcrumbList\",\"@id\":\"https:\\\/\\\/canal7slp.tv\\\/2023\\\/invitan-a-convivencia-familiar-conmemorativa-del-25n-en-soledad-de-graciano-sanchez\\\/#breadcrumb\",\"itemListElement\":[{\"@type\":\"ListItem\",\"position\":1,\"name\":\"Portada\",\"item\":\"https:\\\/\\\/canal7slp.tv\\\/2023\\\/\"},{\"@type\":\"ListItem\",\"position\":2,\"name\":\"Invitan a Convivencia Familiar Conmemorativa del 25N en Soledad de Graciano S\u00e1nchez\"}]},{\"@type\":\"WebSite\",\"@id\":\"https:\\\/\\\/canal7slp.tv\\\/2023\\\/#website\",\"url\":\"https:\\\/\\\/canal7slp.tv\\\/2023\\\/\",\"name\":\"N7 - Noticieros Canal 7\",\"description\":\"Somos Televisi\u00f3n\",\"publisher\":{\"@id\":\"https:\\\/\\\/canal7slp.tv\\\/2023\\\/#organization\"},\"potentialAction\":[{\"@type\":\"SearchAction\",\"target\":{\"@type\":\"EntryPoint\",\"urlTemplate\":\"https:\\\/\\\/canal7slp.tv\\\/2023\\\/?s={search_term_string}\"},\"query-input\":{\"@type\":\"PropertyValueSpecification\",\"valueRequired\":true,\"valueName\":\"search_term_string\"}}],\"inLanguage\":\"es\"},{\"@type\":\"Organization\",\"@id\":\"https:\\\/\\\/canal7slp.tv\\\/2023\\\/#organization\",\"name\":\"Noticieros Canal 7\",\"url\":\"https:\\\/\\\/canal7slp.tv\\\/2023\\\/\",\"logo\":{\"@type\":\"ImageObject\",\"inLanguage\":\"es\",\"@id\":\"https:\\\/\\\/canal7slp.tv\\\/2023\\\/#\\\/schema\\\/logo\\\/image\\\/\",\"url\":\"https:\\\/\\\/canal7slp.tv\\\/2023\\\/wp-content\\\/uploads\\\/2021\\\/01\\\/logo-noticieros@2x.png\",\"contentUrl\":\"https:\\\/\\\/canal7slp.tv\\\/2023\\\/wp-content\\\/uploads\\\/2021\\\/01\\\/logo-noticieros@2x.png\",\"width\":1017,\"height\":268,\"caption\":\"Noticieros Canal 7\"},\"image\":{\"@id\":\"https:\\\/\\\/canal7slp.tv\\\/2023\\\/#\\\/schema\\\/logo\\\/image\\\/\"},\"sameAs\":[\"https:\\\/\\\/www.facebook.com\\\/noticieroscanalsiete\",\"https:\\\/\\\/x.com\\\/NOTICIEROS7\",\"https:\\\/\\\/www.instagram.com\\\/canal7_slp\",\"https:\\\/\\\/www.youtube.com\\\/channel\\\/UCliiYs-gP3JfJeqdPrNdd5A\"]},{\"@type\":\"Person\",\"@id\":\"https:\\\/\\\/canal7slp.tv\\\/2023\\\/#\\\/schema\\\/person\\\/639c424e3584069003b11ae813915da6\",\"name\":\"Edici\u00f3n Web\",\"image\":{\"@type\":\"ImageObject\",\"inLanguage\":\"es\",\"@id\":\"https:\\\/\\\/secure.gravatar.com\\\/avatar\\\/eee448fc3f7164808013b816ba91ac7e43bbe82a70bebac296f8bc6f0addaa1a?s=96&d=mm&r=g\",\"url\":\"https:\\\/\\\/secure.gravatar.com\\\/avatar\\\/eee448fc3f7164808013b816ba91ac7e43bbe82a70bebac296f8bc6f0addaa1a?s=96&d=mm&r=g\",\"contentUrl\":\"https:\\\/\\\/secure.gravatar.com\\\/avatar\\\/eee448fc3f7164808013b816ba91ac7e43bbe82a70bebac296f8bc6f0addaa1a?s=96&d=mm&r=g\",\"caption\":\"Edici\u00f3n Web\"},\"url\":\"https:\\\/\\\/canal7slp.tv\\\/2023\\\/author\\\/edicionweb\\\/\"}]}<\/script>\n<!-- \/ Yoast SEO plugin. -->","yoast_head_json":{"title":"Invitan a Convivencia Familiar Conmemorativa del 25N en Soledad de Graciano S\u00e1nchez - Canal 7 SLP - 2023","robots":{"index":"index","follow":"follow","max-snippet":"max-snippet:-1","max-image-preview":"max-image-preview:large","max-video-preview":"max-video-preview:-1"},"canonical":"https:\/\/canal7slp.tv\/2023\/invitan-a-convivencia-familiar-conmemorativa-del-25n-en-soledad-de-graciano-sanchez\/","og_locale":"es_ES","og_type":"article","og_title":"Invitan a Convivencia Familiar Conmemorativa del 25N en Soledad de Graciano S\u00e1nchez - Canal 7 SLP - 2023","og_description":"SGS.- Se invita a la poblaci\u00f3n en general a ser parte de la Convivencia familiar \u201cPor una vida libre de violencia\u201d, con la intenci\u00f3n de fortalecer el mensaje de paz y equidad entre hombres y mujeres, en el marco del 25N \u201cD\u00eda Internacional de la Eliminaci\u00f3n de la Violencia contra las Mujeres\u201d. La cita es este s\u00e1bado 25 de noviembre en la Plaza principal de Soledad De Graciano S\u00e1nchez, en punto de las 8:00 horas, donde las familias podr\u00e1n convivir sanamente, conmemorando la lucha contra la violencia de g\u00e9nero, a trav\u00e9s de actividades l\u00fadicas y de recreaci\u00f3n. Se contara con [&hellip;]","og_url":"https:\/\/canal7slp.tv\/2023\/invitan-a-convivencia-familiar-conmemorativa-del-25n-en-soledad-de-graciano-sanchez\/","og_site_name":"Canal 7 SLP - 2023","article_publisher":"https:\/\/www.facebook.com\/noticieroscanalsiete","article_published_time":"2023-11-24T20:26:11+00:00","og_image":[{"width":1280,"height":720,"url":"https:\/\/canal7slp.tv\/2023\/wp-content\/uploads\/2023\/11\/Froi02Convivencia.jpg","type":"image\/jpeg"}],"author":"Edici\u00f3n Web","twitter_card":"summary_large_image","twitter_creator":"@NOTICIEROS7","twitter_site":"@NOTICIEROS7","twitter_misc":{"Escrito por":"Edici\u00f3n Web","Tiempo de lectura":"1 minuto"},"schema":{"@context":"https:\/\/schema.org","@graph":[{"@type":"Article","@id":"https:\/\/canal7slp.tv\/2023\/invitan-a-convivencia-familiar-conmemorativa-del-25n-en-soledad-de-graciano-sanchez\/#article","isPartOf":{"@id":"https:\/\/canal7slp.tv\/2023\/invitan-a-convivencia-familiar-conmemorativa-del-25n-en-soledad-de-graciano-sanchez\/"},"author":{"name":"Edici\u00f3n Web","@id":"https:\/\/canal7slp.tv\/2023\/#\/schema\/person\/639c424e3584069003b11ae813915da6"},"headline":"Invitan a Convivencia Familiar Conmemorativa del 25N en Soledad de Graciano S\u00e1nchez","datePublished":"2023-11-24T20:26:11+00:00","mainEntityOfPage":{"@id":"https:\/\/canal7slp.tv\/2023\/invitan-a-convivencia-familiar-conmemorativa-del-25n-en-soledad-de-graciano-sanchez\/"},"wordCount":165,"publisher":{"@id":"https:\/\/canal7slp.tv\/2023\/#organization"},"image":{"@id":"https:\/\/canal7slp.tv\/2023\/invitan-a-convivencia-familiar-conmemorativa-del-25n-en-soledad-de-graciano-sanchez\/#primaryimage"},"thumbnailUrl":"https:\/\/canal7slp.tv\/2023\/wp-content\/uploads\/2023\/11\/Froi02Convivencia.jpg","articleSection":["DEPORTES","DESTACADAS"],"inLanguage":"es"},{"@type":"WebPage","@id":"https:\/\/canal7slp.tv\/2023\/invitan-a-convivencia-familiar-conmemorativa-del-25n-en-soledad-de-graciano-sanchez\/","url":"https:\/\/canal7slp.tv\/2023\/invitan-a-convivencia-familiar-conmemorativa-del-25n-en-soledad-de-graciano-sanchez\/","name":"Invitan a Convivencia Familiar Conmemorativa del 25N en Soledad de Graciano S\u00e1nchez - Canal 7 SLP - 2023","isPartOf":{"@id":"https:\/\/canal7slp.tv\/2023\/#website"},"primaryImageOfPage":{"@id":"https:\/\/canal7slp.tv\/2023\/invitan-a-convivencia-familiar-conmemorativa-del-25n-en-soledad-de-graciano-sanchez\/#primaryimage"},"image":{"@id":"https:\/\/canal7slp.tv\/2023\/invitan-a-convivencia-familiar-conmemorativa-del-25n-en-soledad-de-graciano-sanchez\/#primaryimage"},"thumbnailUrl":"https:\/\/canal7slp.tv\/2023\/wp-content\/uploads\/2023\/11\/Froi02Convivencia.jpg","datePublished":"2023-11-24T20:26:11+00:00","breadcrumb":{"@id":"https:\/\/canal7slp.tv\/2023\/invitan-a-convivencia-familiar-conmemorativa-del-25n-en-soledad-de-graciano-sanchez\/#breadcrumb"},"inLanguage":"es","potentialAction":[{"@type":"ReadAction","target":["https:\/\/canal7slp.tv\/2023\/invitan-a-convivencia-familiar-conmemorativa-del-25n-en-soledad-de-graciano-sanchez\/"]}]},{"@type":"ImageObject","inLanguage":"es","@id":"https:\/\/canal7slp.tv\/2023\/invitan-a-convivencia-familiar-conmemorativa-del-25n-en-soledad-de-graciano-sanchez\/#primaryimage","url":"https:\/\/canal7slp.tv\/2023\/wp-content\/uploads\/2023\/11\/Froi02Convivencia.jpg","contentUrl":"https:\/\/canal7slp.tv\/2023\/wp-content\/uploads\/2023\/11\/Froi02Convivencia.jpg","width":1280,"height":720},{"@type":"BreadcrumbList","@id":"https:\/\/canal7slp.tv\/2023\/invitan-a-convivencia-familiar-conmemorativa-del-25n-en-soledad-de-graciano-sanchez\/#breadcrumb","itemListElement":[{"@type":"ListItem","position":1,"name":"Portada","item":"https:\/\/canal7slp.tv\/2023\/"},{"@type":"ListItem","position":2,"name":"Invitan a Convivencia Familiar Conmemorativa del 25N en Soledad de Graciano S\u00e1nchez"}]},{"@type":"WebSite","@id":"https:\/\/canal7slp.tv\/2023\/#website","url":"https:\/\/canal7slp.tv\/2023\/","name":"N7 - Noticieros Canal 7","description":"Somos Televisi\u00f3n","publisher":{"@id":"https:\/\/canal7slp.tv\/2023\/#organization"},"potentialAction":[{"@type":"SearchAction","target":{"@type":"EntryPoint","urlTemplate":"https:\/\/canal7slp.tv\/2023\/?s={search_term_string}"},"query-input":{"@type":"PropertyValueSpecification","valueRequired":true,"valueName":"search_term_string"}}],"inLanguage":"es"},{"@type":"Organization","@id":"https:\/\/canal7slp.tv\/2023\/#organization","name":"Noticieros Canal 7","url":"https:\/\/canal7slp.tv\/2023\/","logo":{"@type":"ImageObject","inLanguage":"es","@id":"https:\/\/canal7slp.tv\/2023\/#\/schema\/logo\/image\/","url":"https:\/\/canal7slp.tv\/2023\/wp-content\/uploads\/2021\/01\/logo-noticieros@2x.png","contentUrl":"https:\/\/canal7slp.tv\/2023\/wp-content\/uploads\/2021\/01\/logo-noticieros@2x.png","width":1017,"height":268,"caption":"Noticieros Canal 7"},"image":{"@id":"https:\/\/canal7slp.tv\/2023\/#\/schema\/logo\/image\/"},"sameAs":["https:\/\/www.facebook.com\/noticieroscanalsiete","https:\/\/x.com\/NOTICIEROS7","https:\/\/www.instagram.com\/canal7_slp","https:\/\/www.youtube.com\/channel\/UCliiYs-gP3JfJeqdPrNdd5A"]},{"@type":"Person","@id":"https:\/\/canal7slp.tv\/2023\/#\/schema\/person\/639c424e3584069003b11ae813915da6","name":"Edici\u00f3n Web","image":{"@type":"ImageObject","inLanguage":"es","@id":"https:\/\/secure.gravatar.com\/avatar\/eee448fc3f7164808013b816ba91ac7e43bbe82a70bebac296f8bc6f0addaa1a?s=96&d=mm&r=g","url":"https:\/\/secure.gravatar.com\/avatar\/eee448fc3f7164808013b816ba91ac7e43bbe82a70bebac296f8bc6f0addaa1a?s=96&d=mm&r=g","contentUrl":"https:\/\/secure.gravatar.com\/avatar\/eee448fc3f7164808013b816ba91ac7e43bbe82a70bebac296f8bc6f0addaa1a?s=96&d=mm&r=g","caption":"Edici\u00f3n Web"},"url":"https:\/\/canal7slp.tv\/2023\/author\/edicionweb\/"}]}},"_links":{"self":[{"href":"https:\/\/canal7slp.tv\/2023\/wp-json\/wp\/v2\/posts\/114059","targetHints":{"allow":["GET"]}}],"collection":[{"href":"https:\/\/canal7slp.tv\/2023\/wp-json\/wp\/v2\/posts"}],"about":[{"href":"https:\/\/canal7slp.tv\/2023\/wp-json\/wp\/v2\/types\/post"}],"author":[{"embeddable":true,"href":"https:\/\/canal7slp.tv\/2023\/wp-json\/wp\/v2\/users\/2"}],"replies":[{"embeddable":true,"href":"https:\/\/canal7slp.tv\/2023\/wp-json\/wp\/v2\/comments?post=114059"}],"version-history":[{"count":2,"href":"https:\/\/canal7slp.tv\/2023\/wp-json\/wp\/v2\/posts\/114059\/revisions"}],"predecessor-version":[{"id":114068,"href":"https:\/\/canal7slp.tv\/2023\/wp-json\/wp\/v2\/posts\/114059\/revisions\/114068"}],"wp:featuredmedia":[{"embeddable":true,"href":"https:\/\/canal7slp.tv\/2023\/wp-json\/wp\/v2\/media\/114067"}],"wp:attachment":[{"href":"https:\/\/canal7slp.tv\/2023\/wp-json\/wp\/v2\/media?parent=114059"}],"wp:term":[{"taxonomy":"category","embeddable":true,"href":"https:\/\/canal7slp.tv\/2023\/wp-json\/wp\/v2\/categories?post=114059"},{"taxonomy":"post_tag","embeddable":true,"href":"https:\/\/canal7slp.tv\/2023\/wp-json\/wp\/v2\/tags?post=114059"}],"curies":[{"name":"wp","href":"https:\/\/api.w.org\/{rel}","templated":true}]}}