{"id":114028,"date":"2023-11-23T19:48:42","date_gmt":"2023-11-24T01:48:42","guid":{"rendered":"https:\/\/canal7slp.tv\/2023\/?p=114028"},"modified":"2023-11-23T19:48:42","modified_gmt":"2023-11-24T01:48:42","slug":"sin-morena-signan-partidos-autoridades-y-organismos-autonomos-pacto-de-civilidad-en-slp","status":"publish","type":"post","link":"https:\/\/canal7slp.tv\/2023\/sin-morena-signan-partidos-autoridades-y-organismos-autonomos-pacto-de-civilidad-en-slp\/","title":{"rendered":"Sin MORENA, signan partidos, autoridades y organismos aut\u00f3nomos pacto de civilidad en SLP"},"content":{"rendered":"<p style=\"text-align: justify;\">SLP.- Con el prop\u00f3sito de fortalecer la democracia en San Luis Potos\u00ed, se firm\u00f3 un acuerdo por la paz, civilidad, democracia y gobernabilidad entre las diferentes fuerzas pol\u00edticas, los poderes del estado, organismos aut\u00f3nomos y la Universidad Aut\u00f3noma de San Luis Potos\u00ed, con motivo de la pr\u00f3xima jornada electoral del 2024.<\/p>\n<p style=\"text-align: justify;\">El evento estuvo encabezado por diversas autoridades, pero fue el secretario general de gobierno, Guadalupe Torres S\u00e1nchez qui\u00e9n hizo uso de la voz para hablar sobre este pacto.<\/p>\n<p style=\"text-align: justify;\">\u00abQuienes estamos aqu\u00ed partimos de premisas fundamentales que representan un reconocimiento com\u00fan, una base s\u00f3lida que nos une en la b\u00fasqueda de un espacio plural, respetuoso de los derechos pol\u00edticos de la legitimidad electoral y la paz social para la ciudadan\u00eda\u00bb, dijo.<\/p>\n<p style=\"text-align: justify;\">Lo anterior, asegura, es para lograr la construcci\u00f3n de un clima de seguridad, legalidad, certeza e igualdad en el proceso electoral que se avecina.<\/p>\n<p style=\"text-align: justify;\">\u00abAspiramos a tener un comportamiento a la altura de lo que nos exige esta coyuntura, a comportarnos como dem\u00f3cratas, aspirar a elecciones libres, a evitar confrontaciones que rebasen los l\u00edmites de la ley, tener la gobernabilidad, fomentar el di\u00e1logo y la confianza porque son condiciones importantes para todas y todos\u00bb, agreg\u00f3.<\/p>\n<p style=\"text-align: justify;\">Estos compromisos, dice el funcionario, son responsabilidad no solo de los partidos pol\u00edticos si no tambi\u00e9n de las instituciones p\u00fablicas.<\/p>\n<p style=\"text-align: justify;\">\u00abEn el desarrollo del proceso electoral nos comprometemos a actuar bajo los principios de certeza, legalidad, democracia, independencia, imparcialidad, objetividad y m\u00e1xima publicidad; estos principios son la columna vertebral de una elecci\u00f3n justa y equitativa donde la voz de la ciudadan\u00eda ser\u00e1 respetada y valorado en todo momento\u00bb, expuso.<\/p>\n<p style=\"text-align: justify;\">Asimismo, mencion\u00f3 el rechazo ante las denotaciones y violencia en cualquier modalidad, por lo que se destac\u00f3 un compromiso de brindar seguridad para alcanzar el orden p\u00fablico, apoyar a las autoridades electorales, evitar la coacci\u00f3n, la violencia pol\u00edtica de g\u00e9nero y la discriminaci\u00f3n.<\/p>\n<p style=\"text-align: justify;\">\u00abQue este acuerdo sea un legado para las generaciones futuras y un testimonio de nuestra capacidad para trabajar unidos por el bienestar de todos, San Luis Potos\u00ed merece un proceso electoral ejemplar y juntos con responsabilidad y confiabilidad lo lograremos, que la democracia ilumine nuestro camino y nuestras acciones por un San Luis Potos\u00ed cada d\u00eda m\u00e1s grande y m\u00e1s justo\u00bb, indic\u00f3.<\/p>\n<p style=\"text-align: justify;\">Cabe destacar que el partido de Morena fue el \u00fanico que no estuvo presente en la firma, pero mediante un comunicado oficial, aseguran no haber sido tomados en cuenta para la elaboraci\u00f3n del documento; es decir, afirman que lejos de ser un pacto de civilidad, se trata solamente \u00abde una declaraci\u00f3n de buenas intenciones\u00bb.<\/p>\n<p style=\"text-align: justify;\">Por: Jos\u00e9 Luis V\u00e1zquez<\/p>\n","protected":false},"excerpt":{"rendered":"<p>SLP.- Con el prop\u00f3sito de fortalecer la democracia en San Luis Potos\u00ed, se firm\u00f3 un acuerdo por la paz, civilidad, democracia y gobernabilidad entre las diferentes fuerzas pol\u00edticas, los poderes del estado, organismos aut\u00f3nomos y la Universidad Aut\u00f3noma de San Luis Potos\u00ed, con motivo de la pr\u00f3xima jornada electoral del 2024. El evento estuvo encabezado por diversas autoridades, pero fue el secretario general de gobierno, Guadalupe Torres S\u00e1nchez qui\u00e9n hizo uso de la voz para hablar sobre este pacto. \u00abQuienes estamos aqu\u00ed partimos de premisas fundamentales que representan un reconocimiento com\u00fan, una base s\u00f3lida que nos une en la b\u00fasqueda [&hellip;]<\/p>\n","protected":false},"author":2,"featured_media":114032,"comment_status":"closed","ping_status":"closed","sticky":false,"template":"","format":"video","meta":{"footnotes":""},"categories":[5,45],"tags":[],"class_list":["post-114028","post","type-post","status-publish","format-video","has-post-thumbnail","hentry","category-destacadas","category-localesyregionales","post_format-post-format-video","post--single"],"yoast_head":"<!-- This site is optimized with the Yoast SEO plugin v27.5 - https:\/\/yoast.com\/product\/yoast-seo-wordpress\/ -->\n<title>Sin MORENA, signan partidos, autoridades y organismos aut\u00f3nomos pacto de civilidad en SLP - Canal 7 SLP - 2023<\/title>\n<meta name=\"robots\" content=\"index, follow, max-snippet:-1, max-image-preview:large, max-video-preview:-1\" \/>\n<link rel=\"canonical\" href=\"https:\/\/canal7slp.tv\/2023\/sin-morena-signan-partidos-autoridades-y-organismos-autonomos-pacto-de-civilidad-en-slp\/\" \/>\n<meta property=\"og:locale\" content=\"es_ES\" \/>\n<meta property=\"og:type\" content=\"article\" \/>\n<meta property=\"og:title\" content=\"Sin MORENA, signan partidos, autoridades y organismos aut\u00f3nomos pacto de civilidad en SLP - Canal 7 SLP - 2023\" \/>\n<meta property=\"og:description\" content=\"SLP.- Con el prop\u00f3sito de fortalecer la democracia en San Luis Potos\u00ed, se firm\u00f3 un acuerdo por la paz, civilidad, democracia y gobernabilidad entre las diferentes fuerzas pol\u00edticas, los poderes del estado, organismos aut\u00f3nomos y la Universidad Aut\u00f3noma de San Luis Potos\u00ed, con motivo de la pr\u00f3xima jornada electoral del 2024. El evento estuvo encabezado por diversas autoridades, pero fue el secretario general de gobierno, Guadalupe Torres S\u00e1nchez qui\u00e9n hizo uso de la voz para hablar sobre este pacto. \u00abQuienes estamos aqu\u00ed partimos de premisas fundamentales que representan un reconocimiento com\u00fan, una base s\u00f3lida que nos une en la b\u00fasqueda [&hellip;]\" \/>\n<meta property=\"og:url\" content=\"https:\/\/canal7slp.tv\/2023\/sin-morena-signan-partidos-autoridades-y-organismos-autonomos-pacto-de-civilidad-en-slp\/\" \/>\n<meta property=\"og:site_name\" content=\"Canal 7 SLP - 2023\" \/>\n<meta property=\"article:publisher\" content=\"https:\/\/www.facebook.com\/noticieroscanalsiete\" \/>\n<meta property=\"article:published_time\" content=\"2023-11-24T01:48:42+00:00\" \/>\n<meta property=\"og:image\" content=\"https:\/\/canal7slp.tv\/2023\/wp-content\/uploads\/2023\/11\/Vazquez01Pactob.jpg\" \/>\n\t<meta property=\"og:image:width\" content=\"1280\" \/>\n\t<meta property=\"og:image:height\" content=\"720\" \/>\n\t<meta property=\"og:image:type\" content=\"image\/jpeg\" \/>\n<meta name=\"author\" content=\"Edici\u00f3n Web\" \/>\n<meta name=\"twitter:card\" content=\"summary_large_image\" \/>\n<meta name=\"twitter:creator\" content=\"@NOTICIEROS7\" \/>\n<meta name=\"twitter:site\" content=\"@NOTICIEROS7\" \/>\n<meta name=\"twitter:label1\" content=\"Escrito por\" \/>\n\t<meta name=\"twitter:data1\" content=\"Edici\u00f3n Web\" \/>\n\t<meta name=\"twitter:label2\" content=\"Tiempo de lectura\" \/>\n\t<meta name=\"twitter:data2\" content=\"2 minutos\" \/>\n<script type=\"application\/ld+json\" class=\"yoast-schema-graph\">{\"@context\":\"https:\\\/\\\/schema.org\",\"@graph\":[{\"@type\":\"Article\",\"@id\":\"https:\\\/\\\/canal7slp.tv\\\/2023\\\/sin-morena-signan-partidos-autoridades-y-organismos-autonomos-pacto-de-civilidad-en-slp\\\/#article\",\"isPartOf\":{\"@id\":\"https:\\\/\\\/canal7slp.tv\\\/2023\\\/sin-morena-signan-partidos-autoridades-y-organismos-autonomos-pacto-de-civilidad-en-slp\\\/\"},\"author\":{\"name\":\"Edici\u00f3n Web\",\"@id\":\"https:\\\/\\\/canal7slp.tv\\\/2023\\\/#\\\/schema\\\/person\\\/639c424e3584069003b11ae813915da6\"},\"headline\":\"Sin MORENA, signan partidos, autoridades y organismos aut\u00f3nomos pacto de civilidad en SLP\",\"datePublished\":\"2023-11-24T01:48:42+00:00\",\"mainEntityOfPage\":{\"@id\":\"https:\\\/\\\/canal7slp.tv\\\/2023\\\/sin-morena-signan-partidos-autoridades-y-organismos-autonomos-pacto-de-civilidad-en-slp\\\/\"},\"wordCount\":475,\"publisher\":{\"@id\":\"https:\\\/\\\/canal7slp.tv\\\/2023\\\/#organization\"},\"image\":{\"@id\":\"https:\\\/\\\/canal7slp.tv\\\/2023\\\/sin-morena-signan-partidos-autoridades-y-organismos-autonomos-pacto-de-civilidad-en-slp\\\/#primaryimage\"},\"thumbnailUrl\":\"https:\\\/\\\/canal7slp.tv\\\/2023\\\/wp-content\\\/uploads\\\/2023\\\/11\\\/Vazquez01Pactob.jpg\",\"articleSection\":[\"DESTACADAS\",\"LOCALES Y REGIONALES\"],\"inLanguage\":\"es\"},{\"@type\":\"WebPage\",\"@id\":\"https:\\\/\\\/canal7slp.tv\\\/2023\\\/sin-morena-signan-partidos-autoridades-y-organismos-autonomos-pacto-de-civilidad-en-slp\\\/\",\"url\":\"https:\\\/\\\/canal7slp.tv\\\/2023\\\/sin-morena-signan-partidos-autoridades-y-organismos-autonomos-pacto-de-civilidad-en-slp\\\/\",\"name\":\"Sin MORENA, signan partidos, autoridades y organismos aut\u00f3nomos pacto de civilidad en SLP - Canal 7 SLP - 2023\",\"isPartOf\":{\"@id\":\"https:\\\/\\\/canal7slp.tv\\\/2023\\\/#website\"},\"primaryImageOfPage\":{\"@id\":\"https:\\\/\\\/canal7slp.tv\\\/2023\\\/sin-morena-signan-partidos-autoridades-y-organismos-autonomos-pacto-de-civilidad-en-slp\\\/#primaryimage\"},\"image\":{\"@id\":\"https:\\\/\\\/canal7slp.tv\\\/2023\\\/sin-morena-signan-partidos-autoridades-y-organismos-autonomos-pacto-de-civilidad-en-slp\\\/#primaryimage\"},\"thumbnailUrl\":\"https:\\\/\\\/canal7slp.tv\\\/2023\\\/wp-content\\\/uploads\\\/2023\\\/11\\\/Vazquez01Pactob.jpg\",\"datePublished\":\"2023-11-24T01:48:42+00:00\",\"breadcrumb\":{\"@id\":\"https:\\\/\\\/canal7slp.tv\\\/2023\\\/sin-morena-signan-partidos-autoridades-y-organismos-autonomos-pacto-de-civilidad-en-slp\\\/#breadcrumb\"},\"inLanguage\":\"es\",\"potentialAction\":[{\"@type\":\"ReadAction\",\"target\":[\"https:\\\/\\\/canal7slp.tv\\\/2023\\\/sin-morena-signan-partidos-autoridades-y-organismos-autonomos-pacto-de-civilidad-en-slp\\\/\"]}]},{\"@type\":\"ImageObject\",\"inLanguage\":\"es\",\"@id\":\"https:\\\/\\\/canal7slp.tv\\\/2023\\\/sin-morena-signan-partidos-autoridades-y-organismos-autonomos-pacto-de-civilidad-en-slp\\\/#primaryimage\",\"url\":\"https:\\\/\\\/canal7slp.tv\\\/2023\\\/wp-content\\\/uploads\\\/2023\\\/11\\\/Vazquez01Pactob.jpg\",\"contentUrl\":\"https:\\\/\\\/canal7slp.tv\\\/2023\\\/wp-content\\\/uploads\\\/2023\\\/11\\\/Vazquez01Pactob.jpg\",\"width\":1280,\"height\":720},{\"@type\":\"BreadcrumbList\",\"@id\":\"https:\\\/\\\/canal7slp.tv\\\/2023\\\/sin-morena-signan-partidos-autoridades-y-organismos-autonomos-pacto-de-civilidad-en-slp\\\/#breadcrumb\",\"itemListElement\":[{\"@type\":\"ListItem\",\"position\":1,\"name\":\"Portada\",\"item\":\"https:\\\/\\\/canal7slp.tv\\\/2023\\\/\"},{\"@type\":\"ListItem\",\"position\":2,\"name\":\"Sin MORENA, signan partidos, autoridades y organismos aut\u00f3nomos pacto de civilidad en SLP\"}]},{\"@type\":\"WebSite\",\"@id\":\"https:\\\/\\\/canal7slp.tv\\\/2023\\\/#website\",\"url\":\"https:\\\/\\\/canal7slp.tv\\\/2023\\\/\",\"name\":\"N7 - Noticieros Canal 7\",\"description\":\"Somos Televisi\u00f3n\",\"publisher\":{\"@id\":\"https:\\\/\\\/canal7slp.tv\\\/2023\\\/#organization\"},\"potentialAction\":[{\"@type\":\"SearchAction\",\"target\":{\"@type\":\"EntryPoint\",\"urlTemplate\":\"https:\\\/\\\/canal7slp.tv\\\/2023\\\/?s={search_term_string}\"},\"query-input\":{\"@type\":\"PropertyValueSpecification\",\"valueRequired\":true,\"valueName\":\"search_term_string\"}}],\"inLanguage\":\"es\"},{\"@type\":\"Organization\",\"@id\":\"https:\\\/\\\/canal7slp.tv\\\/2023\\\/#organization\",\"name\":\"Noticieros Canal 7\",\"url\":\"https:\\\/\\\/canal7slp.tv\\\/2023\\\/\",\"logo\":{\"@type\":\"ImageObject\",\"inLanguage\":\"es\",\"@id\":\"https:\\\/\\\/canal7slp.tv\\\/2023\\\/#\\\/schema\\\/logo\\\/image\\\/\",\"url\":\"https:\\\/\\\/canal7slp.tv\\\/2023\\\/wp-content\\\/uploads\\\/2021\\\/01\\\/logo-noticieros@2x.png\",\"contentUrl\":\"https:\\\/\\\/canal7slp.tv\\\/2023\\\/wp-content\\\/uploads\\\/2021\\\/01\\\/logo-noticieros@2x.png\",\"width\":1017,\"height\":268,\"caption\":\"Noticieros Canal 7\"},\"image\":{\"@id\":\"https:\\\/\\\/canal7slp.tv\\\/2023\\\/#\\\/schema\\\/logo\\\/image\\\/\"},\"sameAs\":[\"https:\\\/\\\/www.facebook.com\\\/noticieroscanalsiete\",\"https:\\\/\\\/x.com\\\/NOTICIEROS7\",\"https:\\\/\\\/www.instagram.com\\\/canal7_slp\",\"https:\\\/\\\/www.youtube.com\\\/channel\\\/UCliiYs-gP3JfJeqdPrNdd5A\"]},{\"@type\":\"Person\",\"@id\":\"https:\\\/\\\/canal7slp.tv\\\/2023\\\/#\\\/schema\\\/person\\\/639c424e3584069003b11ae813915da6\",\"name\":\"Edici\u00f3n Web\",\"image\":{\"@type\":\"ImageObject\",\"inLanguage\":\"es\",\"@id\":\"https:\\\/\\\/secure.gravatar.com\\\/avatar\\\/eee448fc3f7164808013b816ba91ac7e43bbe82a70bebac296f8bc6f0addaa1a?s=96&d=mm&r=g\",\"url\":\"https:\\\/\\\/secure.gravatar.com\\\/avatar\\\/eee448fc3f7164808013b816ba91ac7e43bbe82a70bebac296f8bc6f0addaa1a?s=96&d=mm&r=g\",\"contentUrl\":\"https:\\\/\\\/secure.gravatar.com\\\/avatar\\\/eee448fc3f7164808013b816ba91ac7e43bbe82a70bebac296f8bc6f0addaa1a?s=96&d=mm&r=g\",\"caption\":\"Edici\u00f3n Web\"},\"url\":\"https:\\\/\\\/canal7slp.tv\\\/2023\\\/author\\\/edicionweb\\\/\"}]}<\/script>\n<!-- \/ Yoast SEO plugin. -->","yoast_head_json":{"title":"Sin MORENA, signan partidos, autoridades y organismos aut\u00f3nomos pacto de civilidad en SLP - Canal 7 SLP - 2023","robots":{"index":"index","follow":"follow","max-snippet":"max-snippet:-1","max-image-preview":"max-image-preview:large","max-video-preview":"max-video-preview:-1"},"canonical":"https:\/\/canal7slp.tv\/2023\/sin-morena-signan-partidos-autoridades-y-organismos-autonomos-pacto-de-civilidad-en-slp\/","og_locale":"es_ES","og_type":"article","og_title":"Sin MORENA, signan partidos, autoridades y organismos aut\u00f3nomos pacto de civilidad en SLP - Canal 7 SLP - 2023","og_description":"SLP.- Con el prop\u00f3sito de fortalecer la democracia en San Luis Potos\u00ed, se firm\u00f3 un acuerdo por la paz, civilidad, democracia y gobernabilidad entre las diferentes fuerzas pol\u00edticas, los poderes del estado, organismos aut\u00f3nomos y la Universidad Aut\u00f3noma de San Luis Potos\u00ed, con motivo de la pr\u00f3xima jornada electoral del 2024. El evento estuvo encabezado por diversas autoridades, pero fue el secretario general de gobierno, Guadalupe Torres S\u00e1nchez qui\u00e9n hizo uso de la voz para hablar sobre este pacto. \u00abQuienes estamos aqu\u00ed partimos de premisas fundamentales que representan un reconocimiento com\u00fan, una base s\u00f3lida que nos une en la b\u00fasqueda [&hellip;]","og_url":"https:\/\/canal7slp.tv\/2023\/sin-morena-signan-partidos-autoridades-y-organismos-autonomos-pacto-de-civilidad-en-slp\/","og_site_name":"Canal 7 SLP - 2023","article_publisher":"https:\/\/www.facebook.com\/noticieroscanalsiete","article_published_time":"2023-11-24T01:48:42+00:00","og_image":[{"width":1280,"height":720,"url":"https:\/\/canal7slp.tv\/2023\/wp-content\/uploads\/2023\/11\/Vazquez01Pactob.jpg","type":"image\/jpeg"}],"author":"Edici\u00f3n Web","twitter_card":"summary_large_image","twitter_creator":"@NOTICIEROS7","twitter_site":"@NOTICIEROS7","twitter_misc":{"Escrito por":"Edici\u00f3n Web","Tiempo de lectura":"2 minutos"},"schema":{"@context":"https:\/\/schema.org","@graph":[{"@type":"Article","@id":"https:\/\/canal7slp.tv\/2023\/sin-morena-signan-partidos-autoridades-y-organismos-autonomos-pacto-de-civilidad-en-slp\/#article","isPartOf":{"@id":"https:\/\/canal7slp.tv\/2023\/sin-morena-signan-partidos-autoridades-y-organismos-autonomos-pacto-de-civilidad-en-slp\/"},"author":{"name":"Edici\u00f3n Web","@id":"https:\/\/canal7slp.tv\/2023\/#\/schema\/person\/639c424e3584069003b11ae813915da6"},"headline":"Sin MORENA, signan partidos, autoridades y organismos aut\u00f3nomos pacto de civilidad en SLP","datePublished":"2023-11-24T01:48:42+00:00","mainEntityOfPage":{"@id":"https:\/\/canal7slp.tv\/2023\/sin-morena-signan-partidos-autoridades-y-organismos-autonomos-pacto-de-civilidad-en-slp\/"},"wordCount":475,"publisher":{"@id":"https:\/\/canal7slp.tv\/2023\/#organization"},"image":{"@id":"https:\/\/canal7slp.tv\/2023\/sin-morena-signan-partidos-autoridades-y-organismos-autonomos-pacto-de-civilidad-en-slp\/#primaryimage"},"thumbnailUrl":"https:\/\/canal7slp.tv\/2023\/wp-content\/uploads\/2023\/11\/Vazquez01Pactob.jpg","articleSection":["DESTACADAS","LOCALES Y REGIONALES"],"inLanguage":"es"},{"@type":"WebPage","@id":"https:\/\/canal7slp.tv\/2023\/sin-morena-signan-partidos-autoridades-y-organismos-autonomos-pacto-de-civilidad-en-slp\/","url":"https:\/\/canal7slp.tv\/2023\/sin-morena-signan-partidos-autoridades-y-organismos-autonomos-pacto-de-civilidad-en-slp\/","name":"Sin MORENA, signan partidos, autoridades y organismos aut\u00f3nomos pacto de civilidad en SLP - Canal 7 SLP - 2023","isPartOf":{"@id":"https:\/\/canal7slp.tv\/2023\/#website"},"primaryImageOfPage":{"@id":"https:\/\/canal7slp.tv\/2023\/sin-morena-signan-partidos-autoridades-y-organismos-autonomos-pacto-de-civilidad-en-slp\/#primaryimage"},"image":{"@id":"https:\/\/canal7slp.tv\/2023\/sin-morena-signan-partidos-autoridades-y-organismos-autonomos-pacto-de-civilidad-en-slp\/#primaryimage"},"thumbnailUrl":"https:\/\/canal7slp.tv\/2023\/wp-content\/uploads\/2023\/11\/Vazquez01Pactob.jpg","datePublished":"2023-11-24T01:48:42+00:00","breadcrumb":{"@id":"https:\/\/canal7slp.tv\/2023\/sin-morena-signan-partidos-autoridades-y-organismos-autonomos-pacto-de-civilidad-en-slp\/#breadcrumb"},"inLanguage":"es","potentialAction":[{"@type":"ReadAction","target":["https:\/\/canal7slp.tv\/2023\/sin-morena-signan-partidos-autoridades-y-organismos-autonomos-pacto-de-civilidad-en-slp\/"]}]},{"@type":"ImageObject","inLanguage":"es","@id":"https:\/\/canal7slp.tv\/2023\/sin-morena-signan-partidos-autoridades-y-organismos-autonomos-pacto-de-civilidad-en-slp\/#primaryimage","url":"https:\/\/canal7slp.tv\/2023\/wp-content\/uploads\/2023\/11\/Vazquez01Pactob.jpg","contentUrl":"https:\/\/canal7slp.tv\/2023\/wp-content\/uploads\/2023\/11\/Vazquez01Pactob.jpg","width":1280,"height":720},{"@type":"BreadcrumbList","@id":"https:\/\/canal7slp.tv\/2023\/sin-morena-signan-partidos-autoridades-y-organismos-autonomos-pacto-de-civilidad-en-slp\/#breadcrumb","itemListElement":[{"@type":"ListItem","position":1,"name":"Portada","item":"https:\/\/canal7slp.tv\/2023\/"},{"@type":"ListItem","position":2,"name":"Sin MORENA, signan partidos, autoridades y organismos aut\u00f3nomos pacto de civilidad en SLP"}]},{"@type":"WebSite","@id":"https:\/\/canal7slp.tv\/2023\/#website","url":"https:\/\/canal7slp.tv\/2023\/","name":"N7 - Noticieros Canal 7","description":"Somos Televisi\u00f3n","publisher":{"@id":"https:\/\/canal7slp.tv\/2023\/#organization"},"potentialAction":[{"@type":"SearchAction","target":{"@type":"EntryPoint","urlTemplate":"https:\/\/canal7slp.tv\/2023\/?s={search_term_string}"},"query-input":{"@type":"PropertyValueSpecification","valueRequired":true,"valueName":"search_term_string"}}],"inLanguage":"es"},{"@type":"Organization","@id":"https:\/\/canal7slp.tv\/2023\/#organization","name":"Noticieros Canal 7","url":"https:\/\/canal7slp.tv\/2023\/","logo":{"@type":"ImageObject","inLanguage":"es","@id":"https:\/\/canal7slp.tv\/2023\/#\/schema\/logo\/image\/","url":"https:\/\/canal7slp.tv\/2023\/wp-content\/uploads\/2021\/01\/logo-noticieros@2x.png","contentUrl":"https:\/\/canal7slp.tv\/2023\/wp-content\/uploads\/2021\/01\/logo-noticieros@2x.png","width":1017,"height":268,"caption":"Noticieros Canal 7"},"image":{"@id":"https:\/\/canal7slp.tv\/2023\/#\/schema\/logo\/image\/"},"sameAs":["https:\/\/www.facebook.com\/noticieroscanalsiete","https:\/\/x.com\/NOTICIEROS7","https:\/\/www.instagram.com\/canal7_slp","https:\/\/www.youtube.com\/channel\/UCliiYs-gP3JfJeqdPrNdd5A"]},{"@type":"Person","@id":"https:\/\/canal7slp.tv\/2023\/#\/schema\/person\/639c424e3584069003b11ae813915da6","name":"Edici\u00f3n Web","image":{"@type":"ImageObject","inLanguage":"es","@id":"https:\/\/secure.gravatar.com\/avatar\/eee448fc3f7164808013b816ba91ac7e43bbe82a70bebac296f8bc6f0addaa1a?s=96&d=mm&r=g","url":"https:\/\/secure.gravatar.com\/avatar\/eee448fc3f7164808013b816ba91ac7e43bbe82a70bebac296f8bc6f0addaa1a?s=96&d=mm&r=g","contentUrl":"https:\/\/secure.gravatar.com\/avatar\/eee448fc3f7164808013b816ba91ac7e43bbe82a70bebac296f8bc6f0addaa1a?s=96&d=mm&r=g","caption":"Edici\u00f3n Web"},"url":"https:\/\/canal7slp.tv\/2023\/author\/edicionweb\/"}]}},"_links":{"self":[{"href":"https:\/\/canal7slp.tv\/2023\/wp-json\/wp\/v2\/posts\/114028","targetHints":{"allow":["GET"]}}],"collection":[{"href":"https:\/\/canal7slp.tv\/2023\/wp-json\/wp\/v2\/posts"}],"about":[{"href":"https:\/\/canal7slp.tv\/2023\/wp-json\/wp\/v2\/types\/post"}],"author":[{"embeddable":true,"href":"https:\/\/canal7slp.tv\/2023\/wp-json\/wp\/v2\/users\/2"}],"replies":[{"embeddable":true,"href":"https:\/\/canal7slp.tv\/2023\/wp-json\/wp\/v2\/comments?post=114028"}],"version-history":[{"count":2,"href":"https:\/\/canal7slp.tv\/2023\/wp-json\/wp\/v2\/posts\/114028\/revisions"}],"predecessor-version":[{"id":114033,"href":"https:\/\/canal7slp.tv\/2023\/wp-json\/wp\/v2\/posts\/114028\/revisions\/114033"}],"wp:featuredmedia":[{"embeddable":true,"href":"https:\/\/canal7slp.tv\/2023\/wp-json\/wp\/v2\/media\/114032"}],"wp:attachment":[{"href":"https:\/\/canal7slp.tv\/2023\/wp-json\/wp\/v2\/media?parent=114028"}],"wp:term":[{"taxonomy":"category","embeddable":true,"href":"https:\/\/canal7slp.tv\/2023\/wp-json\/wp\/v2\/categories?post=114028"},{"taxonomy":"post_tag","embeddable":true,"href":"https:\/\/canal7slp.tv\/2023\/wp-json\/wp\/v2\/tags?post=114028"}],"curies":[{"name":"wp","href":"https:\/\/api.w.org\/{rel}","templated":true}]}}