{"id":113974,"date":"2023-11-23T17:10:24","date_gmt":"2023-11-23T23:10:24","guid":{"rendered":"https:\/\/canal7slp.tv\/2023\/?p=113974"},"modified":"2023-11-23T17:14:34","modified_gmt":"2023-11-23T23:14:34","slug":"acuerda-ine-medida-que-acota-a-supervisores-electorales","status":"publish","type":"post","link":"https:\/\/canal7slp.tv\/2023\/acuerda-ine-medida-que-acota-a-supervisores-electorales\/","title":{"rendered":"Acuerda INE medida que acota a supervisores electorales"},"content":{"rendered":"<ul>\n<li>Militantes no ser\u00e1n capacitadores y se prevendr\u00e1n posibles casos de infiltraci\u00f3n.<\/li>\n<\/ul>\n<p style=\"text-align: justify;\">M\u00e9xico.- El Consejo General del Instituto Nacional Electoral (INE) aprob\u00f3 medidas a fin de asegurar la imparcialidad en el pr\u00f3ximo proceso electoral. Estas buscan evitar que personas afiliadas a partidos pol\u00edticos participen como capacitadores electorales, lo cual podr\u00eda poner en riesgo la integridad de las elecciones.<\/p>\n<p style=\"text-align: justify;\">La propuesta presentada por el consejero Arturo Castillo establece que la Unidad T\u00e9cnica de lo Contencioso Electoral (UTCE) iniciar\u00e1 un procedimiento sancionador ordinario de manera autom\u00e1tica si los aspirantes est\u00e1n afiliados a un partido pol\u00edtico y no han presentado una queja previa por afiliaci\u00f3n indebida.<\/p>\n<p style=\"text-align: justify;\">En caso de que se determine que no existe afiliaci\u00f3n indebida, la persona no podr\u00e1 continuar en el proceso de capacitaci\u00f3n electoral. Si ya ha sido contratada, se proceder\u00e1 a su recisi\u00f3n.<\/p>\n<p style=\"text-align: justify;\">Adem\u00e1s, se abrir\u00e1 un procedimiento administrativo sancionador y se informar\u00e1 a las autoridades competentes sobre posibles responsabilidades en otras \u00e1reas.<\/p>\n<p style=\"text-align: justify;\">El proyecto original contemplaba restar un punto en la evaluaci\u00f3n integral de los aspirantes que estuvieran registrados en el padr\u00f3n de militantes o afiliados a un partido pol\u00edtico. Sin embargo, esta propuesta no obtuvo el respaldo mayoritario.<\/p>\n<p style=\"text-align: justify;\">El consejero Jaime Rivera enfatiz\u00f3 la necesidad de contar con mecanismos efectivos para verificar la imparcialidad de los capacitadores electorales, evitando as\u00ed cualquier influencia derivada de su afiliaci\u00f3n pol\u00edtica o su posici\u00f3n como servidores p\u00fablicos.<\/p>\n<p style=\"text-align: justify;\">En respuesta a esta medida, el consejero Uuc-kib Espadas propuso analizar regionalmente los casos de aspirantes afiliados a partidos pol\u00edticos en lugar de aplicar una medida generalizada a nivel nacional.<\/p>\n<p style=\"text-align: justify;\">La consejera Norma de la Cruz advirti\u00f3 que restar un punto en la evaluaci\u00f3n podr\u00eda ser restrictivo y contravenir los principios de certeza y legalidad. Hasta el momento, m\u00e1s de 121 mil personas se han inscrito para participar en el proceso de capacitaci\u00f3n electoral.<\/p>\n","protected":false},"excerpt":{"rendered":"<p>Militantes no ser\u00e1n capacitadores y se prevendr\u00e1n posibles casos de infiltraci\u00f3n. M\u00e9xico.- El Consejo General del Instituto Nacional Electoral (INE) aprob\u00f3 medidas a fin de asegurar la imparcialidad en el pr\u00f3ximo proceso electoral. Estas buscan evitar que personas afiliadas a partidos pol\u00edticos participen como capacitadores electorales, lo cual podr\u00eda poner en riesgo la integridad de las elecciones. La propuesta presentada por el consejero Arturo Castillo establece que la Unidad T\u00e9cnica de lo Contencioso Electoral (UTCE) iniciar\u00e1 un procedimiento sancionador ordinario de manera autom\u00e1tica si los aspirantes est\u00e1n afiliados a un partido pol\u00edtico y no han presentado una queja previa por [&hellip;]<\/p>\n","protected":false},"author":2,"featured_media":114016,"comment_status":"closed","ping_status":"closed","sticky":false,"template":"","format":"standard","meta":{"footnotes":""},"categories":[46],"tags":[],"class_list":["post-113974","post","type-post","status-publish","format-standard","has-post-thumbnail","hentry","category-nacional","post--single"],"yoast_head":"<!-- This site is optimized with the Yoast SEO plugin v27.5 - https:\/\/yoast.com\/product\/yoast-seo-wordpress\/ -->\n<title>Acuerda INE medida que acota a supervisores electorales - Canal 7 SLP - 2023<\/title>\n<meta name=\"robots\" content=\"index, follow, max-snippet:-1, max-image-preview:large, max-video-preview:-1\" \/>\n<link rel=\"canonical\" href=\"https:\/\/canal7slp.tv\/2023\/acuerda-ine-medida-que-acota-a-supervisores-electorales\/\" \/>\n<meta property=\"og:locale\" content=\"es_ES\" \/>\n<meta property=\"og:type\" content=\"article\" \/>\n<meta property=\"og:title\" content=\"Acuerda INE medida que acota a supervisores electorales - Canal 7 SLP - 2023\" \/>\n<meta property=\"og:description\" content=\"Militantes no ser\u00e1n capacitadores y se prevendr\u00e1n posibles casos de infiltraci\u00f3n. M\u00e9xico.- El Consejo General del Instituto Nacional Electoral (INE) aprob\u00f3 medidas a fin de asegurar la imparcialidad en el pr\u00f3ximo proceso electoral. Estas buscan evitar que personas afiliadas a partidos pol\u00edticos participen como capacitadores electorales, lo cual podr\u00eda poner en riesgo la integridad de las elecciones. La propuesta presentada por el consejero Arturo Castillo establece que la Unidad T\u00e9cnica de lo Contencioso Electoral (UTCE) iniciar\u00e1 un procedimiento sancionador ordinario de manera autom\u00e1tica si los aspirantes est\u00e1n afiliados a un partido pol\u00edtico y no han presentado una queja previa por [&hellip;]\" \/>\n<meta property=\"og:url\" content=\"https:\/\/canal7slp.tv\/2023\/acuerda-ine-medida-que-acota-a-supervisores-electorales\/\" \/>\n<meta property=\"og:site_name\" content=\"Canal 7 SLP - 2023\" \/>\n<meta property=\"article:publisher\" content=\"https:\/\/www.facebook.com\/noticieroscanalsiete\" \/>\n<meta property=\"article:published_time\" content=\"2023-11-23T23:10:24+00:00\" \/>\n<meta property=\"article:modified_time\" content=\"2023-11-23T23:14:34+00:00\" \/>\n<meta property=\"og:image\" content=\"https:\/\/canal7slp.tv\/2023\/wp-content\/uploads\/2023\/11\/01-19.jpg\" \/>\n\t<meta property=\"og:image:width\" content=\"1600\" \/>\n\t<meta property=\"og:image:height\" content=\"1066\" \/>\n\t<meta property=\"og:image:type\" content=\"image\/jpeg\" \/>\n<meta name=\"author\" content=\"Edici\u00f3n Web\" \/>\n<meta name=\"twitter:card\" content=\"summary_large_image\" \/>\n<meta name=\"twitter:creator\" content=\"@NOTICIEROS7\" \/>\n<meta name=\"twitter:site\" content=\"@NOTICIEROS7\" \/>\n<meta name=\"twitter:label1\" content=\"Escrito por\" \/>\n\t<meta name=\"twitter:data1\" content=\"Edici\u00f3n Web\" \/>\n\t<meta name=\"twitter:label2\" content=\"Tiempo de lectura\" \/>\n\t<meta name=\"twitter:data2\" content=\"2 minutos\" \/>\n<script type=\"application\/ld+json\" class=\"yoast-schema-graph\">{\"@context\":\"https:\\\/\\\/schema.org\",\"@graph\":[{\"@type\":\"Article\",\"@id\":\"https:\\\/\\\/canal7slp.tv\\\/2023\\\/acuerda-ine-medida-que-acota-a-supervisores-electorales\\\/#article\",\"isPartOf\":{\"@id\":\"https:\\\/\\\/canal7slp.tv\\\/2023\\\/acuerda-ine-medida-que-acota-a-supervisores-electorales\\\/\"},\"author\":{\"name\":\"Edici\u00f3n Web\",\"@id\":\"https:\\\/\\\/canal7slp.tv\\\/2023\\\/#\\\/schema\\\/person\\\/639c424e3584069003b11ae813915da6\"},\"headline\":\"Acuerda INE medida que acota a supervisores electorales\",\"datePublished\":\"2023-11-23T23:10:24+00:00\",\"dateModified\":\"2023-11-23T23:14:34+00:00\",\"mainEntityOfPage\":{\"@id\":\"https:\\\/\\\/canal7slp.tv\\\/2023\\\/acuerda-ine-medida-que-acota-a-supervisores-electorales\\\/\"},\"wordCount\":336,\"publisher\":{\"@id\":\"https:\\\/\\\/canal7slp.tv\\\/2023\\\/#organization\"},\"image\":{\"@id\":\"https:\\\/\\\/canal7slp.tv\\\/2023\\\/acuerda-ine-medida-que-acota-a-supervisores-electorales\\\/#primaryimage\"},\"thumbnailUrl\":\"https:\\\/\\\/canal7slp.tv\\\/2023\\\/wp-content\\\/uploads\\\/2023\\\/11\\\/01-19.jpg\",\"articleSection\":[\"NACIONALES\"],\"inLanguage\":\"es\"},{\"@type\":\"WebPage\",\"@id\":\"https:\\\/\\\/canal7slp.tv\\\/2023\\\/acuerda-ine-medida-que-acota-a-supervisores-electorales\\\/\",\"url\":\"https:\\\/\\\/canal7slp.tv\\\/2023\\\/acuerda-ine-medida-que-acota-a-supervisores-electorales\\\/\",\"name\":\"Acuerda INE medida que acota a supervisores electorales - Canal 7 SLP - 2023\",\"isPartOf\":{\"@id\":\"https:\\\/\\\/canal7slp.tv\\\/2023\\\/#website\"},\"primaryImageOfPage\":{\"@id\":\"https:\\\/\\\/canal7slp.tv\\\/2023\\\/acuerda-ine-medida-que-acota-a-supervisores-electorales\\\/#primaryimage\"},\"image\":{\"@id\":\"https:\\\/\\\/canal7slp.tv\\\/2023\\\/acuerda-ine-medida-que-acota-a-supervisores-electorales\\\/#primaryimage\"},\"thumbnailUrl\":\"https:\\\/\\\/canal7slp.tv\\\/2023\\\/wp-content\\\/uploads\\\/2023\\\/11\\\/01-19.jpg\",\"datePublished\":\"2023-11-23T23:10:24+00:00\",\"dateModified\":\"2023-11-23T23:14:34+00:00\",\"breadcrumb\":{\"@id\":\"https:\\\/\\\/canal7slp.tv\\\/2023\\\/acuerda-ine-medida-que-acota-a-supervisores-electorales\\\/#breadcrumb\"},\"inLanguage\":\"es\",\"potentialAction\":[{\"@type\":\"ReadAction\",\"target\":[\"https:\\\/\\\/canal7slp.tv\\\/2023\\\/acuerda-ine-medida-que-acota-a-supervisores-electorales\\\/\"]}]},{\"@type\":\"ImageObject\",\"inLanguage\":\"es\",\"@id\":\"https:\\\/\\\/canal7slp.tv\\\/2023\\\/acuerda-ine-medida-que-acota-a-supervisores-electorales\\\/#primaryimage\",\"url\":\"https:\\\/\\\/canal7slp.tv\\\/2023\\\/wp-content\\\/uploads\\\/2023\\\/11\\\/01-19.jpg\",\"contentUrl\":\"https:\\\/\\\/canal7slp.tv\\\/2023\\\/wp-content\\\/uploads\\\/2023\\\/11\\\/01-19.jpg\",\"width\":1600,\"height\":1066},{\"@type\":\"BreadcrumbList\",\"@id\":\"https:\\\/\\\/canal7slp.tv\\\/2023\\\/acuerda-ine-medida-que-acota-a-supervisores-electorales\\\/#breadcrumb\",\"itemListElement\":[{\"@type\":\"ListItem\",\"position\":1,\"name\":\"Portada\",\"item\":\"https:\\\/\\\/canal7slp.tv\\\/2023\\\/\"},{\"@type\":\"ListItem\",\"position\":2,\"name\":\"Acuerda INE medida que acota a supervisores electorales\"}]},{\"@type\":\"WebSite\",\"@id\":\"https:\\\/\\\/canal7slp.tv\\\/2023\\\/#website\",\"url\":\"https:\\\/\\\/canal7slp.tv\\\/2023\\\/\",\"name\":\"N7 - Noticieros Canal 7\",\"description\":\"Somos Televisi\u00f3n\",\"publisher\":{\"@id\":\"https:\\\/\\\/canal7slp.tv\\\/2023\\\/#organization\"},\"potentialAction\":[{\"@type\":\"SearchAction\",\"target\":{\"@type\":\"EntryPoint\",\"urlTemplate\":\"https:\\\/\\\/canal7slp.tv\\\/2023\\\/?s={search_term_string}\"},\"query-input\":{\"@type\":\"PropertyValueSpecification\",\"valueRequired\":true,\"valueName\":\"search_term_string\"}}],\"inLanguage\":\"es\"},{\"@type\":\"Organization\",\"@id\":\"https:\\\/\\\/canal7slp.tv\\\/2023\\\/#organization\",\"name\":\"Noticieros Canal 7\",\"url\":\"https:\\\/\\\/canal7slp.tv\\\/2023\\\/\",\"logo\":{\"@type\":\"ImageObject\",\"inLanguage\":\"es\",\"@id\":\"https:\\\/\\\/canal7slp.tv\\\/2023\\\/#\\\/schema\\\/logo\\\/image\\\/\",\"url\":\"https:\\\/\\\/canal7slp.tv\\\/2023\\\/wp-content\\\/uploads\\\/2021\\\/01\\\/logo-noticieros@2x.png\",\"contentUrl\":\"https:\\\/\\\/canal7slp.tv\\\/2023\\\/wp-content\\\/uploads\\\/2021\\\/01\\\/logo-noticieros@2x.png\",\"width\":1017,\"height\":268,\"caption\":\"Noticieros Canal 7\"},\"image\":{\"@id\":\"https:\\\/\\\/canal7slp.tv\\\/2023\\\/#\\\/schema\\\/logo\\\/image\\\/\"},\"sameAs\":[\"https:\\\/\\\/www.facebook.com\\\/noticieroscanalsiete\",\"https:\\\/\\\/x.com\\\/NOTICIEROS7\",\"https:\\\/\\\/www.instagram.com\\\/canal7_slp\",\"https:\\\/\\\/www.youtube.com\\\/channel\\\/UCliiYs-gP3JfJeqdPrNdd5A\"]},{\"@type\":\"Person\",\"@id\":\"https:\\\/\\\/canal7slp.tv\\\/2023\\\/#\\\/schema\\\/person\\\/639c424e3584069003b11ae813915da6\",\"name\":\"Edici\u00f3n Web\",\"image\":{\"@type\":\"ImageObject\",\"inLanguage\":\"es\",\"@id\":\"https:\\\/\\\/secure.gravatar.com\\\/avatar\\\/eee448fc3f7164808013b816ba91ac7e43bbe82a70bebac296f8bc6f0addaa1a?s=96&d=mm&r=g\",\"url\":\"https:\\\/\\\/secure.gravatar.com\\\/avatar\\\/eee448fc3f7164808013b816ba91ac7e43bbe82a70bebac296f8bc6f0addaa1a?s=96&d=mm&r=g\",\"contentUrl\":\"https:\\\/\\\/secure.gravatar.com\\\/avatar\\\/eee448fc3f7164808013b816ba91ac7e43bbe82a70bebac296f8bc6f0addaa1a?s=96&d=mm&r=g\",\"caption\":\"Edici\u00f3n Web\"},\"url\":\"https:\\\/\\\/canal7slp.tv\\\/2023\\\/author\\\/edicionweb\\\/\"}]}<\/script>\n<!-- \/ Yoast SEO plugin. -->","yoast_head_json":{"title":"Acuerda INE medida que acota a supervisores electorales - Canal 7 SLP - 2023","robots":{"index":"index","follow":"follow","max-snippet":"max-snippet:-1","max-image-preview":"max-image-preview:large","max-video-preview":"max-video-preview:-1"},"canonical":"https:\/\/canal7slp.tv\/2023\/acuerda-ine-medida-que-acota-a-supervisores-electorales\/","og_locale":"es_ES","og_type":"article","og_title":"Acuerda INE medida que acota a supervisores electorales - Canal 7 SLP - 2023","og_description":"Militantes no ser\u00e1n capacitadores y se prevendr\u00e1n posibles casos de infiltraci\u00f3n. M\u00e9xico.- El Consejo General del Instituto Nacional Electoral (INE) aprob\u00f3 medidas a fin de asegurar la imparcialidad en el pr\u00f3ximo proceso electoral. Estas buscan evitar que personas afiliadas a partidos pol\u00edticos participen como capacitadores electorales, lo cual podr\u00eda poner en riesgo la integridad de las elecciones. La propuesta presentada por el consejero Arturo Castillo establece que la Unidad T\u00e9cnica de lo Contencioso Electoral (UTCE) iniciar\u00e1 un procedimiento sancionador ordinario de manera autom\u00e1tica si los aspirantes est\u00e1n afiliados a un partido pol\u00edtico y no han presentado una queja previa por [&hellip;]","og_url":"https:\/\/canal7slp.tv\/2023\/acuerda-ine-medida-que-acota-a-supervisores-electorales\/","og_site_name":"Canal 7 SLP - 2023","article_publisher":"https:\/\/www.facebook.com\/noticieroscanalsiete","article_published_time":"2023-11-23T23:10:24+00:00","article_modified_time":"2023-11-23T23:14:34+00:00","og_image":[{"width":1600,"height":1066,"url":"https:\/\/canal7slp.tv\/2023\/wp-content\/uploads\/2023\/11\/01-19.jpg","type":"image\/jpeg"}],"author":"Edici\u00f3n Web","twitter_card":"summary_large_image","twitter_creator":"@NOTICIEROS7","twitter_site":"@NOTICIEROS7","twitter_misc":{"Escrito por":"Edici\u00f3n Web","Tiempo de lectura":"2 minutos"},"schema":{"@context":"https:\/\/schema.org","@graph":[{"@type":"Article","@id":"https:\/\/canal7slp.tv\/2023\/acuerda-ine-medida-que-acota-a-supervisores-electorales\/#article","isPartOf":{"@id":"https:\/\/canal7slp.tv\/2023\/acuerda-ine-medida-que-acota-a-supervisores-electorales\/"},"author":{"name":"Edici\u00f3n Web","@id":"https:\/\/canal7slp.tv\/2023\/#\/schema\/person\/639c424e3584069003b11ae813915da6"},"headline":"Acuerda INE medida que acota a supervisores electorales","datePublished":"2023-11-23T23:10:24+00:00","dateModified":"2023-11-23T23:14:34+00:00","mainEntityOfPage":{"@id":"https:\/\/canal7slp.tv\/2023\/acuerda-ine-medida-que-acota-a-supervisores-electorales\/"},"wordCount":336,"publisher":{"@id":"https:\/\/canal7slp.tv\/2023\/#organization"},"image":{"@id":"https:\/\/canal7slp.tv\/2023\/acuerda-ine-medida-que-acota-a-supervisores-electorales\/#primaryimage"},"thumbnailUrl":"https:\/\/canal7slp.tv\/2023\/wp-content\/uploads\/2023\/11\/01-19.jpg","articleSection":["NACIONALES"],"inLanguage":"es"},{"@type":"WebPage","@id":"https:\/\/canal7slp.tv\/2023\/acuerda-ine-medida-que-acota-a-supervisores-electorales\/","url":"https:\/\/canal7slp.tv\/2023\/acuerda-ine-medida-que-acota-a-supervisores-electorales\/","name":"Acuerda INE medida que acota a supervisores electorales - Canal 7 SLP - 2023","isPartOf":{"@id":"https:\/\/canal7slp.tv\/2023\/#website"},"primaryImageOfPage":{"@id":"https:\/\/canal7slp.tv\/2023\/acuerda-ine-medida-que-acota-a-supervisores-electorales\/#primaryimage"},"image":{"@id":"https:\/\/canal7slp.tv\/2023\/acuerda-ine-medida-que-acota-a-supervisores-electorales\/#primaryimage"},"thumbnailUrl":"https:\/\/canal7slp.tv\/2023\/wp-content\/uploads\/2023\/11\/01-19.jpg","datePublished":"2023-11-23T23:10:24+00:00","dateModified":"2023-11-23T23:14:34+00:00","breadcrumb":{"@id":"https:\/\/canal7slp.tv\/2023\/acuerda-ine-medida-que-acota-a-supervisores-electorales\/#breadcrumb"},"inLanguage":"es","potentialAction":[{"@type":"ReadAction","target":["https:\/\/canal7slp.tv\/2023\/acuerda-ine-medida-que-acota-a-supervisores-electorales\/"]}]},{"@type":"ImageObject","inLanguage":"es","@id":"https:\/\/canal7slp.tv\/2023\/acuerda-ine-medida-que-acota-a-supervisores-electorales\/#primaryimage","url":"https:\/\/canal7slp.tv\/2023\/wp-content\/uploads\/2023\/11\/01-19.jpg","contentUrl":"https:\/\/canal7slp.tv\/2023\/wp-content\/uploads\/2023\/11\/01-19.jpg","width":1600,"height":1066},{"@type":"BreadcrumbList","@id":"https:\/\/canal7slp.tv\/2023\/acuerda-ine-medida-que-acota-a-supervisores-electorales\/#breadcrumb","itemListElement":[{"@type":"ListItem","position":1,"name":"Portada","item":"https:\/\/canal7slp.tv\/2023\/"},{"@type":"ListItem","position":2,"name":"Acuerda INE medida que acota a supervisores electorales"}]},{"@type":"WebSite","@id":"https:\/\/canal7slp.tv\/2023\/#website","url":"https:\/\/canal7slp.tv\/2023\/","name":"N7 - Noticieros Canal 7","description":"Somos Televisi\u00f3n","publisher":{"@id":"https:\/\/canal7slp.tv\/2023\/#organization"},"potentialAction":[{"@type":"SearchAction","target":{"@type":"EntryPoint","urlTemplate":"https:\/\/canal7slp.tv\/2023\/?s={search_term_string}"},"query-input":{"@type":"PropertyValueSpecification","valueRequired":true,"valueName":"search_term_string"}}],"inLanguage":"es"},{"@type":"Organization","@id":"https:\/\/canal7slp.tv\/2023\/#organization","name":"Noticieros Canal 7","url":"https:\/\/canal7slp.tv\/2023\/","logo":{"@type":"ImageObject","inLanguage":"es","@id":"https:\/\/canal7slp.tv\/2023\/#\/schema\/logo\/image\/","url":"https:\/\/canal7slp.tv\/2023\/wp-content\/uploads\/2021\/01\/logo-noticieros@2x.png","contentUrl":"https:\/\/canal7slp.tv\/2023\/wp-content\/uploads\/2021\/01\/logo-noticieros@2x.png","width":1017,"height":268,"caption":"Noticieros Canal 7"},"image":{"@id":"https:\/\/canal7slp.tv\/2023\/#\/schema\/logo\/image\/"},"sameAs":["https:\/\/www.facebook.com\/noticieroscanalsiete","https:\/\/x.com\/NOTICIEROS7","https:\/\/www.instagram.com\/canal7_slp","https:\/\/www.youtube.com\/channel\/UCliiYs-gP3JfJeqdPrNdd5A"]},{"@type":"Person","@id":"https:\/\/canal7slp.tv\/2023\/#\/schema\/person\/639c424e3584069003b11ae813915da6","name":"Edici\u00f3n Web","image":{"@type":"ImageObject","inLanguage":"es","@id":"https:\/\/secure.gravatar.com\/avatar\/eee448fc3f7164808013b816ba91ac7e43bbe82a70bebac296f8bc6f0addaa1a?s=96&d=mm&r=g","url":"https:\/\/secure.gravatar.com\/avatar\/eee448fc3f7164808013b816ba91ac7e43bbe82a70bebac296f8bc6f0addaa1a?s=96&d=mm&r=g","contentUrl":"https:\/\/secure.gravatar.com\/avatar\/eee448fc3f7164808013b816ba91ac7e43bbe82a70bebac296f8bc6f0addaa1a?s=96&d=mm&r=g","caption":"Edici\u00f3n Web"},"url":"https:\/\/canal7slp.tv\/2023\/author\/edicionweb\/"}]}},"_links":{"self":[{"href":"https:\/\/canal7slp.tv\/2023\/wp-json\/wp\/v2\/posts\/113974","targetHints":{"allow":["GET"]}}],"collection":[{"href":"https:\/\/canal7slp.tv\/2023\/wp-json\/wp\/v2\/posts"}],"about":[{"href":"https:\/\/canal7slp.tv\/2023\/wp-json\/wp\/v2\/types\/post"}],"author":[{"embeddable":true,"href":"https:\/\/canal7slp.tv\/2023\/wp-json\/wp\/v2\/users\/2"}],"replies":[{"embeddable":true,"href":"https:\/\/canal7slp.tv\/2023\/wp-json\/wp\/v2\/comments?post=113974"}],"version-history":[{"count":3,"href":"https:\/\/canal7slp.tv\/2023\/wp-json\/wp\/v2\/posts\/113974\/revisions"}],"predecessor-version":[{"id":114010,"href":"https:\/\/canal7slp.tv\/2023\/wp-json\/wp\/v2\/posts\/113974\/revisions\/114010"}],"wp:featuredmedia":[{"embeddable":true,"href":"https:\/\/canal7slp.tv\/2023\/wp-json\/wp\/v2\/media\/114016"}],"wp:attachment":[{"href":"https:\/\/canal7slp.tv\/2023\/wp-json\/wp\/v2\/media?parent=113974"}],"wp:term":[{"taxonomy":"category","embeddable":true,"href":"https:\/\/canal7slp.tv\/2023\/wp-json\/wp\/v2\/categories?post=113974"},{"taxonomy":"post_tag","embeddable":true,"href":"https:\/\/canal7slp.tv\/2023\/wp-json\/wp\/v2\/tags?post=113974"}],"curies":[{"name":"wp","href":"https:\/\/api.w.org\/{rel}","templated":true}]}}