{"id":113964,"date":"2023-11-23T14:17:44","date_gmt":"2023-11-23T20:17:44","guid":{"rendered":"https:\/\/canal7slp.tv\/2023\/?p=113964"},"modified":"2023-11-23T14:17:44","modified_gmt":"2023-11-23T20:17:44","slug":"miky-perez-a-merida-a-coronar-la-temporada","status":"publish","type":"post","link":"https:\/\/canal7slp.tv\/2023\/miky-perez-a-merida-a-coronar-la-temporada\/","title":{"rendered":"Miky P\u00e9rez a M\u00e9rida a coronar la temporada"},"content":{"rendered":"<p style=\"text-align: justify;\">SLP.- La temporada 2023 de la S\u00faper Copa ha llegado a su fin, la \u00faltima carrera del a\u00f1o se efectuar\u00e1 este fin de semana en M\u00e9rida, en el aut\u00f3dromo Emerson Fittipaldi, en la f\u00f3rmula 5 el juvenil piloto Miky P\u00e9rez se reporta listo para viajar a M\u00e9rida y coronar el esfuerzo de toda la temporada.<\/p>\n<p style=\"text-align: justify;\">Miky P\u00e9rez de tan solo 14 a\u00f1os, se convertir\u00e1 en uno de los pilotos m\u00e1s j\u00f3venes en levantarse como campe\u00f3n en la historia de la f\u00f3rmula 5, antes F\u00f3rmula Vee.<\/p>\n<p style=\"text-align: justify;\">La S\u00faper Copa visitar\u00e1 la pen\u00ednsula Yucateca este pr\u00f3ximo 26 de Noviembre. La pista del aut\u00f3dromo Emerson Fittipaldi tiene una longitud de 3,340 metros y se encuentra a ocho metros sobre el nivel del mar.<\/p>\n<p style=\"text-align: justify;\">Cuenta, adem\u00e1s con la recta principal de 750 metros y 15 metros de ancho, que disminuye a 12 metros en la otra parte del circuito. Los peraltes en las curvas van de 5% a 3 por ciento.<\/p>\n","protected":false},"excerpt":{"rendered":"<p>SLP.- La temporada 2023 de la S\u00faper Copa ha llegado a su fin, la \u00faltima carrera del a\u00f1o se efectuar\u00e1 este fin de semana en M\u00e9rida, en el aut\u00f3dromo Emerson Fittipaldi, en la f\u00f3rmula 5 el juvenil piloto Miky P\u00e9rez se reporta listo para viajar a M\u00e9rida y coronar el esfuerzo de toda la temporada. Miky P\u00e9rez de tan solo 14 a\u00f1os, se convertir\u00e1 en uno de los pilotos m\u00e1s j\u00f3venes en levantarse como campe\u00f3n en la historia de la f\u00f3rmula 5, antes F\u00f3rmula Vee. La S\u00faper Copa visitar\u00e1 la pen\u00ednsula Yucateca este pr\u00f3ximo 26 de Noviembre. La pista del [&hellip;]<\/p>\n","protected":false},"author":2,"featured_media":113972,"comment_status":"closed","ping_status":"closed","sticky":false,"template":"","format":"video","meta":{"footnotes":""},"categories":[7,5],"tags":[],"class_list":["post-113964","post","type-post","status-publish","format-video","has-post-thumbnail","hentry","category-deportes","category-destacadas","post_format-post-format-video","post--single"],"yoast_head":"<!-- This site is optimized with the Yoast SEO plugin v27.5 - https:\/\/yoast.com\/product\/yoast-seo-wordpress\/ -->\n<title>Miky P\u00e9rez a M\u00e9rida a coronar la temporada - Canal 7 SLP - 2023<\/title>\n<meta name=\"robots\" content=\"index, follow, max-snippet:-1, max-image-preview:large, max-video-preview:-1\" \/>\n<link rel=\"canonical\" href=\"https:\/\/canal7slp.tv\/2023\/miky-perez-a-merida-a-coronar-la-temporada\/\" \/>\n<meta property=\"og:locale\" content=\"es_ES\" \/>\n<meta property=\"og:type\" content=\"article\" \/>\n<meta property=\"og:title\" content=\"Miky P\u00e9rez a M\u00e9rida a coronar la temporada - Canal 7 SLP - 2023\" \/>\n<meta property=\"og:description\" content=\"SLP.- La temporada 2023 de la S\u00faper Copa ha llegado a su fin, la \u00faltima carrera del a\u00f1o se efectuar\u00e1 este fin de semana en M\u00e9rida, en el aut\u00f3dromo Emerson Fittipaldi, en la f\u00f3rmula 5 el juvenil piloto Miky P\u00e9rez se reporta listo para viajar a M\u00e9rida y coronar el esfuerzo de toda la temporada. Miky P\u00e9rez de tan solo 14 a\u00f1os, se convertir\u00e1 en uno de los pilotos m\u00e1s j\u00f3venes en levantarse como campe\u00f3n en la historia de la f\u00f3rmula 5, antes F\u00f3rmula Vee. La S\u00faper Copa visitar\u00e1 la pen\u00ednsula Yucateca este pr\u00f3ximo 26 de Noviembre. La pista del [&hellip;]\" \/>\n<meta property=\"og:url\" content=\"https:\/\/canal7slp.tv\/2023\/miky-perez-a-merida-a-coronar-la-temporada\/\" \/>\n<meta property=\"og:site_name\" content=\"Canal 7 SLP - 2023\" \/>\n<meta property=\"article:publisher\" content=\"https:\/\/www.facebook.com\/noticieroscanalsiete\" \/>\n<meta property=\"article:published_time\" content=\"2023-11-23T20:17:44+00:00\" \/>\n<meta property=\"og:image\" content=\"https:\/\/canal7slp.tv\/2023\/wp-content\/uploads\/2023\/11\/Froi03F5.jpg\" \/>\n\t<meta property=\"og:image:width\" content=\"1280\" \/>\n\t<meta property=\"og:image:height\" content=\"720\" \/>\n\t<meta property=\"og:image:type\" content=\"image\/jpeg\" \/>\n<meta name=\"author\" content=\"Edici\u00f3n Web\" \/>\n<meta name=\"twitter:card\" content=\"summary_large_image\" \/>\n<meta name=\"twitter:creator\" content=\"@NOTICIEROS7\" \/>\n<meta name=\"twitter:site\" content=\"@NOTICIEROS7\" \/>\n<meta name=\"twitter:label1\" content=\"Escrito por\" \/>\n\t<meta name=\"twitter:data1\" content=\"Edici\u00f3n Web\" \/>\n\t<meta name=\"twitter:label2\" content=\"Tiempo de lectura\" \/>\n\t<meta name=\"twitter:data2\" content=\"1 minuto\" \/>\n<script type=\"application\/ld+json\" class=\"yoast-schema-graph\">{\"@context\":\"https:\\\/\\\/schema.org\",\"@graph\":[{\"@type\":\"Article\",\"@id\":\"https:\\\/\\\/canal7slp.tv\\\/2023\\\/miky-perez-a-merida-a-coronar-la-temporada\\\/#article\",\"isPartOf\":{\"@id\":\"https:\\\/\\\/canal7slp.tv\\\/2023\\\/miky-perez-a-merida-a-coronar-la-temporada\\\/\"},\"author\":{\"name\":\"Edici\u00f3n Web\",\"@id\":\"https:\\\/\\\/canal7slp.tv\\\/2023\\\/#\\\/schema\\\/person\\\/639c424e3584069003b11ae813915da6\"},\"headline\":\"Miky P\u00e9rez a M\u00e9rida a coronar la temporada\",\"datePublished\":\"2023-11-23T20:17:44+00:00\",\"mainEntityOfPage\":{\"@id\":\"https:\\\/\\\/canal7slp.tv\\\/2023\\\/miky-perez-a-merida-a-coronar-la-temporada\\\/\"},\"wordCount\":176,\"publisher\":{\"@id\":\"https:\\\/\\\/canal7slp.tv\\\/2023\\\/#organization\"},\"image\":{\"@id\":\"https:\\\/\\\/canal7slp.tv\\\/2023\\\/miky-perez-a-merida-a-coronar-la-temporada\\\/#primaryimage\"},\"thumbnailUrl\":\"https:\\\/\\\/canal7slp.tv\\\/2023\\\/wp-content\\\/uploads\\\/2023\\\/11\\\/Froi03F5.jpg\",\"articleSection\":[\"DEPORTES\",\"DESTACADAS\"],\"inLanguage\":\"es\"},{\"@type\":\"WebPage\",\"@id\":\"https:\\\/\\\/canal7slp.tv\\\/2023\\\/miky-perez-a-merida-a-coronar-la-temporada\\\/\",\"url\":\"https:\\\/\\\/canal7slp.tv\\\/2023\\\/miky-perez-a-merida-a-coronar-la-temporada\\\/\",\"name\":\"Miky P\u00e9rez a M\u00e9rida a coronar la temporada - Canal 7 SLP - 2023\",\"isPartOf\":{\"@id\":\"https:\\\/\\\/canal7slp.tv\\\/2023\\\/#website\"},\"primaryImageOfPage\":{\"@id\":\"https:\\\/\\\/canal7slp.tv\\\/2023\\\/miky-perez-a-merida-a-coronar-la-temporada\\\/#primaryimage\"},\"image\":{\"@id\":\"https:\\\/\\\/canal7slp.tv\\\/2023\\\/miky-perez-a-merida-a-coronar-la-temporada\\\/#primaryimage\"},\"thumbnailUrl\":\"https:\\\/\\\/canal7slp.tv\\\/2023\\\/wp-content\\\/uploads\\\/2023\\\/11\\\/Froi03F5.jpg\",\"datePublished\":\"2023-11-23T20:17:44+00:00\",\"breadcrumb\":{\"@id\":\"https:\\\/\\\/canal7slp.tv\\\/2023\\\/miky-perez-a-merida-a-coronar-la-temporada\\\/#breadcrumb\"},\"inLanguage\":\"es\",\"potentialAction\":[{\"@type\":\"ReadAction\",\"target\":[\"https:\\\/\\\/canal7slp.tv\\\/2023\\\/miky-perez-a-merida-a-coronar-la-temporada\\\/\"]}]},{\"@type\":\"ImageObject\",\"inLanguage\":\"es\",\"@id\":\"https:\\\/\\\/canal7slp.tv\\\/2023\\\/miky-perez-a-merida-a-coronar-la-temporada\\\/#primaryimage\",\"url\":\"https:\\\/\\\/canal7slp.tv\\\/2023\\\/wp-content\\\/uploads\\\/2023\\\/11\\\/Froi03F5.jpg\",\"contentUrl\":\"https:\\\/\\\/canal7slp.tv\\\/2023\\\/wp-content\\\/uploads\\\/2023\\\/11\\\/Froi03F5.jpg\",\"width\":1280,\"height\":720},{\"@type\":\"BreadcrumbList\",\"@id\":\"https:\\\/\\\/canal7slp.tv\\\/2023\\\/miky-perez-a-merida-a-coronar-la-temporada\\\/#breadcrumb\",\"itemListElement\":[{\"@type\":\"ListItem\",\"position\":1,\"name\":\"Portada\",\"item\":\"https:\\\/\\\/canal7slp.tv\\\/2023\\\/\"},{\"@type\":\"ListItem\",\"position\":2,\"name\":\"Miky P\u00e9rez a M\u00e9rida a coronar la temporada\"}]},{\"@type\":\"WebSite\",\"@id\":\"https:\\\/\\\/canal7slp.tv\\\/2023\\\/#website\",\"url\":\"https:\\\/\\\/canal7slp.tv\\\/2023\\\/\",\"name\":\"N7 - Noticieros Canal 7\",\"description\":\"Somos Televisi\u00f3n\",\"publisher\":{\"@id\":\"https:\\\/\\\/canal7slp.tv\\\/2023\\\/#organization\"},\"potentialAction\":[{\"@type\":\"SearchAction\",\"target\":{\"@type\":\"EntryPoint\",\"urlTemplate\":\"https:\\\/\\\/canal7slp.tv\\\/2023\\\/?s={search_term_string}\"},\"query-input\":{\"@type\":\"PropertyValueSpecification\",\"valueRequired\":true,\"valueName\":\"search_term_string\"}}],\"inLanguage\":\"es\"},{\"@type\":\"Organization\",\"@id\":\"https:\\\/\\\/canal7slp.tv\\\/2023\\\/#organization\",\"name\":\"Noticieros Canal 7\",\"url\":\"https:\\\/\\\/canal7slp.tv\\\/2023\\\/\",\"logo\":{\"@type\":\"ImageObject\",\"inLanguage\":\"es\",\"@id\":\"https:\\\/\\\/canal7slp.tv\\\/2023\\\/#\\\/schema\\\/logo\\\/image\\\/\",\"url\":\"https:\\\/\\\/canal7slp.tv\\\/2023\\\/wp-content\\\/uploads\\\/2021\\\/01\\\/logo-noticieros@2x.png\",\"contentUrl\":\"https:\\\/\\\/canal7slp.tv\\\/2023\\\/wp-content\\\/uploads\\\/2021\\\/01\\\/logo-noticieros@2x.png\",\"width\":1017,\"height\":268,\"caption\":\"Noticieros Canal 7\"},\"image\":{\"@id\":\"https:\\\/\\\/canal7slp.tv\\\/2023\\\/#\\\/schema\\\/logo\\\/image\\\/\"},\"sameAs\":[\"https:\\\/\\\/www.facebook.com\\\/noticieroscanalsiete\",\"https:\\\/\\\/x.com\\\/NOTICIEROS7\",\"https:\\\/\\\/www.instagram.com\\\/canal7_slp\",\"https:\\\/\\\/www.youtube.com\\\/channel\\\/UCliiYs-gP3JfJeqdPrNdd5A\"]},{\"@type\":\"Person\",\"@id\":\"https:\\\/\\\/canal7slp.tv\\\/2023\\\/#\\\/schema\\\/person\\\/639c424e3584069003b11ae813915da6\",\"name\":\"Edici\u00f3n Web\",\"image\":{\"@type\":\"ImageObject\",\"inLanguage\":\"es\",\"@id\":\"https:\\\/\\\/secure.gravatar.com\\\/avatar\\\/eee448fc3f7164808013b816ba91ac7e43bbe82a70bebac296f8bc6f0addaa1a?s=96&d=mm&r=g\",\"url\":\"https:\\\/\\\/secure.gravatar.com\\\/avatar\\\/eee448fc3f7164808013b816ba91ac7e43bbe82a70bebac296f8bc6f0addaa1a?s=96&d=mm&r=g\",\"contentUrl\":\"https:\\\/\\\/secure.gravatar.com\\\/avatar\\\/eee448fc3f7164808013b816ba91ac7e43bbe82a70bebac296f8bc6f0addaa1a?s=96&d=mm&r=g\",\"caption\":\"Edici\u00f3n Web\"},\"url\":\"https:\\\/\\\/canal7slp.tv\\\/2023\\\/author\\\/edicionweb\\\/\"}]}<\/script>\n<!-- \/ Yoast SEO plugin. -->","yoast_head_json":{"title":"Miky P\u00e9rez a M\u00e9rida a coronar la temporada - Canal 7 SLP - 2023","robots":{"index":"index","follow":"follow","max-snippet":"max-snippet:-1","max-image-preview":"max-image-preview:large","max-video-preview":"max-video-preview:-1"},"canonical":"https:\/\/canal7slp.tv\/2023\/miky-perez-a-merida-a-coronar-la-temporada\/","og_locale":"es_ES","og_type":"article","og_title":"Miky P\u00e9rez a M\u00e9rida a coronar la temporada - Canal 7 SLP - 2023","og_description":"SLP.- La temporada 2023 de la S\u00faper Copa ha llegado a su fin, la \u00faltima carrera del a\u00f1o se efectuar\u00e1 este fin de semana en M\u00e9rida, en el aut\u00f3dromo Emerson Fittipaldi, en la f\u00f3rmula 5 el juvenil piloto Miky P\u00e9rez se reporta listo para viajar a M\u00e9rida y coronar el esfuerzo de toda la temporada. Miky P\u00e9rez de tan solo 14 a\u00f1os, se convertir\u00e1 en uno de los pilotos m\u00e1s j\u00f3venes en levantarse como campe\u00f3n en la historia de la f\u00f3rmula 5, antes F\u00f3rmula Vee. La S\u00faper Copa visitar\u00e1 la pen\u00ednsula Yucateca este pr\u00f3ximo 26 de Noviembre. La pista del [&hellip;]","og_url":"https:\/\/canal7slp.tv\/2023\/miky-perez-a-merida-a-coronar-la-temporada\/","og_site_name":"Canal 7 SLP - 2023","article_publisher":"https:\/\/www.facebook.com\/noticieroscanalsiete","article_published_time":"2023-11-23T20:17:44+00:00","og_image":[{"width":1280,"height":720,"url":"https:\/\/canal7slp.tv\/2023\/wp-content\/uploads\/2023\/11\/Froi03F5.jpg","type":"image\/jpeg"}],"author":"Edici\u00f3n Web","twitter_card":"summary_large_image","twitter_creator":"@NOTICIEROS7","twitter_site":"@NOTICIEROS7","twitter_misc":{"Escrito por":"Edici\u00f3n Web","Tiempo de lectura":"1 minuto"},"schema":{"@context":"https:\/\/schema.org","@graph":[{"@type":"Article","@id":"https:\/\/canal7slp.tv\/2023\/miky-perez-a-merida-a-coronar-la-temporada\/#article","isPartOf":{"@id":"https:\/\/canal7slp.tv\/2023\/miky-perez-a-merida-a-coronar-la-temporada\/"},"author":{"name":"Edici\u00f3n Web","@id":"https:\/\/canal7slp.tv\/2023\/#\/schema\/person\/639c424e3584069003b11ae813915da6"},"headline":"Miky P\u00e9rez a M\u00e9rida a coronar la temporada","datePublished":"2023-11-23T20:17:44+00:00","mainEntityOfPage":{"@id":"https:\/\/canal7slp.tv\/2023\/miky-perez-a-merida-a-coronar-la-temporada\/"},"wordCount":176,"publisher":{"@id":"https:\/\/canal7slp.tv\/2023\/#organization"},"image":{"@id":"https:\/\/canal7slp.tv\/2023\/miky-perez-a-merida-a-coronar-la-temporada\/#primaryimage"},"thumbnailUrl":"https:\/\/canal7slp.tv\/2023\/wp-content\/uploads\/2023\/11\/Froi03F5.jpg","articleSection":["DEPORTES","DESTACADAS"],"inLanguage":"es"},{"@type":"WebPage","@id":"https:\/\/canal7slp.tv\/2023\/miky-perez-a-merida-a-coronar-la-temporada\/","url":"https:\/\/canal7slp.tv\/2023\/miky-perez-a-merida-a-coronar-la-temporada\/","name":"Miky P\u00e9rez a M\u00e9rida a coronar la temporada - Canal 7 SLP - 2023","isPartOf":{"@id":"https:\/\/canal7slp.tv\/2023\/#website"},"primaryImageOfPage":{"@id":"https:\/\/canal7slp.tv\/2023\/miky-perez-a-merida-a-coronar-la-temporada\/#primaryimage"},"image":{"@id":"https:\/\/canal7slp.tv\/2023\/miky-perez-a-merida-a-coronar-la-temporada\/#primaryimage"},"thumbnailUrl":"https:\/\/canal7slp.tv\/2023\/wp-content\/uploads\/2023\/11\/Froi03F5.jpg","datePublished":"2023-11-23T20:17:44+00:00","breadcrumb":{"@id":"https:\/\/canal7slp.tv\/2023\/miky-perez-a-merida-a-coronar-la-temporada\/#breadcrumb"},"inLanguage":"es","potentialAction":[{"@type":"ReadAction","target":["https:\/\/canal7slp.tv\/2023\/miky-perez-a-merida-a-coronar-la-temporada\/"]}]},{"@type":"ImageObject","inLanguage":"es","@id":"https:\/\/canal7slp.tv\/2023\/miky-perez-a-merida-a-coronar-la-temporada\/#primaryimage","url":"https:\/\/canal7slp.tv\/2023\/wp-content\/uploads\/2023\/11\/Froi03F5.jpg","contentUrl":"https:\/\/canal7slp.tv\/2023\/wp-content\/uploads\/2023\/11\/Froi03F5.jpg","width":1280,"height":720},{"@type":"BreadcrumbList","@id":"https:\/\/canal7slp.tv\/2023\/miky-perez-a-merida-a-coronar-la-temporada\/#breadcrumb","itemListElement":[{"@type":"ListItem","position":1,"name":"Portada","item":"https:\/\/canal7slp.tv\/2023\/"},{"@type":"ListItem","position":2,"name":"Miky P\u00e9rez a M\u00e9rida a coronar la temporada"}]},{"@type":"WebSite","@id":"https:\/\/canal7slp.tv\/2023\/#website","url":"https:\/\/canal7slp.tv\/2023\/","name":"N7 - Noticieros Canal 7","description":"Somos Televisi\u00f3n","publisher":{"@id":"https:\/\/canal7slp.tv\/2023\/#organization"},"potentialAction":[{"@type":"SearchAction","target":{"@type":"EntryPoint","urlTemplate":"https:\/\/canal7slp.tv\/2023\/?s={search_term_string}"},"query-input":{"@type":"PropertyValueSpecification","valueRequired":true,"valueName":"search_term_string"}}],"inLanguage":"es"},{"@type":"Organization","@id":"https:\/\/canal7slp.tv\/2023\/#organization","name":"Noticieros Canal 7","url":"https:\/\/canal7slp.tv\/2023\/","logo":{"@type":"ImageObject","inLanguage":"es","@id":"https:\/\/canal7slp.tv\/2023\/#\/schema\/logo\/image\/","url":"https:\/\/canal7slp.tv\/2023\/wp-content\/uploads\/2021\/01\/logo-noticieros@2x.png","contentUrl":"https:\/\/canal7slp.tv\/2023\/wp-content\/uploads\/2021\/01\/logo-noticieros@2x.png","width":1017,"height":268,"caption":"Noticieros Canal 7"},"image":{"@id":"https:\/\/canal7slp.tv\/2023\/#\/schema\/logo\/image\/"},"sameAs":["https:\/\/www.facebook.com\/noticieroscanalsiete","https:\/\/x.com\/NOTICIEROS7","https:\/\/www.instagram.com\/canal7_slp","https:\/\/www.youtube.com\/channel\/UCliiYs-gP3JfJeqdPrNdd5A"]},{"@type":"Person","@id":"https:\/\/canal7slp.tv\/2023\/#\/schema\/person\/639c424e3584069003b11ae813915da6","name":"Edici\u00f3n Web","image":{"@type":"ImageObject","inLanguage":"es","@id":"https:\/\/secure.gravatar.com\/avatar\/eee448fc3f7164808013b816ba91ac7e43bbe82a70bebac296f8bc6f0addaa1a?s=96&d=mm&r=g","url":"https:\/\/secure.gravatar.com\/avatar\/eee448fc3f7164808013b816ba91ac7e43bbe82a70bebac296f8bc6f0addaa1a?s=96&d=mm&r=g","contentUrl":"https:\/\/secure.gravatar.com\/avatar\/eee448fc3f7164808013b816ba91ac7e43bbe82a70bebac296f8bc6f0addaa1a?s=96&d=mm&r=g","caption":"Edici\u00f3n Web"},"url":"https:\/\/canal7slp.tv\/2023\/author\/edicionweb\/"}]}},"_links":{"self":[{"href":"https:\/\/canal7slp.tv\/2023\/wp-json\/wp\/v2\/posts\/113964","targetHints":{"allow":["GET"]}}],"collection":[{"href":"https:\/\/canal7slp.tv\/2023\/wp-json\/wp\/v2\/posts"}],"about":[{"href":"https:\/\/canal7slp.tv\/2023\/wp-json\/wp\/v2\/types\/post"}],"author":[{"embeddable":true,"href":"https:\/\/canal7slp.tv\/2023\/wp-json\/wp\/v2\/users\/2"}],"replies":[{"embeddable":true,"href":"https:\/\/canal7slp.tv\/2023\/wp-json\/wp\/v2\/comments?post=113964"}],"version-history":[{"count":2,"href":"https:\/\/canal7slp.tv\/2023\/wp-json\/wp\/v2\/posts\/113964\/revisions"}],"predecessor-version":[{"id":113973,"href":"https:\/\/canal7slp.tv\/2023\/wp-json\/wp\/v2\/posts\/113964\/revisions\/113973"}],"wp:featuredmedia":[{"embeddable":true,"href":"https:\/\/canal7slp.tv\/2023\/wp-json\/wp\/v2\/media\/113972"}],"wp:attachment":[{"href":"https:\/\/canal7slp.tv\/2023\/wp-json\/wp\/v2\/media?parent=113964"}],"wp:term":[{"taxonomy":"category","embeddable":true,"href":"https:\/\/canal7slp.tv\/2023\/wp-json\/wp\/v2\/categories?post=113964"},{"taxonomy":"post_tag","embeddable":true,"href":"https:\/\/canal7slp.tv\/2023\/wp-json\/wp\/v2\/tags?post=113964"}],"curies":[{"name":"wp","href":"https:\/\/api.w.org\/{rel}","templated":true}]}}