{"id":113897,"date":"2023-11-22T17:51:29","date_gmt":"2023-11-22T23:51:29","guid":{"rendered":"https:\/\/canal7slp.tv\/2023\/?p=113897"},"modified":"2023-11-22T17:51:29","modified_gmt":"2023-11-22T23:51:29","slug":"pan-llevaria-la-mano-en-siglado-de-slp-para-el-senado","status":"publish","type":"post","link":"https:\/\/canal7slp.tv\/2023\/pan-llevaria-la-mano-en-siglado-de-slp-para-el-senado\/","title":{"rendered":"PAN llevar\u00eda la mano en siglado de SLP para el Senado"},"content":{"rendered":"<p style=\"text-align: justify;\">SLP.-\u00a0En un listado difundido en redes sociales se dio a conocer como fueron repartidas las f\u00f3rmulas de candidatos al Senado en las 32 entidades federativas, de los partidos Acci\u00f3n Nacional, de la Revoluci\u00f3n Democr\u00e1tica y Revolucionario Institucional que conforman el Frente Amplio Por M\u00e9xico hoy denominado Fuerza y Coraz\u00f3n Por M\u00e9xico.<\/p>\n<p style=\"text-align: justify;\">Respecto al estado de San Luis Potos\u00ed destaca que en la primera f\u00f3rmula lleva mano el Partido Acci\u00f3n Nacional en tanto que en la segunda f\u00f3rmula el Partido Revolucionario Institucional.<\/p>\n<p style=\"text-align: justify;\">Cabe se\u00f1alar que en este siglado de f\u00f3rmulas habr\u00eda coalici\u00f3n en 30 entidades excepto en los estados de Oaxaca y Guanajuato en donde cada partido contender\u00eda por su lado.<\/p>\n<p>Por: Claudio Ibarra<\/p>\n","protected":false},"excerpt":{"rendered":"<p>SLP.-\u00a0En un listado difundido en redes sociales se dio a conocer como fueron repartidas las f\u00f3rmulas de candidatos al Senado en las 32 entidades federativas, de los partidos Acci\u00f3n Nacional, de la Revoluci\u00f3n Democr\u00e1tica y Revolucionario Institucional que conforman el Frente Amplio Por M\u00e9xico hoy denominado Fuerza y Coraz\u00f3n Por M\u00e9xico. Respecto al estado de San Luis Potos\u00ed destaca que en la primera f\u00f3rmula lleva mano el Partido Acci\u00f3n Nacional en tanto que en la segunda f\u00f3rmula el Partido Revolucionario Institucional. Cabe se\u00f1alar que en este siglado de f\u00f3rmulas habr\u00eda coalici\u00f3n en 30 entidades excepto en los estados de Oaxaca [&hellip;]<\/p>\n","protected":false},"author":2,"featured_media":113914,"comment_status":"closed","ping_status":"closed","sticky":false,"template":"","format":"video","meta":{"footnotes":""},"categories":[5,45],"tags":[],"class_list":["post-113897","post","type-post","status-publish","format-video","has-post-thumbnail","hentry","category-destacadas","category-localesyregionales","post_format-post-format-video","post--single"],"yoast_head":"<!-- This site is optimized with the Yoast SEO plugin v27.5 - https:\/\/yoast.com\/product\/yoast-seo-wordpress\/ -->\n<title>PAN llevar\u00eda la mano en siglado de SLP para el Senado - Canal 7 SLP - 2023<\/title>\n<meta name=\"robots\" content=\"index, follow, max-snippet:-1, max-image-preview:large, max-video-preview:-1\" \/>\n<link rel=\"canonical\" href=\"https:\/\/canal7slp.tv\/2023\/pan-llevaria-la-mano-en-siglado-de-slp-para-el-senado\/\" \/>\n<meta property=\"og:locale\" content=\"es_ES\" \/>\n<meta property=\"og:type\" content=\"article\" \/>\n<meta property=\"og:title\" content=\"PAN llevar\u00eda la mano en siglado de SLP para el Senado - Canal 7 SLP - 2023\" \/>\n<meta property=\"og:description\" content=\"SLP.-\u00a0En un listado difundido en redes sociales se dio a conocer como fueron repartidas las f\u00f3rmulas de candidatos al Senado en las 32 entidades federativas, de los partidos Acci\u00f3n Nacional, de la Revoluci\u00f3n Democr\u00e1tica y Revolucionario Institucional que conforman el Frente Amplio Por M\u00e9xico hoy denominado Fuerza y Coraz\u00f3n Por M\u00e9xico. Respecto al estado de San Luis Potos\u00ed destaca que en la primera f\u00f3rmula lleva mano el Partido Acci\u00f3n Nacional en tanto que en la segunda f\u00f3rmula el Partido Revolucionario Institucional. Cabe se\u00f1alar que en este siglado de f\u00f3rmulas habr\u00eda coalici\u00f3n en 30 entidades excepto en los estados de Oaxaca [&hellip;]\" \/>\n<meta property=\"og:url\" content=\"https:\/\/canal7slp.tv\/2023\/pan-llevaria-la-mano-en-siglado-de-slp-para-el-senado\/\" \/>\n<meta property=\"og:site_name\" content=\"Canal 7 SLP - 2023\" \/>\n<meta property=\"article:publisher\" content=\"https:\/\/www.facebook.com\/noticieroscanalsiete\" \/>\n<meta property=\"article:published_time\" content=\"2023-11-22T23:51:29+00:00\" \/>\n<meta property=\"og:image\" content=\"https:\/\/canal7slp.tv\/2023\/wp-content\/uploads\/2023\/11\/Claudio01Formulas.jpg\" \/>\n\t<meta property=\"og:image:width\" content=\"1280\" \/>\n\t<meta property=\"og:image:height\" content=\"720\" \/>\n\t<meta property=\"og:image:type\" content=\"image\/jpeg\" \/>\n<meta name=\"author\" content=\"Edici\u00f3n Web\" \/>\n<meta name=\"twitter:card\" content=\"summary_large_image\" \/>\n<meta name=\"twitter:creator\" content=\"@NOTICIEROS7\" \/>\n<meta name=\"twitter:site\" content=\"@NOTICIEROS7\" \/>\n<meta name=\"twitter:label1\" content=\"Escrito por\" \/>\n\t<meta name=\"twitter:data1\" content=\"Edici\u00f3n Web\" \/>\n\t<meta name=\"twitter:label2\" content=\"Tiempo de lectura\" \/>\n\t<meta name=\"twitter:data2\" content=\"1 minuto\" \/>\n<script type=\"application\/ld+json\" class=\"yoast-schema-graph\">{\"@context\":\"https:\\\/\\\/schema.org\",\"@graph\":[{\"@type\":\"Article\",\"@id\":\"https:\\\/\\\/canal7slp.tv\\\/2023\\\/pan-llevaria-la-mano-en-siglado-de-slp-para-el-senado\\\/#article\",\"isPartOf\":{\"@id\":\"https:\\\/\\\/canal7slp.tv\\\/2023\\\/pan-llevaria-la-mano-en-siglado-de-slp-para-el-senado\\\/\"},\"author\":{\"name\":\"Edici\u00f3n Web\",\"@id\":\"https:\\\/\\\/canal7slp.tv\\\/2023\\\/#\\\/schema\\\/person\\\/639c424e3584069003b11ae813915da6\"},\"headline\":\"PAN llevar\u00eda la mano en siglado de SLP para el Senado\",\"datePublished\":\"2023-11-22T23:51:29+00:00\",\"mainEntityOfPage\":{\"@id\":\"https:\\\/\\\/canal7slp.tv\\\/2023\\\/pan-llevaria-la-mano-en-siglado-de-slp-para-el-senado\\\/\"},\"wordCount\":140,\"publisher\":{\"@id\":\"https:\\\/\\\/canal7slp.tv\\\/2023\\\/#organization\"},\"image\":{\"@id\":\"https:\\\/\\\/canal7slp.tv\\\/2023\\\/pan-llevaria-la-mano-en-siglado-de-slp-para-el-senado\\\/#primaryimage\"},\"thumbnailUrl\":\"https:\\\/\\\/canal7slp.tv\\\/2023\\\/wp-content\\\/uploads\\\/2023\\\/11\\\/Claudio01Formulas.jpg\",\"articleSection\":[\"DESTACADAS\",\"LOCALES Y REGIONALES\"],\"inLanguage\":\"es\"},{\"@type\":\"WebPage\",\"@id\":\"https:\\\/\\\/canal7slp.tv\\\/2023\\\/pan-llevaria-la-mano-en-siglado-de-slp-para-el-senado\\\/\",\"url\":\"https:\\\/\\\/canal7slp.tv\\\/2023\\\/pan-llevaria-la-mano-en-siglado-de-slp-para-el-senado\\\/\",\"name\":\"PAN llevar\u00eda la mano en siglado de SLP para el Senado - Canal 7 SLP - 2023\",\"isPartOf\":{\"@id\":\"https:\\\/\\\/canal7slp.tv\\\/2023\\\/#website\"},\"primaryImageOfPage\":{\"@id\":\"https:\\\/\\\/canal7slp.tv\\\/2023\\\/pan-llevaria-la-mano-en-siglado-de-slp-para-el-senado\\\/#primaryimage\"},\"image\":{\"@id\":\"https:\\\/\\\/canal7slp.tv\\\/2023\\\/pan-llevaria-la-mano-en-siglado-de-slp-para-el-senado\\\/#primaryimage\"},\"thumbnailUrl\":\"https:\\\/\\\/canal7slp.tv\\\/2023\\\/wp-content\\\/uploads\\\/2023\\\/11\\\/Claudio01Formulas.jpg\",\"datePublished\":\"2023-11-22T23:51:29+00:00\",\"breadcrumb\":{\"@id\":\"https:\\\/\\\/canal7slp.tv\\\/2023\\\/pan-llevaria-la-mano-en-siglado-de-slp-para-el-senado\\\/#breadcrumb\"},\"inLanguage\":\"es\",\"potentialAction\":[{\"@type\":\"ReadAction\",\"target\":[\"https:\\\/\\\/canal7slp.tv\\\/2023\\\/pan-llevaria-la-mano-en-siglado-de-slp-para-el-senado\\\/\"]}]},{\"@type\":\"ImageObject\",\"inLanguage\":\"es\",\"@id\":\"https:\\\/\\\/canal7slp.tv\\\/2023\\\/pan-llevaria-la-mano-en-siglado-de-slp-para-el-senado\\\/#primaryimage\",\"url\":\"https:\\\/\\\/canal7slp.tv\\\/2023\\\/wp-content\\\/uploads\\\/2023\\\/11\\\/Claudio01Formulas.jpg\",\"contentUrl\":\"https:\\\/\\\/canal7slp.tv\\\/2023\\\/wp-content\\\/uploads\\\/2023\\\/11\\\/Claudio01Formulas.jpg\",\"width\":1280,\"height\":720},{\"@type\":\"BreadcrumbList\",\"@id\":\"https:\\\/\\\/canal7slp.tv\\\/2023\\\/pan-llevaria-la-mano-en-siglado-de-slp-para-el-senado\\\/#breadcrumb\",\"itemListElement\":[{\"@type\":\"ListItem\",\"position\":1,\"name\":\"Portada\",\"item\":\"https:\\\/\\\/canal7slp.tv\\\/2023\\\/\"},{\"@type\":\"ListItem\",\"position\":2,\"name\":\"PAN llevar\u00eda la mano en siglado de SLP para el Senado\"}]},{\"@type\":\"WebSite\",\"@id\":\"https:\\\/\\\/canal7slp.tv\\\/2023\\\/#website\",\"url\":\"https:\\\/\\\/canal7slp.tv\\\/2023\\\/\",\"name\":\"N7 - Noticieros Canal 7\",\"description\":\"Somos Televisi\u00f3n\",\"publisher\":{\"@id\":\"https:\\\/\\\/canal7slp.tv\\\/2023\\\/#organization\"},\"potentialAction\":[{\"@type\":\"SearchAction\",\"target\":{\"@type\":\"EntryPoint\",\"urlTemplate\":\"https:\\\/\\\/canal7slp.tv\\\/2023\\\/?s={search_term_string}\"},\"query-input\":{\"@type\":\"PropertyValueSpecification\",\"valueRequired\":true,\"valueName\":\"search_term_string\"}}],\"inLanguage\":\"es\"},{\"@type\":\"Organization\",\"@id\":\"https:\\\/\\\/canal7slp.tv\\\/2023\\\/#organization\",\"name\":\"Noticieros Canal 7\",\"url\":\"https:\\\/\\\/canal7slp.tv\\\/2023\\\/\",\"logo\":{\"@type\":\"ImageObject\",\"inLanguage\":\"es\",\"@id\":\"https:\\\/\\\/canal7slp.tv\\\/2023\\\/#\\\/schema\\\/logo\\\/image\\\/\",\"url\":\"https:\\\/\\\/canal7slp.tv\\\/2023\\\/wp-content\\\/uploads\\\/2021\\\/01\\\/logo-noticieros@2x.png\",\"contentUrl\":\"https:\\\/\\\/canal7slp.tv\\\/2023\\\/wp-content\\\/uploads\\\/2021\\\/01\\\/logo-noticieros@2x.png\",\"width\":1017,\"height\":268,\"caption\":\"Noticieros Canal 7\"},\"image\":{\"@id\":\"https:\\\/\\\/canal7slp.tv\\\/2023\\\/#\\\/schema\\\/logo\\\/image\\\/\"},\"sameAs\":[\"https:\\\/\\\/www.facebook.com\\\/noticieroscanalsiete\",\"https:\\\/\\\/x.com\\\/NOTICIEROS7\",\"https:\\\/\\\/www.instagram.com\\\/canal7_slp\",\"https:\\\/\\\/www.youtube.com\\\/channel\\\/UCliiYs-gP3JfJeqdPrNdd5A\"]},{\"@type\":\"Person\",\"@id\":\"https:\\\/\\\/canal7slp.tv\\\/2023\\\/#\\\/schema\\\/person\\\/639c424e3584069003b11ae813915da6\",\"name\":\"Edici\u00f3n Web\",\"image\":{\"@type\":\"ImageObject\",\"inLanguage\":\"es\",\"@id\":\"https:\\\/\\\/secure.gravatar.com\\\/avatar\\\/eee448fc3f7164808013b816ba91ac7e43bbe82a70bebac296f8bc6f0addaa1a?s=96&d=mm&r=g\",\"url\":\"https:\\\/\\\/secure.gravatar.com\\\/avatar\\\/eee448fc3f7164808013b816ba91ac7e43bbe82a70bebac296f8bc6f0addaa1a?s=96&d=mm&r=g\",\"contentUrl\":\"https:\\\/\\\/secure.gravatar.com\\\/avatar\\\/eee448fc3f7164808013b816ba91ac7e43bbe82a70bebac296f8bc6f0addaa1a?s=96&d=mm&r=g\",\"caption\":\"Edici\u00f3n Web\"},\"url\":\"https:\\\/\\\/canal7slp.tv\\\/2023\\\/author\\\/edicionweb\\\/\"}]}<\/script>\n<!-- \/ Yoast SEO plugin. -->","yoast_head_json":{"title":"PAN llevar\u00eda la mano en siglado de SLP para el Senado - Canal 7 SLP - 2023","robots":{"index":"index","follow":"follow","max-snippet":"max-snippet:-1","max-image-preview":"max-image-preview:large","max-video-preview":"max-video-preview:-1"},"canonical":"https:\/\/canal7slp.tv\/2023\/pan-llevaria-la-mano-en-siglado-de-slp-para-el-senado\/","og_locale":"es_ES","og_type":"article","og_title":"PAN llevar\u00eda la mano en siglado de SLP para el Senado - Canal 7 SLP - 2023","og_description":"SLP.-\u00a0En un listado difundido en redes sociales se dio a conocer como fueron repartidas las f\u00f3rmulas de candidatos al Senado en las 32 entidades federativas, de los partidos Acci\u00f3n Nacional, de la Revoluci\u00f3n Democr\u00e1tica y Revolucionario Institucional que conforman el Frente Amplio Por M\u00e9xico hoy denominado Fuerza y Coraz\u00f3n Por M\u00e9xico. Respecto al estado de San Luis Potos\u00ed destaca que en la primera f\u00f3rmula lleva mano el Partido Acci\u00f3n Nacional en tanto que en la segunda f\u00f3rmula el Partido Revolucionario Institucional. Cabe se\u00f1alar que en este siglado de f\u00f3rmulas habr\u00eda coalici\u00f3n en 30 entidades excepto en los estados de Oaxaca [&hellip;]","og_url":"https:\/\/canal7slp.tv\/2023\/pan-llevaria-la-mano-en-siglado-de-slp-para-el-senado\/","og_site_name":"Canal 7 SLP - 2023","article_publisher":"https:\/\/www.facebook.com\/noticieroscanalsiete","article_published_time":"2023-11-22T23:51:29+00:00","og_image":[{"width":1280,"height":720,"url":"https:\/\/canal7slp.tv\/2023\/wp-content\/uploads\/2023\/11\/Claudio01Formulas.jpg","type":"image\/jpeg"}],"author":"Edici\u00f3n Web","twitter_card":"summary_large_image","twitter_creator":"@NOTICIEROS7","twitter_site":"@NOTICIEROS7","twitter_misc":{"Escrito por":"Edici\u00f3n Web","Tiempo de lectura":"1 minuto"},"schema":{"@context":"https:\/\/schema.org","@graph":[{"@type":"Article","@id":"https:\/\/canal7slp.tv\/2023\/pan-llevaria-la-mano-en-siglado-de-slp-para-el-senado\/#article","isPartOf":{"@id":"https:\/\/canal7slp.tv\/2023\/pan-llevaria-la-mano-en-siglado-de-slp-para-el-senado\/"},"author":{"name":"Edici\u00f3n Web","@id":"https:\/\/canal7slp.tv\/2023\/#\/schema\/person\/639c424e3584069003b11ae813915da6"},"headline":"PAN llevar\u00eda la mano en siglado de SLP para el Senado","datePublished":"2023-11-22T23:51:29+00:00","mainEntityOfPage":{"@id":"https:\/\/canal7slp.tv\/2023\/pan-llevaria-la-mano-en-siglado-de-slp-para-el-senado\/"},"wordCount":140,"publisher":{"@id":"https:\/\/canal7slp.tv\/2023\/#organization"},"image":{"@id":"https:\/\/canal7slp.tv\/2023\/pan-llevaria-la-mano-en-siglado-de-slp-para-el-senado\/#primaryimage"},"thumbnailUrl":"https:\/\/canal7slp.tv\/2023\/wp-content\/uploads\/2023\/11\/Claudio01Formulas.jpg","articleSection":["DESTACADAS","LOCALES Y REGIONALES"],"inLanguage":"es"},{"@type":"WebPage","@id":"https:\/\/canal7slp.tv\/2023\/pan-llevaria-la-mano-en-siglado-de-slp-para-el-senado\/","url":"https:\/\/canal7slp.tv\/2023\/pan-llevaria-la-mano-en-siglado-de-slp-para-el-senado\/","name":"PAN llevar\u00eda la mano en siglado de SLP para el Senado - Canal 7 SLP - 2023","isPartOf":{"@id":"https:\/\/canal7slp.tv\/2023\/#website"},"primaryImageOfPage":{"@id":"https:\/\/canal7slp.tv\/2023\/pan-llevaria-la-mano-en-siglado-de-slp-para-el-senado\/#primaryimage"},"image":{"@id":"https:\/\/canal7slp.tv\/2023\/pan-llevaria-la-mano-en-siglado-de-slp-para-el-senado\/#primaryimage"},"thumbnailUrl":"https:\/\/canal7slp.tv\/2023\/wp-content\/uploads\/2023\/11\/Claudio01Formulas.jpg","datePublished":"2023-11-22T23:51:29+00:00","breadcrumb":{"@id":"https:\/\/canal7slp.tv\/2023\/pan-llevaria-la-mano-en-siglado-de-slp-para-el-senado\/#breadcrumb"},"inLanguage":"es","potentialAction":[{"@type":"ReadAction","target":["https:\/\/canal7slp.tv\/2023\/pan-llevaria-la-mano-en-siglado-de-slp-para-el-senado\/"]}]},{"@type":"ImageObject","inLanguage":"es","@id":"https:\/\/canal7slp.tv\/2023\/pan-llevaria-la-mano-en-siglado-de-slp-para-el-senado\/#primaryimage","url":"https:\/\/canal7slp.tv\/2023\/wp-content\/uploads\/2023\/11\/Claudio01Formulas.jpg","contentUrl":"https:\/\/canal7slp.tv\/2023\/wp-content\/uploads\/2023\/11\/Claudio01Formulas.jpg","width":1280,"height":720},{"@type":"BreadcrumbList","@id":"https:\/\/canal7slp.tv\/2023\/pan-llevaria-la-mano-en-siglado-de-slp-para-el-senado\/#breadcrumb","itemListElement":[{"@type":"ListItem","position":1,"name":"Portada","item":"https:\/\/canal7slp.tv\/2023\/"},{"@type":"ListItem","position":2,"name":"PAN llevar\u00eda la mano en siglado de SLP para el Senado"}]},{"@type":"WebSite","@id":"https:\/\/canal7slp.tv\/2023\/#website","url":"https:\/\/canal7slp.tv\/2023\/","name":"N7 - Noticieros Canal 7","description":"Somos Televisi\u00f3n","publisher":{"@id":"https:\/\/canal7slp.tv\/2023\/#organization"},"potentialAction":[{"@type":"SearchAction","target":{"@type":"EntryPoint","urlTemplate":"https:\/\/canal7slp.tv\/2023\/?s={search_term_string}"},"query-input":{"@type":"PropertyValueSpecification","valueRequired":true,"valueName":"search_term_string"}}],"inLanguage":"es"},{"@type":"Organization","@id":"https:\/\/canal7slp.tv\/2023\/#organization","name":"Noticieros Canal 7","url":"https:\/\/canal7slp.tv\/2023\/","logo":{"@type":"ImageObject","inLanguage":"es","@id":"https:\/\/canal7slp.tv\/2023\/#\/schema\/logo\/image\/","url":"https:\/\/canal7slp.tv\/2023\/wp-content\/uploads\/2021\/01\/logo-noticieros@2x.png","contentUrl":"https:\/\/canal7slp.tv\/2023\/wp-content\/uploads\/2021\/01\/logo-noticieros@2x.png","width":1017,"height":268,"caption":"Noticieros Canal 7"},"image":{"@id":"https:\/\/canal7slp.tv\/2023\/#\/schema\/logo\/image\/"},"sameAs":["https:\/\/www.facebook.com\/noticieroscanalsiete","https:\/\/x.com\/NOTICIEROS7","https:\/\/www.instagram.com\/canal7_slp","https:\/\/www.youtube.com\/channel\/UCliiYs-gP3JfJeqdPrNdd5A"]},{"@type":"Person","@id":"https:\/\/canal7slp.tv\/2023\/#\/schema\/person\/639c424e3584069003b11ae813915da6","name":"Edici\u00f3n Web","image":{"@type":"ImageObject","inLanguage":"es","@id":"https:\/\/secure.gravatar.com\/avatar\/eee448fc3f7164808013b816ba91ac7e43bbe82a70bebac296f8bc6f0addaa1a?s=96&d=mm&r=g","url":"https:\/\/secure.gravatar.com\/avatar\/eee448fc3f7164808013b816ba91ac7e43bbe82a70bebac296f8bc6f0addaa1a?s=96&d=mm&r=g","contentUrl":"https:\/\/secure.gravatar.com\/avatar\/eee448fc3f7164808013b816ba91ac7e43bbe82a70bebac296f8bc6f0addaa1a?s=96&d=mm&r=g","caption":"Edici\u00f3n Web"},"url":"https:\/\/canal7slp.tv\/2023\/author\/edicionweb\/"}]}},"_links":{"self":[{"href":"https:\/\/canal7slp.tv\/2023\/wp-json\/wp\/v2\/posts\/113897","targetHints":{"allow":["GET"]}}],"collection":[{"href":"https:\/\/canal7slp.tv\/2023\/wp-json\/wp\/v2\/posts"}],"about":[{"href":"https:\/\/canal7slp.tv\/2023\/wp-json\/wp\/v2\/types\/post"}],"author":[{"embeddable":true,"href":"https:\/\/canal7slp.tv\/2023\/wp-json\/wp\/v2\/users\/2"}],"replies":[{"embeddable":true,"href":"https:\/\/canal7slp.tv\/2023\/wp-json\/wp\/v2\/comments?post=113897"}],"version-history":[{"count":2,"href":"https:\/\/canal7slp.tv\/2023\/wp-json\/wp\/v2\/posts\/113897\/revisions"}],"predecessor-version":[{"id":113915,"href":"https:\/\/canal7slp.tv\/2023\/wp-json\/wp\/v2\/posts\/113897\/revisions\/113915"}],"wp:featuredmedia":[{"embeddable":true,"href":"https:\/\/canal7slp.tv\/2023\/wp-json\/wp\/v2\/media\/113914"}],"wp:attachment":[{"href":"https:\/\/canal7slp.tv\/2023\/wp-json\/wp\/v2\/media?parent=113897"}],"wp:term":[{"taxonomy":"category","embeddable":true,"href":"https:\/\/canal7slp.tv\/2023\/wp-json\/wp\/v2\/categories?post=113897"},{"taxonomy":"post_tag","embeddable":true,"href":"https:\/\/canal7slp.tv\/2023\/wp-json\/wp\/v2\/tags?post=113897"}],"curies":[{"name":"wp","href":"https:\/\/api.w.org\/{rel}","templated":true}]}}