{"id":113845,"date":"2023-11-22T17:42:29","date_gmt":"2023-11-22T23:42:29","guid":{"rendered":"https:\/\/canal7slp.tv\/2023\/?p=113845"},"modified":"2023-11-22T17:42:29","modified_gmt":"2023-11-22T23:42:29","slug":"asigna-ue-mas-de-un-millon-de-euros-en-ayuda-humanitaria-a-mexico-por-otis","status":"publish","type":"post","link":"https:\/\/canal7slp.tv\/2023\/asigna-ue-mas-de-un-millon-de-euros-en-ayuda-humanitaria-a-mexico-por-otis\/","title":{"rendered":"Asigna UE m\u00e1s de un mill\u00f3n de euros en ayuda humanitaria a M\u00e9xico por \u00abOtis\u00bb"},"content":{"rendered":"<p style=\"text-align: justify;\">Bruselas.- La Uni\u00f3n Europea (UE) y sus Estados miembros han destinado una ayuda humanitaria de m\u00e1s de 1.6 millones de euros a M\u00e9xico despu\u00e9s del impacto del hurac\u00e1n Otis en Acapulco, Guerrero.<\/p>\n<p style=\"text-align: justify;\">La UE ha anunciado una contribuci\u00f3n de 1.3 millones de euros para atender las necesidades urgentes de la poblaci\u00f3n afectada.<\/p>\n<p style=\"text-align: justify;\">Estos fondos, que ser\u00e1n gestionados por la Cruz Roja Mexicana y el Fondo de las Naciones Unidas para la Infancia (UNICEF), proporcionar\u00e1n ayuda a las personas m\u00e1s vulnerables, incluyendo refugio, agua, saneamiento e higiene, as\u00ed como apoyo a los medios de subsistencia y otras necesidades b\u00e1sicas.<\/p>\n<p style=\"text-align: justify;\">Adem\u00e1s de la contribuci\u00f3n de la UE, Alemania, Espa\u00f1a y Francia tambi\u00e9n han anunciado aportaciones por un total de 380 mil euros. Estos fondos ser\u00e1n gestionados por socios implementadores y\/o sus agencias de cooperaci\u00f3n.<\/p>\n<p style=\"text-align: justify;\">Asimismo, la Uni\u00f3n ha activado su servicio satelital Copernicus para brindar evaluaciones de los da\u00f1os y ha producido m\u00e1s de 14 mapas para apoyar a las autoridades mexicanas en su labor de recuperaci\u00f3n.<\/p>\n<p style=\"text-align: justify;\">Asimismo, ha resaltado que ha sido un socio importante para Am\u00e9rica Latina en t\u00e9rminos de preparaci\u00f3n para desastres y gesti\u00f3n de riesgos desde la respuesta al hurac\u00e1n Mitch.<\/p>\n<p style=\"text-align: justify;\">Ambas regiones trabajan en la firma de un memorando de entendimiento para fortalecer su asociaci\u00f3n en la mejora de la preparaci\u00f3n ante cat\u00e1strofes, la alerta temprana y la resiliencia clim\u00e1tica en los pr\u00f3ximos a\u00f1os.<\/p>\n","protected":false},"excerpt":{"rendered":"<p>Bruselas.- La Uni\u00f3n Europea (UE) y sus Estados miembros han destinado una ayuda humanitaria de m\u00e1s de 1.6 millones de euros a M\u00e9xico despu\u00e9s del impacto del hurac\u00e1n Otis en Acapulco, Guerrero. La UE ha anunciado una contribuci\u00f3n de 1.3 millones de euros para atender las necesidades urgentes de la poblaci\u00f3n afectada. Estos fondos, que ser\u00e1n gestionados por la Cruz Roja Mexicana y el Fondo de las Naciones Unidas para la Infancia (UNICEF), proporcionar\u00e1n ayuda a las personas m\u00e1s vulnerables, incluyendo refugio, agua, saneamiento e higiene, as\u00ed como apoyo a los medios de subsistencia y otras necesidades b\u00e1sicas. Adem\u00e1s de [&hellip;]<\/p>\n","protected":false},"author":2,"featured_media":113859,"comment_status":"closed","ping_status":"closed","sticky":false,"template":"","format":"standard","meta":{"footnotes":""},"categories":[40],"tags":[],"class_list":["post-113845","post","type-post","status-publish","format-standard","has-post-thumbnail","hentry","category-economia","post--single"],"yoast_head":"<!-- This site is optimized with the Yoast SEO plugin v27.5 - https:\/\/yoast.com\/product\/yoast-seo-wordpress\/ -->\n<title>Asigna UE m\u00e1s de un mill\u00f3n de euros en ayuda humanitaria a M\u00e9xico por &quot;Otis&quot; - Canal 7 SLP - 2023<\/title>\n<meta name=\"robots\" content=\"index, follow, max-snippet:-1, max-image-preview:large, max-video-preview:-1\" \/>\n<link rel=\"canonical\" href=\"https:\/\/canal7slp.tv\/2023\/asigna-ue-mas-de-un-millon-de-euros-en-ayuda-humanitaria-a-mexico-por-otis\/\" \/>\n<meta property=\"og:locale\" content=\"es_ES\" \/>\n<meta property=\"og:type\" content=\"article\" \/>\n<meta property=\"og:title\" content=\"Asigna UE m\u00e1s de un mill\u00f3n de euros en ayuda humanitaria a M\u00e9xico por &quot;Otis&quot; - Canal 7 SLP - 2023\" \/>\n<meta property=\"og:description\" content=\"Bruselas.- La Uni\u00f3n Europea (UE) y sus Estados miembros han destinado una ayuda humanitaria de m\u00e1s de 1.6 millones de euros a M\u00e9xico despu\u00e9s del impacto del hurac\u00e1n Otis en Acapulco, Guerrero. La UE ha anunciado una contribuci\u00f3n de 1.3 millones de euros para atender las necesidades urgentes de la poblaci\u00f3n afectada. Estos fondos, que ser\u00e1n gestionados por la Cruz Roja Mexicana y el Fondo de las Naciones Unidas para la Infancia (UNICEF), proporcionar\u00e1n ayuda a las personas m\u00e1s vulnerables, incluyendo refugio, agua, saneamiento e higiene, as\u00ed como apoyo a los medios de subsistencia y otras necesidades b\u00e1sicas. Adem\u00e1s de [&hellip;]\" \/>\n<meta property=\"og:url\" content=\"https:\/\/canal7slp.tv\/2023\/asigna-ue-mas-de-un-millon-de-euros-en-ayuda-humanitaria-a-mexico-por-otis\/\" \/>\n<meta property=\"og:site_name\" content=\"Canal 7 SLP - 2023\" \/>\n<meta property=\"article:publisher\" content=\"https:\/\/www.facebook.com\/noticieroscanalsiete\" \/>\n<meta property=\"article:published_time\" content=\"2023-11-22T23:42:29+00:00\" \/>\n<meta property=\"og:image\" content=\"https:\/\/canal7slp.tv\/2023\/wp-content\/uploads\/2023\/11\/08-14.jpg\" \/>\n\t<meta property=\"og:image:width\" content=\"696\" \/>\n\t<meta property=\"og:image:height\" content=\"464\" \/>\n\t<meta property=\"og:image:type\" content=\"image\/jpeg\" \/>\n<meta name=\"author\" content=\"Edici\u00f3n Web\" \/>\n<meta name=\"twitter:card\" content=\"summary_large_image\" \/>\n<meta name=\"twitter:creator\" content=\"@NOTICIEROS7\" \/>\n<meta name=\"twitter:site\" content=\"@NOTICIEROS7\" \/>\n<meta name=\"twitter:label1\" content=\"Escrito por\" \/>\n\t<meta name=\"twitter:data1\" content=\"Edici\u00f3n Web\" \/>\n\t<meta name=\"twitter:label2\" content=\"Tiempo de lectura\" \/>\n\t<meta name=\"twitter:data2\" content=\"2 minutos\" \/>\n<script type=\"application\/ld+json\" class=\"yoast-schema-graph\">{\"@context\":\"https:\\\/\\\/schema.org\",\"@graph\":[{\"@type\":\"Article\",\"@id\":\"https:\\\/\\\/canal7slp.tv\\\/2023\\\/asigna-ue-mas-de-un-millon-de-euros-en-ayuda-humanitaria-a-mexico-por-otis\\\/#article\",\"isPartOf\":{\"@id\":\"https:\\\/\\\/canal7slp.tv\\\/2023\\\/asigna-ue-mas-de-un-millon-de-euros-en-ayuda-humanitaria-a-mexico-por-otis\\\/\"},\"author\":{\"name\":\"Edici\u00f3n Web\",\"@id\":\"https:\\\/\\\/canal7slp.tv\\\/2023\\\/#\\\/schema\\\/person\\\/639c424e3584069003b11ae813915da6\"},\"headline\":\"Asigna UE m\u00e1s de un mill\u00f3n de euros en ayuda humanitaria a M\u00e9xico por \u00abOtis\u00bb\",\"datePublished\":\"2023-11-22T23:42:29+00:00\",\"mainEntityOfPage\":{\"@id\":\"https:\\\/\\\/canal7slp.tv\\\/2023\\\/asigna-ue-mas-de-un-millon-de-euros-en-ayuda-humanitaria-a-mexico-por-otis\\\/\"},\"wordCount\":275,\"publisher\":{\"@id\":\"https:\\\/\\\/canal7slp.tv\\\/2023\\\/#organization\"},\"image\":{\"@id\":\"https:\\\/\\\/canal7slp.tv\\\/2023\\\/asigna-ue-mas-de-un-millon-de-euros-en-ayuda-humanitaria-a-mexico-por-otis\\\/#primaryimage\"},\"thumbnailUrl\":\"https:\\\/\\\/canal7slp.tv\\\/2023\\\/wp-content\\\/uploads\\\/2023\\\/11\\\/08-14.jpg\",\"articleSection\":[\"ECONOM\u00cdA\"],\"inLanguage\":\"es\"},{\"@type\":\"WebPage\",\"@id\":\"https:\\\/\\\/canal7slp.tv\\\/2023\\\/asigna-ue-mas-de-un-millon-de-euros-en-ayuda-humanitaria-a-mexico-por-otis\\\/\",\"url\":\"https:\\\/\\\/canal7slp.tv\\\/2023\\\/asigna-ue-mas-de-un-millon-de-euros-en-ayuda-humanitaria-a-mexico-por-otis\\\/\",\"name\":\"Asigna UE m\u00e1s de un mill\u00f3n de euros en ayuda humanitaria a M\u00e9xico por \\\"Otis\\\" - Canal 7 SLP - 2023\",\"isPartOf\":{\"@id\":\"https:\\\/\\\/canal7slp.tv\\\/2023\\\/#website\"},\"primaryImageOfPage\":{\"@id\":\"https:\\\/\\\/canal7slp.tv\\\/2023\\\/asigna-ue-mas-de-un-millon-de-euros-en-ayuda-humanitaria-a-mexico-por-otis\\\/#primaryimage\"},\"image\":{\"@id\":\"https:\\\/\\\/canal7slp.tv\\\/2023\\\/asigna-ue-mas-de-un-millon-de-euros-en-ayuda-humanitaria-a-mexico-por-otis\\\/#primaryimage\"},\"thumbnailUrl\":\"https:\\\/\\\/canal7slp.tv\\\/2023\\\/wp-content\\\/uploads\\\/2023\\\/11\\\/08-14.jpg\",\"datePublished\":\"2023-11-22T23:42:29+00:00\",\"breadcrumb\":{\"@id\":\"https:\\\/\\\/canal7slp.tv\\\/2023\\\/asigna-ue-mas-de-un-millon-de-euros-en-ayuda-humanitaria-a-mexico-por-otis\\\/#breadcrumb\"},\"inLanguage\":\"es\",\"potentialAction\":[{\"@type\":\"ReadAction\",\"target\":[\"https:\\\/\\\/canal7slp.tv\\\/2023\\\/asigna-ue-mas-de-un-millon-de-euros-en-ayuda-humanitaria-a-mexico-por-otis\\\/\"]}]},{\"@type\":\"ImageObject\",\"inLanguage\":\"es\",\"@id\":\"https:\\\/\\\/canal7slp.tv\\\/2023\\\/asigna-ue-mas-de-un-millon-de-euros-en-ayuda-humanitaria-a-mexico-por-otis\\\/#primaryimage\",\"url\":\"https:\\\/\\\/canal7slp.tv\\\/2023\\\/wp-content\\\/uploads\\\/2023\\\/11\\\/08-14.jpg\",\"contentUrl\":\"https:\\\/\\\/canal7slp.tv\\\/2023\\\/wp-content\\\/uploads\\\/2023\\\/11\\\/08-14.jpg\",\"width\":696,\"height\":464},{\"@type\":\"BreadcrumbList\",\"@id\":\"https:\\\/\\\/canal7slp.tv\\\/2023\\\/asigna-ue-mas-de-un-millon-de-euros-en-ayuda-humanitaria-a-mexico-por-otis\\\/#breadcrumb\",\"itemListElement\":[{\"@type\":\"ListItem\",\"position\":1,\"name\":\"Portada\",\"item\":\"https:\\\/\\\/canal7slp.tv\\\/2023\\\/\"},{\"@type\":\"ListItem\",\"position\":2,\"name\":\"Asigna UE m\u00e1s de un mill\u00f3n de euros en ayuda humanitaria a M\u00e9xico por &#8220;Otis&#8221;\"}]},{\"@type\":\"WebSite\",\"@id\":\"https:\\\/\\\/canal7slp.tv\\\/2023\\\/#website\",\"url\":\"https:\\\/\\\/canal7slp.tv\\\/2023\\\/\",\"name\":\"N7 - Noticieros Canal 7\",\"description\":\"Somos Televisi\u00f3n\",\"publisher\":{\"@id\":\"https:\\\/\\\/canal7slp.tv\\\/2023\\\/#organization\"},\"potentialAction\":[{\"@type\":\"SearchAction\",\"target\":{\"@type\":\"EntryPoint\",\"urlTemplate\":\"https:\\\/\\\/canal7slp.tv\\\/2023\\\/?s={search_term_string}\"},\"query-input\":{\"@type\":\"PropertyValueSpecification\",\"valueRequired\":true,\"valueName\":\"search_term_string\"}}],\"inLanguage\":\"es\"},{\"@type\":\"Organization\",\"@id\":\"https:\\\/\\\/canal7slp.tv\\\/2023\\\/#organization\",\"name\":\"Noticieros Canal 7\",\"url\":\"https:\\\/\\\/canal7slp.tv\\\/2023\\\/\",\"logo\":{\"@type\":\"ImageObject\",\"inLanguage\":\"es\",\"@id\":\"https:\\\/\\\/canal7slp.tv\\\/2023\\\/#\\\/schema\\\/logo\\\/image\\\/\",\"url\":\"https:\\\/\\\/canal7slp.tv\\\/2023\\\/wp-content\\\/uploads\\\/2021\\\/01\\\/logo-noticieros@2x.png\",\"contentUrl\":\"https:\\\/\\\/canal7slp.tv\\\/2023\\\/wp-content\\\/uploads\\\/2021\\\/01\\\/logo-noticieros@2x.png\",\"width\":1017,\"height\":268,\"caption\":\"Noticieros Canal 7\"},\"image\":{\"@id\":\"https:\\\/\\\/canal7slp.tv\\\/2023\\\/#\\\/schema\\\/logo\\\/image\\\/\"},\"sameAs\":[\"https:\\\/\\\/www.facebook.com\\\/noticieroscanalsiete\",\"https:\\\/\\\/x.com\\\/NOTICIEROS7\",\"https:\\\/\\\/www.instagram.com\\\/canal7_slp\",\"https:\\\/\\\/www.youtube.com\\\/channel\\\/UCliiYs-gP3JfJeqdPrNdd5A\"]},{\"@type\":\"Person\",\"@id\":\"https:\\\/\\\/canal7slp.tv\\\/2023\\\/#\\\/schema\\\/person\\\/639c424e3584069003b11ae813915da6\",\"name\":\"Edici\u00f3n Web\",\"image\":{\"@type\":\"ImageObject\",\"inLanguage\":\"es\",\"@id\":\"https:\\\/\\\/secure.gravatar.com\\\/avatar\\\/eee448fc3f7164808013b816ba91ac7e43bbe82a70bebac296f8bc6f0addaa1a?s=96&d=mm&r=g\",\"url\":\"https:\\\/\\\/secure.gravatar.com\\\/avatar\\\/eee448fc3f7164808013b816ba91ac7e43bbe82a70bebac296f8bc6f0addaa1a?s=96&d=mm&r=g\",\"contentUrl\":\"https:\\\/\\\/secure.gravatar.com\\\/avatar\\\/eee448fc3f7164808013b816ba91ac7e43bbe82a70bebac296f8bc6f0addaa1a?s=96&d=mm&r=g\",\"caption\":\"Edici\u00f3n Web\"},\"url\":\"https:\\\/\\\/canal7slp.tv\\\/2023\\\/author\\\/edicionweb\\\/\"}]}<\/script>\n<!-- \/ Yoast SEO plugin. -->","yoast_head_json":{"title":"Asigna UE m\u00e1s de un mill\u00f3n de euros en ayuda humanitaria a M\u00e9xico por \"Otis\" - Canal 7 SLP - 2023","robots":{"index":"index","follow":"follow","max-snippet":"max-snippet:-1","max-image-preview":"max-image-preview:large","max-video-preview":"max-video-preview:-1"},"canonical":"https:\/\/canal7slp.tv\/2023\/asigna-ue-mas-de-un-millon-de-euros-en-ayuda-humanitaria-a-mexico-por-otis\/","og_locale":"es_ES","og_type":"article","og_title":"Asigna UE m\u00e1s de un mill\u00f3n de euros en ayuda humanitaria a M\u00e9xico por \"Otis\" - Canal 7 SLP - 2023","og_description":"Bruselas.- La Uni\u00f3n Europea (UE) y sus Estados miembros han destinado una ayuda humanitaria de m\u00e1s de 1.6 millones de euros a M\u00e9xico despu\u00e9s del impacto del hurac\u00e1n Otis en Acapulco, Guerrero. La UE ha anunciado una contribuci\u00f3n de 1.3 millones de euros para atender las necesidades urgentes de la poblaci\u00f3n afectada. Estos fondos, que ser\u00e1n gestionados por la Cruz Roja Mexicana y el Fondo de las Naciones Unidas para la Infancia (UNICEF), proporcionar\u00e1n ayuda a las personas m\u00e1s vulnerables, incluyendo refugio, agua, saneamiento e higiene, as\u00ed como apoyo a los medios de subsistencia y otras necesidades b\u00e1sicas. Adem\u00e1s de [&hellip;]","og_url":"https:\/\/canal7slp.tv\/2023\/asigna-ue-mas-de-un-millon-de-euros-en-ayuda-humanitaria-a-mexico-por-otis\/","og_site_name":"Canal 7 SLP - 2023","article_publisher":"https:\/\/www.facebook.com\/noticieroscanalsiete","article_published_time":"2023-11-22T23:42:29+00:00","og_image":[{"width":696,"height":464,"url":"https:\/\/canal7slp.tv\/2023\/wp-content\/uploads\/2023\/11\/08-14.jpg","type":"image\/jpeg"}],"author":"Edici\u00f3n Web","twitter_card":"summary_large_image","twitter_creator":"@NOTICIEROS7","twitter_site":"@NOTICIEROS7","twitter_misc":{"Escrito por":"Edici\u00f3n Web","Tiempo de lectura":"2 minutos"},"schema":{"@context":"https:\/\/schema.org","@graph":[{"@type":"Article","@id":"https:\/\/canal7slp.tv\/2023\/asigna-ue-mas-de-un-millon-de-euros-en-ayuda-humanitaria-a-mexico-por-otis\/#article","isPartOf":{"@id":"https:\/\/canal7slp.tv\/2023\/asigna-ue-mas-de-un-millon-de-euros-en-ayuda-humanitaria-a-mexico-por-otis\/"},"author":{"name":"Edici\u00f3n Web","@id":"https:\/\/canal7slp.tv\/2023\/#\/schema\/person\/639c424e3584069003b11ae813915da6"},"headline":"Asigna UE m\u00e1s de un mill\u00f3n de euros en ayuda humanitaria a M\u00e9xico por \u00abOtis\u00bb","datePublished":"2023-11-22T23:42:29+00:00","mainEntityOfPage":{"@id":"https:\/\/canal7slp.tv\/2023\/asigna-ue-mas-de-un-millon-de-euros-en-ayuda-humanitaria-a-mexico-por-otis\/"},"wordCount":275,"publisher":{"@id":"https:\/\/canal7slp.tv\/2023\/#organization"},"image":{"@id":"https:\/\/canal7slp.tv\/2023\/asigna-ue-mas-de-un-millon-de-euros-en-ayuda-humanitaria-a-mexico-por-otis\/#primaryimage"},"thumbnailUrl":"https:\/\/canal7slp.tv\/2023\/wp-content\/uploads\/2023\/11\/08-14.jpg","articleSection":["ECONOM\u00cdA"],"inLanguage":"es"},{"@type":"WebPage","@id":"https:\/\/canal7slp.tv\/2023\/asigna-ue-mas-de-un-millon-de-euros-en-ayuda-humanitaria-a-mexico-por-otis\/","url":"https:\/\/canal7slp.tv\/2023\/asigna-ue-mas-de-un-millon-de-euros-en-ayuda-humanitaria-a-mexico-por-otis\/","name":"Asigna UE m\u00e1s de un mill\u00f3n de euros en ayuda humanitaria a M\u00e9xico por \"Otis\" - Canal 7 SLP - 2023","isPartOf":{"@id":"https:\/\/canal7slp.tv\/2023\/#website"},"primaryImageOfPage":{"@id":"https:\/\/canal7slp.tv\/2023\/asigna-ue-mas-de-un-millon-de-euros-en-ayuda-humanitaria-a-mexico-por-otis\/#primaryimage"},"image":{"@id":"https:\/\/canal7slp.tv\/2023\/asigna-ue-mas-de-un-millon-de-euros-en-ayuda-humanitaria-a-mexico-por-otis\/#primaryimage"},"thumbnailUrl":"https:\/\/canal7slp.tv\/2023\/wp-content\/uploads\/2023\/11\/08-14.jpg","datePublished":"2023-11-22T23:42:29+00:00","breadcrumb":{"@id":"https:\/\/canal7slp.tv\/2023\/asigna-ue-mas-de-un-millon-de-euros-en-ayuda-humanitaria-a-mexico-por-otis\/#breadcrumb"},"inLanguage":"es","potentialAction":[{"@type":"ReadAction","target":["https:\/\/canal7slp.tv\/2023\/asigna-ue-mas-de-un-millon-de-euros-en-ayuda-humanitaria-a-mexico-por-otis\/"]}]},{"@type":"ImageObject","inLanguage":"es","@id":"https:\/\/canal7slp.tv\/2023\/asigna-ue-mas-de-un-millon-de-euros-en-ayuda-humanitaria-a-mexico-por-otis\/#primaryimage","url":"https:\/\/canal7slp.tv\/2023\/wp-content\/uploads\/2023\/11\/08-14.jpg","contentUrl":"https:\/\/canal7slp.tv\/2023\/wp-content\/uploads\/2023\/11\/08-14.jpg","width":696,"height":464},{"@type":"BreadcrumbList","@id":"https:\/\/canal7slp.tv\/2023\/asigna-ue-mas-de-un-millon-de-euros-en-ayuda-humanitaria-a-mexico-por-otis\/#breadcrumb","itemListElement":[{"@type":"ListItem","position":1,"name":"Portada","item":"https:\/\/canal7slp.tv\/2023\/"},{"@type":"ListItem","position":2,"name":"Asigna UE m\u00e1s de un mill\u00f3n de euros en ayuda humanitaria a M\u00e9xico por &#8220;Otis&#8221;"}]},{"@type":"WebSite","@id":"https:\/\/canal7slp.tv\/2023\/#website","url":"https:\/\/canal7slp.tv\/2023\/","name":"N7 - Noticieros Canal 7","description":"Somos Televisi\u00f3n","publisher":{"@id":"https:\/\/canal7slp.tv\/2023\/#organization"},"potentialAction":[{"@type":"SearchAction","target":{"@type":"EntryPoint","urlTemplate":"https:\/\/canal7slp.tv\/2023\/?s={search_term_string}"},"query-input":{"@type":"PropertyValueSpecification","valueRequired":true,"valueName":"search_term_string"}}],"inLanguage":"es"},{"@type":"Organization","@id":"https:\/\/canal7slp.tv\/2023\/#organization","name":"Noticieros Canal 7","url":"https:\/\/canal7slp.tv\/2023\/","logo":{"@type":"ImageObject","inLanguage":"es","@id":"https:\/\/canal7slp.tv\/2023\/#\/schema\/logo\/image\/","url":"https:\/\/canal7slp.tv\/2023\/wp-content\/uploads\/2021\/01\/logo-noticieros@2x.png","contentUrl":"https:\/\/canal7slp.tv\/2023\/wp-content\/uploads\/2021\/01\/logo-noticieros@2x.png","width":1017,"height":268,"caption":"Noticieros Canal 7"},"image":{"@id":"https:\/\/canal7slp.tv\/2023\/#\/schema\/logo\/image\/"},"sameAs":["https:\/\/www.facebook.com\/noticieroscanalsiete","https:\/\/x.com\/NOTICIEROS7","https:\/\/www.instagram.com\/canal7_slp","https:\/\/www.youtube.com\/channel\/UCliiYs-gP3JfJeqdPrNdd5A"]},{"@type":"Person","@id":"https:\/\/canal7slp.tv\/2023\/#\/schema\/person\/639c424e3584069003b11ae813915da6","name":"Edici\u00f3n Web","image":{"@type":"ImageObject","inLanguage":"es","@id":"https:\/\/secure.gravatar.com\/avatar\/eee448fc3f7164808013b816ba91ac7e43bbe82a70bebac296f8bc6f0addaa1a?s=96&d=mm&r=g","url":"https:\/\/secure.gravatar.com\/avatar\/eee448fc3f7164808013b816ba91ac7e43bbe82a70bebac296f8bc6f0addaa1a?s=96&d=mm&r=g","contentUrl":"https:\/\/secure.gravatar.com\/avatar\/eee448fc3f7164808013b816ba91ac7e43bbe82a70bebac296f8bc6f0addaa1a?s=96&d=mm&r=g","caption":"Edici\u00f3n Web"},"url":"https:\/\/canal7slp.tv\/2023\/author\/edicionweb\/"}]}},"_links":{"self":[{"href":"https:\/\/canal7slp.tv\/2023\/wp-json\/wp\/v2\/posts\/113845","targetHints":{"allow":["GET"]}}],"collection":[{"href":"https:\/\/canal7slp.tv\/2023\/wp-json\/wp\/v2\/posts"}],"about":[{"href":"https:\/\/canal7slp.tv\/2023\/wp-json\/wp\/v2\/types\/post"}],"author":[{"embeddable":true,"href":"https:\/\/canal7slp.tv\/2023\/wp-json\/wp\/v2\/users\/2"}],"replies":[{"embeddable":true,"href":"https:\/\/canal7slp.tv\/2023\/wp-json\/wp\/v2\/comments?post=113845"}],"version-history":[{"count":3,"href":"https:\/\/canal7slp.tv\/2023\/wp-json\/wp\/v2\/posts\/113845\/revisions"}],"predecessor-version":[{"id":113913,"href":"https:\/\/canal7slp.tv\/2023\/wp-json\/wp\/v2\/posts\/113845\/revisions\/113913"}],"wp:featuredmedia":[{"embeddable":true,"href":"https:\/\/canal7slp.tv\/2023\/wp-json\/wp\/v2\/media\/113859"}],"wp:attachment":[{"href":"https:\/\/canal7slp.tv\/2023\/wp-json\/wp\/v2\/media?parent=113845"}],"wp:term":[{"taxonomy":"category","embeddable":true,"href":"https:\/\/canal7slp.tv\/2023\/wp-json\/wp\/v2\/categories?post=113845"},{"taxonomy":"post_tag","embeddable":true,"href":"https:\/\/canal7slp.tv\/2023\/wp-json\/wp\/v2\/tags?post=113845"}],"curies":[{"name":"wp","href":"https:\/\/api.w.org\/{rel}","templated":true}]}}