{"id":113844,"date":"2023-11-22T17:42:08","date_gmt":"2023-11-22T23:42:08","guid":{"rendered":"https:\/\/canal7slp.tv\/2023\/?p=113844"},"modified":"2023-11-22T17:42:08","modified_gmt":"2023-11-22T23:42:08","slug":"vuelve-a-clases-17-de-escuelas-en-acapulco-y-coyuca","status":"publish","type":"post","link":"https:\/\/canal7slp.tv\/2023\/vuelve-a-clases-17-de-escuelas-en-acapulco-y-coyuca\/","title":{"rendered":"Vuelve a clases 17% de escuelas en Acapulco y Coyuca"},"content":{"rendered":"<p style=\"text-align: justify;\">Acapulco.- Un total de 106 instituciones educativas en el municipio de Acapulco y Coyuca de Ben\u00edtez retomaron las clases presenciales luego de los da\u00f1os causados por el hurac\u00e1n Otis.<\/p>\n<p style=\"text-align: justify;\">La Secretaria de Educaci\u00f3n P\u00fablica del Gobierno Federal, Leticia Ram\u00edrez Amaya, y el Secretario de Educaci\u00f3n Guerrero, Marcial Rodr\u00edguez Salda\u00f1a, realizaron una visita a estas instituciones para constatar su reapertura.<\/p>\n<p style=\"text-align: justify;\">Entre las instituciones que reiniciaron actividades se encuentran la Universidad Tecnol\u00f3gica de Acapulco, el \u00abCECyTE\u00bb N\u00ba7, la Secundaria \u00abCuauht\u00e9moc\u00bb, la Primaria \u00abHermenegildo Galeana\u00bb, el Preescolar \u00abRep\u00fablica de Francia\u00bb, el Preescolar \u00abMar\u00eda Montessori\u00bb, la Primaria \u00abJuli\u00e1n Vergara Nava\u00bb, el Colegio de Bachilleres N\u00ba 13 y la Primaria \u00abPrimero de Mayo\u00bb.<\/p>\n<p style=\"text-align: justify;\">Durante la visita, se reconoci\u00f3 a estudiantes, docentes, trabajadoras, madres y padres de familia por su compromiso con la educaci\u00f3n en esta situaci\u00f3n de emergencia.<\/p>\n<p style=\"text-align: justify;\">Los funcionarios anunciaron que recibir\u00e1n apoyo a trav\u00e9s del programa \u00abLa escuela es nuestra\u00bb y se incrementar\u00e1n las becas en educaci\u00f3n b\u00e1sica en un 100%. Tambi\u00e9n se brindar\u00e1 respaldo para la reconstrucci\u00f3n de las instalaciones afectadas.<\/p>\n","protected":false},"excerpt":{"rendered":"<p>Acapulco.- Un total de 106 instituciones educativas en el municipio de Acapulco y Coyuca de Ben\u00edtez retomaron las clases presenciales luego de los da\u00f1os causados por el hurac\u00e1n Otis. La Secretaria de Educaci\u00f3n P\u00fablica del Gobierno Federal, Leticia Ram\u00edrez Amaya, y el Secretario de Educaci\u00f3n Guerrero, Marcial Rodr\u00edguez Salda\u00f1a, realizaron una visita a estas instituciones para constatar su reapertura. Entre las instituciones que reiniciaron actividades se encuentran la Universidad Tecnol\u00f3gica de Acapulco, el \u00abCECyTE\u00bb N\u00ba7, la Secundaria \u00abCuauht\u00e9moc\u00bb, la Primaria \u00abHermenegildo Galeana\u00bb, el Preescolar \u00abRep\u00fablica de Francia\u00bb, el Preescolar \u00abMar\u00eda Montessori\u00bb, la Primaria \u00abJuli\u00e1n Vergara Nava\u00bb, el Colegio de Bachilleres [&hellip;]<\/p>\n","protected":false},"author":2,"featured_media":113860,"comment_status":"closed","ping_status":"closed","sticky":false,"template":"","format":"standard","meta":{"footnotes":""},"categories":[46],"tags":[],"class_list":["post-113844","post","type-post","status-publish","format-standard","has-post-thumbnail","hentry","category-nacional","post--single"],"yoast_head":"<!-- This site is optimized with the Yoast SEO plugin v27.5 - https:\/\/yoast.com\/product\/yoast-seo-wordpress\/ -->\n<title>Vuelve a clases 17% de escuelas en Acapulco y Coyuca - Canal 7 SLP - 2023<\/title>\n<meta name=\"robots\" content=\"index, follow, max-snippet:-1, max-image-preview:large, max-video-preview:-1\" \/>\n<link rel=\"canonical\" href=\"https:\/\/canal7slp.tv\/2023\/vuelve-a-clases-17-de-escuelas-en-acapulco-y-coyuca\/\" \/>\n<meta property=\"og:locale\" content=\"es_ES\" \/>\n<meta property=\"og:type\" content=\"article\" \/>\n<meta property=\"og:title\" content=\"Vuelve a clases 17% de escuelas en Acapulco y Coyuca - Canal 7 SLP - 2023\" \/>\n<meta property=\"og:description\" content=\"Acapulco.- Un total de 106 instituciones educativas en el municipio de Acapulco y Coyuca de Ben\u00edtez retomaron las clases presenciales luego de los da\u00f1os causados por el hurac\u00e1n Otis. La Secretaria de Educaci\u00f3n P\u00fablica del Gobierno Federal, Leticia Ram\u00edrez Amaya, y el Secretario de Educaci\u00f3n Guerrero, Marcial Rodr\u00edguez Salda\u00f1a, realizaron una visita a estas instituciones para constatar su reapertura. Entre las instituciones que reiniciaron actividades se encuentran la Universidad Tecnol\u00f3gica de Acapulco, el \u00abCECyTE\u00bb N\u00ba7, la Secundaria \u00abCuauht\u00e9moc\u00bb, la Primaria \u00abHermenegildo Galeana\u00bb, el Preescolar \u00abRep\u00fablica de Francia\u00bb, el Preescolar \u00abMar\u00eda Montessori\u00bb, la Primaria \u00abJuli\u00e1n Vergara Nava\u00bb, el Colegio de Bachilleres [&hellip;]\" \/>\n<meta property=\"og:url\" content=\"https:\/\/canal7slp.tv\/2023\/vuelve-a-clases-17-de-escuelas-en-acapulco-y-coyuca\/\" \/>\n<meta property=\"og:site_name\" content=\"Canal 7 SLP - 2023\" \/>\n<meta property=\"article:publisher\" content=\"https:\/\/www.facebook.com\/noticieroscanalsiete\" \/>\n<meta property=\"article:published_time\" content=\"2023-11-22T23:42:08+00:00\" \/>\n<meta property=\"og:image\" content=\"https:\/\/canal7slp.tv\/2023\/wp-content\/uploads\/2023\/11\/07-2.png\" \/>\n\t<meta property=\"og:image:width\" content=\"800\" \/>\n\t<meta property=\"og:image:height\" content=\"600\" \/>\n\t<meta property=\"og:image:type\" content=\"image\/png\" \/>\n<meta name=\"author\" content=\"Edici\u00f3n Web\" \/>\n<meta name=\"twitter:card\" content=\"summary_large_image\" \/>\n<meta name=\"twitter:creator\" content=\"@NOTICIEROS7\" \/>\n<meta name=\"twitter:site\" content=\"@NOTICIEROS7\" \/>\n<meta name=\"twitter:label1\" content=\"Escrito por\" \/>\n\t<meta name=\"twitter:data1\" content=\"Edici\u00f3n Web\" \/>\n\t<meta name=\"twitter:label2\" content=\"Tiempo de lectura\" \/>\n\t<meta name=\"twitter:data2\" content=\"1 minuto\" \/>\n<script type=\"application\/ld+json\" class=\"yoast-schema-graph\">{\"@context\":\"https:\\\/\\\/schema.org\",\"@graph\":[{\"@type\":\"Article\",\"@id\":\"https:\\\/\\\/canal7slp.tv\\\/2023\\\/vuelve-a-clases-17-de-escuelas-en-acapulco-y-coyuca\\\/#article\",\"isPartOf\":{\"@id\":\"https:\\\/\\\/canal7slp.tv\\\/2023\\\/vuelve-a-clases-17-de-escuelas-en-acapulco-y-coyuca\\\/\"},\"author\":{\"name\":\"Edici\u00f3n Web\",\"@id\":\"https:\\\/\\\/canal7slp.tv\\\/2023\\\/#\\\/schema\\\/person\\\/639c424e3584069003b11ae813915da6\"},\"headline\":\"Vuelve a clases 17% de escuelas en Acapulco y Coyuca\",\"datePublished\":\"2023-11-22T23:42:08+00:00\",\"mainEntityOfPage\":{\"@id\":\"https:\\\/\\\/canal7slp.tv\\\/2023\\\/vuelve-a-clases-17-de-escuelas-en-acapulco-y-coyuca\\\/\"},\"wordCount\":199,\"publisher\":{\"@id\":\"https:\\\/\\\/canal7slp.tv\\\/2023\\\/#organization\"},\"image\":{\"@id\":\"https:\\\/\\\/canal7slp.tv\\\/2023\\\/vuelve-a-clases-17-de-escuelas-en-acapulco-y-coyuca\\\/#primaryimage\"},\"thumbnailUrl\":\"https:\\\/\\\/canal7slp.tv\\\/2023\\\/wp-content\\\/uploads\\\/2023\\\/11\\\/07-2.png\",\"articleSection\":[\"NACIONALES\"],\"inLanguage\":\"es\"},{\"@type\":\"WebPage\",\"@id\":\"https:\\\/\\\/canal7slp.tv\\\/2023\\\/vuelve-a-clases-17-de-escuelas-en-acapulco-y-coyuca\\\/\",\"url\":\"https:\\\/\\\/canal7slp.tv\\\/2023\\\/vuelve-a-clases-17-de-escuelas-en-acapulco-y-coyuca\\\/\",\"name\":\"Vuelve a clases 17% de escuelas en Acapulco y Coyuca - Canal 7 SLP - 2023\",\"isPartOf\":{\"@id\":\"https:\\\/\\\/canal7slp.tv\\\/2023\\\/#website\"},\"primaryImageOfPage\":{\"@id\":\"https:\\\/\\\/canal7slp.tv\\\/2023\\\/vuelve-a-clases-17-de-escuelas-en-acapulco-y-coyuca\\\/#primaryimage\"},\"image\":{\"@id\":\"https:\\\/\\\/canal7slp.tv\\\/2023\\\/vuelve-a-clases-17-de-escuelas-en-acapulco-y-coyuca\\\/#primaryimage\"},\"thumbnailUrl\":\"https:\\\/\\\/canal7slp.tv\\\/2023\\\/wp-content\\\/uploads\\\/2023\\\/11\\\/07-2.png\",\"datePublished\":\"2023-11-22T23:42:08+00:00\",\"breadcrumb\":{\"@id\":\"https:\\\/\\\/canal7slp.tv\\\/2023\\\/vuelve-a-clases-17-de-escuelas-en-acapulco-y-coyuca\\\/#breadcrumb\"},\"inLanguage\":\"es\",\"potentialAction\":[{\"@type\":\"ReadAction\",\"target\":[\"https:\\\/\\\/canal7slp.tv\\\/2023\\\/vuelve-a-clases-17-de-escuelas-en-acapulco-y-coyuca\\\/\"]}]},{\"@type\":\"ImageObject\",\"inLanguage\":\"es\",\"@id\":\"https:\\\/\\\/canal7slp.tv\\\/2023\\\/vuelve-a-clases-17-de-escuelas-en-acapulco-y-coyuca\\\/#primaryimage\",\"url\":\"https:\\\/\\\/canal7slp.tv\\\/2023\\\/wp-content\\\/uploads\\\/2023\\\/11\\\/07-2.png\",\"contentUrl\":\"https:\\\/\\\/canal7slp.tv\\\/2023\\\/wp-content\\\/uploads\\\/2023\\\/11\\\/07-2.png\",\"width\":800,\"height\":600},{\"@type\":\"BreadcrumbList\",\"@id\":\"https:\\\/\\\/canal7slp.tv\\\/2023\\\/vuelve-a-clases-17-de-escuelas-en-acapulco-y-coyuca\\\/#breadcrumb\",\"itemListElement\":[{\"@type\":\"ListItem\",\"position\":1,\"name\":\"Portada\",\"item\":\"https:\\\/\\\/canal7slp.tv\\\/2023\\\/\"},{\"@type\":\"ListItem\",\"position\":2,\"name\":\"Vuelve a clases 17% de escuelas en Acapulco y Coyuca\"}]},{\"@type\":\"WebSite\",\"@id\":\"https:\\\/\\\/canal7slp.tv\\\/2023\\\/#website\",\"url\":\"https:\\\/\\\/canal7slp.tv\\\/2023\\\/\",\"name\":\"N7 - Noticieros Canal 7\",\"description\":\"Somos Televisi\u00f3n\",\"publisher\":{\"@id\":\"https:\\\/\\\/canal7slp.tv\\\/2023\\\/#organization\"},\"potentialAction\":[{\"@type\":\"SearchAction\",\"target\":{\"@type\":\"EntryPoint\",\"urlTemplate\":\"https:\\\/\\\/canal7slp.tv\\\/2023\\\/?s={search_term_string}\"},\"query-input\":{\"@type\":\"PropertyValueSpecification\",\"valueRequired\":true,\"valueName\":\"search_term_string\"}}],\"inLanguage\":\"es\"},{\"@type\":\"Organization\",\"@id\":\"https:\\\/\\\/canal7slp.tv\\\/2023\\\/#organization\",\"name\":\"Noticieros Canal 7\",\"url\":\"https:\\\/\\\/canal7slp.tv\\\/2023\\\/\",\"logo\":{\"@type\":\"ImageObject\",\"inLanguage\":\"es\",\"@id\":\"https:\\\/\\\/canal7slp.tv\\\/2023\\\/#\\\/schema\\\/logo\\\/image\\\/\",\"url\":\"https:\\\/\\\/canal7slp.tv\\\/2023\\\/wp-content\\\/uploads\\\/2021\\\/01\\\/logo-noticieros@2x.png\",\"contentUrl\":\"https:\\\/\\\/canal7slp.tv\\\/2023\\\/wp-content\\\/uploads\\\/2021\\\/01\\\/logo-noticieros@2x.png\",\"width\":1017,\"height\":268,\"caption\":\"Noticieros Canal 7\"},\"image\":{\"@id\":\"https:\\\/\\\/canal7slp.tv\\\/2023\\\/#\\\/schema\\\/logo\\\/image\\\/\"},\"sameAs\":[\"https:\\\/\\\/www.facebook.com\\\/noticieroscanalsiete\",\"https:\\\/\\\/x.com\\\/NOTICIEROS7\",\"https:\\\/\\\/www.instagram.com\\\/canal7_slp\",\"https:\\\/\\\/www.youtube.com\\\/channel\\\/UCliiYs-gP3JfJeqdPrNdd5A\"]},{\"@type\":\"Person\",\"@id\":\"https:\\\/\\\/canal7slp.tv\\\/2023\\\/#\\\/schema\\\/person\\\/639c424e3584069003b11ae813915da6\",\"name\":\"Edici\u00f3n Web\",\"image\":{\"@type\":\"ImageObject\",\"inLanguage\":\"es\",\"@id\":\"https:\\\/\\\/secure.gravatar.com\\\/avatar\\\/eee448fc3f7164808013b816ba91ac7e43bbe82a70bebac296f8bc6f0addaa1a?s=96&d=mm&r=g\",\"url\":\"https:\\\/\\\/secure.gravatar.com\\\/avatar\\\/eee448fc3f7164808013b816ba91ac7e43bbe82a70bebac296f8bc6f0addaa1a?s=96&d=mm&r=g\",\"contentUrl\":\"https:\\\/\\\/secure.gravatar.com\\\/avatar\\\/eee448fc3f7164808013b816ba91ac7e43bbe82a70bebac296f8bc6f0addaa1a?s=96&d=mm&r=g\",\"caption\":\"Edici\u00f3n Web\"},\"url\":\"https:\\\/\\\/canal7slp.tv\\\/2023\\\/author\\\/edicionweb\\\/\"}]}<\/script>\n<!-- \/ Yoast SEO plugin. -->","yoast_head_json":{"title":"Vuelve a clases 17% de escuelas en Acapulco y Coyuca - Canal 7 SLP - 2023","robots":{"index":"index","follow":"follow","max-snippet":"max-snippet:-1","max-image-preview":"max-image-preview:large","max-video-preview":"max-video-preview:-1"},"canonical":"https:\/\/canal7slp.tv\/2023\/vuelve-a-clases-17-de-escuelas-en-acapulco-y-coyuca\/","og_locale":"es_ES","og_type":"article","og_title":"Vuelve a clases 17% de escuelas en Acapulco y Coyuca - Canal 7 SLP - 2023","og_description":"Acapulco.- Un total de 106 instituciones educativas en el municipio de Acapulco y Coyuca de Ben\u00edtez retomaron las clases presenciales luego de los da\u00f1os causados por el hurac\u00e1n Otis. La Secretaria de Educaci\u00f3n P\u00fablica del Gobierno Federal, Leticia Ram\u00edrez Amaya, y el Secretario de Educaci\u00f3n Guerrero, Marcial Rodr\u00edguez Salda\u00f1a, realizaron una visita a estas instituciones para constatar su reapertura. Entre las instituciones que reiniciaron actividades se encuentran la Universidad Tecnol\u00f3gica de Acapulco, el \u00abCECyTE\u00bb N\u00ba7, la Secundaria \u00abCuauht\u00e9moc\u00bb, la Primaria \u00abHermenegildo Galeana\u00bb, el Preescolar \u00abRep\u00fablica de Francia\u00bb, el Preescolar \u00abMar\u00eda Montessori\u00bb, la Primaria \u00abJuli\u00e1n Vergara Nava\u00bb, el Colegio de Bachilleres [&hellip;]","og_url":"https:\/\/canal7slp.tv\/2023\/vuelve-a-clases-17-de-escuelas-en-acapulco-y-coyuca\/","og_site_name":"Canal 7 SLP - 2023","article_publisher":"https:\/\/www.facebook.com\/noticieroscanalsiete","article_published_time":"2023-11-22T23:42:08+00:00","og_image":[{"width":800,"height":600,"url":"https:\/\/canal7slp.tv\/2023\/wp-content\/uploads\/2023\/11\/07-2.png","type":"image\/png"}],"author":"Edici\u00f3n Web","twitter_card":"summary_large_image","twitter_creator":"@NOTICIEROS7","twitter_site":"@NOTICIEROS7","twitter_misc":{"Escrito por":"Edici\u00f3n Web","Tiempo de lectura":"1 minuto"},"schema":{"@context":"https:\/\/schema.org","@graph":[{"@type":"Article","@id":"https:\/\/canal7slp.tv\/2023\/vuelve-a-clases-17-de-escuelas-en-acapulco-y-coyuca\/#article","isPartOf":{"@id":"https:\/\/canal7slp.tv\/2023\/vuelve-a-clases-17-de-escuelas-en-acapulco-y-coyuca\/"},"author":{"name":"Edici\u00f3n Web","@id":"https:\/\/canal7slp.tv\/2023\/#\/schema\/person\/639c424e3584069003b11ae813915da6"},"headline":"Vuelve a clases 17% de escuelas en Acapulco y Coyuca","datePublished":"2023-11-22T23:42:08+00:00","mainEntityOfPage":{"@id":"https:\/\/canal7slp.tv\/2023\/vuelve-a-clases-17-de-escuelas-en-acapulco-y-coyuca\/"},"wordCount":199,"publisher":{"@id":"https:\/\/canal7slp.tv\/2023\/#organization"},"image":{"@id":"https:\/\/canal7slp.tv\/2023\/vuelve-a-clases-17-de-escuelas-en-acapulco-y-coyuca\/#primaryimage"},"thumbnailUrl":"https:\/\/canal7slp.tv\/2023\/wp-content\/uploads\/2023\/11\/07-2.png","articleSection":["NACIONALES"],"inLanguage":"es"},{"@type":"WebPage","@id":"https:\/\/canal7slp.tv\/2023\/vuelve-a-clases-17-de-escuelas-en-acapulco-y-coyuca\/","url":"https:\/\/canal7slp.tv\/2023\/vuelve-a-clases-17-de-escuelas-en-acapulco-y-coyuca\/","name":"Vuelve a clases 17% de escuelas en Acapulco y Coyuca - Canal 7 SLP - 2023","isPartOf":{"@id":"https:\/\/canal7slp.tv\/2023\/#website"},"primaryImageOfPage":{"@id":"https:\/\/canal7slp.tv\/2023\/vuelve-a-clases-17-de-escuelas-en-acapulco-y-coyuca\/#primaryimage"},"image":{"@id":"https:\/\/canal7slp.tv\/2023\/vuelve-a-clases-17-de-escuelas-en-acapulco-y-coyuca\/#primaryimage"},"thumbnailUrl":"https:\/\/canal7slp.tv\/2023\/wp-content\/uploads\/2023\/11\/07-2.png","datePublished":"2023-11-22T23:42:08+00:00","breadcrumb":{"@id":"https:\/\/canal7slp.tv\/2023\/vuelve-a-clases-17-de-escuelas-en-acapulco-y-coyuca\/#breadcrumb"},"inLanguage":"es","potentialAction":[{"@type":"ReadAction","target":["https:\/\/canal7slp.tv\/2023\/vuelve-a-clases-17-de-escuelas-en-acapulco-y-coyuca\/"]}]},{"@type":"ImageObject","inLanguage":"es","@id":"https:\/\/canal7slp.tv\/2023\/vuelve-a-clases-17-de-escuelas-en-acapulco-y-coyuca\/#primaryimage","url":"https:\/\/canal7slp.tv\/2023\/wp-content\/uploads\/2023\/11\/07-2.png","contentUrl":"https:\/\/canal7slp.tv\/2023\/wp-content\/uploads\/2023\/11\/07-2.png","width":800,"height":600},{"@type":"BreadcrumbList","@id":"https:\/\/canal7slp.tv\/2023\/vuelve-a-clases-17-de-escuelas-en-acapulco-y-coyuca\/#breadcrumb","itemListElement":[{"@type":"ListItem","position":1,"name":"Portada","item":"https:\/\/canal7slp.tv\/2023\/"},{"@type":"ListItem","position":2,"name":"Vuelve a clases 17% de escuelas en Acapulco y Coyuca"}]},{"@type":"WebSite","@id":"https:\/\/canal7slp.tv\/2023\/#website","url":"https:\/\/canal7slp.tv\/2023\/","name":"N7 - Noticieros Canal 7","description":"Somos Televisi\u00f3n","publisher":{"@id":"https:\/\/canal7slp.tv\/2023\/#organization"},"potentialAction":[{"@type":"SearchAction","target":{"@type":"EntryPoint","urlTemplate":"https:\/\/canal7slp.tv\/2023\/?s={search_term_string}"},"query-input":{"@type":"PropertyValueSpecification","valueRequired":true,"valueName":"search_term_string"}}],"inLanguage":"es"},{"@type":"Organization","@id":"https:\/\/canal7slp.tv\/2023\/#organization","name":"Noticieros Canal 7","url":"https:\/\/canal7slp.tv\/2023\/","logo":{"@type":"ImageObject","inLanguage":"es","@id":"https:\/\/canal7slp.tv\/2023\/#\/schema\/logo\/image\/","url":"https:\/\/canal7slp.tv\/2023\/wp-content\/uploads\/2021\/01\/logo-noticieros@2x.png","contentUrl":"https:\/\/canal7slp.tv\/2023\/wp-content\/uploads\/2021\/01\/logo-noticieros@2x.png","width":1017,"height":268,"caption":"Noticieros Canal 7"},"image":{"@id":"https:\/\/canal7slp.tv\/2023\/#\/schema\/logo\/image\/"},"sameAs":["https:\/\/www.facebook.com\/noticieroscanalsiete","https:\/\/x.com\/NOTICIEROS7","https:\/\/www.instagram.com\/canal7_slp","https:\/\/www.youtube.com\/channel\/UCliiYs-gP3JfJeqdPrNdd5A"]},{"@type":"Person","@id":"https:\/\/canal7slp.tv\/2023\/#\/schema\/person\/639c424e3584069003b11ae813915da6","name":"Edici\u00f3n Web","image":{"@type":"ImageObject","inLanguage":"es","@id":"https:\/\/secure.gravatar.com\/avatar\/eee448fc3f7164808013b816ba91ac7e43bbe82a70bebac296f8bc6f0addaa1a?s=96&d=mm&r=g","url":"https:\/\/secure.gravatar.com\/avatar\/eee448fc3f7164808013b816ba91ac7e43bbe82a70bebac296f8bc6f0addaa1a?s=96&d=mm&r=g","contentUrl":"https:\/\/secure.gravatar.com\/avatar\/eee448fc3f7164808013b816ba91ac7e43bbe82a70bebac296f8bc6f0addaa1a?s=96&d=mm&r=g","caption":"Edici\u00f3n Web"},"url":"https:\/\/canal7slp.tv\/2023\/author\/edicionweb\/"}]}},"_links":{"self":[{"href":"https:\/\/canal7slp.tv\/2023\/wp-json\/wp\/v2\/posts\/113844","targetHints":{"allow":["GET"]}}],"collection":[{"href":"https:\/\/canal7slp.tv\/2023\/wp-json\/wp\/v2\/posts"}],"about":[{"href":"https:\/\/canal7slp.tv\/2023\/wp-json\/wp\/v2\/types\/post"}],"author":[{"embeddable":true,"href":"https:\/\/canal7slp.tv\/2023\/wp-json\/wp\/v2\/users\/2"}],"replies":[{"embeddable":true,"href":"https:\/\/canal7slp.tv\/2023\/wp-json\/wp\/v2\/comments?post=113844"}],"version-history":[{"count":3,"href":"https:\/\/canal7slp.tv\/2023\/wp-json\/wp\/v2\/posts\/113844\/revisions"}],"predecessor-version":[{"id":113912,"href":"https:\/\/canal7slp.tv\/2023\/wp-json\/wp\/v2\/posts\/113844\/revisions\/113912"}],"wp:featuredmedia":[{"embeddable":true,"href":"https:\/\/canal7slp.tv\/2023\/wp-json\/wp\/v2\/media\/113860"}],"wp:attachment":[{"href":"https:\/\/canal7slp.tv\/2023\/wp-json\/wp\/v2\/media?parent=113844"}],"wp:term":[{"taxonomy":"category","embeddable":true,"href":"https:\/\/canal7slp.tv\/2023\/wp-json\/wp\/v2\/categories?post=113844"},{"taxonomy":"post_tag","embeddable":true,"href":"https:\/\/canal7slp.tv\/2023\/wp-json\/wp\/v2\/tags?post=113844"}],"curies":[{"name":"wp","href":"https:\/\/api.w.org\/{rel}","templated":true}]}}