{"id":113843,"date":"2023-11-22T17:41:49","date_gmt":"2023-11-22T23:41:49","guid":{"rendered":"https:\/\/canal7slp.tv\/2023\/?p=113843"},"modified":"2023-11-22T17:41:49","modified_gmt":"2023-11-22T23:41:49","slug":"israel-y-hamas-lo-que-se-sabe-del-acuerdo-para-declarar-tregua-de-cuatro-dias-en-gaza","status":"publish","type":"post","link":"https:\/\/canal7slp.tv\/2023\/israel-y-hamas-lo-que-se-sabe-del-acuerdo-para-declarar-tregua-de-cuatro-dias-en-gaza\/","title":{"rendered":"Israel y Ham\u00e1s: lo que se sabe del acuerdo para declarar tregua de cuatro d\u00edas en Gaza"},"content":{"rendered":"<p style=\"text-align: justify;\">Jerusal\u00e9n.- El Gobierno de Israel ha aceptado un acuerdo con el grupo islamista Ham\u00e1s para la liberaci\u00f3n de 50 secuestrados en la Franja de Gaza.<\/p>\n<p style=\"text-align: justify;\">El intercambio incluir\u00e1 la liberaci\u00f3n de presos palestinos y una tregua de cuatro d\u00edas.<\/p>\n<p style=\"text-align: justify;\">Aunque no se conocen los t\u00e9rminos del acuerdo, se espera que Catar anuncie los detalles en las pr\u00f3ximas horas.<\/p>\n<p style=\"text-align: justify;\">Ham\u00e1s llevar\u00e1 los rehenes a Egipto y desde all\u00ed ser\u00e1n trasladados a Israel.<\/p>\n<p style=\"text-align: justify;\">Por su parte, Israel deber\u00e1 excarcelar a unos 150 prisioneros palestinos, en su mayor\u00eda mujeres y menores que no est\u00e9n condenados por delitos de sangre.<\/p>\n<p style=\"text-align: justify;\">La tregua comenzar\u00e1 el 23 de noviembre para dar 24 horas para la presentaci\u00f3n de eventuales apelaciones a la decisi\u00f3n gubernamental ante la Corte Suprema.<\/p>\n","protected":false},"excerpt":{"rendered":"<p>Jerusal\u00e9n.- El Gobierno de Israel ha aceptado un acuerdo con el grupo islamista Ham\u00e1s para la liberaci\u00f3n de 50 secuestrados en la Franja de Gaza. El intercambio incluir\u00e1 la liberaci\u00f3n de presos palestinos y una tregua de cuatro d\u00edas. Aunque no se conocen los t\u00e9rminos del acuerdo, se espera que Catar anuncie los detalles en las pr\u00f3ximas horas. Ham\u00e1s llevar\u00e1 los rehenes a Egipto y desde all\u00ed ser\u00e1n trasladados a Israel. Por su parte, Israel deber\u00e1 excarcelar a unos 150 prisioneros palestinos, en su mayor\u00eda mujeres y menores que no est\u00e9n condenados por delitos de sangre. La tregua comenzar\u00e1 el [&hellip;]<\/p>\n","protected":false},"author":2,"featured_media":113861,"comment_status":"closed","ping_status":"closed","sticky":false,"template":"","format":"standard","meta":{"footnotes":""},"categories":[44],"tags":[],"class_list":["post-113843","post","type-post","status-publish","format-standard","has-post-thumbnail","hentry","category-internacional","post--single"],"yoast_head":"<!-- This site is optimized with the Yoast SEO plugin v27.5 - https:\/\/yoast.com\/product\/yoast-seo-wordpress\/ -->\n<title>Israel y Ham\u00e1s: lo que se sabe del acuerdo para declarar tregua de cuatro d\u00edas en Gaza - Canal 7 SLP - 2023<\/title>\n<meta name=\"robots\" content=\"index, follow, max-snippet:-1, max-image-preview:large, max-video-preview:-1\" \/>\n<link rel=\"canonical\" href=\"https:\/\/canal7slp.tv\/2023\/israel-y-hamas-lo-que-se-sabe-del-acuerdo-para-declarar-tregua-de-cuatro-dias-en-gaza\/\" \/>\n<meta property=\"og:locale\" content=\"es_ES\" \/>\n<meta property=\"og:type\" content=\"article\" \/>\n<meta property=\"og:title\" content=\"Israel y Ham\u00e1s: lo que se sabe del acuerdo para declarar tregua de cuatro d\u00edas en Gaza - Canal 7 SLP - 2023\" \/>\n<meta property=\"og:description\" content=\"Jerusal\u00e9n.- El Gobierno de Israel ha aceptado un acuerdo con el grupo islamista Ham\u00e1s para la liberaci\u00f3n de 50 secuestrados en la Franja de Gaza. El intercambio incluir\u00e1 la liberaci\u00f3n de presos palestinos y una tregua de cuatro d\u00edas. Aunque no se conocen los t\u00e9rminos del acuerdo, se espera que Catar anuncie los detalles en las pr\u00f3ximas horas. Ham\u00e1s llevar\u00e1 los rehenes a Egipto y desde all\u00ed ser\u00e1n trasladados a Israel. Por su parte, Israel deber\u00e1 excarcelar a unos 150 prisioneros palestinos, en su mayor\u00eda mujeres y menores que no est\u00e9n condenados por delitos de sangre. La tregua comenzar\u00e1 el [&hellip;]\" \/>\n<meta property=\"og:url\" content=\"https:\/\/canal7slp.tv\/2023\/israel-y-hamas-lo-que-se-sabe-del-acuerdo-para-declarar-tregua-de-cuatro-dias-en-gaza\/\" \/>\n<meta property=\"og:site_name\" content=\"Canal 7 SLP - 2023\" \/>\n<meta property=\"article:publisher\" content=\"https:\/\/www.facebook.com\/noticieroscanalsiete\" \/>\n<meta property=\"article:published_time\" content=\"2023-11-22T23:41:49+00:00\" \/>\n<meta property=\"og:image\" content=\"https:\/\/canal7slp.tv\/2023\/wp-content\/uploads\/2023\/11\/06-18.jpg\" \/>\n\t<meta property=\"og:image:width\" content=\"700\" \/>\n\t<meta property=\"og:image:height\" content=\"466\" \/>\n\t<meta property=\"og:image:type\" content=\"image\/jpeg\" \/>\n<meta name=\"author\" content=\"Edici\u00f3n Web\" \/>\n<meta name=\"twitter:card\" content=\"summary_large_image\" \/>\n<meta name=\"twitter:creator\" content=\"@NOTICIEROS7\" \/>\n<meta name=\"twitter:site\" content=\"@NOTICIEROS7\" \/>\n<meta name=\"twitter:label1\" content=\"Escrito por\" \/>\n\t<meta name=\"twitter:data1\" content=\"Edici\u00f3n Web\" \/>\n\t<meta name=\"twitter:label2\" content=\"Tiempo de lectura\" \/>\n\t<meta name=\"twitter:data2\" content=\"1 minuto\" \/>\n<script type=\"application\/ld+json\" class=\"yoast-schema-graph\">{\"@context\":\"https:\\\/\\\/schema.org\",\"@graph\":[{\"@type\":\"Article\",\"@id\":\"https:\\\/\\\/canal7slp.tv\\\/2023\\\/israel-y-hamas-lo-que-se-sabe-del-acuerdo-para-declarar-tregua-de-cuatro-dias-en-gaza\\\/#article\",\"isPartOf\":{\"@id\":\"https:\\\/\\\/canal7slp.tv\\\/2023\\\/israel-y-hamas-lo-que-se-sabe-del-acuerdo-para-declarar-tregua-de-cuatro-dias-en-gaza\\\/\"},\"author\":{\"name\":\"Edici\u00f3n Web\",\"@id\":\"https:\\\/\\\/canal7slp.tv\\\/2023\\\/#\\\/schema\\\/person\\\/639c424e3584069003b11ae813915da6\"},\"headline\":\"Israel y Ham\u00e1s: lo que se sabe del acuerdo para declarar tregua de cuatro d\u00edas en Gaza\",\"datePublished\":\"2023-11-22T23:41:49+00:00\",\"mainEntityOfPage\":{\"@id\":\"https:\\\/\\\/canal7slp.tv\\\/2023\\\/israel-y-hamas-lo-que-se-sabe-del-acuerdo-para-declarar-tregua-de-cuatro-dias-en-gaza\\\/\"},\"wordCount\":150,\"publisher\":{\"@id\":\"https:\\\/\\\/canal7slp.tv\\\/2023\\\/#organization\"},\"image\":{\"@id\":\"https:\\\/\\\/canal7slp.tv\\\/2023\\\/israel-y-hamas-lo-que-se-sabe-del-acuerdo-para-declarar-tregua-de-cuatro-dias-en-gaza\\\/#primaryimage\"},\"thumbnailUrl\":\"https:\\\/\\\/canal7slp.tv\\\/2023\\\/wp-content\\\/uploads\\\/2023\\\/11\\\/06-18.jpg\",\"articleSection\":[\"INTERNACIONALES\"],\"inLanguage\":\"es\"},{\"@type\":\"WebPage\",\"@id\":\"https:\\\/\\\/canal7slp.tv\\\/2023\\\/israel-y-hamas-lo-que-se-sabe-del-acuerdo-para-declarar-tregua-de-cuatro-dias-en-gaza\\\/\",\"url\":\"https:\\\/\\\/canal7slp.tv\\\/2023\\\/israel-y-hamas-lo-que-se-sabe-del-acuerdo-para-declarar-tregua-de-cuatro-dias-en-gaza\\\/\",\"name\":\"Israel y Ham\u00e1s: lo que se sabe del acuerdo para declarar tregua de cuatro d\u00edas en Gaza - Canal 7 SLP - 2023\",\"isPartOf\":{\"@id\":\"https:\\\/\\\/canal7slp.tv\\\/2023\\\/#website\"},\"primaryImageOfPage\":{\"@id\":\"https:\\\/\\\/canal7slp.tv\\\/2023\\\/israel-y-hamas-lo-que-se-sabe-del-acuerdo-para-declarar-tregua-de-cuatro-dias-en-gaza\\\/#primaryimage\"},\"image\":{\"@id\":\"https:\\\/\\\/canal7slp.tv\\\/2023\\\/israel-y-hamas-lo-que-se-sabe-del-acuerdo-para-declarar-tregua-de-cuatro-dias-en-gaza\\\/#primaryimage\"},\"thumbnailUrl\":\"https:\\\/\\\/canal7slp.tv\\\/2023\\\/wp-content\\\/uploads\\\/2023\\\/11\\\/06-18.jpg\",\"datePublished\":\"2023-11-22T23:41:49+00:00\",\"breadcrumb\":{\"@id\":\"https:\\\/\\\/canal7slp.tv\\\/2023\\\/israel-y-hamas-lo-que-se-sabe-del-acuerdo-para-declarar-tregua-de-cuatro-dias-en-gaza\\\/#breadcrumb\"},\"inLanguage\":\"es\",\"potentialAction\":[{\"@type\":\"ReadAction\",\"target\":[\"https:\\\/\\\/canal7slp.tv\\\/2023\\\/israel-y-hamas-lo-que-se-sabe-del-acuerdo-para-declarar-tregua-de-cuatro-dias-en-gaza\\\/\"]}]},{\"@type\":\"ImageObject\",\"inLanguage\":\"es\",\"@id\":\"https:\\\/\\\/canal7slp.tv\\\/2023\\\/israel-y-hamas-lo-que-se-sabe-del-acuerdo-para-declarar-tregua-de-cuatro-dias-en-gaza\\\/#primaryimage\",\"url\":\"https:\\\/\\\/canal7slp.tv\\\/2023\\\/wp-content\\\/uploads\\\/2023\\\/11\\\/06-18.jpg\",\"contentUrl\":\"https:\\\/\\\/canal7slp.tv\\\/2023\\\/wp-content\\\/uploads\\\/2023\\\/11\\\/06-18.jpg\",\"width\":700,\"height\":466},{\"@type\":\"BreadcrumbList\",\"@id\":\"https:\\\/\\\/canal7slp.tv\\\/2023\\\/israel-y-hamas-lo-que-se-sabe-del-acuerdo-para-declarar-tregua-de-cuatro-dias-en-gaza\\\/#breadcrumb\",\"itemListElement\":[{\"@type\":\"ListItem\",\"position\":1,\"name\":\"Portada\",\"item\":\"https:\\\/\\\/canal7slp.tv\\\/2023\\\/\"},{\"@type\":\"ListItem\",\"position\":2,\"name\":\"Israel y Ham\u00e1s: lo que se sabe del acuerdo para declarar tregua de cuatro d\u00edas en Gaza\"}]},{\"@type\":\"WebSite\",\"@id\":\"https:\\\/\\\/canal7slp.tv\\\/2023\\\/#website\",\"url\":\"https:\\\/\\\/canal7slp.tv\\\/2023\\\/\",\"name\":\"N7 - Noticieros Canal 7\",\"description\":\"Somos Televisi\u00f3n\",\"publisher\":{\"@id\":\"https:\\\/\\\/canal7slp.tv\\\/2023\\\/#organization\"},\"potentialAction\":[{\"@type\":\"SearchAction\",\"target\":{\"@type\":\"EntryPoint\",\"urlTemplate\":\"https:\\\/\\\/canal7slp.tv\\\/2023\\\/?s={search_term_string}\"},\"query-input\":{\"@type\":\"PropertyValueSpecification\",\"valueRequired\":true,\"valueName\":\"search_term_string\"}}],\"inLanguage\":\"es\"},{\"@type\":\"Organization\",\"@id\":\"https:\\\/\\\/canal7slp.tv\\\/2023\\\/#organization\",\"name\":\"Noticieros Canal 7\",\"url\":\"https:\\\/\\\/canal7slp.tv\\\/2023\\\/\",\"logo\":{\"@type\":\"ImageObject\",\"inLanguage\":\"es\",\"@id\":\"https:\\\/\\\/canal7slp.tv\\\/2023\\\/#\\\/schema\\\/logo\\\/image\\\/\",\"url\":\"https:\\\/\\\/canal7slp.tv\\\/2023\\\/wp-content\\\/uploads\\\/2021\\\/01\\\/logo-noticieros@2x.png\",\"contentUrl\":\"https:\\\/\\\/canal7slp.tv\\\/2023\\\/wp-content\\\/uploads\\\/2021\\\/01\\\/logo-noticieros@2x.png\",\"width\":1017,\"height\":268,\"caption\":\"Noticieros Canal 7\"},\"image\":{\"@id\":\"https:\\\/\\\/canal7slp.tv\\\/2023\\\/#\\\/schema\\\/logo\\\/image\\\/\"},\"sameAs\":[\"https:\\\/\\\/www.facebook.com\\\/noticieroscanalsiete\",\"https:\\\/\\\/x.com\\\/NOTICIEROS7\",\"https:\\\/\\\/www.instagram.com\\\/canal7_slp\",\"https:\\\/\\\/www.youtube.com\\\/channel\\\/UCliiYs-gP3JfJeqdPrNdd5A\"]},{\"@type\":\"Person\",\"@id\":\"https:\\\/\\\/canal7slp.tv\\\/2023\\\/#\\\/schema\\\/person\\\/639c424e3584069003b11ae813915da6\",\"name\":\"Edici\u00f3n Web\",\"image\":{\"@type\":\"ImageObject\",\"inLanguage\":\"es\",\"@id\":\"https:\\\/\\\/secure.gravatar.com\\\/avatar\\\/eee448fc3f7164808013b816ba91ac7e43bbe82a70bebac296f8bc6f0addaa1a?s=96&d=mm&r=g\",\"url\":\"https:\\\/\\\/secure.gravatar.com\\\/avatar\\\/eee448fc3f7164808013b816ba91ac7e43bbe82a70bebac296f8bc6f0addaa1a?s=96&d=mm&r=g\",\"contentUrl\":\"https:\\\/\\\/secure.gravatar.com\\\/avatar\\\/eee448fc3f7164808013b816ba91ac7e43bbe82a70bebac296f8bc6f0addaa1a?s=96&d=mm&r=g\",\"caption\":\"Edici\u00f3n Web\"},\"url\":\"https:\\\/\\\/canal7slp.tv\\\/2023\\\/author\\\/edicionweb\\\/\"}]}<\/script>\n<!-- \/ Yoast SEO plugin. -->","yoast_head_json":{"title":"Israel y Ham\u00e1s: lo que se sabe del acuerdo para declarar tregua de cuatro d\u00edas en Gaza - Canal 7 SLP - 2023","robots":{"index":"index","follow":"follow","max-snippet":"max-snippet:-1","max-image-preview":"max-image-preview:large","max-video-preview":"max-video-preview:-1"},"canonical":"https:\/\/canal7slp.tv\/2023\/israel-y-hamas-lo-que-se-sabe-del-acuerdo-para-declarar-tregua-de-cuatro-dias-en-gaza\/","og_locale":"es_ES","og_type":"article","og_title":"Israel y Ham\u00e1s: lo que se sabe del acuerdo para declarar tregua de cuatro d\u00edas en Gaza - Canal 7 SLP - 2023","og_description":"Jerusal\u00e9n.- El Gobierno de Israel ha aceptado un acuerdo con el grupo islamista Ham\u00e1s para la liberaci\u00f3n de 50 secuestrados en la Franja de Gaza. El intercambio incluir\u00e1 la liberaci\u00f3n de presos palestinos y una tregua de cuatro d\u00edas. Aunque no se conocen los t\u00e9rminos del acuerdo, se espera que Catar anuncie los detalles en las pr\u00f3ximas horas. Ham\u00e1s llevar\u00e1 los rehenes a Egipto y desde all\u00ed ser\u00e1n trasladados a Israel. Por su parte, Israel deber\u00e1 excarcelar a unos 150 prisioneros palestinos, en su mayor\u00eda mujeres y menores que no est\u00e9n condenados por delitos de sangre. La tregua comenzar\u00e1 el [&hellip;]","og_url":"https:\/\/canal7slp.tv\/2023\/israel-y-hamas-lo-que-se-sabe-del-acuerdo-para-declarar-tregua-de-cuatro-dias-en-gaza\/","og_site_name":"Canal 7 SLP - 2023","article_publisher":"https:\/\/www.facebook.com\/noticieroscanalsiete","article_published_time":"2023-11-22T23:41:49+00:00","og_image":[{"width":700,"height":466,"url":"https:\/\/canal7slp.tv\/2023\/wp-content\/uploads\/2023\/11\/06-18.jpg","type":"image\/jpeg"}],"author":"Edici\u00f3n Web","twitter_card":"summary_large_image","twitter_creator":"@NOTICIEROS7","twitter_site":"@NOTICIEROS7","twitter_misc":{"Escrito por":"Edici\u00f3n Web","Tiempo de lectura":"1 minuto"},"schema":{"@context":"https:\/\/schema.org","@graph":[{"@type":"Article","@id":"https:\/\/canal7slp.tv\/2023\/israel-y-hamas-lo-que-se-sabe-del-acuerdo-para-declarar-tregua-de-cuatro-dias-en-gaza\/#article","isPartOf":{"@id":"https:\/\/canal7slp.tv\/2023\/israel-y-hamas-lo-que-se-sabe-del-acuerdo-para-declarar-tregua-de-cuatro-dias-en-gaza\/"},"author":{"name":"Edici\u00f3n Web","@id":"https:\/\/canal7slp.tv\/2023\/#\/schema\/person\/639c424e3584069003b11ae813915da6"},"headline":"Israel y Ham\u00e1s: lo que se sabe del acuerdo para declarar tregua de cuatro d\u00edas en Gaza","datePublished":"2023-11-22T23:41:49+00:00","mainEntityOfPage":{"@id":"https:\/\/canal7slp.tv\/2023\/israel-y-hamas-lo-que-se-sabe-del-acuerdo-para-declarar-tregua-de-cuatro-dias-en-gaza\/"},"wordCount":150,"publisher":{"@id":"https:\/\/canal7slp.tv\/2023\/#organization"},"image":{"@id":"https:\/\/canal7slp.tv\/2023\/israel-y-hamas-lo-que-se-sabe-del-acuerdo-para-declarar-tregua-de-cuatro-dias-en-gaza\/#primaryimage"},"thumbnailUrl":"https:\/\/canal7slp.tv\/2023\/wp-content\/uploads\/2023\/11\/06-18.jpg","articleSection":["INTERNACIONALES"],"inLanguage":"es"},{"@type":"WebPage","@id":"https:\/\/canal7slp.tv\/2023\/israel-y-hamas-lo-que-se-sabe-del-acuerdo-para-declarar-tregua-de-cuatro-dias-en-gaza\/","url":"https:\/\/canal7slp.tv\/2023\/israel-y-hamas-lo-que-se-sabe-del-acuerdo-para-declarar-tregua-de-cuatro-dias-en-gaza\/","name":"Israel y Ham\u00e1s: lo que se sabe del acuerdo para declarar tregua de cuatro d\u00edas en Gaza - Canal 7 SLP - 2023","isPartOf":{"@id":"https:\/\/canal7slp.tv\/2023\/#website"},"primaryImageOfPage":{"@id":"https:\/\/canal7slp.tv\/2023\/israel-y-hamas-lo-que-se-sabe-del-acuerdo-para-declarar-tregua-de-cuatro-dias-en-gaza\/#primaryimage"},"image":{"@id":"https:\/\/canal7slp.tv\/2023\/israel-y-hamas-lo-que-se-sabe-del-acuerdo-para-declarar-tregua-de-cuatro-dias-en-gaza\/#primaryimage"},"thumbnailUrl":"https:\/\/canal7slp.tv\/2023\/wp-content\/uploads\/2023\/11\/06-18.jpg","datePublished":"2023-11-22T23:41:49+00:00","breadcrumb":{"@id":"https:\/\/canal7slp.tv\/2023\/israel-y-hamas-lo-que-se-sabe-del-acuerdo-para-declarar-tregua-de-cuatro-dias-en-gaza\/#breadcrumb"},"inLanguage":"es","potentialAction":[{"@type":"ReadAction","target":["https:\/\/canal7slp.tv\/2023\/israel-y-hamas-lo-que-se-sabe-del-acuerdo-para-declarar-tregua-de-cuatro-dias-en-gaza\/"]}]},{"@type":"ImageObject","inLanguage":"es","@id":"https:\/\/canal7slp.tv\/2023\/israel-y-hamas-lo-que-se-sabe-del-acuerdo-para-declarar-tregua-de-cuatro-dias-en-gaza\/#primaryimage","url":"https:\/\/canal7slp.tv\/2023\/wp-content\/uploads\/2023\/11\/06-18.jpg","contentUrl":"https:\/\/canal7slp.tv\/2023\/wp-content\/uploads\/2023\/11\/06-18.jpg","width":700,"height":466},{"@type":"BreadcrumbList","@id":"https:\/\/canal7slp.tv\/2023\/israel-y-hamas-lo-que-se-sabe-del-acuerdo-para-declarar-tregua-de-cuatro-dias-en-gaza\/#breadcrumb","itemListElement":[{"@type":"ListItem","position":1,"name":"Portada","item":"https:\/\/canal7slp.tv\/2023\/"},{"@type":"ListItem","position":2,"name":"Israel y Ham\u00e1s: lo que se sabe del acuerdo para declarar tregua de cuatro d\u00edas en Gaza"}]},{"@type":"WebSite","@id":"https:\/\/canal7slp.tv\/2023\/#website","url":"https:\/\/canal7slp.tv\/2023\/","name":"N7 - Noticieros Canal 7","description":"Somos Televisi\u00f3n","publisher":{"@id":"https:\/\/canal7slp.tv\/2023\/#organization"},"potentialAction":[{"@type":"SearchAction","target":{"@type":"EntryPoint","urlTemplate":"https:\/\/canal7slp.tv\/2023\/?s={search_term_string}"},"query-input":{"@type":"PropertyValueSpecification","valueRequired":true,"valueName":"search_term_string"}}],"inLanguage":"es"},{"@type":"Organization","@id":"https:\/\/canal7slp.tv\/2023\/#organization","name":"Noticieros Canal 7","url":"https:\/\/canal7slp.tv\/2023\/","logo":{"@type":"ImageObject","inLanguage":"es","@id":"https:\/\/canal7slp.tv\/2023\/#\/schema\/logo\/image\/","url":"https:\/\/canal7slp.tv\/2023\/wp-content\/uploads\/2021\/01\/logo-noticieros@2x.png","contentUrl":"https:\/\/canal7slp.tv\/2023\/wp-content\/uploads\/2021\/01\/logo-noticieros@2x.png","width":1017,"height":268,"caption":"Noticieros Canal 7"},"image":{"@id":"https:\/\/canal7slp.tv\/2023\/#\/schema\/logo\/image\/"},"sameAs":["https:\/\/www.facebook.com\/noticieroscanalsiete","https:\/\/x.com\/NOTICIEROS7","https:\/\/www.instagram.com\/canal7_slp","https:\/\/www.youtube.com\/channel\/UCliiYs-gP3JfJeqdPrNdd5A"]},{"@type":"Person","@id":"https:\/\/canal7slp.tv\/2023\/#\/schema\/person\/639c424e3584069003b11ae813915da6","name":"Edici\u00f3n Web","image":{"@type":"ImageObject","inLanguage":"es","@id":"https:\/\/secure.gravatar.com\/avatar\/eee448fc3f7164808013b816ba91ac7e43bbe82a70bebac296f8bc6f0addaa1a?s=96&d=mm&r=g","url":"https:\/\/secure.gravatar.com\/avatar\/eee448fc3f7164808013b816ba91ac7e43bbe82a70bebac296f8bc6f0addaa1a?s=96&d=mm&r=g","contentUrl":"https:\/\/secure.gravatar.com\/avatar\/eee448fc3f7164808013b816ba91ac7e43bbe82a70bebac296f8bc6f0addaa1a?s=96&d=mm&r=g","caption":"Edici\u00f3n Web"},"url":"https:\/\/canal7slp.tv\/2023\/author\/edicionweb\/"}]}},"_links":{"self":[{"href":"https:\/\/canal7slp.tv\/2023\/wp-json\/wp\/v2\/posts\/113843","targetHints":{"allow":["GET"]}}],"collection":[{"href":"https:\/\/canal7slp.tv\/2023\/wp-json\/wp\/v2\/posts"}],"about":[{"href":"https:\/\/canal7slp.tv\/2023\/wp-json\/wp\/v2\/types\/post"}],"author":[{"embeddable":true,"href":"https:\/\/canal7slp.tv\/2023\/wp-json\/wp\/v2\/users\/2"}],"replies":[{"embeddable":true,"href":"https:\/\/canal7slp.tv\/2023\/wp-json\/wp\/v2\/comments?post=113843"}],"version-history":[{"count":3,"href":"https:\/\/canal7slp.tv\/2023\/wp-json\/wp\/v2\/posts\/113843\/revisions"}],"predecessor-version":[{"id":113911,"href":"https:\/\/canal7slp.tv\/2023\/wp-json\/wp\/v2\/posts\/113843\/revisions\/113911"}],"wp:featuredmedia":[{"embeddable":true,"href":"https:\/\/canal7slp.tv\/2023\/wp-json\/wp\/v2\/media\/113861"}],"wp:attachment":[{"href":"https:\/\/canal7slp.tv\/2023\/wp-json\/wp\/v2\/media?parent=113843"}],"wp:term":[{"taxonomy":"category","embeddable":true,"href":"https:\/\/canal7slp.tv\/2023\/wp-json\/wp\/v2\/categories?post=113843"},{"taxonomy":"post_tag","embeddable":true,"href":"https:\/\/canal7slp.tv\/2023\/wp-json\/wp\/v2\/tags?post=113843"}],"curies":[{"name":"wp","href":"https:\/\/api.w.org\/{rel}","templated":true}]}}