{"id":113841,"date":"2023-11-22T17:30:14","date_gmt":"2023-11-22T23:30:14","guid":{"rendered":"https:\/\/canal7slp.tv\/2023\/?p=113841"},"modified":"2023-11-22T17:31:14","modified_gmt":"2023-11-22T23:31:14","slug":"cubierto-de-nieve-amanecio-el-volcan-popocatepetl","status":"publish","type":"post","link":"https:\/\/canal7slp.tv\/2023\/cubierto-de-nieve-amanecio-el-volcan-popocatepetl\/","title":{"rendered":"Cubierto de nieve amaneci\u00f3 el volc\u00e1n Popocat\u00e9petl"},"content":{"rendered":"<p style=\"text-align: justify;\">M\u00e9xico.- El volc\u00e1n Popocat\u00e9petl amaneci\u00f3 este 22 de noviembre con una sorprendente capa de nieve y una densa neblina, tal como se puede apreciar en las im\u00e1genes captadas por las c\u00e1maras de WebCams M\u00e9xico.<\/p>\n<p style=\"text-align: justify;\">Seg\u00fan el pron\u00f3stico del tiempo del Servicio Meteorol\u00f3gico Nacional, se espera un incremento en la probabilidad de ca\u00edda de aguanieve y\/o nieve en las cimas monta\u00f1osas que superan los cuatro mil doscientos metros sobre el nivel del mar, como el Popocat\u00e9petl, el Iztacc\u00edhuatl y el Nevado de Toluca.<\/p>\n<p style=\"text-align: justify;\">Esto se debe al ingreso de humedad generado por la corriente en chorro subtropical.<\/p>\n<p style=\"text-align: justify;\">En cuanto a la posible emisi\u00f3n de ceniza volc\u00e1nica, las autoridades capitalinas han informado que, en caso de ocurrir, se desplazar\u00eda hacia el Noreste sin afectar a la Ciudad de M\u00e9xico.<\/p>\n<p style=\"text-align: justify;\">Por su parte, las autoridades de Puebla prev\u00e9n que la ceniza, en caso de ser emitida por el volc\u00e1n Popocat\u00e9petl, podr\u00eda dirigirse hacia el norte, afectando \u00e1reas como Angel\u00f3polis y Atlixco.<\/p>\n","protected":false},"excerpt":{"rendered":"<p>M\u00e9xico.- El volc\u00e1n Popocat\u00e9petl amaneci\u00f3 este 22 de noviembre con una sorprendente capa de nieve y una densa neblina, tal como se puede apreciar en las im\u00e1genes captadas por las c\u00e1maras de WebCams M\u00e9xico. Seg\u00fan el pron\u00f3stico del tiempo del Servicio Meteorol\u00f3gico Nacional, se espera un incremento en la probabilidad de ca\u00edda de aguanieve y\/o nieve en las cimas monta\u00f1osas que superan los cuatro mil doscientos metros sobre el nivel del mar, como el Popocat\u00e9petl, el Iztacc\u00edhuatl y el Nevado de Toluca. Esto se debe al ingreso de humedad generado por la corriente en chorro subtropical. En cuanto a la [&hellip;]<\/p>\n","protected":false},"author":2,"featured_media":113909,"comment_status":"closed","ping_status":"closed","sticky":false,"template":"","format":"standard","meta":{"footnotes":""},"categories":[46],"tags":[],"class_list":["post-113841","post","type-post","status-publish","format-standard","has-post-thumbnail","hentry","category-nacional","post--single"],"yoast_head":"<!-- This site is optimized with the Yoast SEO plugin v27.5 - https:\/\/yoast.com\/product\/yoast-seo-wordpress\/ -->\n<title>Cubierto de nieve amaneci\u00f3 el volc\u00e1n Popocat\u00e9petl - Canal 7 SLP - 2023<\/title>\n<meta name=\"robots\" content=\"index, follow, max-snippet:-1, max-image-preview:large, max-video-preview:-1\" \/>\n<link rel=\"canonical\" href=\"https:\/\/canal7slp.tv\/2023\/cubierto-de-nieve-amanecio-el-volcan-popocatepetl\/\" \/>\n<meta property=\"og:locale\" content=\"es_ES\" \/>\n<meta property=\"og:type\" content=\"article\" \/>\n<meta property=\"og:title\" content=\"Cubierto de nieve amaneci\u00f3 el volc\u00e1n Popocat\u00e9petl - Canal 7 SLP - 2023\" \/>\n<meta property=\"og:description\" content=\"M\u00e9xico.- El volc\u00e1n Popocat\u00e9petl amaneci\u00f3 este 22 de noviembre con una sorprendente capa de nieve y una densa neblina, tal como se puede apreciar en las im\u00e1genes captadas por las c\u00e1maras de WebCams M\u00e9xico. Seg\u00fan el pron\u00f3stico del tiempo del Servicio Meteorol\u00f3gico Nacional, se espera un incremento en la probabilidad de ca\u00edda de aguanieve y\/o nieve en las cimas monta\u00f1osas que superan los cuatro mil doscientos metros sobre el nivel del mar, como el Popocat\u00e9petl, el Iztacc\u00edhuatl y el Nevado de Toluca. Esto se debe al ingreso de humedad generado por la corriente en chorro subtropical. En cuanto a la [&hellip;]\" \/>\n<meta property=\"og:url\" content=\"https:\/\/canal7slp.tv\/2023\/cubierto-de-nieve-amanecio-el-volcan-popocatepetl\/\" \/>\n<meta property=\"og:site_name\" content=\"Canal 7 SLP - 2023\" \/>\n<meta property=\"article:publisher\" content=\"https:\/\/www.facebook.com\/noticieroscanalsiete\" \/>\n<meta property=\"article:published_time\" content=\"2023-11-22T23:30:14+00:00\" \/>\n<meta property=\"article:modified_time\" content=\"2023-11-22T23:31:14+00:00\" \/>\n<meta property=\"og:image\" content=\"https:\/\/canal7slp.tv\/2023\/wp-content\/uploads\/2023\/11\/04-3.jpeg\" \/>\n\t<meta property=\"og:image:width\" content=\"800\" \/>\n\t<meta property=\"og:image:height\" content=\"531\" \/>\n\t<meta property=\"og:image:type\" content=\"image\/jpeg\" \/>\n<meta name=\"author\" content=\"Edici\u00f3n Web\" \/>\n<meta name=\"twitter:card\" content=\"summary_large_image\" \/>\n<meta name=\"twitter:creator\" content=\"@NOTICIEROS7\" \/>\n<meta name=\"twitter:site\" content=\"@NOTICIEROS7\" \/>\n<meta name=\"twitter:label1\" content=\"Escrito por\" \/>\n\t<meta name=\"twitter:data1\" content=\"Edici\u00f3n Web\" \/>\n\t<meta name=\"twitter:label2\" content=\"Tiempo de lectura\" \/>\n\t<meta name=\"twitter:data2\" content=\"1 minuto\" \/>\n<script type=\"application\/ld+json\" class=\"yoast-schema-graph\">{\"@context\":\"https:\\\/\\\/schema.org\",\"@graph\":[{\"@type\":\"Article\",\"@id\":\"https:\\\/\\\/canal7slp.tv\\\/2023\\\/cubierto-de-nieve-amanecio-el-volcan-popocatepetl\\\/#article\",\"isPartOf\":{\"@id\":\"https:\\\/\\\/canal7slp.tv\\\/2023\\\/cubierto-de-nieve-amanecio-el-volcan-popocatepetl\\\/\"},\"author\":{\"name\":\"Edici\u00f3n Web\",\"@id\":\"https:\\\/\\\/canal7slp.tv\\\/2023\\\/#\\\/schema\\\/person\\\/639c424e3584069003b11ae813915da6\"},\"headline\":\"Cubierto de nieve amaneci\u00f3 el volc\u00e1n Popocat\u00e9petl\",\"datePublished\":\"2023-11-22T23:30:14+00:00\",\"dateModified\":\"2023-11-22T23:31:14+00:00\",\"mainEntityOfPage\":{\"@id\":\"https:\\\/\\\/canal7slp.tv\\\/2023\\\/cubierto-de-nieve-amanecio-el-volcan-popocatepetl\\\/\"},\"wordCount\":190,\"publisher\":{\"@id\":\"https:\\\/\\\/canal7slp.tv\\\/2023\\\/#organization\"},\"image\":{\"@id\":\"https:\\\/\\\/canal7slp.tv\\\/2023\\\/cubierto-de-nieve-amanecio-el-volcan-popocatepetl\\\/#primaryimage\"},\"thumbnailUrl\":\"https:\\\/\\\/canal7slp.tv\\\/2023\\\/wp-content\\\/uploads\\\/2023\\\/11\\\/04-3.jpeg\",\"articleSection\":[\"NACIONALES\"],\"inLanguage\":\"es\"},{\"@type\":\"WebPage\",\"@id\":\"https:\\\/\\\/canal7slp.tv\\\/2023\\\/cubierto-de-nieve-amanecio-el-volcan-popocatepetl\\\/\",\"url\":\"https:\\\/\\\/canal7slp.tv\\\/2023\\\/cubierto-de-nieve-amanecio-el-volcan-popocatepetl\\\/\",\"name\":\"Cubierto de nieve amaneci\u00f3 el volc\u00e1n Popocat\u00e9petl - Canal 7 SLP - 2023\",\"isPartOf\":{\"@id\":\"https:\\\/\\\/canal7slp.tv\\\/2023\\\/#website\"},\"primaryImageOfPage\":{\"@id\":\"https:\\\/\\\/canal7slp.tv\\\/2023\\\/cubierto-de-nieve-amanecio-el-volcan-popocatepetl\\\/#primaryimage\"},\"image\":{\"@id\":\"https:\\\/\\\/canal7slp.tv\\\/2023\\\/cubierto-de-nieve-amanecio-el-volcan-popocatepetl\\\/#primaryimage\"},\"thumbnailUrl\":\"https:\\\/\\\/canal7slp.tv\\\/2023\\\/wp-content\\\/uploads\\\/2023\\\/11\\\/04-3.jpeg\",\"datePublished\":\"2023-11-22T23:30:14+00:00\",\"dateModified\":\"2023-11-22T23:31:14+00:00\",\"breadcrumb\":{\"@id\":\"https:\\\/\\\/canal7slp.tv\\\/2023\\\/cubierto-de-nieve-amanecio-el-volcan-popocatepetl\\\/#breadcrumb\"},\"inLanguage\":\"es\",\"potentialAction\":[{\"@type\":\"ReadAction\",\"target\":[\"https:\\\/\\\/canal7slp.tv\\\/2023\\\/cubierto-de-nieve-amanecio-el-volcan-popocatepetl\\\/\"]}]},{\"@type\":\"ImageObject\",\"inLanguage\":\"es\",\"@id\":\"https:\\\/\\\/canal7slp.tv\\\/2023\\\/cubierto-de-nieve-amanecio-el-volcan-popocatepetl\\\/#primaryimage\",\"url\":\"https:\\\/\\\/canal7slp.tv\\\/2023\\\/wp-content\\\/uploads\\\/2023\\\/11\\\/04-3.jpeg\",\"contentUrl\":\"https:\\\/\\\/canal7slp.tv\\\/2023\\\/wp-content\\\/uploads\\\/2023\\\/11\\\/04-3.jpeg\",\"width\":800,\"height\":531},{\"@type\":\"BreadcrumbList\",\"@id\":\"https:\\\/\\\/canal7slp.tv\\\/2023\\\/cubierto-de-nieve-amanecio-el-volcan-popocatepetl\\\/#breadcrumb\",\"itemListElement\":[{\"@type\":\"ListItem\",\"position\":1,\"name\":\"Portada\",\"item\":\"https:\\\/\\\/canal7slp.tv\\\/2023\\\/\"},{\"@type\":\"ListItem\",\"position\":2,\"name\":\"Cubierto de nieve amaneci\u00f3 el volc\u00e1n Popocat\u00e9petl\"}]},{\"@type\":\"WebSite\",\"@id\":\"https:\\\/\\\/canal7slp.tv\\\/2023\\\/#website\",\"url\":\"https:\\\/\\\/canal7slp.tv\\\/2023\\\/\",\"name\":\"N7 - Noticieros Canal 7\",\"description\":\"Somos Televisi\u00f3n\",\"publisher\":{\"@id\":\"https:\\\/\\\/canal7slp.tv\\\/2023\\\/#organization\"},\"potentialAction\":[{\"@type\":\"SearchAction\",\"target\":{\"@type\":\"EntryPoint\",\"urlTemplate\":\"https:\\\/\\\/canal7slp.tv\\\/2023\\\/?s={search_term_string}\"},\"query-input\":{\"@type\":\"PropertyValueSpecification\",\"valueRequired\":true,\"valueName\":\"search_term_string\"}}],\"inLanguage\":\"es\"},{\"@type\":\"Organization\",\"@id\":\"https:\\\/\\\/canal7slp.tv\\\/2023\\\/#organization\",\"name\":\"Noticieros Canal 7\",\"url\":\"https:\\\/\\\/canal7slp.tv\\\/2023\\\/\",\"logo\":{\"@type\":\"ImageObject\",\"inLanguage\":\"es\",\"@id\":\"https:\\\/\\\/canal7slp.tv\\\/2023\\\/#\\\/schema\\\/logo\\\/image\\\/\",\"url\":\"https:\\\/\\\/canal7slp.tv\\\/2023\\\/wp-content\\\/uploads\\\/2021\\\/01\\\/logo-noticieros@2x.png\",\"contentUrl\":\"https:\\\/\\\/canal7slp.tv\\\/2023\\\/wp-content\\\/uploads\\\/2021\\\/01\\\/logo-noticieros@2x.png\",\"width\":1017,\"height\":268,\"caption\":\"Noticieros Canal 7\"},\"image\":{\"@id\":\"https:\\\/\\\/canal7slp.tv\\\/2023\\\/#\\\/schema\\\/logo\\\/image\\\/\"},\"sameAs\":[\"https:\\\/\\\/www.facebook.com\\\/noticieroscanalsiete\",\"https:\\\/\\\/x.com\\\/NOTICIEROS7\",\"https:\\\/\\\/www.instagram.com\\\/canal7_slp\",\"https:\\\/\\\/www.youtube.com\\\/channel\\\/UCliiYs-gP3JfJeqdPrNdd5A\"]},{\"@type\":\"Person\",\"@id\":\"https:\\\/\\\/canal7slp.tv\\\/2023\\\/#\\\/schema\\\/person\\\/639c424e3584069003b11ae813915da6\",\"name\":\"Edici\u00f3n Web\",\"image\":{\"@type\":\"ImageObject\",\"inLanguage\":\"es\",\"@id\":\"https:\\\/\\\/secure.gravatar.com\\\/avatar\\\/eee448fc3f7164808013b816ba91ac7e43bbe82a70bebac296f8bc6f0addaa1a?s=96&d=mm&r=g\",\"url\":\"https:\\\/\\\/secure.gravatar.com\\\/avatar\\\/eee448fc3f7164808013b816ba91ac7e43bbe82a70bebac296f8bc6f0addaa1a?s=96&d=mm&r=g\",\"contentUrl\":\"https:\\\/\\\/secure.gravatar.com\\\/avatar\\\/eee448fc3f7164808013b816ba91ac7e43bbe82a70bebac296f8bc6f0addaa1a?s=96&d=mm&r=g\",\"caption\":\"Edici\u00f3n Web\"},\"url\":\"https:\\\/\\\/canal7slp.tv\\\/2023\\\/author\\\/edicionweb\\\/\"}]}<\/script>\n<!-- \/ Yoast SEO plugin. -->","yoast_head_json":{"title":"Cubierto de nieve amaneci\u00f3 el volc\u00e1n Popocat\u00e9petl - Canal 7 SLP - 2023","robots":{"index":"index","follow":"follow","max-snippet":"max-snippet:-1","max-image-preview":"max-image-preview:large","max-video-preview":"max-video-preview:-1"},"canonical":"https:\/\/canal7slp.tv\/2023\/cubierto-de-nieve-amanecio-el-volcan-popocatepetl\/","og_locale":"es_ES","og_type":"article","og_title":"Cubierto de nieve amaneci\u00f3 el volc\u00e1n Popocat\u00e9petl - Canal 7 SLP - 2023","og_description":"M\u00e9xico.- El volc\u00e1n Popocat\u00e9petl amaneci\u00f3 este 22 de noviembre con una sorprendente capa de nieve y una densa neblina, tal como se puede apreciar en las im\u00e1genes captadas por las c\u00e1maras de WebCams M\u00e9xico. Seg\u00fan el pron\u00f3stico del tiempo del Servicio Meteorol\u00f3gico Nacional, se espera un incremento en la probabilidad de ca\u00edda de aguanieve y\/o nieve en las cimas monta\u00f1osas que superan los cuatro mil doscientos metros sobre el nivel del mar, como el Popocat\u00e9petl, el Iztacc\u00edhuatl y el Nevado de Toluca. Esto se debe al ingreso de humedad generado por la corriente en chorro subtropical. En cuanto a la [&hellip;]","og_url":"https:\/\/canal7slp.tv\/2023\/cubierto-de-nieve-amanecio-el-volcan-popocatepetl\/","og_site_name":"Canal 7 SLP - 2023","article_publisher":"https:\/\/www.facebook.com\/noticieroscanalsiete","article_published_time":"2023-11-22T23:30:14+00:00","article_modified_time":"2023-11-22T23:31:14+00:00","og_image":[{"width":800,"height":531,"url":"https:\/\/canal7slp.tv\/2023\/wp-content\/uploads\/2023\/11\/04-3.jpeg","type":"image\/jpeg"}],"author":"Edici\u00f3n Web","twitter_card":"summary_large_image","twitter_creator":"@NOTICIEROS7","twitter_site":"@NOTICIEROS7","twitter_misc":{"Escrito por":"Edici\u00f3n Web","Tiempo de lectura":"1 minuto"},"schema":{"@context":"https:\/\/schema.org","@graph":[{"@type":"Article","@id":"https:\/\/canal7slp.tv\/2023\/cubierto-de-nieve-amanecio-el-volcan-popocatepetl\/#article","isPartOf":{"@id":"https:\/\/canal7slp.tv\/2023\/cubierto-de-nieve-amanecio-el-volcan-popocatepetl\/"},"author":{"name":"Edici\u00f3n Web","@id":"https:\/\/canal7slp.tv\/2023\/#\/schema\/person\/639c424e3584069003b11ae813915da6"},"headline":"Cubierto de nieve amaneci\u00f3 el volc\u00e1n Popocat\u00e9petl","datePublished":"2023-11-22T23:30:14+00:00","dateModified":"2023-11-22T23:31:14+00:00","mainEntityOfPage":{"@id":"https:\/\/canal7slp.tv\/2023\/cubierto-de-nieve-amanecio-el-volcan-popocatepetl\/"},"wordCount":190,"publisher":{"@id":"https:\/\/canal7slp.tv\/2023\/#organization"},"image":{"@id":"https:\/\/canal7slp.tv\/2023\/cubierto-de-nieve-amanecio-el-volcan-popocatepetl\/#primaryimage"},"thumbnailUrl":"https:\/\/canal7slp.tv\/2023\/wp-content\/uploads\/2023\/11\/04-3.jpeg","articleSection":["NACIONALES"],"inLanguage":"es"},{"@type":"WebPage","@id":"https:\/\/canal7slp.tv\/2023\/cubierto-de-nieve-amanecio-el-volcan-popocatepetl\/","url":"https:\/\/canal7slp.tv\/2023\/cubierto-de-nieve-amanecio-el-volcan-popocatepetl\/","name":"Cubierto de nieve amaneci\u00f3 el volc\u00e1n Popocat\u00e9petl - Canal 7 SLP - 2023","isPartOf":{"@id":"https:\/\/canal7slp.tv\/2023\/#website"},"primaryImageOfPage":{"@id":"https:\/\/canal7slp.tv\/2023\/cubierto-de-nieve-amanecio-el-volcan-popocatepetl\/#primaryimage"},"image":{"@id":"https:\/\/canal7slp.tv\/2023\/cubierto-de-nieve-amanecio-el-volcan-popocatepetl\/#primaryimage"},"thumbnailUrl":"https:\/\/canal7slp.tv\/2023\/wp-content\/uploads\/2023\/11\/04-3.jpeg","datePublished":"2023-11-22T23:30:14+00:00","dateModified":"2023-11-22T23:31:14+00:00","breadcrumb":{"@id":"https:\/\/canal7slp.tv\/2023\/cubierto-de-nieve-amanecio-el-volcan-popocatepetl\/#breadcrumb"},"inLanguage":"es","potentialAction":[{"@type":"ReadAction","target":["https:\/\/canal7slp.tv\/2023\/cubierto-de-nieve-amanecio-el-volcan-popocatepetl\/"]}]},{"@type":"ImageObject","inLanguage":"es","@id":"https:\/\/canal7slp.tv\/2023\/cubierto-de-nieve-amanecio-el-volcan-popocatepetl\/#primaryimage","url":"https:\/\/canal7slp.tv\/2023\/wp-content\/uploads\/2023\/11\/04-3.jpeg","contentUrl":"https:\/\/canal7slp.tv\/2023\/wp-content\/uploads\/2023\/11\/04-3.jpeg","width":800,"height":531},{"@type":"BreadcrumbList","@id":"https:\/\/canal7slp.tv\/2023\/cubierto-de-nieve-amanecio-el-volcan-popocatepetl\/#breadcrumb","itemListElement":[{"@type":"ListItem","position":1,"name":"Portada","item":"https:\/\/canal7slp.tv\/2023\/"},{"@type":"ListItem","position":2,"name":"Cubierto de nieve amaneci\u00f3 el volc\u00e1n Popocat\u00e9petl"}]},{"@type":"WebSite","@id":"https:\/\/canal7slp.tv\/2023\/#website","url":"https:\/\/canal7slp.tv\/2023\/","name":"N7 - Noticieros Canal 7","description":"Somos Televisi\u00f3n","publisher":{"@id":"https:\/\/canal7slp.tv\/2023\/#organization"},"potentialAction":[{"@type":"SearchAction","target":{"@type":"EntryPoint","urlTemplate":"https:\/\/canal7slp.tv\/2023\/?s={search_term_string}"},"query-input":{"@type":"PropertyValueSpecification","valueRequired":true,"valueName":"search_term_string"}}],"inLanguage":"es"},{"@type":"Organization","@id":"https:\/\/canal7slp.tv\/2023\/#organization","name":"Noticieros Canal 7","url":"https:\/\/canal7slp.tv\/2023\/","logo":{"@type":"ImageObject","inLanguage":"es","@id":"https:\/\/canal7slp.tv\/2023\/#\/schema\/logo\/image\/","url":"https:\/\/canal7slp.tv\/2023\/wp-content\/uploads\/2021\/01\/logo-noticieros@2x.png","contentUrl":"https:\/\/canal7slp.tv\/2023\/wp-content\/uploads\/2021\/01\/logo-noticieros@2x.png","width":1017,"height":268,"caption":"Noticieros Canal 7"},"image":{"@id":"https:\/\/canal7slp.tv\/2023\/#\/schema\/logo\/image\/"},"sameAs":["https:\/\/www.facebook.com\/noticieroscanalsiete","https:\/\/x.com\/NOTICIEROS7","https:\/\/www.instagram.com\/canal7_slp","https:\/\/www.youtube.com\/channel\/UCliiYs-gP3JfJeqdPrNdd5A"]},{"@type":"Person","@id":"https:\/\/canal7slp.tv\/2023\/#\/schema\/person\/639c424e3584069003b11ae813915da6","name":"Edici\u00f3n Web","image":{"@type":"ImageObject","inLanguage":"es","@id":"https:\/\/secure.gravatar.com\/avatar\/eee448fc3f7164808013b816ba91ac7e43bbe82a70bebac296f8bc6f0addaa1a?s=96&d=mm&r=g","url":"https:\/\/secure.gravatar.com\/avatar\/eee448fc3f7164808013b816ba91ac7e43bbe82a70bebac296f8bc6f0addaa1a?s=96&d=mm&r=g","contentUrl":"https:\/\/secure.gravatar.com\/avatar\/eee448fc3f7164808013b816ba91ac7e43bbe82a70bebac296f8bc6f0addaa1a?s=96&d=mm&r=g","caption":"Edici\u00f3n Web"},"url":"https:\/\/canal7slp.tv\/2023\/author\/edicionweb\/"}]}},"_links":{"self":[{"href":"https:\/\/canal7slp.tv\/2023\/wp-json\/wp\/v2\/posts\/113841","targetHints":{"allow":["GET"]}}],"collection":[{"href":"https:\/\/canal7slp.tv\/2023\/wp-json\/wp\/v2\/posts"}],"about":[{"href":"https:\/\/canal7slp.tv\/2023\/wp-json\/wp\/v2\/types\/post"}],"author":[{"embeddable":true,"href":"https:\/\/canal7slp.tv\/2023\/wp-json\/wp\/v2\/users\/2"}],"replies":[{"embeddable":true,"href":"https:\/\/canal7slp.tv\/2023\/wp-json\/wp\/v2\/comments?post=113841"}],"version-history":[{"count":3,"href":"https:\/\/canal7slp.tv\/2023\/wp-json\/wp\/v2\/posts\/113841\/revisions"}],"predecessor-version":[{"id":113908,"href":"https:\/\/canal7slp.tv\/2023\/wp-json\/wp\/v2\/posts\/113841\/revisions\/113908"}],"wp:featuredmedia":[{"embeddable":true,"href":"https:\/\/canal7slp.tv\/2023\/wp-json\/wp\/v2\/media\/113909"}],"wp:attachment":[{"href":"https:\/\/canal7slp.tv\/2023\/wp-json\/wp\/v2\/media?parent=113841"}],"wp:term":[{"taxonomy":"category","embeddable":true,"href":"https:\/\/canal7slp.tv\/2023\/wp-json\/wp\/v2\/categories?post=113841"},{"taxonomy":"post_tag","embeddable":true,"href":"https:\/\/canal7slp.tv\/2023\/wp-json\/wp\/v2\/tags?post=113841"}],"curies":[{"name":"wp","href":"https:\/\/api.w.org\/{rel}","templated":true}]}}