{"id":113839,"date":"2023-11-22T17:28:20","date_gmt":"2023-11-22T23:28:20","guid":{"rendered":"https:\/\/canal7slp.tv\/2023\/?p=113839"},"modified":"2023-11-22T17:28:20","modified_gmt":"2023-11-22T23:28:20","slug":"proponen-hasta-cuatro-anos-de-carcel-por-cantar-mal-el-himno-nacional","status":"publish","type":"post","link":"https:\/\/canal7slp.tv\/2023\/proponen-hasta-cuatro-anos-de-carcel-por-cantar-mal-el-himno-nacional\/","title":{"rendered":"Proponen hasta cuatro a\u00f1os de c\u00e1rcel por cantar mal el Himno Nacional"},"content":{"rendered":"<p style=\"text-align: justify;\">M\u00e9xico.- La legisladora de MORENA, Ana Elizabeth Ayala Leyva, present\u00f3 una propuesta que busca establecer sanciones por conductas inapropiadas relacionadas con los s\u00edmbolos patrios.<\/p>\n<p style=\"text-align: justify;\">La diputada se\u00f1al\u00f3 que existen casos en los que artistas han interpretado incorrectamente el Himno Nacional, mencionando a Jorge \u00abCoque\u00bb Mu\u00f1iz, \u00c1ngela Aguilar y otros como ejemplos.<\/p>\n<p style=\"text-align: justify;\">Adem\u00e1s, se hizo menci\u00f3n al caso de un aficionado conocido como \u00abCaramelo\u00bb que ha asistido a partidos de la Selecci\u00f3n Mexicana con indumentaria que incluye im\u00e1genes de la Bandera adornada con marcas publicitarias.<\/p>\n<p style=\"text-align: justify;\">La propuesta implica modificaciones al Art\u00edculo 56 de la Ley Sobre el Escudo, la Bandera y el Himno Nacionales, espec\u00edficamente en sus fracciones III y IV. Estos cambios incluyen:<\/p>\n<ul style=\"text-align: justify;\">\n<li>Aumentar la multa por reincidencia en infracciones a 207 mil pesos.<\/li>\n<li>Establecer penas de prisi\u00f3n de 72 horas hasta 4 a\u00f1os.<\/li>\n<\/ul>\n<p style=\"text-align: justify;\">Adem\u00e1s, se plantea una reforma al C\u00f3digo Penal Federal, en los art\u00edculos 191 y 192, para sancionar con multas de hasta 103 mil pesos por ultraje al escudo de la Rep\u00fablica o la bandera nacional, ya sea de palabra o de obra.<\/p>\n<p style=\"text-align: justify;\">Tambi\u00e9n se propone una multa de hasta 103 mil pesos por uso indebido de los s\u00edmbolos patrios.<\/p>\n","protected":false},"excerpt":{"rendered":"<p>M\u00e9xico.- La legisladora de MORENA, Ana Elizabeth Ayala Leyva, present\u00f3 una propuesta que busca establecer sanciones por conductas inapropiadas relacionadas con los s\u00edmbolos patrios. La diputada se\u00f1al\u00f3 que existen casos en los que artistas han interpretado incorrectamente el Himno Nacional, mencionando a Jorge \u00abCoque\u00bb Mu\u00f1iz, \u00c1ngela Aguilar y otros como ejemplos. Adem\u00e1s, se hizo menci\u00f3n al caso de un aficionado conocido como \u00abCaramelo\u00bb que ha asistido a partidos de la Selecci\u00f3n Mexicana con indumentaria que incluye im\u00e1genes de la Bandera adornada con marcas publicitarias. La propuesta implica modificaciones al Art\u00edculo 56 de la Ley Sobre el Escudo, la Bandera y [&hellip;]<\/p>\n","protected":false},"author":2,"featured_media":113855,"comment_status":"closed","ping_status":"closed","sticky":false,"template":"","format":"standard","meta":{"footnotes":""},"categories":[46],"tags":[],"class_list":["post-113839","post","type-post","status-publish","format-standard","has-post-thumbnail","hentry","category-nacional","post--single"],"yoast_head":"<!-- This site is optimized with the Yoast SEO plugin v27.5 - https:\/\/yoast.com\/product\/yoast-seo-wordpress\/ -->\n<title>Proponen hasta cuatro a\u00f1os de c\u00e1rcel por cantar mal el Himno Nacional - Canal 7 SLP - 2023<\/title>\n<meta name=\"robots\" content=\"index, follow, max-snippet:-1, max-image-preview:large, max-video-preview:-1\" \/>\n<link rel=\"canonical\" href=\"https:\/\/canal7slp.tv\/2023\/proponen-hasta-cuatro-anos-de-carcel-por-cantar-mal-el-himno-nacional\/\" \/>\n<meta property=\"og:locale\" content=\"es_ES\" \/>\n<meta property=\"og:type\" content=\"article\" \/>\n<meta property=\"og:title\" content=\"Proponen hasta cuatro a\u00f1os de c\u00e1rcel por cantar mal el Himno Nacional - Canal 7 SLP - 2023\" \/>\n<meta property=\"og:description\" content=\"M\u00e9xico.- La legisladora de MORENA, Ana Elizabeth Ayala Leyva, present\u00f3 una propuesta que busca establecer sanciones por conductas inapropiadas relacionadas con los s\u00edmbolos patrios. La diputada se\u00f1al\u00f3 que existen casos en los que artistas han interpretado incorrectamente el Himno Nacional, mencionando a Jorge \u00abCoque\u00bb Mu\u00f1iz, \u00c1ngela Aguilar y otros como ejemplos. Adem\u00e1s, se hizo menci\u00f3n al caso de un aficionado conocido como \u00abCaramelo\u00bb que ha asistido a partidos de la Selecci\u00f3n Mexicana con indumentaria que incluye im\u00e1genes de la Bandera adornada con marcas publicitarias. La propuesta implica modificaciones al Art\u00edculo 56 de la Ley Sobre el Escudo, la Bandera y [&hellip;]\" \/>\n<meta property=\"og:url\" content=\"https:\/\/canal7slp.tv\/2023\/proponen-hasta-cuatro-anos-de-carcel-por-cantar-mal-el-himno-nacional\/\" \/>\n<meta property=\"og:site_name\" content=\"Canal 7 SLP - 2023\" \/>\n<meta property=\"article:publisher\" content=\"https:\/\/www.facebook.com\/noticieroscanalsiete\" \/>\n<meta property=\"article:published_time\" content=\"2023-11-22T23:28:20+00:00\" \/>\n<meta property=\"og:image\" content=\"https:\/\/canal7slp.tv\/2023\/wp-content\/uploads\/2023\/11\/02-1.png\" \/>\n\t<meta property=\"og:image:width\" content=\"710\" \/>\n\t<meta property=\"og:image:height\" content=\"350\" \/>\n\t<meta property=\"og:image:type\" content=\"image\/png\" \/>\n<meta name=\"author\" content=\"Edici\u00f3n Web\" \/>\n<meta name=\"twitter:card\" content=\"summary_large_image\" \/>\n<meta name=\"twitter:creator\" content=\"@NOTICIEROS7\" \/>\n<meta name=\"twitter:site\" content=\"@NOTICIEROS7\" \/>\n<meta name=\"twitter:label1\" content=\"Escrito por\" \/>\n\t<meta name=\"twitter:data1\" content=\"Edici\u00f3n Web\" \/>\n\t<meta name=\"twitter:label2\" content=\"Tiempo de lectura\" \/>\n\t<meta name=\"twitter:data2\" content=\"1 minuto\" \/>\n<script type=\"application\/ld+json\" class=\"yoast-schema-graph\">{\"@context\":\"https:\\\/\\\/schema.org\",\"@graph\":[{\"@type\":\"Article\",\"@id\":\"https:\\\/\\\/canal7slp.tv\\\/2023\\\/proponen-hasta-cuatro-anos-de-carcel-por-cantar-mal-el-himno-nacional\\\/#article\",\"isPartOf\":{\"@id\":\"https:\\\/\\\/canal7slp.tv\\\/2023\\\/proponen-hasta-cuatro-anos-de-carcel-por-cantar-mal-el-himno-nacional\\\/\"},\"author\":{\"name\":\"Edici\u00f3n Web\",\"@id\":\"https:\\\/\\\/canal7slp.tv\\\/2023\\\/#\\\/schema\\\/person\\\/639c424e3584069003b11ae813915da6\"},\"headline\":\"Proponen hasta cuatro a\u00f1os de c\u00e1rcel por cantar mal el Himno Nacional\",\"datePublished\":\"2023-11-22T23:28:20+00:00\",\"mainEntityOfPage\":{\"@id\":\"https:\\\/\\\/canal7slp.tv\\\/2023\\\/proponen-hasta-cuatro-anos-de-carcel-por-cantar-mal-el-himno-nacional\\\/\"},\"wordCount\":218,\"publisher\":{\"@id\":\"https:\\\/\\\/canal7slp.tv\\\/2023\\\/#organization\"},\"image\":{\"@id\":\"https:\\\/\\\/canal7slp.tv\\\/2023\\\/proponen-hasta-cuatro-anos-de-carcel-por-cantar-mal-el-himno-nacional\\\/#primaryimage\"},\"thumbnailUrl\":\"https:\\\/\\\/canal7slp.tv\\\/2023\\\/wp-content\\\/uploads\\\/2023\\\/11\\\/02-1.png\",\"articleSection\":[\"NACIONALES\"],\"inLanguage\":\"es\"},{\"@type\":\"WebPage\",\"@id\":\"https:\\\/\\\/canal7slp.tv\\\/2023\\\/proponen-hasta-cuatro-anos-de-carcel-por-cantar-mal-el-himno-nacional\\\/\",\"url\":\"https:\\\/\\\/canal7slp.tv\\\/2023\\\/proponen-hasta-cuatro-anos-de-carcel-por-cantar-mal-el-himno-nacional\\\/\",\"name\":\"Proponen hasta cuatro a\u00f1os de c\u00e1rcel por cantar mal el Himno Nacional - Canal 7 SLP - 2023\",\"isPartOf\":{\"@id\":\"https:\\\/\\\/canal7slp.tv\\\/2023\\\/#website\"},\"primaryImageOfPage\":{\"@id\":\"https:\\\/\\\/canal7slp.tv\\\/2023\\\/proponen-hasta-cuatro-anos-de-carcel-por-cantar-mal-el-himno-nacional\\\/#primaryimage\"},\"image\":{\"@id\":\"https:\\\/\\\/canal7slp.tv\\\/2023\\\/proponen-hasta-cuatro-anos-de-carcel-por-cantar-mal-el-himno-nacional\\\/#primaryimage\"},\"thumbnailUrl\":\"https:\\\/\\\/canal7slp.tv\\\/2023\\\/wp-content\\\/uploads\\\/2023\\\/11\\\/02-1.png\",\"datePublished\":\"2023-11-22T23:28:20+00:00\",\"breadcrumb\":{\"@id\":\"https:\\\/\\\/canal7slp.tv\\\/2023\\\/proponen-hasta-cuatro-anos-de-carcel-por-cantar-mal-el-himno-nacional\\\/#breadcrumb\"},\"inLanguage\":\"es\",\"potentialAction\":[{\"@type\":\"ReadAction\",\"target\":[\"https:\\\/\\\/canal7slp.tv\\\/2023\\\/proponen-hasta-cuatro-anos-de-carcel-por-cantar-mal-el-himno-nacional\\\/\"]}]},{\"@type\":\"ImageObject\",\"inLanguage\":\"es\",\"@id\":\"https:\\\/\\\/canal7slp.tv\\\/2023\\\/proponen-hasta-cuatro-anos-de-carcel-por-cantar-mal-el-himno-nacional\\\/#primaryimage\",\"url\":\"https:\\\/\\\/canal7slp.tv\\\/2023\\\/wp-content\\\/uploads\\\/2023\\\/11\\\/02-1.png\",\"contentUrl\":\"https:\\\/\\\/canal7slp.tv\\\/2023\\\/wp-content\\\/uploads\\\/2023\\\/11\\\/02-1.png\",\"width\":710,\"height\":350},{\"@type\":\"BreadcrumbList\",\"@id\":\"https:\\\/\\\/canal7slp.tv\\\/2023\\\/proponen-hasta-cuatro-anos-de-carcel-por-cantar-mal-el-himno-nacional\\\/#breadcrumb\",\"itemListElement\":[{\"@type\":\"ListItem\",\"position\":1,\"name\":\"Portada\",\"item\":\"https:\\\/\\\/canal7slp.tv\\\/2023\\\/\"},{\"@type\":\"ListItem\",\"position\":2,\"name\":\"Proponen hasta cuatro a\u00f1os de c\u00e1rcel por cantar mal el Himno Nacional\"}]},{\"@type\":\"WebSite\",\"@id\":\"https:\\\/\\\/canal7slp.tv\\\/2023\\\/#website\",\"url\":\"https:\\\/\\\/canal7slp.tv\\\/2023\\\/\",\"name\":\"N7 - Noticieros Canal 7\",\"description\":\"Somos Televisi\u00f3n\",\"publisher\":{\"@id\":\"https:\\\/\\\/canal7slp.tv\\\/2023\\\/#organization\"},\"potentialAction\":[{\"@type\":\"SearchAction\",\"target\":{\"@type\":\"EntryPoint\",\"urlTemplate\":\"https:\\\/\\\/canal7slp.tv\\\/2023\\\/?s={search_term_string}\"},\"query-input\":{\"@type\":\"PropertyValueSpecification\",\"valueRequired\":true,\"valueName\":\"search_term_string\"}}],\"inLanguage\":\"es\"},{\"@type\":\"Organization\",\"@id\":\"https:\\\/\\\/canal7slp.tv\\\/2023\\\/#organization\",\"name\":\"Noticieros Canal 7\",\"url\":\"https:\\\/\\\/canal7slp.tv\\\/2023\\\/\",\"logo\":{\"@type\":\"ImageObject\",\"inLanguage\":\"es\",\"@id\":\"https:\\\/\\\/canal7slp.tv\\\/2023\\\/#\\\/schema\\\/logo\\\/image\\\/\",\"url\":\"https:\\\/\\\/canal7slp.tv\\\/2023\\\/wp-content\\\/uploads\\\/2021\\\/01\\\/logo-noticieros@2x.png\",\"contentUrl\":\"https:\\\/\\\/canal7slp.tv\\\/2023\\\/wp-content\\\/uploads\\\/2021\\\/01\\\/logo-noticieros@2x.png\",\"width\":1017,\"height\":268,\"caption\":\"Noticieros Canal 7\"},\"image\":{\"@id\":\"https:\\\/\\\/canal7slp.tv\\\/2023\\\/#\\\/schema\\\/logo\\\/image\\\/\"},\"sameAs\":[\"https:\\\/\\\/www.facebook.com\\\/noticieroscanalsiete\",\"https:\\\/\\\/x.com\\\/NOTICIEROS7\",\"https:\\\/\\\/www.instagram.com\\\/canal7_slp\",\"https:\\\/\\\/www.youtube.com\\\/channel\\\/UCliiYs-gP3JfJeqdPrNdd5A\"]},{\"@type\":\"Person\",\"@id\":\"https:\\\/\\\/canal7slp.tv\\\/2023\\\/#\\\/schema\\\/person\\\/639c424e3584069003b11ae813915da6\",\"name\":\"Edici\u00f3n Web\",\"image\":{\"@type\":\"ImageObject\",\"inLanguage\":\"es\",\"@id\":\"https:\\\/\\\/secure.gravatar.com\\\/avatar\\\/eee448fc3f7164808013b816ba91ac7e43bbe82a70bebac296f8bc6f0addaa1a?s=96&d=mm&r=g\",\"url\":\"https:\\\/\\\/secure.gravatar.com\\\/avatar\\\/eee448fc3f7164808013b816ba91ac7e43bbe82a70bebac296f8bc6f0addaa1a?s=96&d=mm&r=g\",\"contentUrl\":\"https:\\\/\\\/secure.gravatar.com\\\/avatar\\\/eee448fc3f7164808013b816ba91ac7e43bbe82a70bebac296f8bc6f0addaa1a?s=96&d=mm&r=g\",\"caption\":\"Edici\u00f3n Web\"},\"url\":\"https:\\\/\\\/canal7slp.tv\\\/2023\\\/author\\\/edicionweb\\\/\"}]}<\/script>\n<!-- \/ Yoast SEO plugin. -->","yoast_head_json":{"title":"Proponen hasta cuatro a\u00f1os de c\u00e1rcel por cantar mal el Himno Nacional - Canal 7 SLP - 2023","robots":{"index":"index","follow":"follow","max-snippet":"max-snippet:-1","max-image-preview":"max-image-preview:large","max-video-preview":"max-video-preview:-1"},"canonical":"https:\/\/canal7slp.tv\/2023\/proponen-hasta-cuatro-anos-de-carcel-por-cantar-mal-el-himno-nacional\/","og_locale":"es_ES","og_type":"article","og_title":"Proponen hasta cuatro a\u00f1os de c\u00e1rcel por cantar mal el Himno Nacional - Canal 7 SLP - 2023","og_description":"M\u00e9xico.- La legisladora de MORENA, Ana Elizabeth Ayala Leyva, present\u00f3 una propuesta que busca establecer sanciones por conductas inapropiadas relacionadas con los s\u00edmbolos patrios. La diputada se\u00f1al\u00f3 que existen casos en los que artistas han interpretado incorrectamente el Himno Nacional, mencionando a Jorge \u00abCoque\u00bb Mu\u00f1iz, \u00c1ngela Aguilar y otros como ejemplos. Adem\u00e1s, se hizo menci\u00f3n al caso de un aficionado conocido como \u00abCaramelo\u00bb que ha asistido a partidos de la Selecci\u00f3n Mexicana con indumentaria que incluye im\u00e1genes de la Bandera adornada con marcas publicitarias. La propuesta implica modificaciones al Art\u00edculo 56 de la Ley Sobre el Escudo, la Bandera y [&hellip;]","og_url":"https:\/\/canal7slp.tv\/2023\/proponen-hasta-cuatro-anos-de-carcel-por-cantar-mal-el-himno-nacional\/","og_site_name":"Canal 7 SLP - 2023","article_publisher":"https:\/\/www.facebook.com\/noticieroscanalsiete","article_published_time":"2023-11-22T23:28:20+00:00","og_image":[{"width":710,"height":350,"url":"https:\/\/canal7slp.tv\/2023\/wp-content\/uploads\/2023\/11\/02-1.png","type":"image\/png"}],"author":"Edici\u00f3n Web","twitter_card":"summary_large_image","twitter_creator":"@NOTICIEROS7","twitter_site":"@NOTICIEROS7","twitter_misc":{"Escrito por":"Edici\u00f3n Web","Tiempo de lectura":"1 minuto"},"schema":{"@context":"https:\/\/schema.org","@graph":[{"@type":"Article","@id":"https:\/\/canal7slp.tv\/2023\/proponen-hasta-cuatro-anos-de-carcel-por-cantar-mal-el-himno-nacional\/#article","isPartOf":{"@id":"https:\/\/canal7slp.tv\/2023\/proponen-hasta-cuatro-anos-de-carcel-por-cantar-mal-el-himno-nacional\/"},"author":{"name":"Edici\u00f3n Web","@id":"https:\/\/canal7slp.tv\/2023\/#\/schema\/person\/639c424e3584069003b11ae813915da6"},"headline":"Proponen hasta cuatro a\u00f1os de c\u00e1rcel por cantar mal el Himno Nacional","datePublished":"2023-11-22T23:28:20+00:00","mainEntityOfPage":{"@id":"https:\/\/canal7slp.tv\/2023\/proponen-hasta-cuatro-anos-de-carcel-por-cantar-mal-el-himno-nacional\/"},"wordCount":218,"publisher":{"@id":"https:\/\/canal7slp.tv\/2023\/#organization"},"image":{"@id":"https:\/\/canal7slp.tv\/2023\/proponen-hasta-cuatro-anos-de-carcel-por-cantar-mal-el-himno-nacional\/#primaryimage"},"thumbnailUrl":"https:\/\/canal7slp.tv\/2023\/wp-content\/uploads\/2023\/11\/02-1.png","articleSection":["NACIONALES"],"inLanguage":"es"},{"@type":"WebPage","@id":"https:\/\/canal7slp.tv\/2023\/proponen-hasta-cuatro-anos-de-carcel-por-cantar-mal-el-himno-nacional\/","url":"https:\/\/canal7slp.tv\/2023\/proponen-hasta-cuatro-anos-de-carcel-por-cantar-mal-el-himno-nacional\/","name":"Proponen hasta cuatro a\u00f1os de c\u00e1rcel por cantar mal el Himno Nacional - Canal 7 SLP - 2023","isPartOf":{"@id":"https:\/\/canal7slp.tv\/2023\/#website"},"primaryImageOfPage":{"@id":"https:\/\/canal7slp.tv\/2023\/proponen-hasta-cuatro-anos-de-carcel-por-cantar-mal-el-himno-nacional\/#primaryimage"},"image":{"@id":"https:\/\/canal7slp.tv\/2023\/proponen-hasta-cuatro-anos-de-carcel-por-cantar-mal-el-himno-nacional\/#primaryimage"},"thumbnailUrl":"https:\/\/canal7slp.tv\/2023\/wp-content\/uploads\/2023\/11\/02-1.png","datePublished":"2023-11-22T23:28:20+00:00","breadcrumb":{"@id":"https:\/\/canal7slp.tv\/2023\/proponen-hasta-cuatro-anos-de-carcel-por-cantar-mal-el-himno-nacional\/#breadcrumb"},"inLanguage":"es","potentialAction":[{"@type":"ReadAction","target":["https:\/\/canal7slp.tv\/2023\/proponen-hasta-cuatro-anos-de-carcel-por-cantar-mal-el-himno-nacional\/"]}]},{"@type":"ImageObject","inLanguage":"es","@id":"https:\/\/canal7slp.tv\/2023\/proponen-hasta-cuatro-anos-de-carcel-por-cantar-mal-el-himno-nacional\/#primaryimage","url":"https:\/\/canal7slp.tv\/2023\/wp-content\/uploads\/2023\/11\/02-1.png","contentUrl":"https:\/\/canal7slp.tv\/2023\/wp-content\/uploads\/2023\/11\/02-1.png","width":710,"height":350},{"@type":"BreadcrumbList","@id":"https:\/\/canal7slp.tv\/2023\/proponen-hasta-cuatro-anos-de-carcel-por-cantar-mal-el-himno-nacional\/#breadcrumb","itemListElement":[{"@type":"ListItem","position":1,"name":"Portada","item":"https:\/\/canal7slp.tv\/2023\/"},{"@type":"ListItem","position":2,"name":"Proponen hasta cuatro a\u00f1os de c\u00e1rcel por cantar mal el Himno Nacional"}]},{"@type":"WebSite","@id":"https:\/\/canal7slp.tv\/2023\/#website","url":"https:\/\/canal7slp.tv\/2023\/","name":"N7 - Noticieros Canal 7","description":"Somos Televisi\u00f3n","publisher":{"@id":"https:\/\/canal7slp.tv\/2023\/#organization"},"potentialAction":[{"@type":"SearchAction","target":{"@type":"EntryPoint","urlTemplate":"https:\/\/canal7slp.tv\/2023\/?s={search_term_string}"},"query-input":{"@type":"PropertyValueSpecification","valueRequired":true,"valueName":"search_term_string"}}],"inLanguage":"es"},{"@type":"Organization","@id":"https:\/\/canal7slp.tv\/2023\/#organization","name":"Noticieros Canal 7","url":"https:\/\/canal7slp.tv\/2023\/","logo":{"@type":"ImageObject","inLanguage":"es","@id":"https:\/\/canal7slp.tv\/2023\/#\/schema\/logo\/image\/","url":"https:\/\/canal7slp.tv\/2023\/wp-content\/uploads\/2021\/01\/logo-noticieros@2x.png","contentUrl":"https:\/\/canal7slp.tv\/2023\/wp-content\/uploads\/2021\/01\/logo-noticieros@2x.png","width":1017,"height":268,"caption":"Noticieros Canal 7"},"image":{"@id":"https:\/\/canal7slp.tv\/2023\/#\/schema\/logo\/image\/"},"sameAs":["https:\/\/www.facebook.com\/noticieroscanalsiete","https:\/\/x.com\/NOTICIEROS7","https:\/\/www.instagram.com\/canal7_slp","https:\/\/www.youtube.com\/channel\/UCliiYs-gP3JfJeqdPrNdd5A"]},{"@type":"Person","@id":"https:\/\/canal7slp.tv\/2023\/#\/schema\/person\/639c424e3584069003b11ae813915da6","name":"Edici\u00f3n Web","image":{"@type":"ImageObject","inLanguage":"es","@id":"https:\/\/secure.gravatar.com\/avatar\/eee448fc3f7164808013b816ba91ac7e43bbe82a70bebac296f8bc6f0addaa1a?s=96&d=mm&r=g","url":"https:\/\/secure.gravatar.com\/avatar\/eee448fc3f7164808013b816ba91ac7e43bbe82a70bebac296f8bc6f0addaa1a?s=96&d=mm&r=g","contentUrl":"https:\/\/secure.gravatar.com\/avatar\/eee448fc3f7164808013b816ba91ac7e43bbe82a70bebac296f8bc6f0addaa1a?s=96&d=mm&r=g","caption":"Edici\u00f3n Web"},"url":"https:\/\/canal7slp.tv\/2023\/author\/edicionweb\/"}]}},"_links":{"self":[{"href":"https:\/\/canal7slp.tv\/2023\/wp-json\/wp\/v2\/posts\/113839","targetHints":{"allow":["GET"]}}],"collection":[{"href":"https:\/\/canal7slp.tv\/2023\/wp-json\/wp\/v2\/posts"}],"about":[{"href":"https:\/\/canal7slp.tv\/2023\/wp-json\/wp\/v2\/types\/post"}],"author":[{"embeddable":true,"href":"https:\/\/canal7slp.tv\/2023\/wp-json\/wp\/v2\/users\/2"}],"replies":[{"embeddable":true,"href":"https:\/\/canal7slp.tv\/2023\/wp-json\/wp\/v2\/comments?post=113839"}],"version-history":[{"count":3,"href":"https:\/\/canal7slp.tv\/2023\/wp-json\/wp\/v2\/posts\/113839\/revisions"}],"predecessor-version":[{"id":113906,"href":"https:\/\/canal7slp.tv\/2023\/wp-json\/wp\/v2\/posts\/113839\/revisions\/113906"}],"wp:featuredmedia":[{"embeddable":true,"href":"https:\/\/canal7slp.tv\/2023\/wp-json\/wp\/v2\/media\/113855"}],"wp:attachment":[{"href":"https:\/\/canal7slp.tv\/2023\/wp-json\/wp\/v2\/media?parent=113839"}],"wp:term":[{"taxonomy":"category","embeddable":true,"href":"https:\/\/canal7slp.tv\/2023\/wp-json\/wp\/v2\/categories?post=113839"},{"taxonomy":"post_tag","embeddable":true,"href":"https:\/\/canal7slp.tv\/2023\/wp-json\/wp\/v2\/tags?post=113839"}],"curies":[{"name":"wp","href":"https:\/\/api.w.org\/{rel}","templated":true}]}}