{"id":113838,"date":"2023-11-22T17:27:53","date_gmt":"2023-11-22T23:27:53","guid":{"rendered":"https:\/\/canal7slp.tv\/2023\/?p=113838"},"modified":"2023-11-22T17:27:53","modified_gmt":"2023-11-22T23:27:53","slug":"en-este-periodo-incluirian-legisladores-discusion-de-reduccion-a-jornada-laboral","status":"publish","type":"post","link":"https:\/\/canal7slp.tv\/2023\/en-este-periodo-incluirian-legisladores-discusion-de-reduccion-a-jornada-laboral\/","title":{"rendered":"En este per\u00edodo incluir\u00edan legisladores discusi\u00f3n de reducci\u00f3n a jornada laboral"},"content":{"rendered":"<p style=\"text-align: justify;\">M\u00e9xico.- El coordinador de Morena en San L\u00e1zaro, Ignacio Mier Velazco, anunci\u00f3 que la Mesa Directiva de la C\u00e1mara de Diputados recibir\u00e1 los informes finales del parlamento abierto sobre la propuesta de reducir la jornada laboral a 40 horas semanales.<\/p>\n<p style=\"text-align: justify;\">Explic\u00f3 que una vez recibidas las conclusiones, buscar\u00e1n que la Comisi\u00f3n de Puntos Constitucionales pueda dictaminar el proyecto con las modificaciones necesarias.<\/p>\n<p style=\"text-align: justify;\">\u00abHoy mismo, la Mesa Directiva recibir\u00e1 los informes y conclusiones del parlamento abierto sobre la jornada laboral. Los grupos parlamentarios y los diputados podr\u00e1n seguir enviando sus inquietudes y aportaciones para que la Comisi\u00f3n de Puntos Constitucionales pueda sesionar con todas las perspectivas generadas tanto en el parlamento como en las propuestas individuales de los diputados y grupos parlamentarios\u00bb, declar\u00f3.<\/p>\n<p style=\"text-align: justify;\">El morenista destac\u00f3 que la propuesta cuenta con el consenso de todos los grupos parlamentarios y conf\u00eda en que pueda ser aprobada durante este periodo legislativo.<\/p>\n<p style=\"text-align: justify;\">\u00abDesde que presentamos la iniciativa, nuestra intenci\u00f3n ha sido obtener el apoyo de todos los grupos parlamentarios. Trabajamos en conjunto con mi compa\u00f1era Susana Prieto\u00bb, agreg\u00f3.<\/p>\n","protected":false},"excerpt":{"rendered":"<p>M\u00e9xico.- El coordinador de Morena en San L\u00e1zaro, Ignacio Mier Velazco, anunci\u00f3 que la Mesa Directiva de la C\u00e1mara de Diputados recibir\u00e1 los informes finales del parlamento abierto sobre la propuesta de reducir la jornada laboral a 40 horas semanales. Explic\u00f3 que una vez recibidas las conclusiones, buscar\u00e1n que la Comisi\u00f3n de Puntos Constitucionales pueda dictaminar el proyecto con las modificaciones necesarias. \u00abHoy mismo, la Mesa Directiva recibir\u00e1 los informes y conclusiones del parlamento abierto sobre la jornada laboral. Los grupos parlamentarios y los diputados podr\u00e1n seguir enviando sus inquietudes y aportaciones para que la Comisi\u00f3n de Puntos Constitucionales pueda [&hellip;]<\/p>\n","protected":false},"author":2,"featured_media":113854,"comment_status":"closed","ping_status":"closed","sticky":false,"template":"","format":"standard","meta":{"footnotes":""},"categories":[46],"tags":[],"class_list":["post-113838","post","type-post","status-publish","format-standard","has-post-thumbnail","hentry","category-nacional","post--single"],"yoast_head":"<!-- This site is optimized with the Yoast SEO plugin v27.5 - https:\/\/yoast.com\/product\/yoast-seo-wordpress\/ -->\n<title>En este per\u00edodo incluir\u00edan legisladores discusi\u00f3n de reducci\u00f3n a jornada laboral - Canal 7 SLP - 2023<\/title>\n<meta name=\"robots\" content=\"index, follow, max-snippet:-1, max-image-preview:large, max-video-preview:-1\" \/>\n<link rel=\"canonical\" href=\"https:\/\/canal7slp.tv\/2023\/en-este-periodo-incluirian-legisladores-discusion-de-reduccion-a-jornada-laboral\/\" \/>\n<meta property=\"og:locale\" content=\"es_ES\" \/>\n<meta property=\"og:type\" content=\"article\" \/>\n<meta property=\"og:title\" content=\"En este per\u00edodo incluir\u00edan legisladores discusi\u00f3n de reducci\u00f3n a jornada laboral - Canal 7 SLP - 2023\" \/>\n<meta property=\"og:description\" content=\"M\u00e9xico.- El coordinador de Morena en San L\u00e1zaro, Ignacio Mier Velazco, anunci\u00f3 que la Mesa Directiva de la C\u00e1mara de Diputados recibir\u00e1 los informes finales del parlamento abierto sobre la propuesta de reducir la jornada laboral a 40 horas semanales. Explic\u00f3 que una vez recibidas las conclusiones, buscar\u00e1n que la Comisi\u00f3n de Puntos Constitucionales pueda dictaminar el proyecto con las modificaciones necesarias. \u00abHoy mismo, la Mesa Directiva recibir\u00e1 los informes y conclusiones del parlamento abierto sobre la jornada laboral. Los grupos parlamentarios y los diputados podr\u00e1n seguir enviando sus inquietudes y aportaciones para que la Comisi\u00f3n de Puntos Constitucionales pueda [&hellip;]\" \/>\n<meta property=\"og:url\" content=\"https:\/\/canal7slp.tv\/2023\/en-este-periodo-incluirian-legisladores-discusion-de-reduccion-a-jornada-laboral\/\" \/>\n<meta property=\"og:site_name\" content=\"Canal 7 SLP - 2023\" \/>\n<meta property=\"article:publisher\" content=\"https:\/\/www.facebook.com\/noticieroscanalsiete\" \/>\n<meta property=\"article:published_time\" content=\"2023-11-22T23:27:53+00:00\" \/>\n<meta property=\"og:image\" content=\"https:\/\/canal7slp.tv\/2023\/wp-content\/uploads\/2023\/11\/01-2.jpeg\" \/>\n\t<meta property=\"og:image:width\" content=\"640\" \/>\n\t<meta property=\"og:image:height\" content=\"426\" \/>\n\t<meta property=\"og:image:type\" content=\"image\/jpeg\" \/>\n<meta name=\"author\" content=\"Edici\u00f3n Web\" \/>\n<meta name=\"twitter:card\" content=\"summary_large_image\" \/>\n<meta name=\"twitter:creator\" content=\"@NOTICIEROS7\" \/>\n<meta name=\"twitter:site\" content=\"@NOTICIEROS7\" \/>\n<meta name=\"twitter:label1\" content=\"Escrito por\" \/>\n\t<meta name=\"twitter:data1\" content=\"Edici\u00f3n Web\" \/>\n\t<meta name=\"twitter:label2\" content=\"Tiempo de lectura\" \/>\n\t<meta name=\"twitter:data2\" content=\"1 minuto\" \/>\n<script type=\"application\/ld+json\" class=\"yoast-schema-graph\">{\"@context\":\"https:\\\/\\\/schema.org\",\"@graph\":[{\"@type\":\"Article\",\"@id\":\"https:\\\/\\\/canal7slp.tv\\\/2023\\\/en-este-periodo-incluirian-legisladores-discusion-de-reduccion-a-jornada-laboral\\\/#article\",\"isPartOf\":{\"@id\":\"https:\\\/\\\/canal7slp.tv\\\/2023\\\/en-este-periodo-incluirian-legisladores-discusion-de-reduccion-a-jornada-laboral\\\/\"},\"author\":{\"name\":\"Edici\u00f3n Web\",\"@id\":\"https:\\\/\\\/canal7slp.tv\\\/2023\\\/#\\\/schema\\\/person\\\/639c424e3584069003b11ae813915da6\"},\"headline\":\"En este per\u00edodo incluir\u00edan legisladores discusi\u00f3n de reducci\u00f3n a jornada laboral\",\"datePublished\":\"2023-11-22T23:27:53+00:00\",\"mainEntityOfPage\":{\"@id\":\"https:\\\/\\\/canal7slp.tv\\\/2023\\\/en-este-periodo-incluirian-legisladores-discusion-de-reduccion-a-jornada-laboral\\\/\"},\"wordCount\":199,\"publisher\":{\"@id\":\"https:\\\/\\\/canal7slp.tv\\\/2023\\\/#organization\"},\"image\":{\"@id\":\"https:\\\/\\\/canal7slp.tv\\\/2023\\\/en-este-periodo-incluirian-legisladores-discusion-de-reduccion-a-jornada-laboral\\\/#primaryimage\"},\"thumbnailUrl\":\"https:\\\/\\\/canal7slp.tv\\\/2023\\\/wp-content\\\/uploads\\\/2023\\\/11\\\/01-2.jpeg\",\"articleSection\":[\"NACIONALES\"],\"inLanguage\":\"es\"},{\"@type\":\"WebPage\",\"@id\":\"https:\\\/\\\/canal7slp.tv\\\/2023\\\/en-este-periodo-incluirian-legisladores-discusion-de-reduccion-a-jornada-laboral\\\/\",\"url\":\"https:\\\/\\\/canal7slp.tv\\\/2023\\\/en-este-periodo-incluirian-legisladores-discusion-de-reduccion-a-jornada-laboral\\\/\",\"name\":\"En este per\u00edodo incluir\u00edan legisladores discusi\u00f3n de reducci\u00f3n a jornada laboral - Canal 7 SLP - 2023\",\"isPartOf\":{\"@id\":\"https:\\\/\\\/canal7slp.tv\\\/2023\\\/#website\"},\"primaryImageOfPage\":{\"@id\":\"https:\\\/\\\/canal7slp.tv\\\/2023\\\/en-este-periodo-incluirian-legisladores-discusion-de-reduccion-a-jornada-laboral\\\/#primaryimage\"},\"image\":{\"@id\":\"https:\\\/\\\/canal7slp.tv\\\/2023\\\/en-este-periodo-incluirian-legisladores-discusion-de-reduccion-a-jornada-laboral\\\/#primaryimage\"},\"thumbnailUrl\":\"https:\\\/\\\/canal7slp.tv\\\/2023\\\/wp-content\\\/uploads\\\/2023\\\/11\\\/01-2.jpeg\",\"datePublished\":\"2023-11-22T23:27:53+00:00\",\"breadcrumb\":{\"@id\":\"https:\\\/\\\/canal7slp.tv\\\/2023\\\/en-este-periodo-incluirian-legisladores-discusion-de-reduccion-a-jornada-laboral\\\/#breadcrumb\"},\"inLanguage\":\"es\",\"potentialAction\":[{\"@type\":\"ReadAction\",\"target\":[\"https:\\\/\\\/canal7slp.tv\\\/2023\\\/en-este-periodo-incluirian-legisladores-discusion-de-reduccion-a-jornada-laboral\\\/\"]}]},{\"@type\":\"ImageObject\",\"inLanguage\":\"es\",\"@id\":\"https:\\\/\\\/canal7slp.tv\\\/2023\\\/en-este-periodo-incluirian-legisladores-discusion-de-reduccion-a-jornada-laboral\\\/#primaryimage\",\"url\":\"https:\\\/\\\/canal7slp.tv\\\/2023\\\/wp-content\\\/uploads\\\/2023\\\/11\\\/01-2.jpeg\",\"contentUrl\":\"https:\\\/\\\/canal7slp.tv\\\/2023\\\/wp-content\\\/uploads\\\/2023\\\/11\\\/01-2.jpeg\",\"width\":640,\"height\":426},{\"@type\":\"BreadcrumbList\",\"@id\":\"https:\\\/\\\/canal7slp.tv\\\/2023\\\/en-este-periodo-incluirian-legisladores-discusion-de-reduccion-a-jornada-laboral\\\/#breadcrumb\",\"itemListElement\":[{\"@type\":\"ListItem\",\"position\":1,\"name\":\"Portada\",\"item\":\"https:\\\/\\\/canal7slp.tv\\\/2023\\\/\"},{\"@type\":\"ListItem\",\"position\":2,\"name\":\"En este per\u00edodo incluir\u00edan legisladores discusi\u00f3n de reducci\u00f3n a jornada laboral\"}]},{\"@type\":\"WebSite\",\"@id\":\"https:\\\/\\\/canal7slp.tv\\\/2023\\\/#website\",\"url\":\"https:\\\/\\\/canal7slp.tv\\\/2023\\\/\",\"name\":\"N7 - Noticieros Canal 7\",\"description\":\"Somos Televisi\u00f3n\",\"publisher\":{\"@id\":\"https:\\\/\\\/canal7slp.tv\\\/2023\\\/#organization\"},\"potentialAction\":[{\"@type\":\"SearchAction\",\"target\":{\"@type\":\"EntryPoint\",\"urlTemplate\":\"https:\\\/\\\/canal7slp.tv\\\/2023\\\/?s={search_term_string}\"},\"query-input\":{\"@type\":\"PropertyValueSpecification\",\"valueRequired\":true,\"valueName\":\"search_term_string\"}}],\"inLanguage\":\"es\"},{\"@type\":\"Organization\",\"@id\":\"https:\\\/\\\/canal7slp.tv\\\/2023\\\/#organization\",\"name\":\"Noticieros Canal 7\",\"url\":\"https:\\\/\\\/canal7slp.tv\\\/2023\\\/\",\"logo\":{\"@type\":\"ImageObject\",\"inLanguage\":\"es\",\"@id\":\"https:\\\/\\\/canal7slp.tv\\\/2023\\\/#\\\/schema\\\/logo\\\/image\\\/\",\"url\":\"https:\\\/\\\/canal7slp.tv\\\/2023\\\/wp-content\\\/uploads\\\/2021\\\/01\\\/logo-noticieros@2x.png\",\"contentUrl\":\"https:\\\/\\\/canal7slp.tv\\\/2023\\\/wp-content\\\/uploads\\\/2021\\\/01\\\/logo-noticieros@2x.png\",\"width\":1017,\"height\":268,\"caption\":\"Noticieros Canal 7\"},\"image\":{\"@id\":\"https:\\\/\\\/canal7slp.tv\\\/2023\\\/#\\\/schema\\\/logo\\\/image\\\/\"},\"sameAs\":[\"https:\\\/\\\/www.facebook.com\\\/noticieroscanalsiete\",\"https:\\\/\\\/x.com\\\/NOTICIEROS7\",\"https:\\\/\\\/www.instagram.com\\\/canal7_slp\",\"https:\\\/\\\/www.youtube.com\\\/channel\\\/UCliiYs-gP3JfJeqdPrNdd5A\"]},{\"@type\":\"Person\",\"@id\":\"https:\\\/\\\/canal7slp.tv\\\/2023\\\/#\\\/schema\\\/person\\\/639c424e3584069003b11ae813915da6\",\"name\":\"Edici\u00f3n Web\",\"image\":{\"@type\":\"ImageObject\",\"inLanguage\":\"es\",\"@id\":\"https:\\\/\\\/secure.gravatar.com\\\/avatar\\\/eee448fc3f7164808013b816ba91ac7e43bbe82a70bebac296f8bc6f0addaa1a?s=96&d=mm&r=g\",\"url\":\"https:\\\/\\\/secure.gravatar.com\\\/avatar\\\/eee448fc3f7164808013b816ba91ac7e43bbe82a70bebac296f8bc6f0addaa1a?s=96&d=mm&r=g\",\"contentUrl\":\"https:\\\/\\\/secure.gravatar.com\\\/avatar\\\/eee448fc3f7164808013b816ba91ac7e43bbe82a70bebac296f8bc6f0addaa1a?s=96&d=mm&r=g\",\"caption\":\"Edici\u00f3n Web\"},\"url\":\"https:\\\/\\\/canal7slp.tv\\\/2023\\\/author\\\/edicionweb\\\/\"}]}<\/script>\n<!-- \/ Yoast SEO plugin. -->","yoast_head_json":{"title":"En este per\u00edodo incluir\u00edan legisladores discusi\u00f3n de reducci\u00f3n a jornada laboral - Canal 7 SLP - 2023","robots":{"index":"index","follow":"follow","max-snippet":"max-snippet:-1","max-image-preview":"max-image-preview:large","max-video-preview":"max-video-preview:-1"},"canonical":"https:\/\/canal7slp.tv\/2023\/en-este-periodo-incluirian-legisladores-discusion-de-reduccion-a-jornada-laboral\/","og_locale":"es_ES","og_type":"article","og_title":"En este per\u00edodo incluir\u00edan legisladores discusi\u00f3n de reducci\u00f3n a jornada laboral - Canal 7 SLP - 2023","og_description":"M\u00e9xico.- El coordinador de Morena en San L\u00e1zaro, Ignacio Mier Velazco, anunci\u00f3 que la Mesa Directiva de la C\u00e1mara de Diputados recibir\u00e1 los informes finales del parlamento abierto sobre la propuesta de reducir la jornada laboral a 40 horas semanales. Explic\u00f3 que una vez recibidas las conclusiones, buscar\u00e1n que la Comisi\u00f3n de Puntos Constitucionales pueda dictaminar el proyecto con las modificaciones necesarias. \u00abHoy mismo, la Mesa Directiva recibir\u00e1 los informes y conclusiones del parlamento abierto sobre la jornada laboral. Los grupos parlamentarios y los diputados podr\u00e1n seguir enviando sus inquietudes y aportaciones para que la Comisi\u00f3n de Puntos Constitucionales pueda [&hellip;]","og_url":"https:\/\/canal7slp.tv\/2023\/en-este-periodo-incluirian-legisladores-discusion-de-reduccion-a-jornada-laboral\/","og_site_name":"Canal 7 SLP - 2023","article_publisher":"https:\/\/www.facebook.com\/noticieroscanalsiete","article_published_time":"2023-11-22T23:27:53+00:00","og_image":[{"width":640,"height":426,"url":"https:\/\/canal7slp.tv\/2023\/wp-content\/uploads\/2023\/11\/01-2.jpeg","type":"image\/jpeg"}],"author":"Edici\u00f3n Web","twitter_card":"summary_large_image","twitter_creator":"@NOTICIEROS7","twitter_site":"@NOTICIEROS7","twitter_misc":{"Escrito por":"Edici\u00f3n Web","Tiempo de lectura":"1 minuto"},"schema":{"@context":"https:\/\/schema.org","@graph":[{"@type":"Article","@id":"https:\/\/canal7slp.tv\/2023\/en-este-periodo-incluirian-legisladores-discusion-de-reduccion-a-jornada-laboral\/#article","isPartOf":{"@id":"https:\/\/canal7slp.tv\/2023\/en-este-periodo-incluirian-legisladores-discusion-de-reduccion-a-jornada-laboral\/"},"author":{"name":"Edici\u00f3n Web","@id":"https:\/\/canal7slp.tv\/2023\/#\/schema\/person\/639c424e3584069003b11ae813915da6"},"headline":"En este per\u00edodo incluir\u00edan legisladores discusi\u00f3n de reducci\u00f3n a jornada laboral","datePublished":"2023-11-22T23:27:53+00:00","mainEntityOfPage":{"@id":"https:\/\/canal7slp.tv\/2023\/en-este-periodo-incluirian-legisladores-discusion-de-reduccion-a-jornada-laboral\/"},"wordCount":199,"publisher":{"@id":"https:\/\/canal7slp.tv\/2023\/#organization"},"image":{"@id":"https:\/\/canal7slp.tv\/2023\/en-este-periodo-incluirian-legisladores-discusion-de-reduccion-a-jornada-laboral\/#primaryimage"},"thumbnailUrl":"https:\/\/canal7slp.tv\/2023\/wp-content\/uploads\/2023\/11\/01-2.jpeg","articleSection":["NACIONALES"],"inLanguage":"es"},{"@type":"WebPage","@id":"https:\/\/canal7slp.tv\/2023\/en-este-periodo-incluirian-legisladores-discusion-de-reduccion-a-jornada-laboral\/","url":"https:\/\/canal7slp.tv\/2023\/en-este-periodo-incluirian-legisladores-discusion-de-reduccion-a-jornada-laboral\/","name":"En este per\u00edodo incluir\u00edan legisladores discusi\u00f3n de reducci\u00f3n a jornada laboral - Canal 7 SLP - 2023","isPartOf":{"@id":"https:\/\/canal7slp.tv\/2023\/#website"},"primaryImageOfPage":{"@id":"https:\/\/canal7slp.tv\/2023\/en-este-periodo-incluirian-legisladores-discusion-de-reduccion-a-jornada-laboral\/#primaryimage"},"image":{"@id":"https:\/\/canal7slp.tv\/2023\/en-este-periodo-incluirian-legisladores-discusion-de-reduccion-a-jornada-laboral\/#primaryimage"},"thumbnailUrl":"https:\/\/canal7slp.tv\/2023\/wp-content\/uploads\/2023\/11\/01-2.jpeg","datePublished":"2023-11-22T23:27:53+00:00","breadcrumb":{"@id":"https:\/\/canal7slp.tv\/2023\/en-este-periodo-incluirian-legisladores-discusion-de-reduccion-a-jornada-laboral\/#breadcrumb"},"inLanguage":"es","potentialAction":[{"@type":"ReadAction","target":["https:\/\/canal7slp.tv\/2023\/en-este-periodo-incluirian-legisladores-discusion-de-reduccion-a-jornada-laboral\/"]}]},{"@type":"ImageObject","inLanguage":"es","@id":"https:\/\/canal7slp.tv\/2023\/en-este-periodo-incluirian-legisladores-discusion-de-reduccion-a-jornada-laboral\/#primaryimage","url":"https:\/\/canal7slp.tv\/2023\/wp-content\/uploads\/2023\/11\/01-2.jpeg","contentUrl":"https:\/\/canal7slp.tv\/2023\/wp-content\/uploads\/2023\/11\/01-2.jpeg","width":640,"height":426},{"@type":"BreadcrumbList","@id":"https:\/\/canal7slp.tv\/2023\/en-este-periodo-incluirian-legisladores-discusion-de-reduccion-a-jornada-laboral\/#breadcrumb","itemListElement":[{"@type":"ListItem","position":1,"name":"Portada","item":"https:\/\/canal7slp.tv\/2023\/"},{"@type":"ListItem","position":2,"name":"En este per\u00edodo incluir\u00edan legisladores discusi\u00f3n de reducci\u00f3n a jornada laboral"}]},{"@type":"WebSite","@id":"https:\/\/canal7slp.tv\/2023\/#website","url":"https:\/\/canal7slp.tv\/2023\/","name":"N7 - Noticieros Canal 7","description":"Somos Televisi\u00f3n","publisher":{"@id":"https:\/\/canal7slp.tv\/2023\/#organization"},"potentialAction":[{"@type":"SearchAction","target":{"@type":"EntryPoint","urlTemplate":"https:\/\/canal7slp.tv\/2023\/?s={search_term_string}"},"query-input":{"@type":"PropertyValueSpecification","valueRequired":true,"valueName":"search_term_string"}}],"inLanguage":"es"},{"@type":"Organization","@id":"https:\/\/canal7slp.tv\/2023\/#organization","name":"Noticieros Canal 7","url":"https:\/\/canal7slp.tv\/2023\/","logo":{"@type":"ImageObject","inLanguage":"es","@id":"https:\/\/canal7slp.tv\/2023\/#\/schema\/logo\/image\/","url":"https:\/\/canal7slp.tv\/2023\/wp-content\/uploads\/2021\/01\/logo-noticieros@2x.png","contentUrl":"https:\/\/canal7slp.tv\/2023\/wp-content\/uploads\/2021\/01\/logo-noticieros@2x.png","width":1017,"height":268,"caption":"Noticieros Canal 7"},"image":{"@id":"https:\/\/canal7slp.tv\/2023\/#\/schema\/logo\/image\/"},"sameAs":["https:\/\/www.facebook.com\/noticieroscanalsiete","https:\/\/x.com\/NOTICIEROS7","https:\/\/www.instagram.com\/canal7_slp","https:\/\/www.youtube.com\/channel\/UCliiYs-gP3JfJeqdPrNdd5A"]},{"@type":"Person","@id":"https:\/\/canal7slp.tv\/2023\/#\/schema\/person\/639c424e3584069003b11ae813915da6","name":"Edici\u00f3n Web","image":{"@type":"ImageObject","inLanguage":"es","@id":"https:\/\/secure.gravatar.com\/avatar\/eee448fc3f7164808013b816ba91ac7e43bbe82a70bebac296f8bc6f0addaa1a?s=96&d=mm&r=g","url":"https:\/\/secure.gravatar.com\/avatar\/eee448fc3f7164808013b816ba91ac7e43bbe82a70bebac296f8bc6f0addaa1a?s=96&d=mm&r=g","contentUrl":"https:\/\/secure.gravatar.com\/avatar\/eee448fc3f7164808013b816ba91ac7e43bbe82a70bebac296f8bc6f0addaa1a?s=96&d=mm&r=g","caption":"Edici\u00f3n Web"},"url":"https:\/\/canal7slp.tv\/2023\/author\/edicionweb\/"}]}},"_links":{"self":[{"href":"https:\/\/canal7slp.tv\/2023\/wp-json\/wp\/v2\/posts\/113838","targetHints":{"allow":["GET"]}}],"collection":[{"href":"https:\/\/canal7slp.tv\/2023\/wp-json\/wp\/v2\/posts"}],"about":[{"href":"https:\/\/canal7slp.tv\/2023\/wp-json\/wp\/v2\/types\/post"}],"author":[{"embeddable":true,"href":"https:\/\/canal7slp.tv\/2023\/wp-json\/wp\/v2\/users\/2"}],"replies":[{"embeddable":true,"href":"https:\/\/canal7slp.tv\/2023\/wp-json\/wp\/v2\/comments?post=113838"}],"version-history":[{"count":3,"href":"https:\/\/canal7slp.tv\/2023\/wp-json\/wp\/v2\/posts\/113838\/revisions"}],"predecessor-version":[{"id":113905,"href":"https:\/\/canal7slp.tv\/2023\/wp-json\/wp\/v2\/posts\/113838\/revisions\/113905"}],"wp:featuredmedia":[{"embeddable":true,"href":"https:\/\/canal7slp.tv\/2023\/wp-json\/wp\/v2\/media\/113854"}],"wp:attachment":[{"href":"https:\/\/canal7slp.tv\/2023\/wp-json\/wp\/v2\/media?parent=113838"}],"wp:term":[{"taxonomy":"category","embeddable":true,"href":"https:\/\/canal7slp.tv\/2023\/wp-json\/wp\/v2\/categories?post=113838"},{"taxonomy":"post_tag","embeddable":true,"href":"https:\/\/canal7slp.tv\/2023\/wp-json\/wp\/v2\/tags?post=113838"}],"curies":[{"name":"wp","href":"https:\/\/api.w.org\/{rel}","templated":true}]}}