{"id":113087,"date":"2023-11-14T09:30:16","date_gmt":"2023-11-14T15:30:16","guid":{"rendered":"https:\/\/canal7slp.tv\/2023\/?p=113087"},"modified":"2023-11-14T09:30:16","modified_gmt":"2023-11-14T15:30:16","slug":"por-nombramiento-de-daniel-acosta-habra-nuevo-titular-en-la-secretaria-de-salud","status":"publish","type":"post","link":"https:\/\/canal7slp.tv\/2023\/por-nombramiento-de-daniel-acosta-habra-nuevo-titular-en-la-secretaria-de-salud\/","title":{"rendered":"Por nombramiento de Daniel Acosta, habr\u00e1 nuevo titular en la Secretar\u00eda de Salud"},"content":{"rendered":"<p style=\"text-align: justify;\">SLP.- El jefe del ejecutivo local en San Luis Potos\u00ed, Ricardo Gallardo Cardona, confirm\u00f3 la salida de Daniel Acosta D\u00edaz de Le\u00f3n como titular de los servicios de salud en el estado tras ser nombrado como coordinador Estatal del \u00d3rgano P\u00fablico Descentralizado IMSS-Bienestar.<\/p>\n<p style=\"text-align: justify;\">\u00abS\u00ed va a haber cambios, vamos a tener ya en pr\u00f3ximos d\u00edas titular de la secretar\u00eda de salud del estado ya m\u00e1s mermada con temas m\u00e1s espec\u00edficos y administrativos temas que van con coepris, con los centros de salud de primera atenci\u00f3n y con otro tipo de cargo&#8230; La fuerza pues bueno, es la que se llev\u00f3 Acosta con los hospitales, el ya es director del IMSS-Bienestar, como dicen es harina de otro costal.\u00bb.<\/p>\n<p style=\"text-align: justify;\">Sin embargo, indic\u00f3 que se continuar\u00e1 con un trabajo en conjunto para beneficio de la poblaci\u00f3n potosina.<\/p>\n<p style=\"text-align: justify;\">De esa manera, Gallardo Cardona buscar\u00e1 la construcci\u00f3n de un hospital que atienda a habitantes de la Zona Industrial y municipios cercanos.<\/p>\n<p style=\"text-align: justify;\">\u00abYo creo que ya estamos en condiciones de buscarlo con el IMSS-Bienestar, ahorita que ya nos fusionamos y que ya el doctor Acosta tom\u00f3 posesi\u00f3n, yo creo que el doctor pudiera empezar a buscar ese hospital en medio de Villa de Reyes y Santa Mar\u00eda del R\u00edo\u00bb, se\u00f1al\u00f3.<\/p>\n<p style=\"text-align: justify;\">Prosigui\u00f3: \u00abEs lo que ya ocupa porque tambi\u00e9n podr\u00edamos atender gente de Tierra Nueva, Santa Mar\u00eda, gente de Villa de Reyes y a gente de la zona industrial, que en lugar de entrar San Luis Potos\u00ed ser\u00eda m\u00e1s f\u00e1cil llegar ah\u00ed\u00bb.<\/p>\n<p>Por: Jos\u00e9 Luis V\u00e1zquez<\/p>\n","protected":false},"excerpt":{"rendered":"<p>SLP.- El jefe del ejecutivo local en San Luis Potos\u00ed, Ricardo Gallardo Cardona, confirm\u00f3 la salida de Daniel Acosta D\u00edaz de Le\u00f3n como titular de los servicios de salud en el estado tras ser nombrado como coordinador Estatal del \u00d3rgano P\u00fablico Descentralizado IMSS-Bienestar. \u00abS\u00ed va a haber cambios, vamos a tener ya en pr\u00f3ximos d\u00edas titular de la secretar\u00eda de salud del estado ya m\u00e1s mermada con temas m\u00e1s espec\u00edficos y administrativos temas que van con coepris, con los centros de salud de primera atenci\u00f3n y con otro tipo de cargo&#8230; La fuerza pues bueno, es la que se llev\u00f3 [&hellip;]<\/p>\n","protected":false},"author":2,"featured_media":113088,"comment_status":"closed","ping_status":"closed","sticky":false,"template":"","format":"video","meta":{"footnotes":""},"categories":[5,510,45],"tags":[],"class_list":["post-113087","post","type-post","status-publish","format-video","has-post-thumbnail","hentry","category-destacadas","category-gobedoslp","category-localesyregionales","post_format-post-format-video","post--single"],"yoast_head":"<!-- This site is optimized with the Yoast SEO plugin v27.5 - https:\/\/yoast.com\/product\/yoast-seo-wordpress\/ -->\n<title>Por nombramiento de Daniel Acosta, habr\u00e1 nuevo titular en la Secretar\u00eda de Salud - Canal 7 SLP - 2023<\/title>\n<meta name=\"robots\" content=\"index, follow, max-snippet:-1, max-image-preview:large, max-video-preview:-1\" \/>\n<link rel=\"canonical\" href=\"https:\/\/canal7slp.tv\/2023\/por-nombramiento-de-daniel-acosta-habra-nuevo-titular-en-la-secretaria-de-salud\/\" \/>\n<meta property=\"og:locale\" content=\"es_ES\" \/>\n<meta property=\"og:type\" content=\"article\" \/>\n<meta property=\"og:title\" content=\"Por nombramiento de Daniel Acosta, habr\u00e1 nuevo titular en la Secretar\u00eda de Salud - Canal 7 SLP - 2023\" \/>\n<meta property=\"og:description\" content=\"SLP.- El jefe del ejecutivo local en San Luis Potos\u00ed, Ricardo Gallardo Cardona, confirm\u00f3 la salida de Daniel Acosta D\u00edaz de Le\u00f3n como titular de los servicios de salud en el estado tras ser nombrado como coordinador Estatal del \u00d3rgano P\u00fablico Descentralizado IMSS-Bienestar. \u00abS\u00ed va a haber cambios, vamos a tener ya en pr\u00f3ximos d\u00edas titular de la secretar\u00eda de salud del estado ya m\u00e1s mermada con temas m\u00e1s espec\u00edficos y administrativos temas que van con coepris, con los centros de salud de primera atenci\u00f3n y con otro tipo de cargo&#8230; La fuerza pues bueno, es la que se llev\u00f3 [&hellip;]\" \/>\n<meta property=\"og:url\" content=\"https:\/\/canal7slp.tv\/2023\/por-nombramiento-de-daniel-acosta-habra-nuevo-titular-en-la-secretaria-de-salud\/\" \/>\n<meta property=\"og:site_name\" content=\"Canal 7 SLP - 2023\" \/>\n<meta property=\"article:publisher\" content=\"https:\/\/www.facebook.com\/noticieroscanalsiete\" \/>\n<meta property=\"article:published_time\" content=\"2023-11-14T15:30:16+00:00\" \/>\n<meta property=\"og:image\" content=\"https:\/\/canal7slp.tv\/2023\/wp-content\/uploads\/2023\/11\/Vazquez02SaludSLP.jpg\" \/>\n\t<meta property=\"og:image:width\" content=\"1280\" \/>\n\t<meta property=\"og:image:height\" content=\"720\" \/>\n\t<meta property=\"og:image:type\" content=\"image\/jpeg\" \/>\n<meta name=\"author\" content=\"Edici\u00f3n Web\" \/>\n<meta name=\"twitter:card\" content=\"summary_large_image\" \/>\n<meta name=\"twitter:creator\" content=\"@NOTICIEROS7\" \/>\n<meta name=\"twitter:site\" content=\"@NOTICIEROS7\" \/>\n<meta name=\"twitter:label1\" content=\"Escrito por\" \/>\n\t<meta name=\"twitter:data1\" content=\"Edici\u00f3n Web\" \/>\n\t<meta name=\"twitter:label2\" content=\"Tiempo de lectura\" \/>\n\t<meta name=\"twitter:data2\" content=\"2 minutos\" \/>\n<script type=\"application\/ld+json\" class=\"yoast-schema-graph\">{\"@context\":\"https:\\\/\\\/schema.org\",\"@graph\":[{\"@type\":\"Article\",\"@id\":\"https:\\\/\\\/canal7slp.tv\\\/2023\\\/por-nombramiento-de-daniel-acosta-habra-nuevo-titular-en-la-secretaria-de-salud\\\/#article\",\"isPartOf\":{\"@id\":\"https:\\\/\\\/canal7slp.tv\\\/2023\\\/por-nombramiento-de-daniel-acosta-habra-nuevo-titular-en-la-secretaria-de-salud\\\/\"},\"author\":{\"name\":\"Edici\u00f3n Web\",\"@id\":\"https:\\\/\\\/canal7slp.tv\\\/2023\\\/#\\\/schema\\\/person\\\/639c424e3584069003b11ae813915da6\"},\"headline\":\"Por nombramiento de Daniel Acosta, habr\u00e1 nuevo titular en la Secretar\u00eda de Salud\",\"datePublished\":\"2023-11-14T15:30:16+00:00\",\"mainEntityOfPage\":{\"@id\":\"https:\\\/\\\/canal7slp.tv\\\/2023\\\/por-nombramiento-de-daniel-acosta-habra-nuevo-titular-en-la-secretaria-de-salud\\\/\"},\"wordCount\":287,\"publisher\":{\"@id\":\"https:\\\/\\\/canal7slp.tv\\\/2023\\\/#organization\"},\"image\":{\"@id\":\"https:\\\/\\\/canal7slp.tv\\\/2023\\\/por-nombramiento-de-daniel-acosta-habra-nuevo-titular-en-la-secretaria-de-salud\\\/#primaryimage\"},\"thumbnailUrl\":\"https:\\\/\\\/canal7slp.tv\\\/2023\\\/wp-content\\\/uploads\\\/2023\\\/11\\\/Vazquez02SaludSLP.jpg\",\"articleSection\":[\"DESTACADAS\",\"GOBEDOSLP\",\"LOCALES Y REGIONALES\"],\"inLanguage\":\"es\"},{\"@type\":\"WebPage\",\"@id\":\"https:\\\/\\\/canal7slp.tv\\\/2023\\\/por-nombramiento-de-daniel-acosta-habra-nuevo-titular-en-la-secretaria-de-salud\\\/\",\"url\":\"https:\\\/\\\/canal7slp.tv\\\/2023\\\/por-nombramiento-de-daniel-acosta-habra-nuevo-titular-en-la-secretaria-de-salud\\\/\",\"name\":\"Por nombramiento de Daniel Acosta, habr\u00e1 nuevo titular en la Secretar\u00eda de Salud - Canal 7 SLP - 2023\",\"isPartOf\":{\"@id\":\"https:\\\/\\\/canal7slp.tv\\\/2023\\\/#website\"},\"primaryImageOfPage\":{\"@id\":\"https:\\\/\\\/canal7slp.tv\\\/2023\\\/por-nombramiento-de-daniel-acosta-habra-nuevo-titular-en-la-secretaria-de-salud\\\/#primaryimage\"},\"image\":{\"@id\":\"https:\\\/\\\/canal7slp.tv\\\/2023\\\/por-nombramiento-de-daniel-acosta-habra-nuevo-titular-en-la-secretaria-de-salud\\\/#primaryimage\"},\"thumbnailUrl\":\"https:\\\/\\\/canal7slp.tv\\\/2023\\\/wp-content\\\/uploads\\\/2023\\\/11\\\/Vazquez02SaludSLP.jpg\",\"datePublished\":\"2023-11-14T15:30:16+00:00\",\"breadcrumb\":{\"@id\":\"https:\\\/\\\/canal7slp.tv\\\/2023\\\/por-nombramiento-de-daniel-acosta-habra-nuevo-titular-en-la-secretaria-de-salud\\\/#breadcrumb\"},\"inLanguage\":\"es\",\"potentialAction\":[{\"@type\":\"ReadAction\",\"target\":[\"https:\\\/\\\/canal7slp.tv\\\/2023\\\/por-nombramiento-de-daniel-acosta-habra-nuevo-titular-en-la-secretaria-de-salud\\\/\"]}]},{\"@type\":\"ImageObject\",\"inLanguage\":\"es\",\"@id\":\"https:\\\/\\\/canal7slp.tv\\\/2023\\\/por-nombramiento-de-daniel-acosta-habra-nuevo-titular-en-la-secretaria-de-salud\\\/#primaryimage\",\"url\":\"https:\\\/\\\/canal7slp.tv\\\/2023\\\/wp-content\\\/uploads\\\/2023\\\/11\\\/Vazquez02SaludSLP.jpg\",\"contentUrl\":\"https:\\\/\\\/canal7slp.tv\\\/2023\\\/wp-content\\\/uploads\\\/2023\\\/11\\\/Vazquez02SaludSLP.jpg\",\"width\":1280,\"height\":720},{\"@type\":\"BreadcrumbList\",\"@id\":\"https:\\\/\\\/canal7slp.tv\\\/2023\\\/por-nombramiento-de-daniel-acosta-habra-nuevo-titular-en-la-secretaria-de-salud\\\/#breadcrumb\",\"itemListElement\":[{\"@type\":\"ListItem\",\"position\":1,\"name\":\"Portada\",\"item\":\"https:\\\/\\\/canal7slp.tv\\\/2023\\\/\"},{\"@type\":\"ListItem\",\"position\":2,\"name\":\"Por nombramiento de Daniel Acosta, habr\u00e1 nuevo titular en la Secretar\u00eda de Salud\"}]},{\"@type\":\"WebSite\",\"@id\":\"https:\\\/\\\/canal7slp.tv\\\/2023\\\/#website\",\"url\":\"https:\\\/\\\/canal7slp.tv\\\/2023\\\/\",\"name\":\"N7 - Noticieros Canal 7\",\"description\":\"Somos Televisi\u00f3n\",\"publisher\":{\"@id\":\"https:\\\/\\\/canal7slp.tv\\\/2023\\\/#organization\"},\"potentialAction\":[{\"@type\":\"SearchAction\",\"target\":{\"@type\":\"EntryPoint\",\"urlTemplate\":\"https:\\\/\\\/canal7slp.tv\\\/2023\\\/?s={search_term_string}\"},\"query-input\":{\"@type\":\"PropertyValueSpecification\",\"valueRequired\":true,\"valueName\":\"search_term_string\"}}],\"inLanguage\":\"es\"},{\"@type\":\"Organization\",\"@id\":\"https:\\\/\\\/canal7slp.tv\\\/2023\\\/#organization\",\"name\":\"Noticieros Canal 7\",\"url\":\"https:\\\/\\\/canal7slp.tv\\\/2023\\\/\",\"logo\":{\"@type\":\"ImageObject\",\"inLanguage\":\"es\",\"@id\":\"https:\\\/\\\/canal7slp.tv\\\/2023\\\/#\\\/schema\\\/logo\\\/image\\\/\",\"url\":\"https:\\\/\\\/canal7slp.tv\\\/2023\\\/wp-content\\\/uploads\\\/2021\\\/01\\\/logo-noticieros@2x.png\",\"contentUrl\":\"https:\\\/\\\/canal7slp.tv\\\/2023\\\/wp-content\\\/uploads\\\/2021\\\/01\\\/logo-noticieros@2x.png\",\"width\":1017,\"height\":268,\"caption\":\"Noticieros Canal 7\"},\"image\":{\"@id\":\"https:\\\/\\\/canal7slp.tv\\\/2023\\\/#\\\/schema\\\/logo\\\/image\\\/\"},\"sameAs\":[\"https:\\\/\\\/www.facebook.com\\\/noticieroscanalsiete\",\"https:\\\/\\\/x.com\\\/NOTICIEROS7\",\"https:\\\/\\\/www.instagram.com\\\/canal7_slp\",\"https:\\\/\\\/www.youtube.com\\\/channel\\\/UCliiYs-gP3JfJeqdPrNdd5A\"]},{\"@type\":\"Person\",\"@id\":\"https:\\\/\\\/canal7slp.tv\\\/2023\\\/#\\\/schema\\\/person\\\/639c424e3584069003b11ae813915da6\",\"name\":\"Edici\u00f3n Web\",\"image\":{\"@type\":\"ImageObject\",\"inLanguage\":\"es\",\"@id\":\"https:\\\/\\\/secure.gravatar.com\\\/avatar\\\/eee448fc3f7164808013b816ba91ac7e43bbe82a70bebac296f8bc6f0addaa1a?s=96&d=mm&r=g\",\"url\":\"https:\\\/\\\/secure.gravatar.com\\\/avatar\\\/eee448fc3f7164808013b816ba91ac7e43bbe82a70bebac296f8bc6f0addaa1a?s=96&d=mm&r=g\",\"contentUrl\":\"https:\\\/\\\/secure.gravatar.com\\\/avatar\\\/eee448fc3f7164808013b816ba91ac7e43bbe82a70bebac296f8bc6f0addaa1a?s=96&d=mm&r=g\",\"caption\":\"Edici\u00f3n Web\"},\"url\":\"https:\\\/\\\/canal7slp.tv\\\/2023\\\/author\\\/edicionweb\\\/\"}]}<\/script>\n<!-- \/ Yoast SEO plugin. -->","yoast_head_json":{"title":"Por nombramiento de Daniel Acosta, habr\u00e1 nuevo titular en la Secretar\u00eda de Salud - Canal 7 SLP - 2023","robots":{"index":"index","follow":"follow","max-snippet":"max-snippet:-1","max-image-preview":"max-image-preview:large","max-video-preview":"max-video-preview:-1"},"canonical":"https:\/\/canal7slp.tv\/2023\/por-nombramiento-de-daniel-acosta-habra-nuevo-titular-en-la-secretaria-de-salud\/","og_locale":"es_ES","og_type":"article","og_title":"Por nombramiento de Daniel Acosta, habr\u00e1 nuevo titular en la Secretar\u00eda de Salud - Canal 7 SLP - 2023","og_description":"SLP.- El jefe del ejecutivo local en San Luis Potos\u00ed, Ricardo Gallardo Cardona, confirm\u00f3 la salida de Daniel Acosta D\u00edaz de Le\u00f3n como titular de los servicios de salud en el estado tras ser nombrado como coordinador Estatal del \u00d3rgano P\u00fablico Descentralizado IMSS-Bienestar. \u00abS\u00ed va a haber cambios, vamos a tener ya en pr\u00f3ximos d\u00edas titular de la secretar\u00eda de salud del estado ya m\u00e1s mermada con temas m\u00e1s espec\u00edficos y administrativos temas que van con coepris, con los centros de salud de primera atenci\u00f3n y con otro tipo de cargo&#8230; La fuerza pues bueno, es la que se llev\u00f3 [&hellip;]","og_url":"https:\/\/canal7slp.tv\/2023\/por-nombramiento-de-daniel-acosta-habra-nuevo-titular-en-la-secretaria-de-salud\/","og_site_name":"Canal 7 SLP - 2023","article_publisher":"https:\/\/www.facebook.com\/noticieroscanalsiete","article_published_time":"2023-11-14T15:30:16+00:00","og_image":[{"width":1280,"height":720,"url":"https:\/\/canal7slp.tv\/2023\/wp-content\/uploads\/2023\/11\/Vazquez02SaludSLP.jpg","type":"image\/jpeg"}],"author":"Edici\u00f3n Web","twitter_card":"summary_large_image","twitter_creator":"@NOTICIEROS7","twitter_site":"@NOTICIEROS7","twitter_misc":{"Escrito por":"Edici\u00f3n Web","Tiempo de lectura":"2 minutos"},"schema":{"@context":"https:\/\/schema.org","@graph":[{"@type":"Article","@id":"https:\/\/canal7slp.tv\/2023\/por-nombramiento-de-daniel-acosta-habra-nuevo-titular-en-la-secretaria-de-salud\/#article","isPartOf":{"@id":"https:\/\/canal7slp.tv\/2023\/por-nombramiento-de-daniel-acosta-habra-nuevo-titular-en-la-secretaria-de-salud\/"},"author":{"name":"Edici\u00f3n Web","@id":"https:\/\/canal7slp.tv\/2023\/#\/schema\/person\/639c424e3584069003b11ae813915da6"},"headline":"Por nombramiento de Daniel Acosta, habr\u00e1 nuevo titular en la Secretar\u00eda de Salud","datePublished":"2023-11-14T15:30:16+00:00","mainEntityOfPage":{"@id":"https:\/\/canal7slp.tv\/2023\/por-nombramiento-de-daniel-acosta-habra-nuevo-titular-en-la-secretaria-de-salud\/"},"wordCount":287,"publisher":{"@id":"https:\/\/canal7slp.tv\/2023\/#organization"},"image":{"@id":"https:\/\/canal7slp.tv\/2023\/por-nombramiento-de-daniel-acosta-habra-nuevo-titular-en-la-secretaria-de-salud\/#primaryimage"},"thumbnailUrl":"https:\/\/canal7slp.tv\/2023\/wp-content\/uploads\/2023\/11\/Vazquez02SaludSLP.jpg","articleSection":["DESTACADAS","GOBEDOSLP","LOCALES Y REGIONALES"],"inLanguage":"es"},{"@type":"WebPage","@id":"https:\/\/canal7slp.tv\/2023\/por-nombramiento-de-daniel-acosta-habra-nuevo-titular-en-la-secretaria-de-salud\/","url":"https:\/\/canal7slp.tv\/2023\/por-nombramiento-de-daniel-acosta-habra-nuevo-titular-en-la-secretaria-de-salud\/","name":"Por nombramiento de Daniel Acosta, habr\u00e1 nuevo titular en la Secretar\u00eda de Salud - Canal 7 SLP - 2023","isPartOf":{"@id":"https:\/\/canal7slp.tv\/2023\/#website"},"primaryImageOfPage":{"@id":"https:\/\/canal7slp.tv\/2023\/por-nombramiento-de-daniel-acosta-habra-nuevo-titular-en-la-secretaria-de-salud\/#primaryimage"},"image":{"@id":"https:\/\/canal7slp.tv\/2023\/por-nombramiento-de-daniel-acosta-habra-nuevo-titular-en-la-secretaria-de-salud\/#primaryimage"},"thumbnailUrl":"https:\/\/canal7slp.tv\/2023\/wp-content\/uploads\/2023\/11\/Vazquez02SaludSLP.jpg","datePublished":"2023-11-14T15:30:16+00:00","breadcrumb":{"@id":"https:\/\/canal7slp.tv\/2023\/por-nombramiento-de-daniel-acosta-habra-nuevo-titular-en-la-secretaria-de-salud\/#breadcrumb"},"inLanguage":"es","potentialAction":[{"@type":"ReadAction","target":["https:\/\/canal7slp.tv\/2023\/por-nombramiento-de-daniel-acosta-habra-nuevo-titular-en-la-secretaria-de-salud\/"]}]},{"@type":"ImageObject","inLanguage":"es","@id":"https:\/\/canal7slp.tv\/2023\/por-nombramiento-de-daniel-acosta-habra-nuevo-titular-en-la-secretaria-de-salud\/#primaryimage","url":"https:\/\/canal7slp.tv\/2023\/wp-content\/uploads\/2023\/11\/Vazquez02SaludSLP.jpg","contentUrl":"https:\/\/canal7slp.tv\/2023\/wp-content\/uploads\/2023\/11\/Vazquez02SaludSLP.jpg","width":1280,"height":720},{"@type":"BreadcrumbList","@id":"https:\/\/canal7slp.tv\/2023\/por-nombramiento-de-daniel-acosta-habra-nuevo-titular-en-la-secretaria-de-salud\/#breadcrumb","itemListElement":[{"@type":"ListItem","position":1,"name":"Portada","item":"https:\/\/canal7slp.tv\/2023\/"},{"@type":"ListItem","position":2,"name":"Por nombramiento de Daniel Acosta, habr\u00e1 nuevo titular en la Secretar\u00eda de Salud"}]},{"@type":"WebSite","@id":"https:\/\/canal7slp.tv\/2023\/#website","url":"https:\/\/canal7slp.tv\/2023\/","name":"N7 - Noticieros Canal 7","description":"Somos Televisi\u00f3n","publisher":{"@id":"https:\/\/canal7slp.tv\/2023\/#organization"},"potentialAction":[{"@type":"SearchAction","target":{"@type":"EntryPoint","urlTemplate":"https:\/\/canal7slp.tv\/2023\/?s={search_term_string}"},"query-input":{"@type":"PropertyValueSpecification","valueRequired":true,"valueName":"search_term_string"}}],"inLanguage":"es"},{"@type":"Organization","@id":"https:\/\/canal7slp.tv\/2023\/#organization","name":"Noticieros Canal 7","url":"https:\/\/canal7slp.tv\/2023\/","logo":{"@type":"ImageObject","inLanguage":"es","@id":"https:\/\/canal7slp.tv\/2023\/#\/schema\/logo\/image\/","url":"https:\/\/canal7slp.tv\/2023\/wp-content\/uploads\/2021\/01\/logo-noticieros@2x.png","contentUrl":"https:\/\/canal7slp.tv\/2023\/wp-content\/uploads\/2021\/01\/logo-noticieros@2x.png","width":1017,"height":268,"caption":"Noticieros Canal 7"},"image":{"@id":"https:\/\/canal7slp.tv\/2023\/#\/schema\/logo\/image\/"},"sameAs":["https:\/\/www.facebook.com\/noticieroscanalsiete","https:\/\/x.com\/NOTICIEROS7","https:\/\/www.instagram.com\/canal7_slp","https:\/\/www.youtube.com\/channel\/UCliiYs-gP3JfJeqdPrNdd5A"]},{"@type":"Person","@id":"https:\/\/canal7slp.tv\/2023\/#\/schema\/person\/639c424e3584069003b11ae813915da6","name":"Edici\u00f3n Web","image":{"@type":"ImageObject","inLanguage":"es","@id":"https:\/\/secure.gravatar.com\/avatar\/eee448fc3f7164808013b816ba91ac7e43bbe82a70bebac296f8bc6f0addaa1a?s=96&d=mm&r=g","url":"https:\/\/secure.gravatar.com\/avatar\/eee448fc3f7164808013b816ba91ac7e43bbe82a70bebac296f8bc6f0addaa1a?s=96&d=mm&r=g","contentUrl":"https:\/\/secure.gravatar.com\/avatar\/eee448fc3f7164808013b816ba91ac7e43bbe82a70bebac296f8bc6f0addaa1a?s=96&d=mm&r=g","caption":"Edici\u00f3n Web"},"url":"https:\/\/canal7slp.tv\/2023\/author\/edicionweb\/"}]}},"_links":{"self":[{"href":"https:\/\/canal7slp.tv\/2023\/wp-json\/wp\/v2\/posts\/113087","targetHints":{"allow":["GET"]}}],"collection":[{"href":"https:\/\/canal7slp.tv\/2023\/wp-json\/wp\/v2\/posts"}],"about":[{"href":"https:\/\/canal7slp.tv\/2023\/wp-json\/wp\/v2\/types\/post"}],"author":[{"embeddable":true,"href":"https:\/\/canal7slp.tv\/2023\/wp-json\/wp\/v2\/users\/2"}],"replies":[{"embeddable":true,"href":"https:\/\/canal7slp.tv\/2023\/wp-json\/wp\/v2\/comments?post=113087"}],"version-history":[{"count":1,"href":"https:\/\/canal7slp.tv\/2023\/wp-json\/wp\/v2\/posts\/113087\/revisions"}],"predecessor-version":[{"id":113089,"href":"https:\/\/canal7slp.tv\/2023\/wp-json\/wp\/v2\/posts\/113087\/revisions\/113089"}],"wp:featuredmedia":[{"embeddable":true,"href":"https:\/\/canal7slp.tv\/2023\/wp-json\/wp\/v2\/media\/113088"}],"wp:attachment":[{"href":"https:\/\/canal7slp.tv\/2023\/wp-json\/wp\/v2\/media?parent=113087"}],"wp:term":[{"taxonomy":"category","embeddable":true,"href":"https:\/\/canal7slp.tv\/2023\/wp-json\/wp\/v2\/categories?post=113087"},{"taxonomy":"post_tag","embeddable":true,"href":"https:\/\/canal7slp.tv\/2023\/wp-json\/wp\/v2\/tags?post=113087"}],"curies":[{"name":"wp","href":"https:\/\/api.w.org\/{rel}","templated":true}]}}