{"id":113034,"date":"2023-11-13T17:49:36","date_gmt":"2023-11-13T23:49:36","guid":{"rendered":"https:\/\/canal7slp.tv\/2023\/?p=113034"},"modified":"2023-11-13T17:49:36","modified_gmt":"2023-11-13T23:49:36","slug":"joe-biden-se-reunira-con-amlo-al-margen-de-la-cumbre-de-apec","status":"publish","type":"post","link":"https:\/\/canal7slp.tv\/2023\/joe-biden-se-reunira-con-amlo-al-margen-de-la-cumbre-de-apec\/","title":{"rendered":"Joe Biden se reunir\u00e1 con AMLO al margen de la Cumbre de APEC"},"content":{"rendered":"<p style=\"text-align: justify;\">M\u00e9xico.- El presidente de M\u00e9xico, Andr\u00e9s Manuel L\u00f3pez Obrador, se reunir\u00e1 con su hom\u00f3logo estadounidense, Joe Biden, en la Cumbre de la APEC esta semana.<\/p>\n<p style=\"text-align: justify;\">Durante el encuentro, el mandatario mexicano insistir\u00e1 en la necesidad de un plan de ayuda para Latinoam\u00e9rica con el objetivo de abordar la migraci\u00f3n en la regi\u00f3n.<\/p>\n<p style=\"text-align: justify;\">El AMLO subray\u00f3 que su gobierno busca proteger los derechos humanos de los migrantes y critic\u00f3 las acciones basadas en deportaciones y militarizaci\u00f3n de las fronteras.<\/p>\n<p style=\"text-align: justify;\">Seg\u00fan la Organizaci\u00f3n Internacional de las Migraciones (OIM), M\u00e9xico y Centroam\u00e9rica enfrentan un flujo migratorio sin precedentes, con hasta 16 mil migrantes que llegan diariamente a las fronteras mexicanas.<\/p>\n<p style=\"text-align: justify;\">L\u00f3pez Obrador llevar\u00e1 la propuesta alcanzada tras la cumbre migratoria que tuvo lugar en M\u00e9xico el mes pasado, donde se rechazaron las medidas coercitivas y se solicit\u00f3 m\u00e1s alternativas legales para la migraci\u00f3n.<\/p>\n","protected":false},"excerpt":{"rendered":"<p>M\u00e9xico.- El presidente de M\u00e9xico, Andr\u00e9s Manuel L\u00f3pez Obrador, se reunir\u00e1 con su hom\u00f3logo estadounidense, Joe Biden, en la Cumbre de la APEC esta semana. Durante el encuentro, el mandatario mexicano insistir\u00e1 en la necesidad de un plan de ayuda para Latinoam\u00e9rica con el objetivo de abordar la migraci\u00f3n en la regi\u00f3n. El AMLO subray\u00f3 que su gobierno busca proteger los derechos humanos de los migrantes y critic\u00f3 las acciones basadas en deportaciones y militarizaci\u00f3n de las fronteras. Seg\u00fan la Organizaci\u00f3n Internacional de las Migraciones (OIM), M\u00e9xico y Centroam\u00e9rica enfrentan un flujo migratorio sin precedentes, con hasta 16 mil migrantes [&hellip;]<\/p>\n","protected":false},"author":2,"featured_media":113052,"comment_status":"closed","ping_status":"closed","sticky":false,"template":"","format":"standard","meta":{"footnotes":""},"categories":[46],"tags":[],"class_list":["post-113034","post","type-post","status-publish","format-standard","has-post-thumbnail","hentry","category-nacional","post--single"],"yoast_head":"<!-- This site is optimized with the Yoast SEO plugin v27.5 - https:\/\/yoast.com\/product\/yoast-seo-wordpress\/ -->\n<title>Joe Biden se reunir\u00e1 con AMLO al margen de la Cumbre de APEC - Canal 7 SLP - 2023<\/title>\n<meta name=\"robots\" content=\"index, follow, max-snippet:-1, max-image-preview:large, max-video-preview:-1\" \/>\n<link rel=\"canonical\" href=\"https:\/\/canal7slp.tv\/2023\/joe-biden-se-reunira-con-amlo-al-margen-de-la-cumbre-de-apec\/\" \/>\n<meta property=\"og:locale\" content=\"es_ES\" \/>\n<meta property=\"og:type\" content=\"article\" \/>\n<meta property=\"og:title\" content=\"Joe Biden se reunir\u00e1 con AMLO al margen de la Cumbre de APEC - Canal 7 SLP - 2023\" \/>\n<meta property=\"og:description\" content=\"M\u00e9xico.- El presidente de M\u00e9xico, Andr\u00e9s Manuel L\u00f3pez Obrador, se reunir\u00e1 con su hom\u00f3logo estadounidense, Joe Biden, en la Cumbre de la APEC esta semana. Durante el encuentro, el mandatario mexicano insistir\u00e1 en la necesidad de un plan de ayuda para Latinoam\u00e9rica con el objetivo de abordar la migraci\u00f3n en la regi\u00f3n. El AMLO subray\u00f3 que su gobierno busca proteger los derechos humanos de los migrantes y critic\u00f3 las acciones basadas en deportaciones y militarizaci\u00f3n de las fronteras. Seg\u00fan la Organizaci\u00f3n Internacional de las Migraciones (OIM), M\u00e9xico y Centroam\u00e9rica enfrentan un flujo migratorio sin precedentes, con hasta 16 mil migrantes [&hellip;]\" \/>\n<meta property=\"og:url\" content=\"https:\/\/canal7slp.tv\/2023\/joe-biden-se-reunira-con-amlo-al-margen-de-la-cumbre-de-apec\/\" \/>\n<meta property=\"og:site_name\" content=\"Canal 7 SLP - 2023\" \/>\n<meta property=\"article:publisher\" content=\"https:\/\/www.facebook.com\/noticieroscanalsiete\" \/>\n<meta property=\"article:published_time\" content=\"2023-11-13T23:49:36+00:00\" \/>\n<meta property=\"og:image\" content=\"https:\/\/canal7slp.tv\/2023\/wp-content\/uploads\/2023\/11\/05-9.jpg\" \/>\n\t<meta property=\"og:image:width\" content=\"1200\" \/>\n\t<meta property=\"og:image:height\" content=\"800\" \/>\n\t<meta property=\"og:image:type\" content=\"image\/jpeg\" \/>\n<meta name=\"author\" content=\"Edici\u00f3n Web\" \/>\n<meta name=\"twitter:card\" content=\"summary_large_image\" \/>\n<meta name=\"twitter:creator\" content=\"@NOTICIEROS7\" \/>\n<meta name=\"twitter:site\" content=\"@NOTICIEROS7\" \/>\n<meta name=\"twitter:label1\" content=\"Escrito por\" \/>\n\t<meta name=\"twitter:data1\" content=\"Edici\u00f3n Web\" \/>\n\t<meta name=\"twitter:label2\" content=\"Tiempo de lectura\" \/>\n\t<meta name=\"twitter:data2\" content=\"1 minuto\" \/>\n<script type=\"application\/ld+json\" class=\"yoast-schema-graph\">{\"@context\":\"https:\\\/\\\/schema.org\",\"@graph\":[{\"@type\":\"Article\",\"@id\":\"https:\\\/\\\/canal7slp.tv\\\/2023\\\/joe-biden-se-reunira-con-amlo-al-margen-de-la-cumbre-de-apec\\\/#article\",\"isPartOf\":{\"@id\":\"https:\\\/\\\/canal7slp.tv\\\/2023\\\/joe-biden-se-reunira-con-amlo-al-margen-de-la-cumbre-de-apec\\\/\"},\"author\":{\"name\":\"Edici\u00f3n Web\",\"@id\":\"https:\\\/\\\/canal7slp.tv\\\/2023\\\/#\\\/schema\\\/person\\\/639c424e3584069003b11ae813915da6\"},\"headline\":\"Joe Biden se reunir\u00e1 con AMLO al margen de la Cumbre de APEC\",\"datePublished\":\"2023-11-13T23:49:36+00:00\",\"mainEntityOfPage\":{\"@id\":\"https:\\\/\\\/canal7slp.tv\\\/2023\\\/joe-biden-se-reunira-con-amlo-al-margen-de-la-cumbre-de-apec\\\/\"},\"wordCount\":170,\"publisher\":{\"@id\":\"https:\\\/\\\/canal7slp.tv\\\/2023\\\/#organization\"},\"image\":{\"@id\":\"https:\\\/\\\/canal7slp.tv\\\/2023\\\/joe-biden-se-reunira-con-amlo-al-margen-de-la-cumbre-de-apec\\\/#primaryimage\"},\"thumbnailUrl\":\"https:\\\/\\\/canal7slp.tv\\\/2023\\\/wp-content\\\/uploads\\\/2023\\\/11\\\/05-9.jpg\",\"articleSection\":[\"NACIONALES\"],\"inLanguage\":\"es\"},{\"@type\":\"WebPage\",\"@id\":\"https:\\\/\\\/canal7slp.tv\\\/2023\\\/joe-biden-se-reunira-con-amlo-al-margen-de-la-cumbre-de-apec\\\/\",\"url\":\"https:\\\/\\\/canal7slp.tv\\\/2023\\\/joe-biden-se-reunira-con-amlo-al-margen-de-la-cumbre-de-apec\\\/\",\"name\":\"Joe Biden se reunir\u00e1 con AMLO al margen de la Cumbre de APEC - Canal 7 SLP - 2023\",\"isPartOf\":{\"@id\":\"https:\\\/\\\/canal7slp.tv\\\/2023\\\/#website\"},\"primaryImageOfPage\":{\"@id\":\"https:\\\/\\\/canal7slp.tv\\\/2023\\\/joe-biden-se-reunira-con-amlo-al-margen-de-la-cumbre-de-apec\\\/#primaryimage\"},\"image\":{\"@id\":\"https:\\\/\\\/canal7slp.tv\\\/2023\\\/joe-biden-se-reunira-con-amlo-al-margen-de-la-cumbre-de-apec\\\/#primaryimage\"},\"thumbnailUrl\":\"https:\\\/\\\/canal7slp.tv\\\/2023\\\/wp-content\\\/uploads\\\/2023\\\/11\\\/05-9.jpg\",\"datePublished\":\"2023-11-13T23:49:36+00:00\",\"breadcrumb\":{\"@id\":\"https:\\\/\\\/canal7slp.tv\\\/2023\\\/joe-biden-se-reunira-con-amlo-al-margen-de-la-cumbre-de-apec\\\/#breadcrumb\"},\"inLanguage\":\"es\",\"potentialAction\":[{\"@type\":\"ReadAction\",\"target\":[\"https:\\\/\\\/canal7slp.tv\\\/2023\\\/joe-biden-se-reunira-con-amlo-al-margen-de-la-cumbre-de-apec\\\/\"]}]},{\"@type\":\"ImageObject\",\"inLanguage\":\"es\",\"@id\":\"https:\\\/\\\/canal7slp.tv\\\/2023\\\/joe-biden-se-reunira-con-amlo-al-margen-de-la-cumbre-de-apec\\\/#primaryimage\",\"url\":\"https:\\\/\\\/canal7slp.tv\\\/2023\\\/wp-content\\\/uploads\\\/2023\\\/11\\\/05-9.jpg\",\"contentUrl\":\"https:\\\/\\\/canal7slp.tv\\\/2023\\\/wp-content\\\/uploads\\\/2023\\\/11\\\/05-9.jpg\",\"width\":1200,\"height\":800},{\"@type\":\"BreadcrumbList\",\"@id\":\"https:\\\/\\\/canal7slp.tv\\\/2023\\\/joe-biden-se-reunira-con-amlo-al-margen-de-la-cumbre-de-apec\\\/#breadcrumb\",\"itemListElement\":[{\"@type\":\"ListItem\",\"position\":1,\"name\":\"Portada\",\"item\":\"https:\\\/\\\/canal7slp.tv\\\/2023\\\/\"},{\"@type\":\"ListItem\",\"position\":2,\"name\":\"Joe Biden se reunir\u00e1 con AMLO al margen de la Cumbre de APEC\"}]},{\"@type\":\"WebSite\",\"@id\":\"https:\\\/\\\/canal7slp.tv\\\/2023\\\/#website\",\"url\":\"https:\\\/\\\/canal7slp.tv\\\/2023\\\/\",\"name\":\"N7 - Noticieros Canal 7\",\"description\":\"Somos Televisi\u00f3n\",\"publisher\":{\"@id\":\"https:\\\/\\\/canal7slp.tv\\\/2023\\\/#organization\"},\"potentialAction\":[{\"@type\":\"SearchAction\",\"target\":{\"@type\":\"EntryPoint\",\"urlTemplate\":\"https:\\\/\\\/canal7slp.tv\\\/2023\\\/?s={search_term_string}\"},\"query-input\":{\"@type\":\"PropertyValueSpecification\",\"valueRequired\":true,\"valueName\":\"search_term_string\"}}],\"inLanguage\":\"es\"},{\"@type\":\"Organization\",\"@id\":\"https:\\\/\\\/canal7slp.tv\\\/2023\\\/#organization\",\"name\":\"Noticieros Canal 7\",\"url\":\"https:\\\/\\\/canal7slp.tv\\\/2023\\\/\",\"logo\":{\"@type\":\"ImageObject\",\"inLanguage\":\"es\",\"@id\":\"https:\\\/\\\/canal7slp.tv\\\/2023\\\/#\\\/schema\\\/logo\\\/image\\\/\",\"url\":\"https:\\\/\\\/canal7slp.tv\\\/2023\\\/wp-content\\\/uploads\\\/2021\\\/01\\\/logo-noticieros@2x.png\",\"contentUrl\":\"https:\\\/\\\/canal7slp.tv\\\/2023\\\/wp-content\\\/uploads\\\/2021\\\/01\\\/logo-noticieros@2x.png\",\"width\":1017,\"height\":268,\"caption\":\"Noticieros Canal 7\"},\"image\":{\"@id\":\"https:\\\/\\\/canal7slp.tv\\\/2023\\\/#\\\/schema\\\/logo\\\/image\\\/\"},\"sameAs\":[\"https:\\\/\\\/www.facebook.com\\\/noticieroscanalsiete\",\"https:\\\/\\\/x.com\\\/NOTICIEROS7\",\"https:\\\/\\\/www.instagram.com\\\/canal7_slp\",\"https:\\\/\\\/www.youtube.com\\\/channel\\\/UCliiYs-gP3JfJeqdPrNdd5A\"]},{\"@type\":\"Person\",\"@id\":\"https:\\\/\\\/canal7slp.tv\\\/2023\\\/#\\\/schema\\\/person\\\/639c424e3584069003b11ae813915da6\",\"name\":\"Edici\u00f3n Web\",\"image\":{\"@type\":\"ImageObject\",\"inLanguage\":\"es\",\"@id\":\"https:\\\/\\\/secure.gravatar.com\\\/avatar\\\/eee448fc3f7164808013b816ba91ac7e43bbe82a70bebac296f8bc6f0addaa1a?s=96&d=mm&r=g\",\"url\":\"https:\\\/\\\/secure.gravatar.com\\\/avatar\\\/eee448fc3f7164808013b816ba91ac7e43bbe82a70bebac296f8bc6f0addaa1a?s=96&d=mm&r=g\",\"contentUrl\":\"https:\\\/\\\/secure.gravatar.com\\\/avatar\\\/eee448fc3f7164808013b816ba91ac7e43bbe82a70bebac296f8bc6f0addaa1a?s=96&d=mm&r=g\",\"caption\":\"Edici\u00f3n Web\"},\"url\":\"https:\\\/\\\/canal7slp.tv\\\/2023\\\/author\\\/edicionweb\\\/\"}]}<\/script>\n<!-- \/ Yoast SEO plugin. -->","yoast_head_json":{"title":"Joe Biden se reunir\u00e1 con AMLO al margen de la Cumbre de APEC - Canal 7 SLP - 2023","robots":{"index":"index","follow":"follow","max-snippet":"max-snippet:-1","max-image-preview":"max-image-preview:large","max-video-preview":"max-video-preview:-1"},"canonical":"https:\/\/canal7slp.tv\/2023\/joe-biden-se-reunira-con-amlo-al-margen-de-la-cumbre-de-apec\/","og_locale":"es_ES","og_type":"article","og_title":"Joe Biden se reunir\u00e1 con AMLO al margen de la Cumbre de APEC - Canal 7 SLP - 2023","og_description":"M\u00e9xico.- El presidente de M\u00e9xico, Andr\u00e9s Manuel L\u00f3pez Obrador, se reunir\u00e1 con su hom\u00f3logo estadounidense, Joe Biden, en la Cumbre de la APEC esta semana. Durante el encuentro, el mandatario mexicano insistir\u00e1 en la necesidad de un plan de ayuda para Latinoam\u00e9rica con el objetivo de abordar la migraci\u00f3n en la regi\u00f3n. El AMLO subray\u00f3 que su gobierno busca proteger los derechos humanos de los migrantes y critic\u00f3 las acciones basadas en deportaciones y militarizaci\u00f3n de las fronteras. Seg\u00fan la Organizaci\u00f3n Internacional de las Migraciones (OIM), M\u00e9xico y Centroam\u00e9rica enfrentan un flujo migratorio sin precedentes, con hasta 16 mil migrantes [&hellip;]","og_url":"https:\/\/canal7slp.tv\/2023\/joe-biden-se-reunira-con-amlo-al-margen-de-la-cumbre-de-apec\/","og_site_name":"Canal 7 SLP - 2023","article_publisher":"https:\/\/www.facebook.com\/noticieroscanalsiete","article_published_time":"2023-11-13T23:49:36+00:00","og_image":[{"width":1200,"height":800,"url":"https:\/\/canal7slp.tv\/2023\/wp-content\/uploads\/2023\/11\/05-9.jpg","type":"image\/jpeg"}],"author":"Edici\u00f3n Web","twitter_card":"summary_large_image","twitter_creator":"@NOTICIEROS7","twitter_site":"@NOTICIEROS7","twitter_misc":{"Escrito por":"Edici\u00f3n Web","Tiempo de lectura":"1 minuto"},"schema":{"@context":"https:\/\/schema.org","@graph":[{"@type":"Article","@id":"https:\/\/canal7slp.tv\/2023\/joe-biden-se-reunira-con-amlo-al-margen-de-la-cumbre-de-apec\/#article","isPartOf":{"@id":"https:\/\/canal7slp.tv\/2023\/joe-biden-se-reunira-con-amlo-al-margen-de-la-cumbre-de-apec\/"},"author":{"name":"Edici\u00f3n Web","@id":"https:\/\/canal7slp.tv\/2023\/#\/schema\/person\/639c424e3584069003b11ae813915da6"},"headline":"Joe Biden se reunir\u00e1 con AMLO al margen de la Cumbre de APEC","datePublished":"2023-11-13T23:49:36+00:00","mainEntityOfPage":{"@id":"https:\/\/canal7slp.tv\/2023\/joe-biden-se-reunira-con-amlo-al-margen-de-la-cumbre-de-apec\/"},"wordCount":170,"publisher":{"@id":"https:\/\/canal7slp.tv\/2023\/#organization"},"image":{"@id":"https:\/\/canal7slp.tv\/2023\/joe-biden-se-reunira-con-amlo-al-margen-de-la-cumbre-de-apec\/#primaryimage"},"thumbnailUrl":"https:\/\/canal7slp.tv\/2023\/wp-content\/uploads\/2023\/11\/05-9.jpg","articleSection":["NACIONALES"],"inLanguage":"es"},{"@type":"WebPage","@id":"https:\/\/canal7slp.tv\/2023\/joe-biden-se-reunira-con-amlo-al-margen-de-la-cumbre-de-apec\/","url":"https:\/\/canal7slp.tv\/2023\/joe-biden-se-reunira-con-amlo-al-margen-de-la-cumbre-de-apec\/","name":"Joe Biden se reunir\u00e1 con AMLO al margen de la Cumbre de APEC - Canal 7 SLP - 2023","isPartOf":{"@id":"https:\/\/canal7slp.tv\/2023\/#website"},"primaryImageOfPage":{"@id":"https:\/\/canal7slp.tv\/2023\/joe-biden-se-reunira-con-amlo-al-margen-de-la-cumbre-de-apec\/#primaryimage"},"image":{"@id":"https:\/\/canal7slp.tv\/2023\/joe-biden-se-reunira-con-amlo-al-margen-de-la-cumbre-de-apec\/#primaryimage"},"thumbnailUrl":"https:\/\/canal7slp.tv\/2023\/wp-content\/uploads\/2023\/11\/05-9.jpg","datePublished":"2023-11-13T23:49:36+00:00","breadcrumb":{"@id":"https:\/\/canal7slp.tv\/2023\/joe-biden-se-reunira-con-amlo-al-margen-de-la-cumbre-de-apec\/#breadcrumb"},"inLanguage":"es","potentialAction":[{"@type":"ReadAction","target":["https:\/\/canal7slp.tv\/2023\/joe-biden-se-reunira-con-amlo-al-margen-de-la-cumbre-de-apec\/"]}]},{"@type":"ImageObject","inLanguage":"es","@id":"https:\/\/canal7slp.tv\/2023\/joe-biden-se-reunira-con-amlo-al-margen-de-la-cumbre-de-apec\/#primaryimage","url":"https:\/\/canal7slp.tv\/2023\/wp-content\/uploads\/2023\/11\/05-9.jpg","contentUrl":"https:\/\/canal7slp.tv\/2023\/wp-content\/uploads\/2023\/11\/05-9.jpg","width":1200,"height":800},{"@type":"BreadcrumbList","@id":"https:\/\/canal7slp.tv\/2023\/joe-biden-se-reunira-con-amlo-al-margen-de-la-cumbre-de-apec\/#breadcrumb","itemListElement":[{"@type":"ListItem","position":1,"name":"Portada","item":"https:\/\/canal7slp.tv\/2023\/"},{"@type":"ListItem","position":2,"name":"Joe Biden se reunir\u00e1 con AMLO al margen de la Cumbre de APEC"}]},{"@type":"WebSite","@id":"https:\/\/canal7slp.tv\/2023\/#website","url":"https:\/\/canal7slp.tv\/2023\/","name":"N7 - Noticieros Canal 7","description":"Somos Televisi\u00f3n","publisher":{"@id":"https:\/\/canal7slp.tv\/2023\/#organization"},"potentialAction":[{"@type":"SearchAction","target":{"@type":"EntryPoint","urlTemplate":"https:\/\/canal7slp.tv\/2023\/?s={search_term_string}"},"query-input":{"@type":"PropertyValueSpecification","valueRequired":true,"valueName":"search_term_string"}}],"inLanguage":"es"},{"@type":"Organization","@id":"https:\/\/canal7slp.tv\/2023\/#organization","name":"Noticieros Canal 7","url":"https:\/\/canal7slp.tv\/2023\/","logo":{"@type":"ImageObject","inLanguage":"es","@id":"https:\/\/canal7slp.tv\/2023\/#\/schema\/logo\/image\/","url":"https:\/\/canal7slp.tv\/2023\/wp-content\/uploads\/2021\/01\/logo-noticieros@2x.png","contentUrl":"https:\/\/canal7slp.tv\/2023\/wp-content\/uploads\/2021\/01\/logo-noticieros@2x.png","width":1017,"height":268,"caption":"Noticieros Canal 7"},"image":{"@id":"https:\/\/canal7slp.tv\/2023\/#\/schema\/logo\/image\/"},"sameAs":["https:\/\/www.facebook.com\/noticieroscanalsiete","https:\/\/x.com\/NOTICIEROS7","https:\/\/www.instagram.com\/canal7_slp","https:\/\/www.youtube.com\/channel\/UCliiYs-gP3JfJeqdPrNdd5A"]},{"@type":"Person","@id":"https:\/\/canal7slp.tv\/2023\/#\/schema\/person\/639c424e3584069003b11ae813915da6","name":"Edici\u00f3n Web","image":{"@type":"ImageObject","inLanguage":"es","@id":"https:\/\/secure.gravatar.com\/avatar\/eee448fc3f7164808013b816ba91ac7e43bbe82a70bebac296f8bc6f0addaa1a?s=96&d=mm&r=g","url":"https:\/\/secure.gravatar.com\/avatar\/eee448fc3f7164808013b816ba91ac7e43bbe82a70bebac296f8bc6f0addaa1a?s=96&d=mm&r=g","contentUrl":"https:\/\/secure.gravatar.com\/avatar\/eee448fc3f7164808013b816ba91ac7e43bbe82a70bebac296f8bc6f0addaa1a?s=96&d=mm&r=g","caption":"Edici\u00f3n Web"},"url":"https:\/\/canal7slp.tv\/2023\/author\/edicionweb\/"}]}},"_links":{"self":[{"href":"https:\/\/canal7slp.tv\/2023\/wp-json\/wp\/v2\/posts\/113034","targetHints":{"allow":["GET"]}}],"collection":[{"href":"https:\/\/canal7slp.tv\/2023\/wp-json\/wp\/v2\/posts"}],"about":[{"href":"https:\/\/canal7slp.tv\/2023\/wp-json\/wp\/v2\/types\/post"}],"author":[{"embeddable":true,"href":"https:\/\/canal7slp.tv\/2023\/wp-json\/wp\/v2\/users\/2"}],"replies":[{"embeddable":true,"href":"https:\/\/canal7slp.tv\/2023\/wp-json\/wp\/v2\/comments?post=113034"}],"version-history":[{"count":3,"href":"https:\/\/canal7slp.tv\/2023\/wp-json\/wp\/v2\/posts\/113034\/revisions"}],"predecessor-version":[{"id":113080,"href":"https:\/\/canal7slp.tv\/2023\/wp-json\/wp\/v2\/posts\/113034\/revisions\/113080"}],"wp:featuredmedia":[{"embeddable":true,"href":"https:\/\/canal7slp.tv\/2023\/wp-json\/wp\/v2\/media\/113052"}],"wp:attachment":[{"href":"https:\/\/canal7slp.tv\/2023\/wp-json\/wp\/v2\/media?parent=113034"}],"wp:term":[{"taxonomy":"category","embeddable":true,"href":"https:\/\/canal7slp.tv\/2023\/wp-json\/wp\/v2\/categories?post=113034"},{"taxonomy":"post_tag","embeddable":true,"href":"https:\/\/canal7slp.tv\/2023\/wp-json\/wp\/v2\/tags?post=113034"}],"curies":[{"name":"wp","href":"https:\/\/api.w.org\/{rel}","templated":true}]}}