{"id":113033,"date":"2023-11-13T17:46:17","date_gmt":"2023-11-13T23:46:17","guid":{"rendered":"https:\/\/canal7slp.tv\/2023\/?p=113033"},"modified":"2023-11-13T17:46:17","modified_gmt":"2023-11-13T23:46:17","slug":"marcelo-ebrard-permanecera-en-morena-anuncia-entendimiento-con-claudia-sheinbaum","status":"publish","type":"post","link":"https:\/\/canal7slp.tv\/2023\/marcelo-ebrard-permanecera-en-morena-anuncia-entendimiento-con-claudia-sheinbaum\/","title":{"rendered":"Marcelo Ebrard permanecer\u00e1 en Morena; anuncia entendimiento con Claudia Sheinbaum"},"content":{"rendered":"<p style=\"text-align: justify;\">M\u00e9xico.- Marcelo Ebrard, tras no recibir la candidatura presidencial de Movimiento Regeneraci\u00f3n Nacional (MORENA) y denunciar irregularidades en los procesos internos, confirm\u00f3 su permanencia en el partido.<\/p>\n<p style=\"text-align: justify;\">En un mensaje a los medios, Ebrard destac\u00f3 que no cambiar\u00e1 de partido y que se puede decir lo que piensa dentro de Morena.<\/p>\n<p style=\"text-align: justify;\">Adem\u00e1s, afirm\u00f3 haber alcanzado un entendimiento con Claudia Sheinbaum, siendo la segunda fuerza dentro del partido.<\/p>\n<p style=\"text-align: justify;\">Ebrard solicit\u00f3 representaci\u00f3n en la Comisi\u00f3n de Elecciones y Comisi\u00f3n de Encuestas y rechaz\u00f3 alg\u00fan cargo en el posible gobierno de Sheinbaum.<\/p>\n<p style=\"text-align: justify;\">Aunque reconoci\u00f3 que las circunstancias actuales no son favorables para su candidatura presidencial, asegur\u00f3 que no se rendir\u00e1 y seguir\u00e1 en su camino pol\u00edtico en M\u00e9xico.<\/p>\n<p style=\"text-align: justify;\">Por su parte, Morena acept\u00f3 las irregularidades en el proceso interno para la elecci\u00f3n del candidato presidencial, aunque afirmaron que no hay elementos para repetir el proceso.<\/p>\n<p style=\"text-align: justify;\">El partido iniciar\u00e1 las sanciones correspondientes y destac\u00f3 que Ebrard es la segunda fuerza dentro del partido.<\/p>\n","protected":false},"excerpt":{"rendered":"<p>M\u00e9xico.- Marcelo Ebrard, tras no recibir la candidatura presidencial de Movimiento Regeneraci\u00f3n Nacional (MORENA) y denunciar irregularidades en los procesos internos, confirm\u00f3 su permanencia en el partido. En un mensaje a los medios, Ebrard destac\u00f3 que no cambiar\u00e1 de partido y que se puede decir lo que piensa dentro de Morena. Adem\u00e1s, afirm\u00f3 haber alcanzado un entendimiento con Claudia Sheinbaum, siendo la segunda fuerza dentro del partido. Ebrard solicit\u00f3 representaci\u00f3n en la Comisi\u00f3n de Elecciones y Comisi\u00f3n de Encuestas y rechaz\u00f3 alg\u00fan cargo en el posible gobierno de Sheinbaum. Aunque reconoci\u00f3 que las circunstancias actuales no son favorables para su [&hellip;]<\/p>\n","protected":false},"author":2,"featured_media":113050,"comment_status":"closed","ping_status":"closed","sticky":false,"template":"","format":"standard","meta":{"footnotes":""},"categories":[46],"tags":[],"class_list":["post-113033","post","type-post","status-publish","format-standard","has-post-thumbnail","hentry","category-nacional","post--single"],"yoast_head":"<!-- This site is optimized with the Yoast SEO plugin v27.5 - https:\/\/yoast.com\/product\/yoast-seo-wordpress\/ -->\n<title>Marcelo Ebrard permanecer\u00e1 en Morena; anuncia entendimiento con Claudia Sheinbaum - Canal 7 SLP - 2023<\/title>\n<meta name=\"robots\" content=\"index, follow, max-snippet:-1, max-image-preview:large, max-video-preview:-1\" \/>\n<link rel=\"canonical\" href=\"https:\/\/canal7slp.tv\/2023\/marcelo-ebrard-permanecera-en-morena-anuncia-entendimiento-con-claudia-sheinbaum\/\" \/>\n<meta property=\"og:locale\" content=\"es_ES\" \/>\n<meta property=\"og:type\" content=\"article\" \/>\n<meta property=\"og:title\" content=\"Marcelo Ebrard permanecer\u00e1 en Morena; anuncia entendimiento con Claudia Sheinbaum - Canal 7 SLP - 2023\" \/>\n<meta property=\"og:description\" content=\"M\u00e9xico.- Marcelo Ebrard, tras no recibir la candidatura presidencial de Movimiento Regeneraci\u00f3n Nacional (MORENA) y denunciar irregularidades en los procesos internos, confirm\u00f3 su permanencia en el partido. En un mensaje a los medios, Ebrard destac\u00f3 que no cambiar\u00e1 de partido y que se puede decir lo que piensa dentro de Morena. Adem\u00e1s, afirm\u00f3 haber alcanzado un entendimiento con Claudia Sheinbaum, siendo la segunda fuerza dentro del partido. Ebrard solicit\u00f3 representaci\u00f3n en la Comisi\u00f3n de Elecciones y Comisi\u00f3n de Encuestas y rechaz\u00f3 alg\u00fan cargo en el posible gobierno de Sheinbaum. Aunque reconoci\u00f3 que las circunstancias actuales no son favorables para su [&hellip;]\" \/>\n<meta property=\"og:url\" content=\"https:\/\/canal7slp.tv\/2023\/marcelo-ebrard-permanecera-en-morena-anuncia-entendimiento-con-claudia-sheinbaum\/\" \/>\n<meta property=\"og:site_name\" content=\"Canal 7 SLP - 2023\" \/>\n<meta property=\"article:publisher\" content=\"https:\/\/www.facebook.com\/noticieroscanalsiete\" \/>\n<meta property=\"article:published_time\" content=\"2023-11-13T23:46:17+00:00\" \/>\n<meta property=\"og:image\" content=\"https:\/\/canal7slp.tv\/2023\/wp-content\/uploads\/2023\/11\/04-10.jpg\" \/>\n\t<meta property=\"og:image:width\" content=\"980\" \/>\n\t<meta property=\"og:image:height\" content=\"551\" \/>\n\t<meta property=\"og:image:type\" content=\"image\/jpeg\" \/>\n<meta name=\"author\" content=\"Edici\u00f3n Web\" \/>\n<meta name=\"twitter:card\" content=\"summary_large_image\" \/>\n<meta name=\"twitter:creator\" content=\"@NOTICIEROS7\" \/>\n<meta name=\"twitter:site\" content=\"@NOTICIEROS7\" \/>\n<meta name=\"twitter:label1\" content=\"Escrito por\" \/>\n\t<meta name=\"twitter:data1\" content=\"Edici\u00f3n Web\" \/>\n\t<meta name=\"twitter:label2\" content=\"Tiempo de lectura\" \/>\n\t<meta name=\"twitter:data2\" content=\"1 minuto\" \/>\n<script type=\"application\/ld+json\" class=\"yoast-schema-graph\">{\"@context\":\"https:\\\/\\\/schema.org\",\"@graph\":[{\"@type\":\"Article\",\"@id\":\"https:\\\/\\\/canal7slp.tv\\\/2023\\\/marcelo-ebrard-permanecera-en-morena-anuncia-entendimiento-con-claudia-sheinbaum\\\/#article\",\"isPartOf\":{\"@id\":\"https:\\\/\\\/canal7slp.tv\\\/2023\\\/marcelo-ebrard-permanecera-en-morena-anuncia-entendimiento-con-claudia-sheinbaum\\\/\"},\"author\":{\"name\":\"Edici\u00f3n Web\",\"@id\":\"https:\\\/\\\/canal7slp.tv\\\/2023\\\/#\\\/schema\\\/person\\\/639c424e3584069003b11ae813915da6\"},\"headline\":\"Marcelo Ebrard permanecer\u00e1 en Morena; anuncia entendimiento con Claudia Sheinbaum\",\"datePublished\":\"2023-11-13T23:46:17+00:00\",\"mainEntityOfPage\":{\"@id\":\"https:\\\/\\\/canal7slp.tv\\\/2023\\\/marcelo-ebrard-permanecera-en-morena-anuncia-entendimiento-con-claudia-sheinbaum\\\/\"},\"wordCount\":180,\"publisher\":{\"@id\":\"https:\\\/\\\/canal7slp.tv\\\/2023\\\/#organization\"},\"image\":{\"@id\":\"https:\\\/\\\/canal7slp.tv\\\/2023\\\/marcelo-ebrard-permanecera-en-morena-anuncia-entendimiento-con-claudia-sheinbaum\\\/#primaryimage\"},\"thumbnailUrl\":\"https:\\\/\\\/canal7slp.tv\\\/2023\\\/wp-content\\\/uploads\\\/2023\\\/11\\\/04-10.jpg\",\"articleSection\":[\"NACIONALES\"],\"inLanguage\":\"es\"},{\"@type\":\"WebPage\",\"@id\":\"https:\\\/\\\/canal7slp.tv\\\/2023\\\/marcelo-ebrard-permanecera-en-morena-anuncia-entendimiento-con-claudia-sheinbaum\\\/\",\"url\":\"https:\\\/\\\/canal7slp.tv\\\/2023\\\/marcelo-ebrard-permanecera-en-morena-anuncia-entendimiento-con-claudia-sheinbaum\\\/\",\"name\":\"Marcelo Ebrard permanecer\u00e1 en Morena; anuncia entendimiento con Claudia Sheinbaum - Canal 7 SLP - 2023\",\"isPartOf\":{\"@id\":\"https:\\\/\\\/canal7slp.tv\\\/2023\\\/#website\"},\"primaryImageOfPage\":{\"@id\":\"https:\\\/\\\/canal7slp.tv\\\/2023\\\/marcelo-ebrard-permanecera-en-morena-anuncia-entendimiento-con-claudia-sheinbaum\\\/#primaryimage\"},\"image\":{\"@id\":\"https:\\\/\\\/canal7slp.tv\\\/2023\\\/marcelo-ebrard-permanecera-en-morena-anuncia-entendimiento-con-claudia-sheinbaum\\\/#primaryimage\"},\"thumbnailUrl\":\"https:\\\/\\\/canal7slp.tv\\\/2023\\\/wp-content\\\/uploads\\\/2023\\\/11\\\/04-10.jpg\",\"datePublished\":\"2023-11-13T23:46:17+00:00\",\"breadcrumb\":{\"@id\":\"https:\\\/\\\/canal7slp.tv\\\/2023\\\/marcelo-ebrard-permanecera-en-morena-anuncia-entendimiento-con-claudia-sheinbaum\\\/#breadcrumb\"},\"inLanguage\":\"es\",\"potentialAction\":[{\"@type\":\"ReadAction\",\"target\":[\"https:\\\/\\\/canal7slp.tv\\\/2023\\\/marcelo-ebrard-permanecera-en-morena-anuncia-entendimiento-con-claudia-sheinbaum\\\/\"]}]},{\"@type\":\"ImageObject\",\"inLanguage\":\"es\",\"@id\":\"https:\\\/\\\/canal7slp.tv\\\/2023\\\/marcelo-ebrard-permanecera-en-morena-anuncia-entendimiento-con-claudia-sheinbaum\\\/#primaryimage\",\"url\":\"https:\\\/\\\/canal7slp.tv\\\/2023\\\/wp-content\\\/uploads\\\/2023\\\/11\\\/04-10.jpg\",\"contentUrl\":\"https:\\\/\\\/canal7slp.tv\\\/2023\\\/wp-content\\\/uploads\\\/2023\\\/11\\\/04-10.jpg\",\"width\":980,\"height\":551},{\"@type\":\"BreadcrumbList\",\"@id\":\"https:\\\/\\\/canal7slp.tv\\\/2023\\\/marcelo-ebrard-permanecera-en-morena-anuncia-entendimiento-con-claudia-sheinbaum\\\/#breadcrumb\",\"itemListElement\":[{\"@type\":\"ListItem\",\"position\":1,\"name\":\"Portada\",\"item\":\"https:\\\/\\\/canal7slp.tv\\\/2023\\\/\"},{\"@type\":\"ListItem\",\"position\":2,\"name\":\"Marcelo Ebrard permanecer\u00e1 en Morena; anuncia entendimiento con Claudia Sheinbaum\"}]},{\"@type\":\"WebSite\",\"@id\":\"https:\\\/\\\/canal7slp.tv\\\/2023\\\/#website\",\"url\":\"https:\\\/\\\/canal7slp.tv\\\/2023\\\/\",\"name\":\"N7 - Noticieros Canal 7\",\"description\":\"Somos Televisi\u00f3n\",\"publisher\":{\"@id\":\"https:\\\/\\\/canal7slp.tv\\\/2023\\\/#organization\"},\"potentialAction\":[{\"@type\":\"SearchAction\",\"target\":{\"@type\":\"EntryPoint\",\"urlTemplate\":\"https:\\\/\\\/canal7slp.tv\\\/2023\\\/?s={search_term_string}\"},\"query-input\":{\"@type\":\"PropertyValueSpecification\",\"valueRequired\":true,\"valueName\":\"search_term_string\"}}],\"inLanguage\":\"es\"},{\"@type\":\"Organization\",\"@id\":\"https:\\\/\\\/canal7slp.tv\\\/2023\\\/#organization\",\"name\":\"Noticieros Canal 7\",\"url\":\"https:\\\/\\\/canal7slp.tv\\\/2023\\\/\",\"logo\":{\"@type\":\"ImageObject\",\"inLanguage\":\"es\",\"@id\":\"https:\\\/\\\/canal7slp.tv\\\/2023\\\/#\\\/schema\\\/logo\\\/image\\\/\",\"url\":\"https:\\\/\\\/canal7slp.tv\\\/2023\\\/wp-content\\\/uploads\\\/2021\\\/01\\\/logo-noticieros@2x.png\",\"contentUrl\":\"https:\\\/\\\/canal7slp.tv\\\/2023\\\/wp-content\\\/uploads\\\/2021\\\/01\\\/logo-noticieros@2x.png\",\"width\":1017,\"height\":268,\"caption\":\"Noticieros Canal 7\"},\"image\":{\"@id\":\"https:\\\/\\\/canal7slp.tv\\\/2023\\\/#\\\/schema\\\/logo\\\/image\\\/\"},\"sameAs\":[\"https:\\\/\\\/www.facebook.com\\\/noticieroscanalsiete\",\"https:\\\/\\\/x.com\\\/NOTICIEROS7\",\"https:\\\/\\\/www.instagram.com\\\/canal7_slp\",\"https:\\\/\\\/www.youtube.com\\\/channel\\\/UCliiYs-gP3JfJeqdPrNdd5A\"]},{\"@type\":\"Person\",\"@id\":\"https:\\\/\\\/canal7slp.tv\\\/2023\\\/#\\\/schema\\\/person\\\/639c424e3584069003b11ae813915da6\",\"name\":\"Edici\u00f3n Web\",\"image\":{\"@type\":\"ImageObject\",\"inLanguage\":\"es\",\"@id\":\"https:\\\/\\\/secure.gravatar.com\\\/avatar\\\/eee448fc3f7164808013b816ba91ac7e43bbe82a70bebac296f8bc6f0addaa1a?s=96&d=mm&r=g\",\"url\":\"https:\\\/\\\/secure.gravatar.com\\\/avatar\\\/eee448fc3f7164808013b816ba91ac7e43bbe82a70bebac296f8bc6f0addaa1a?s=96&d=mm&r=g\",\"contentUrl\":\"https:\\\/\\\/secure.gravatar.com\\\/avatar\\\/eee448fc3f7164808013b816ba91ac7e43bbe82a70bebac296f8bc6f0addaa1a?s=96&d=mm&r=g\",\"caption\":\"Edici\u00f3n Web\"},\"url\":\"https:\\\/\\\/canal7slp.tv\\\/2023\\\/author\\\/edicionweb\\\/\"}]}<\/script>\n<!-- \/ Yoast SEO plugin. -->","yoast_head_json":{"title":"Marcelo Ebrard permanecer\u00e1 en Morena; anuncia entendimiento con Claudia Sheinbaum - Canal 7 SLP - 2023","robots":{"index":"index","follow":"follow","max-snippet":"max-snippet:-1","max-image-preview":"max-image-preview:large","max-video-preview":"max-video-preview:-1"},"canonical":"https:\/\/canal7slp.tv\/2023\/marcelo-ebrard-permanecera-en-morena-anuncia-entendimiento-con-claudia-sheinbaum\/","og_locale":"es_ES","og_type":"article","og_title":"Marcelo Ebrard permanecer\u00e1 en Morena; anuncia entendimiento con Claudia Sheinbaum - Canal 7 SLP - 2023","og_description":"M\u00e9xico.- Marcelo Ebrard, tras no recibir la candidatura presidencial de Movimiento Regeneraci\u00f3n Nacional (MORENA) y denunciar irregularidades en los procesos internos, confirm\u00f3 su permanencia en el partido. En un mensaje a los medios, Ebrard destac\u00f3 que no cambiar\u00e1 de partido y que se puede decir lo que piensa dentro de Morena. Adem\u00e1s, afirm\u00f3 haber alcanzado un entendimiento con Claudia Sheinbaum, siendo la segunda fuerza dentro del partido. Ebrard solicit\u00f3 representaci\u00f3n en la Comisi\u00f3n de Elecciones y Comisi\u00f3n de Encuestas y rechaz\u00f3 alg\u00fan cargo en el posible gobierno de Sheinbaum. Aunque reconoci\u00f3 que las circunstancias actuales no son favorables para su [&hellip;]","og_url":"https:\/\/canal7slp.tv\/2023\/marcelo-ebrard-permanecera-en-morena-anuncia-entendimiento-con-claudia-sheinbaum\/","og_site_name":"Canal 7 SLP - 2023","article_publisher":"https:\/\/www.facebook.com\/noticieroscanalsiete","article_published_time":"2023-11-13T23:46:17+00:00","og_image":[{"width":980,"height":551,"url":"https:\/\/canal7slp.tv\/2023\/wp-content\/uploads\/2023\/11\/04-10.jpg","type":"image\/jpeg"}],"author":"Edici\u00f3n Web","twitter_card":"summary_large_image","twitter_creator":"@NOTICIEROS7","twitter_site":"@NOTICIEROS7","twitter_misc":{"Escrito por":"Edici\u00f3n Web","Tiempo de lectura":"1 minuto"},"schema":{"@context":"https:\/\/schema.org","@graph":[{"@type":"Article","@id":"https:\/\/canal7slp.tv\/2023\/marcelo-ebrard-permanecera-en-morena-anuncia-entendimiento-con-claudia-sheinbaum\/#article","isPartOf":{"@id":"https:\/\/canal7slp.tv\/2023\/marcelo-ebrard-permanecera-en-morena-anuncia-entendimiento-con-claudia-sheinbaum\/"},"author":{"name":"Edici\u00f3n Web","@id":"https:\/\/canal7slp.tv\/2023\/#\/schema\/person\/639c424e3584069003b11ae813915da6"},"headline":"Marcelo Ebrard permanecer\u00e1 en Morena; anuncia entendimiento con Claudia Sheinbaum","datePublished":"2023-11-13T23:46:17+00:00","mainEntityOfPage":{"@id":"https:\/\/canal7slp.tv\/2023\/marcelo-ebrard-permanecera-en-morena-anuncia-entendimiento-con-claudia-sheinbaum\/"},"wordCount":180,"publisher":{"@id":"https:\/\/canal7slp.tv\/2023\/#organization"},"image":{"@id":"https:\/\/canal7slp.tv\/2023\/marcelo-ebrard-permanecera-en-morena-anuncia-entendimiento-con-claudia-sheinbaum\/#primaryimage"},"thumbnailUrl":"https:\/\/canal7slp.tv\/2023\/wp-content\/uploads\/2023\/11\/04-10.jpg","articleSection":["NACIONALES"],"inLanguage":"es"},{"@type":"WebPage","@id":"https:\/\/canal7slp.tv\/2023\/marcelo-ebrard-permanecera-en-morena-anuncia-entendimiento-con-claudia-sheinbaum\/","url":"https:\/\/canal7slp.tv\/2023\/marcelo-ebrard-permanecera-en-morena-anuncia-entendimiento-con-claudia-sheinbaum\/","name":"Marcelo Ebrard permanecer\u00e1 en Morena; anuncia entendimiento con Claudia Sheinbaum - Canal 7 SLP - 2023","isPartOf":{"@id":"https:\/\/canal7slp.tv\/2023\/#website"},"primaryImageOfPage":{"@id":"https:\/\/canal7slp.tv\/2023\/marcelo-ebrard-permanecera-en-morena-anuncia-entendimiento-con-claudia-sheinbaum\/#primaryimage"},"image":{"@id":"https:\/\/canal7slp.tv\/2023\/marcelo-ebrard-permanecera-en-morena-anuncia-entendimiento-con-claudia-sheinbaum\/#primaryimage"},"thumbnailUrl":"https:\/\/canal7slp.tv\/2023\/wp-content\/uploads\/2023\/11\/04-10.jpg","datePublished":"2023-11-13T23:46:17+00:00","breadcrumb":{"@id":"https:\/\/canal7slp.tv\/2023\/marcelo-ebrard-permanecera-en-morena-anuncia-entendimiento-con-claudia-sheinbaum\/#breadcrumb"},"inLanguage":"es","potentialAction":[{"@type":"ReadAction","target":["https:\/\/canal7slp.tv\/2023\/marcelo-ebrard-permanecera-en-morena-anuncia-entendimiento-con-claudia-sheinbaum\/"]}]},{"@type":"ImageObject","inLanguage":"es","@id":"https:\/\/canal7slp.tv\/2023\/marcelo-ebrard-permanecera-en-morena-anuncia-entendimiento-con-claudia-sheinbaum\/#primaryimage","url":"https:\/\/canal7slp.tv\/2023\/wp-content\/uploads\/2023\/11\/04-10.jpg","contentUrl":"https:\/\/canal7slp.tv\/2023\/wp-content\/uploads\/2023\/11\/04-10.jpg","width":980,"height":551},{"@type":"BreadcrumbList","@id":"https:\/\/canal7slp.tv\/2023\/marcelo-ebrard-permanecera-en-morena-anuncia-entendimiento-con-claudia-sheinbaum\/#breadcrumb","itemListElement":[{"@type":"ListItem","position":1,"name":"Portada","item":"https:\/\/canal7slp.tv\/2023\/"},{"@type":"ListItem","position":2,"name":"Marcelo Ebrard permanecer\u00e1 en Morena; anuncia entendimiento con Claudia Sheinbaum"}]},{"@type":"WebSite","@id":"https:\/\/canal7slp.tv\/2023\/#website","url":"https:\/\/canal7slp.tv\/2023\/","name":"N7 - Noticieros Canal 7","description":"Somos Televisi\u00f3n","publisher":{"@id":"https:\/\/canal7slp.tv\/2023\/#organization"},"potentialAction":[{"@type":"SearchAction","target":{"@type":"EntryPoint","urlTemplate":"https:\/\/canal7slp.tv\/2023\/?s={search_term_string}"},"query-input":{"@type":"PropertyValueSpecification","valueRequired":true,"valueName":"search_term_string"}}],"inLanguage":"es"},{"@type":"Organization","@id":"https:\/\/canal7slp.tv\/2023\/#organization","name":"Noticieros Canal 7","url":"https:\/\/canal7slp.tv\/2023\/","logo":{"@type":"ImageObject","inLanguage":"es","@id":"https:\/\/canal7slp.tv\/2023\/#\/schema\/logo\/image\/","url":"https:\/\/canal7slp.tv\/2023\/wp-content\/uploads\/2021\/01\/logo-noticieros@2x.png","contentUrl":"https:\/\/canal7slp.tv\/2023\/wp-content\/uploads\/2021\/01\/logo-noticieros@2x.png","width":1017,"height":268,"caption":"Noticieros Canal 7"},"image":{"@id":"https:\/\/canal7slp.tv\/2023\/#\/schema\/logo\/image\/"},"sameAs":["https:\/\/www.facebook.com\/noticieroscanalsiete","https:\/\/x.com\/NOTICIEROS7","https:\/\/www.instagram.com\/canal7_slp","https:\/\/www.youtube.com\/channel\/UCliiYs-gP3JfJeqdPrNdd5A"]},{"@type":"Person","@id":"https:\/\/canal7slp.tv\/2023\/#\/schema\/person\/639c424e3584069003b11ae813915da6","name":"Edici\u00f3n Web","image":{"@type":"ImageObject","inLanguage":"es","@id":"https:\/\/secure.gravatar.com\/avatar\/eee448fc3f7164808013b816ba91ac7e43bbe82a70bebac296f8bc6f0addaa1a?s=96&d=mm&r=g","url":"https:\/\/secure.gravatar.com\/avatar\/eee448fc3f7164808013b816ba91ac7e43bbe82a70bebac296f8bc6f0addaa1a?s=96&d=mm&r=g","contentUrl":"https:\/\/secure.gravatar.com\/avatar\/eee448fc3f7164808013b816ba91ac7e43bbe82a70bebac296f8bc6f0addaa1a?s=96&d=mm&r=g","caption":"Edici\u00f3n Web"},"url":"https:\/\/canal7slp.tv\/2023\/author\/edicionweb\/"}]}},"_links":{"self":[{"href":"https:\/\/canal7slp.tv\/2023\/wp-json\/wp\/v2\/posts\/113033","targetHints":{"allow":["GET"]}}],"collection":[{"href":"https:\/\/canal7slp.tv\/2023\/wp-json\/wp\/v2\/posts"}],"about":[{"href":"https:\/\/canal7slp.tv\/2023\/wp-json\/wp\/v2\/types\/post"}],"author":[{"embeddable":true,"href":"https:\/\/canal7slp.tv\/2023\/wp-json\/wp\/v2\/users\/2"}],"replies":[{"embeddable":true,"href":"https:\/\/canal7slp.tv\/2023\/wp-json\/wp\/v2\/comments?post=113033"}],"version-history":[{"count":3,"href":"https:\/\/canal7slp.tv\/2023\/wp-json\/wp\/v2\/posts\/113033\/revisions"}],"predecessor-version":[{"id":113079,"href":"https:\/\/canal7slp.tv\/2023\/wp-json\/wp\/v2\/posts\/113033\/revisions\/113079"}],"wp:featuredmedia":[{"embeddable":true,"href":"https:\/\/canal7slp.tv\/2023\/wp-json\/wp\/v2\/media\/113050"}],"wp:attachment":[{"href":"https:\/\/canal7slp.tv\/2023\/wp-json\/wp\/v2\/media?parent=113033"}],"wp:term":[{"taxonomy":"category","embeddable":true,"href":"https:\/\/canal7slp.tv\/2023\/wp-json\/wp\/v2\/categories?post=113033"},{"taxonomy":"post_tag","embeddable":true,"href":"https:\/\/canal7slp.tv\/2023\/wp-json\/wp\/v2\/tags?post=113033"}],"curies":[{"name":"wp","href":"https:\/\/api.w.org\/{rel}","templated":true}]}}