{"id":112515,"date":"2023-11-07T17:47:33","date_gmt":"2023-11-07T23:47:33","guid":{"rendered":"https:\/\/canal7slp.tv\/2023\/?p=112515"},"modified":"2023-11-07T17:47:33","modified_gmt":"2023-11-07T23:47:33","slug":"tenemos-abasto-suficiente-de-medicamentos-material-y-todas-las-unidades-medicas-asegura-delegado-del-imss-en-slp","status":"publish","type":"post","link":"https:\/\/canal7slp.tv\/2023\/tenemos-abasto-suficiente-de-medicamentos-material-y-todas-las-unidades-medicas-asegura-delegado-del-imss-en-slp\/","title":{"rendered":"\u00abTenemos abasto suficiente de medicamentos, material y todas las unidades m\u00e9dicas\u00bb, asegura delegado del IMSS en SLP"},"content":{"rendered":"<ul>\n<li>Sin embargo, reconoce que entre lo faltante se encuentra medicina oncol\u00f3gica.<\/li>\n<\/ul>\n<p style=\"text-align: justify;\">SLP.-\u00a0No existe un desbasto de medicamentos en San Luis Potos\u00ed seg\u00fan report\u00f3 el Instituto Mexicano del Seguro Social luego de que se cuestionara sobre los se\u00f1alamientos que hacen los propios derechohabientes.<\/p>\n<p style=\"text-align: justify;\">Fue el delegado del seguro social, Leonardo Francisco Mu\u00f1oz P\u00e9rez, qui\u00e9n neg\u00f3 se presente alg\u00fan problema en ese sentido.<\/p>\n<p style=\"text-align: justify;\">\u00abEn realidad tenemos un equipo muy entusiasta, todas las compa\u00f1eras y compa\u00f1eros del instituto trabajan de forma muy regular y la cuesti\u00f3n del desabasto no est\u00e1\u00bb, se\u00f1al\u00f3.<\/p>\n<p style=\"text-align: justify;\">De hecho, indic\u00f3 que el abasto de los medicamentos en San Luis Potos\u00ed se encuentra por encima del 90 por ciento.<\/p>\n<p style=\"text-align: justify;\">\u00abHemos constatado que tenemos un abasto de hasta del 95% en la totalidad de las recetas que surtimos, habr\u00e1 casos espec\u00edficos en los cuales tengamos alguna deficiencia pero lo atendemos de inmediato a trav\u00e9s de nuestra oficina de atenci\u00f3n y orientaci\u00f3n a derechohabiente\u00bb, explic\u00f3.<\/p>\n<p style=\"text-align: justify;\">Continu\u00f3: \u00abSon casos espec\u00edficos que atendemos de forma inmediata, no necesariamente es algo regular, por ning\u00fan motivo; tenemos un abasto suficiente de medicamentos, suficiente material y todas las unidades m\u00e9dicas del instituto en el estado\u00bb..<\/p>\n<p style=\"text-align: justify;\">Reconoci\u00f3 que el porcentaje restante de las cifras que maneja, est\u00e1n relacionado con medicina de tipo oncol\u00f3gica.<\/p>\n<p style=\"text-align: justify;\">\u00abSabemos que son los menos, en general el abasto de medicamentos para enfermedades cr\u00f3nico degenerativas que son las que m\u00e1s nos ocupan siempre son suficientes: diabetes, hipertensi\u00f3n, etc\u00e9tera\u00bb, finaliz\u00f3.<\/p>\n<p style=\"text-align: justify;\">Por: Jos\u00e9 Luis V\u00e1zquez<\/p>\n","protected":false},"excerpt":{"rendered":"<p>Sin embargo, reconoce que entre lo faltante se encuentra medicina oncol\u00f3gica. SLP.-\u00a0No existe un desbasto de medicamentos en San Luis Potos\u00ed seg\u00fan report\u00f3 el Instituto Mexicano del Seguro Social luego de que se cuestionara sobre los se\u00f1alamientos que hacen los propios derechohabientes. Fue el delegado del seguro social, Leonardo Francisco Mu\u00f1oz P\u00e9rez, qui\u00e9n neg\u00f3 se presente alg\u00fan problema en ese sentido. \u00abEn realidad tenemos un equipo muy entusiasta, todas las compa\u00f1eras y compa\u00f1eros del instituto trabajan de forma muy regular y la cuesti\u00f3n del desabasto no est\u00e1\u00bb, se\u00f1al\u00f3. De hecho, indic\u00f3 que el abasto de los medicamentos en San Luis [&hellip;]<\/p>\n","protected":false},"author":2,"featured_media":112556,"comment_status":"closed","ping_status":"closed","sticky":false,"template":"","format":"video","meta":{"footnotes":""},"categories":[5,45],"tags":[],"class_list":["post-112515","post","type-post","status-publish","format-video","has-post-thumbnail","hentry","category-destacadas","category-localesyregionales","post_format-post-format-video","post--single"],"yoast_head":"<!-- This site is optimized with the Yoast SEO plugin v27.5 - https:\/\/yoast.com\/product\/yoast-seo-wordpress\/ -->\n<title>&quot;Tenemos abasto suficiente de medicamentos, material y todas las unidades m\u00e9dicas&quot;, asegura delegado del IMSS en SLP - Canal 7 SLP - 2023<\/title>\n<meta name=\"robots\" content=\"index, follow, max-snippet:-1, max-image-preview:large, max-video-preview:-1\" \/>\n<link rel=\"canonical\" href=\"https:\/\/canal7slp.tv\/2023\/tenemos-abasto-suficiente-de-medicamentos-material-y-todas-las-unidades-medicas-asegura-delegado-del-imss-en-slp\/\" \/>\n<meta property=\"og:locale\" content=\"es_ES\" \/>\n<meta property=\"og:type\" content=\"article\" \/>\n<meta property=\"og:title\" content=\"&quot;Tenemos abasto suficiente de medicamentos, material y todas las unidades m\u00e9dicas&quot;, asegura delegado del IMSS en SLP - Canal 7 SLP - 2023\" \/>\n<meta property=\"og:description\" content=\"Sin embargo, reconoce que entre lo faltante se encuentra medicina oncol\u00f3gica. SLP.-\u00a0No existe un desbasto de medicamentos en San Luis Potos\u00ed seg\u00fan report\u00f3 el Instituto Mexicano del Seguro Social luego de que se cuestionara sobre los se\u00f1alamientos que hacen los propios derechohabientes. Fue el delegado del seguro social, Leonardo Francisco Mu\u00f1oz P\u00e9rez, qui\u00e9n neg\u00f3 se presente alg\u00fan problema en ese sentido. \u00abEn realidad tenemos un equipo muy entusiasta, todas las compa\u00f1eras y compa\u00f1eros del instituto trabajan de forma muy regular y la cuesti\u00f3n del desabasto no est\u00e1\u00bb, se\u00f1al\u00f3. De hecho, indic\u00f3 que el abasto de los medicamentos en San Luis [&hellip;]\" \/>\n<meta property=\"og:url\" content=\"https:\/\/canal7slp.tv\/2023\/tenemos-abasto-suficiente-de-medicamentos-material-y-todas-las-unidades-medicas-asegura-delegado-del-imss-en-slp\/\" \/>\n<meta property=\"og:site_name\" content=\"Canal 7 SLP - 2023\" \/>\n<meta property=\"article:publisher\" content=\"https:\/\/www.facebook.com\/noticieroscanalsiete\" \/>\n<meta property=\"article:published_time\" content=\"2023-11-07T23:47:33+00:00\" \/>\n<meta property=\"og:image\" content=\"https:\/\/canal7slp.tv\/2023\/wp-content\/uploads\/2023\/11\/Vazquez02IMSSMEdicamentos.jpg\" \/>\n\t<meta property=\"og:image:width\" content=\"1280\" \/>\n\t<meta property=\"og:image:height\" content=\"720\" \/>\n\t<meta property=\"og:image:type\" content=\"image\/jpeg\" \/>\n<meta name=\"author\" content=\"Edici\u00f3n Web\" \/>\n<meta name=\"twitter:card\" content=\"summary_large_image\" \/>\n<meta name=\"twitter:creator\" content=\"@NOTICIEROS7\" \/>\n<meta name=\"twitter:site\" content=\"@NOTICIEROS7\" \/>\n<meta name=\"twitter:label1\" content=\"Escrito por\" \/>\n\t<meta name=\"twitter:data1\" content=\"Edici\u00f3n Web\" \/>\n\t<meta name=\"twitter:label2\" content=\"Tiempo de lectura\" \/>\n\t<meta name=\"twitter:data2\" content=\"2 minutos\" \/>\n<script type=\"application\/ld+json\" class=\"yoast-schema-graph\">{\"@context\":\"https:\\\/\\\/schema.org\",\"@graph\":[{\"@type\":\"Article\",\"@id\":\"https:\\\/\\\/canal7slp.tv\\\/2023\\\/tenemos-abasto-suficiente-de-medicamentos-material-y-todas-las-unidades-medicas-asegura-delegado-del-imss-en-slp\\\/#article\",\"isPartOf\":{\"@id\":\"https:\\\/\\\/canal7slp.tv\\\/2023\\\/tenemos-abasto-suficiente-de-medicamentos-material-y-todas-las-unidades-medicas-asegura-delegado-del-imss-en-slp\\\/\"},\"author\":{\"name\":\"Edici\u00f3n Web\",\"@id\":\"https:\\\/\\\/canal7slp.tv\\\/2023\\\/#\\\/schema\\\/person\\\/639c424e3584069003b11ae813915da6\"},\"headline\":\"\u00abTenemos abasto suficiente de medicamentos, material y todas las unidades m\u00e9dicas\u00bb, asegura delegado del IMSS en SLP\",\"datePublished\":\"2023-11-07T23:47:33+00:00\",\"mainEntityOfPage\":{\"@id\":\"https:\\\/\\\/canal7slp.tv\\\/2023\\\/tenemos-abasto-suficiente-de-medicamentos-material-y-todas-las-unidades-medicas-asegura-delegado-del-imss-en-slp\\\/\"},\"wordCount\":281,\"publisher\":{\"@id\":\"https:\\\/\\\/canal7slp.tv\\\/2023\\\/#organization\"},\"image\":{\"@id\":\"https:\\\/\\\/canal7slp.tv\\\/2023\\\/tenemos-abasto-suficiente-de-medicamentos-material-y-todas-las-unidades-medicas-asegura-delegado-del-imss-en-slp\\\/#primaryimage\"},\"thumbnailUrl\":\"https:\\\/\\\/canal7slp.tv\\\/2023\\\/wp-content\\\/uploads\\\/2023\\\/11\\\/Vazquez02IMSSMEdicamentos.jpg\",\"articleSection\":[\"DESTACADAS\",\"LOCALES Y REGIONALES\"],\"inLanguage\":\"es\"},{\"@type\":\"WebPage\",\"@id\":\"https:\\\/\\\/canal7slp.tv\\\/2023\\\/tenemos-abasto-suficiente-de-medicamentos-material-y-todas-las-unidades-medicas-asegura-delegado-del-imss-en-slp\\\/\",\"url\":\"https:\\\/\\\/canal7slp.tv\\\/2023\\\/tenemos-abasto-suficiente-de-medicamentos-material-y-todas-las-unidades-medicas-asegura-delegado-del-imss-en-slp\\\/\",\"name\":\"\\\"Tenemos abasto suficiente de medicamentos, material y todas las unidades m\u00e9dicas\\\", asegura delegado del IMSS en SLP - Canal 7 SLP - 2023\",\"isPartOf\":{\"@id\":\"https:\\\/\\\/canal7slp.tv\\\/2023\\\/#website\"},\"primaryImageOfPage\":{\"@id\":\"https:\\\/\\\/canal7slp.tv\\\/2023\\\/tenemos-abasto-suficiente-de-medicamentos-material-y-todas-las-unidades-medicas-asegura-delegado-del-imss-en-slp\\\/#primaryimage\"},\"image\":{\"@id\":\"https:\\\/\\\/canal7slp.tv\\\/2023\\\/tenemos-abasto-suficiente-de-medicamentos-material-y-todas-las-unidades-medicas-asegura-delegado-del-imss-en-slp\\\/#primaryimage\"},\"thumbnailUrl\":\"https:\\\/\\\/canal7slp.tv\\\/2023\\\/wp-content\\\/uploads\\\/2023\\\/11\\\/Vazquez02IMSSMEdicamentos.jpg\",\"datePublished\":\"2023-11-07T23:47:33+00:00\",\"breadcrumb\":{\"@id\":\"https:\\\/\\\/canal7slp.tv\\\/2023\\\/tenemos-abasto-suficiente-de-medicamentos-material-y-todas-las-unidades-medicas-asegura-delegado-del-imss-en-slp\\\/#breadcrumb\"},\"inLanguage\":\"es\",\"potentialAction\":[{\"@type\":\"ReadAction\",\"target\":[\"https:\\\/\\\/canal7slp.tv\\\/2023\\\/tenemos-abasto-suficiente-de-medicamentos-material-y-todas-las-unidades-medicas-asegura-delegado-del-imss-en-slp\\\/\"]}]},{\"@type\":\"ImageObject\",\"inLanguage\":\"es\",\"@id\":\"https:\\\/\\\/canal7slp.tv\\\/2023\\\/tenemos-abasto-suficiente-de-medicamentos-material-y-todas-las-unidades-medicas-asegura-delegado-del-imss-en-slp\\\/#primaryimage\",\"url\":\"https:\\\/\\\/canal7slp.tv\\\/2023\\\/wp-content\\\/uploads\\\/2023\\\/11\\\/Vazquez02IMSSMEdicamentos.jpg\",\"contentUrl\":\"https:\\\/\\\/canal7slp.tv\\\/2023\\\/wp-content\\\/uploads\\\/2023\\\/11\\\/Vazquez02IMSSMEdicamentos.jpg\",\"width\":1280,\"height\":720},{\"@type\":\"BreadcrumbList\",\"@id\":\"https:\\\/\\\/canal7slp.tv\\\/2023\\\/tenemos-abasto-suficiente-de-medicamentos-material-y-todas-las-unidades-medicas-asegura-delegado-del-imss-en-slp\\\/#breadcrumb\",\"itemListElement\":[{\"@type\":\"ListItem\",\"position\":1,\"name\":\"Portada\",\"item\":\"https:\\\/\\\/canal7slp.tv\\\/2023\\\/\"},{\"@type\":\"ListItem\",\"position\":2,\"name\":\"&#8220;Tenemos abasto suficiente de medicamentos, material y todas las unidades m\u00e9dicas&#8221;, asegura delegado del IMSS en SLP\"}]},{\"@type\":\"WebSite\",\"@id\":\"https:\\\/\\\/canal7slp.tv\\\/2023\\\/#website\",\"url\":\"https:\\\/\\\/canal7slp.tv\\\/2023\\\/\",\"name\":\"N7 - Noticieros Canal 7\",\"description\":\"Somos Televisi\u00f3n\",\"publisher\":{\"@id\":\"https:\\\/\\\/canal7slp.tv\\\/2023\\\/#organization\"},\"potentialAction\":[{\"@type\":\"SearchAction\",\"target\":{\"@type\":\"EntryPoint\",\"urlTemplate\":\"https:\\\/\\\/canal7slp.tv\\\/2023\\\/?s={search_term_string}\"},\"query-input\":{\"@type\":\"PropertyValueSpecification\",\"valueRequired\":true,\"valueName\":\"search_term_string\"}}],\"inLanguage\":\"es\"},{\"@type\":\"Organization\",\"@id\":\"https:\\\/\\\/canal7slp.tv\\\/2023\\\/#organization\",\"name\":\"Noticieros Canal 7\",\"url\":\"https:\\\/\\\/canal7slp.tv\\\/2023\\\/\",\"logo\":{\"@type\":\"ImageObject\",\"inLanguage\":\"es\",\"@id\":\"https:\\\/\\\/canal7slp.tv\\\/2023\\\/#\\\/schema\\\/logo\\\/image\\\/\",\"url\":\"https:\\\/\\\/canal7slp.tv\\\/2023\\\/wp-content\\\/uploads\\\/2021\\\/01\\\/logo-noticieros@2x.png\",\"contentUrl\":\"https:\\\/\\\/canal7slp.tv\\\/2023\\\/wp-content\\\/uploads\\\/2021\\\/01\\\/logo-noticieros@2x.png\",\"width\":1017,\"height\":268,\"caption\":\"Noticieros Canal 7\"},\"image\":{\"@id\":\"https:\\\/\\\/canal7slp.tv\\\/2023\\\/#\\\/schema\\\/logo\\\/image\\\/\"},\"sameAs\":[\"https:\\\/\\\/www.facebook.com\\\/noticieroscanalsiete\",\"https:\\\/\\\/x.com\\\/NOTICIEROS7\",\"https:\\\/\\\/www.instagram.com\\\/canal7_slp\",\"https:\\\/\\\/www.youtube.com\\\/channel\\\/UCliiYs-gP3JfJeqdPrNdd5A\"]},{\"@type\":\"Person\",\"@id\":\"https:\\\/\\\/canal7slp.tv\\\/2023\\\/#\\\/schema\\\/person\\\/639c424e3584069003b11ae813915da6\",\"name\":\"Edici\u00f3n Web\",\"image\":{\"@type\":\"ImageObject\",\"inLanguage\":\"es\",\"@id\":\"https:\\\/\\\/secure.gravatar.com\\\/avatar\\\/eee448fc3f7164808013b816ba91ac7e43bbe82a70bebac296f8bc6f0addaa1a?s=96&d=mm&r=g\",\"url\":\"https:\\\/\\\/secure.gravatar.com\\\/avatar\\\/eee448fc3f7164808013b816ba91ac7e43bbe82a70bebac296f8bc6f0addaa1a?s=96&d=mm&r=g\",\"contentUrl\":\"https:\\\/\\\/secure.gravatar.com\\\/avatar\\\/eee448fc3f7164808013b816ba91ac7e43bbe82a70bebac296f8bc6f0addaa1a?s=96&d=mm&r=g\",\"caption\":\"Edici\u00f3n Web\"},\"url\":\"https:\\\/\\\/canal7slp.tv\\\/2023\\\/author\\\/edicionweb\\\/\"}]}<\/script>\n<!-- \/ Yoast SEO plugin. -->","yoast_head_json":{"title":"\"Tenemos abasto suficiente de medicamentos, material y todas las unidades m\u00e9dicas\", asegura delegado del IMSS en SLP - Canal 7 SLP - 2023","robots":{"index":"index","follow":"follow","max-snippet":"max-snippet:-1","max-image-preview":"max-image-preview:large","max-video-preview":"max-video-preview:-1"},"canonical":"https:\/\/canal7slp.tv\/2023\/tenemos-abasto-suficiente-de-medicamentos-material-y-todas-las-unidades-medicas-asegura-delegado-del-imss-en-slp\/","og_locale":"es_ES","og_type":"article","og_title":"\"Tenemos abasto suficiente de medicamentos, material y todas las unidades m\u00e9dicas\", asegura delegado del IMSS en SLP - Canal 7 SLP - 2023","og_description":"Sin embargo, reconoce que entre lo faltante se encuentra medicina oncol\u00f3gica. SLP.-\u00a0No existe un desbasto de medicamentos en San Luis Potos\u00ed seg\u00fan report\u00f3 el Instituto Mexicano del Seguro Social luego de que se cuestionara sobre los se\u00f1alamientos que hacen los propios derechohabientes. Fue el delegado del seguro social, Leonardo Francisco Mu\u00f1oz P\u00e9rez, qui\u00e9n neg\u00f3 se presente alg\u00fan problema en ese sentido. \u00abEn realidad tenemos un equipo muy entusiasta, todas las compa\u00f1eras y compa\u00f1eros del instituto trabajan de forma muy regular y la cuesti\u00f3n del desabasto no est\u00e1\u00bb, se\u00f1al\u00f3. De hecho, indic\u00f3 que el abasto de los medicamentos en San Luis [&hellip;]","og_url":"https:\/\/canal7slp.tv\/2023\/tenemos-abasto-suficiente-de-medicamentos-material-y-todas-las-unidades-medicas-asegura-delegado-del-imss-en-slp\/","og_site_name":"Canal 7 SLP - 2023","article_publisher":"https:\/\/www.facebook.com\/noticieroscanalsiete","article_published_time":"2023-11-07T23:47:33+00:00","og_image":[{"width":1280,"height":720,"url":"https:\/\/canal7slp.tv\/2023\/wp-content\/uploads\/2023\/11\/Vazquez02IMSSMEdicamentos.jpg","type":"image\/jpeg"}],"author":"Edici\u00f3n Web","twitter_card":"summary_large_image","twitter_creator":"@NOTICIEROS7","twitter_site":"@NOTICIEROS7","twitter_misc":{"Escrito por":"Edici\u00f3n Web","Tiempo de lectura":"2 minutos"},"schema":{"@context":"https:\/\/schema.org","@graph":[{"@type":"Article","@id":"https:\/\/canal7slp.tv\/2023\/tenemos-abasto-suficiente-de-medicamentos-material-y-todas-las-unidades-medicas-asegura-delegado-del-imss-en-slp\/#article","isPartOf":{"@id":"https:\/\/canal7slp.tv\/2023\/tenemos-abasto-suficiente-de-medicamentos-material-y-todas-las-unidades-medicas-asegura-delegado-del-imss-en-slp\/"},"author":{"name":"Edici\u00f3n Web","@id":"https:\/\/canal7slp.tv\/2023\/#\/schema\/person\/639c424e3584069003b11ae813915da6"},"headline":"\u00abTenemos abasto suficiente de medicamentos, material y todas las unidades m\u00e9dicas\u00bb, asegura delegado del IMSS en SLP","datePublished":"2023-11-07T23:47:33+00:00","mainEntityOfPage":{"@id":"https:\/\/canal7slp.tv\/2023\/tenemos-abasto-suficiente-de-medicamentos-material-y-todas-las-unidades-medicas-asegura-delegado-del-imss-en-slp\/"},"wordCount":281,"publisher":{"@id":"https:\/\/canal7slp.tv\/2023\/#organization"},"image":{"@id":"https:\/\/canal7slp.tv\/2023\/tenemos-abasto-suficiente-de-medicamentos-material-y-todas-las-unidades-medicas-asegura-delegado-del-imss-en-slp\/#primaryimage"},"thumbnailUrl":"https:\/\/canal7slp.tv\/2023\/wp-content\/uploads\/2023\/11\/Vazquez02IMSSMEdicamentos.jpg","articleSection":["DESTACADAS","LOCALES Y REGIONALES"],"inLanguage":"es"},{"@type":"WebPage","@id":"https:\/\/canal7slp.tv\/2023\/tenemos-abasto-suficiente-de-medicamentos-material-y-todas-las-unidades-medicas-asegura-delegado-del-imss-en-slp\/","url":"https:\/\/canal7slp.tv\/2023\/tenemos-abasto-suficiente-de-medicamentos-material-y-todas-las-unidades-medicas-asegura-delegado-del-imss-en-slp\/","name":"\"Tenemos abasto suficiente de medicamentos, material y todas las unidades m\u00e9dicas\", asegura delegado del IMSS en SLP - Canal 7 SLP - 2023","isPartOf":{"@id":"https:\/\/canal7slp.tv\/2023\/#website"},"primaryImageOfPage":{"@id":"https:\/\/canal7slp.tv\/2023\/tenemos-abasto-suficiente-de-medicamentos-material-y-todas-las-unidades-medicas-asegura-delegado-del-imss-en-slp\/#primaryimage"},"image":{"@id":"https:\/\/canal7slp.tv\/2023\/tenemos-abasto-suficiente-de-medicamentos-material-y-todas-las-unidades-medicas-asegura-delegado-del-imss-en-slp\/#primaryimage"},"thumbnailUrl":"https:\/\/canal7slp.tv\/2023\/wp-content\/uploads\/2023\/11\/Vazquez02IMSSMEdicamentos.jpg","datePublished":"2023-11-07T23:47:33+00:00","breadcrumb":{"@id":"https:\/\/canal7slp.tv\/2023\/tenemos-abasto-suficiente-de-medicamentos-material-y-todas-las-unidades-medicas-asegura-delegado-del-imss-en-slp\/#breadcrumb"},"inLanguage":"es","potentialAction":[{"@type":"ReadAction","target":["https:\/\/canal7slp.tv\/2023\/tenemos-abasto-suficiente-de-medicamentos-material-y-todas-las-unidades-medicas-asegura-delegado-del-imss-en-slp\/"]}]},{"@type":"ImageObject","inLanguage":"es","@id":"https:\/\/canal7slp.tv\/2023\/tenemos-abasto-suficiente-de-medicamentos-material-y-todas-las-unidades-medicas-asegura-delegado-del-imss-en-slp\/#primaryimage","url":"https:\/\/canal7slp.tv\/2023\/wp-content\/uploads\/2023\/11\/Vazquez02IMSSMEdicamentos.jpg","contentUrl":"https:\/\/canal7slp.tv\/2023\/wp-content\/uploads\/2023\/11\/Vazquez02IMSSMEdicamentos.jpg","width":1280,"height":720},{"@type":"BreadcrumbList","@id":"https:\/\/canal7slp.tv\/2023\/tenemos-abasto-suficiente-de-medicamentos-material-y-todas-las-unidades-medicas-asegura-delegado-del-imss-en-slp\/#breadcrumb","itemListElement":[{"@type":"ListItem","position":1,"name":"Portada","item":"https:\/\/canal7slp.tv\/2023\/"},{"@type":"ListItem","position":2,"name":"&#8220;Tenemos abasto suficiente de medicamentos, material y todas las unidades m\u00e9dicas&#8221;, asegura delegado del IMSS en SLP"}]},{"@type":"WebSite","@id":"https:\/\/canal7slp.tv\/2023\/#website","url":"https:\/\/canal7slp.tv\/2023\/","name":"N7 - Noticieros Canal 7","description":"Somos Televisi\u00f3n","publisher":{"@id":"https:\/\/canal7slp.tv\/2023\/#organization"},"potentialAction":[{"@type":"SearchAction","target":{"@type":"EntryPoint","urlTemplate":"https:\/\/canal7slp.tv\/2023\/?s={search_term_string}"},"query-input":{"@type":"PropertyValueSpecification","valueRequired":true,"valueName":"search_term_string"}}],"inLanguage":"es"},{"@type":"Organization","@id":"https:\/\/canal7slp.tv\/2023\/#organization","name":"Noticieros Canal 7","url":"https:\/\/canal7slp.tv\/2023\/","logo":{"@type":"ImageObject","inLanguage":"es","@id":"https:\/\/canal7slp.tv\/2023\/#\/schema\/logo\/image\/","url":"https:\/\/canal7slp.tv\/2023\/wp-content\/uploads\/2021\/01\/logo-noticieros@2x.png","contentUrl":"https:\/\/canal7slp.tv\/2023\/wp-content\/uploads\/2021\/01\/logo-noticieros@2x.png","width":1017,"height":268,"caption":"Noticieros Canal 7"},"image":{"@id":"https:\/\/canal7slp.tv\/2023\/#\/schema\/logo\/image\/"},"sameAs":["https:\/\/www.facebook.com\/noticieroscanalsiete","https:\/\/x.com\/NOTICIEROS7","https:\/\/www.instagram.com\/canal7_slp","https:\/\/www.youtube.com\/channel\/UCliiYs-gP3JfJeqdPrNdd5A"]},{"@type":"Person","@id":"https:\/\/canal7slp.tv\/2023\/#\/schema\/person\/639c424e3584069003b11ae813915da6","name":"Edici\u00f3n Web","image":{"@type":"ImageObject","inLanguage":"es","@id":"https:\/\/secure.gravatar.com\/avatar\/eee448fc3f7164808013b816ba91ac7e43bbe82a70bebac296f8bc6f0addaa1a?s=96&d=mm&r=g","url":"https:\/\/secure.gravatar.com\/avatar\/eee448fc3f7164808013b816ba91ac7e43bbe82a70bebac296f8bc6f0addaa1a?s=96&d=mm&r=g","contentUrl":"https:\/\/secure.gravatar.com\/avatar\/eee448fc3f7164808013b816ba91ac7e43bbe82a70bebac296f8bc6f0addaa1a?s=96&d=mm&r=g","caption":"Edici\u00f3n Web"},"url":"https:\/\/canal7slp.tv\/2023\/author\/edicionweb\/"}]}},"_links":{"self":[{"href":"https:\/\/canal7slp.tv\/2023\/wp-json\/wp\/v2\/posts\/112515","targetHints":{"allow":["GET"]}}],"collection":[{"href":"https:\/\/canal7slp.tv\/2023\/wp-json\/wp\/v2\/posts"}],"about":[{"href":"https:\/\/canal7slp.tv\/2023\/wp-json\/wp\/v2\/types\/post"}],"author":[{"embeddable":true,"href":"https:\/\/canal7slp.tv\/2023\/wp-json\/wp\/v2\/users\/2"}],"replies":[{"embeddable":true,"href":"https:\/\/canal7slp.tv\/2023\/wp-json\/wp\/v2\/comments?post=112515"}],"version-history":[{"count":4,"href":"https:\/\/canal7slp.tv\/2023\/wp-json\/wp\/v2\/posts\/112515\/revisions"}],"predecessor-version":[{"id":112557,"href":"https:\/\/canal7slp.tv\/2023\/wp-json\/wp\/v2\/posts\/112515\/revisions\/112557"}],"wp:featuredmedia":[{"embeddable":true,"href":"https:\/\/canal7slp.tv\/2023\/wp-json\/wp\/v2\/media\/112556"}],"wp:attachment":[{"href":"https:\/\/canal7slp.tv\/2023\/wp-json\/wp\/v2\/media?parent=112515"}],"wp:term":[{"taxonomy":"category","embeddable":true,"href":"https:\/\/canal7slp.tv\/2023\/wp-json\/wp\/v2\/categories?post=112515"},{"taxonomy":"post_tag","embeddable":true,"href":"https:\/\/canal7slp.tv\/2023\/wp-json\/wp\/v2\/tags?post=112515"}],"curies":[{"name":"wp","href":"https:\/\/api.w.org\/{rel}","templated":true}]}}