{"id":112514,"date":"2023-11-07T17:56:58","date_gmt":"2023-11-07T23:56:58","guid":{"rendered":"https:\/\/canal7slp.tv\/2023\/?p=112514"},"modified":"2023-11-07T17:56:58","modified_gmt":"2023-11-07T23:56:58","slug":"desdena-fiscalia-datos-del-inegi-respecto-homicidios","status":"publish","type":"post","link":"https:\/\/canal7slp.tv\/2023\/desdena-fiscalia-datos-del-inegi-respecto-homicidios\/","title":{"rendered":"Desde\u00f1a Fiscal\u00eda datos del INEGI respecto homicidios"},"content":{"rendered":"<ul>\n<li style=\"text-align: justify;\">Fue argumentado que manej\u00f3 una clasificaci\u00f3n diferente.<\/li>\n<\/ul>\n<p style=\"text-align: justify;\">SLP.-\u00a0Las cifras en cuanto a homicidios emitidas por la Fiscal\u00eda General de San Luis Potos\u00ed no concuerdan con las publicadas por el Instituto Nacional de Estad\u00edstica y Geograf\u00eda, situaci\u00f3n que justific\u00f3 el titular del organismo, Jos\u00e9 Luis Ruiz Contreras.<\/p>\n<p style=\"text-align: justify;\">\u00abRecordemos que solamente la fiscal\u00eda es quien puede hacer una clasificaci\u00f3n puntual de un hecho delictivo, ajustando el hecho que ocurre cotidianamente a la descripci\u00f3n t\u00edpica que se\u00f1ala el c\u00f3digo penal\u00bb, respondi\u00f3.<\/p>\n<p style=\"text-align: justify;\">Seg\u00fan aclara, el instituto recopila est\u00e1 informaci\u00f3n pero con una clasificaci\u00f3n distinta a la que maneja la propia fiscal\u00eda.<\/p>\n<p style=\"text-align: justify;\">\u00abINEGI lleva acabo acciones de esta naturaleza en donde clasifica de acuerdo a una norma oficial en materia de medicina, hechos que tambi\u00e9n pudieran ser constitutivos de delito, es decir, un accidente laboral donde la persona fallece por un traumatismo craneoencef\u00e1lico de un objeto contundente e INEGI lo clasifica como homicidio cuando es un accidente laboral, no un homicidio\u00bb, sentenci\u00f3.<\/p>\n<p style=\"text-align: justify;\">Ruiz Contreras reiter\u00f3 que ese tipo de eventos no se toman en cuenta pues se trata de un riesgo laboral y no de un hecho delictivo.<\/p>\n<p style=\"text-align: justify;\">\u00abHemos tenido reuniones con personal del propio Inegi donde han aceptado que ellos si hacen esa clasificaci\u00f3n, la cual evidentemente no va a coincidir con las cifras que nosotros enviamos de forma diaria al secretariado\u00bb, termin\u00f3.<\/p>\n<p style=\"text-align: justify;\">Por: Jos\u00e9 Luis V\u00e1zquez<\/p>\n","protected":false},"excerpt":{"rendered":"<p>Fue argumentado que manej\u00f3 una clasificaci\u00f3n diferente. SLP.-\u00a0Las cifras en cuanto a homicidios emitidas por la Fiscal\u00eda General de San Luis Potos\u00ed no concuerdan con las publicadas por el Instituto Nacional de Estad\u00edstica y Geograf\u00eda, situaci\u00f3n que justific\u00f3 el titular del organismo, Jos\u00e9 Luis Ruiz Contreras. \u00abRecordemos que solamente la fiscal\u00eda es quien puede hacer una clasificaci\u00f3n puntual de un hecho delictivo, ajustando el hecho que ocurre cotidianamente a la descripci\u00f3n t\u00edpica que se\u00f1ala el c\u00f3digo penal\u00bb, respondi\u00f3. Seg\u00fan aclara, el instituto recopila est\u00e1 informaci\u00f3n pero con una clasificaci\u00f3n distinta a la que maneja la propia fiscal\u00eda. \u00abINEGI lleva acabo [&hellip;]<\/p>\n","protected":false},"author":2,"featured_media":112560,"comment_status":"closed","ping_status":"closed","sticky":false,"template":"","format":"video","meta":{"footnotes":""},"categories":[5,45],"tags":[],"class_list":["post-112514","post","type-post","status-publish","format-video","has-post-thumbnail","hentry","category-destacadas","category-localesyregionales","post_format-post-format-video","post--single"],"yoast_head":"<!-- This site is optimized with the Yoast SEO plugin v27.5 - https:\/\/yoast.com\/product\/yoast-seo-wordpress\/ -->\n<title>Desde\u00f1a Fiscal\u00eda datos del INEGI respecto homicidios - Canal 7 SLP - 2023<\/title>\n<meta name=\"robots\" content=\"index, follow, max-snippet:-1, max-image-preview:large, max-video-preview:-1\" \/>\n<link rel=\"canonical\" href=\"https:\/\/canal7slp.tv\/2023\/desdena-fiscalia-datos-del-inegi-respecto-homicidios\/\" \/>\n<meta property=\"og:locale\" content=\"es_ES\" \/>\n<meta property=\"og:type\" content=\"article\" \/>\n<meta property=\"og:title\" content=\"Desde\u00f1a Fiscal\u00eda datos del INEGI respecto homicidios - Canal 7 SLP - 2023\" \/>\n<meta property=\"og:description\" content=\"Fue argumentado que manej\u00f3 una clasificaci\u00f3n diferente. SLP.-\u00a0Las cifras en cuanto a homicidios emitidas por la Fiscal\u00eda General de San Luis Potos\u00ed no concuerdan con las publicadas por el Instituto Nacional de Estad\u00edstica y Geograf\u00eda, situaci\u00f3n que justific\u00f3 el titular del organismo, Jos\u00e9 Luis Ruiz Contreras. \u00abRecordemos que solamente la fiscal\u00eda es quien puede hacer una clasificaci\u00f3n puntual de un hecho delictivo, ajustando el hecho que ocurre cotidianamente a la descripci\u00f3n t\u00edpica que se\u00f1ala el c\u00f3digo penal\u00bb, respondi\u00f3. Seg\u00fan aclara, el instituto recopila est\u00e1 informaci\u00f3n pero con una clasificaci\u00f3n distinta a la que maneja la propia fiscal\u00eda. \u00abINEGI lleva acabo [&hellip;]\" \/>\n<meta property=\"og:url\" content=\"https:\/\/canal7slp.tv\/2023\/desdena-fiscalia-datos-del-inegi-respecto-homicidios\/\" \/>\n<meta property=\"og:site_name\" content=\"Canal 7 SLP - 2023\" \/>\n<meta property=\"article:publisher\" content=\"https:\/\/www.facebook.com\/noticieroscanalsiete\" \/>\n<meta property=\"article:published_time\" content=\"2023-11-07T23:56:58+00:00\" \/>\n<meta property=\"og:image\" content=\"https:\/\/canal7slp.tv\/2023\/wp-content\/uploads\/2023\/11\/Vazquez04FiscalDatos.jpg\" \/>\n\t<meta property=\"og:image:width\" content=\"1280\" \/>\n\t<meta property=\"og:image:height\" content=\"720\" \/>\n\t<meta property=\"og:image:type\" content=\"image\/jpeg\" \/>\n<meta name=\"author\" content=\"Edici\u00f3n Web\" \/>\n<meta name=\"twitter:card\" content=\"summary_large_image\" \/>\n<meta name=\"twitter:creator\" content=\"@NOTICIEROS7\" \/>\n<meta name=\"twitter:site\" content=\"@NOTICIEROS7\" \/>\n<meta name=\"twitter:label1\" content=\"Escrito por\" \/>\n\t<meta name=\"twitter:data1\" content=\"Edici\u00f3n Web\" \/>\n\t<meta name=\"twitter:label2\" content=\"Tiempo de lectura\" \/>\n\t<meta name=\"twitter:data2\" content=\"2 minutos\" \/>\n<script type=\"application\/ld+json\" class=\"yoast-schema-graph\">{\"@context\":\"https:\\\/\\\/schema.org\",\"@graph\":[{\"@type\":\"Article\",\"@id\":\"https:\\\/\\\/canal7slp.tv\\\/2023\\\/desdena-fiscalia-datos-del-inegi-respecto-homicidios\\\/#article\",\"isPartOf\":{\"@id\":\"https:\\\/\\\/canal7slp.tv\\\/2023\\\/desdena-fiscalia-datos-del-inegi-respecto-homicidios\\\/\"},\"author\":{\"name\":\"Edici\u00f3n Web\",\"@id\":\"https:\\\/\\\/canal7slp.tv\\\/2023\\\/#\\\/schema\\\/person\\\/639c424e3584069003b11ae813915da6\"},\"headline\":\"Desde\u00f1a Fiscal\u00eda datos del INEGI respecto homicidios\",\"datePublished\":\"2023-11-07T23:56:58+00:00\",\"mainEntityOfPage\":{\"@id\":\"https:\\\/\\\/canal7slp.tv\\\/2023\\\/desdena-fiscalia-datos-del-inegi-respecto-homicidios\\\/\"},\"wordCount\":253,\"publisher\":{\"@id\":\"https:\\\/\\\/canal7slp.tv\\\/2023\\\/#organization\"},\"image\":{\"@id\":\"https:\\\/\\\/canal7slp.tv\\\/2023\\\/desdena-fiscalia-datos-del-inegi-respecto-homicidios\\\/#primaryimage\"},\"thumbnailUrl\":\"https:\\\/\\\/canal7slp.tv\\\/2023\\\/wp-content\\\/uploads\\\/2023\\\/11\\\/Vazquez04FiscalDatos.jpg\",\"articleSection\":[\"DESTACADAS\",\"LOCALES Y REGIONALES\"],\"inLanguage\":\"es\"},{\"@type\":\"WebPage\",\"@id\":\"https:\\\/\\\/canal7slp.tv\\\/2023\\\/desdena-fiscalia-datos-del-inegi-respecto-homicidios\\\/\",\"url\":\"https:\\\/\\\/canal7slp.tv\\\/2023\\\/desdena-fiscalia-datos-del-inegi-respecto-homicidios\\\/\",\"name\":\"Desde\u00f1a Fiscal\u00eda datos del INEGI respecto homicidios - Canal 7 SLP - 2023\",\"isPartOf\":{\"@id\":\"https:\\\/\\\/canal7slp.tv\\\/2023\\\/#website\"},\"primaryImageOfPage\":{\"@id\":\"https:\\\/\\\/canal7slp.tv\\\/2023\\\/desdena-fiscalia-datos-del-inegi-respecto-homicidios\\\/#primaryimage\"},\"image\":{\"@id\":\"https:\\\/\\\/canal7slp.tv\\\/2023\\\/desdena-fiscalia-datos-del-inegi-respecto-homicidios\\\/#primaryimage\"},\"thumbnailUrl\":\"https:\\\/\\\/canal7slp.tv\\\/2023\\\/wp-content\\\/uploads\\\/2023\\\/11\\\/Vazquez04FiscalDatos.jpg\",\"datePublished\":\"2023-11-07T23:56:58+00:00\",\"breadcrumb\":{\"@id\":\"https:\\\/\\\/canal7slp.tv\\\/2023\\\/desdena-fiscalia-datos-del-inegi-respecto-homicidios\\\/#breadcrumb\"},\"inLanguage\":\"es\",\"potentialAction\":[{\"@type\":\"ReadAction\",\"target\":[\"https:\\\/\\\/canal7slp.tv\\\/2023\\\/desdena-fiscalia-datos-del-inegi-respecto-homicidios\\\/\"]}]},{\"@type\":\"ImageObject\",\"inLanguage\":\"es\",\"@id\":\"https:\\\/\\\/canal7slp.tv\\\/2023\\\/desdena-fiscalia-datos-del-inegi-respecto-homicidios\\\/#primaryimage\",\"url\":\"https:\\\/\\\/canal7slp.tv\\\/2023\\\/wp-content\\\/uploads\\\/2023\\\/11\\\/Vazquez04FiscalDatos.jpg\",\"contentUrl\":\"https:\\\/\\\/canal7slp.tv\\\/2023\\\/wp-content\\\/uploads\\\/2023\\\/11\\\/Vazquez04FiscalDatos.jpg\",\"width\":1280,\"height\":720},{\"@type\":\"BreadcrumbList\",\"@id\":\"https:\\\/\\\/canal7slp.tv\\\/2023\\\/desdena-fiscalia-datos-del-inegi-respecto-homicidios\\\/#breadcrumb\",\"itemListElement\":[{\"@type\":\"ListItem\",\"position\":1,\"name\":\"Portada\",\"item\":\"https:\\\/\\\/canal7slp.tv\\\/2023\\\/\"},{\"@type\":\"ListItem\",\"position\":2,\"name\":\"Desde\u00f1a Fiscal\u00eda datos del INEGI respecto homicidios\"}]},{\"@type\":\"WebSite\",\"@id\":\"https:\\\/\\\/canal7slp.tv\\\/2023\\\/#website\",\"url\":\"https:\\\/\\\/canal7slp.tv\\\/2023\\\/\",\"name\":\"N7 - Noticieros Canal 7\",\"description\":\"Somos Televisi\u00f3n\",\"publisher\":{\"@id\":\"https:\\\/\\\/canal7slp.tv\\\/2023\\\/#organization\"},\"potentialAction\":[{\"@type\":\"SearchAction\",\"target\":{\"@type\":\"EntryPoint\",\"urlTemplate\":\"https:\\\/\\\/canal7slp.tv\\\/2023\\\/?s={search_term_string}\"},\"query-input\":{\"@type\":\"PropertyValueSpecification\",\"valueRequired\":true,\"valueName\":\"search_term_string\"}}],\"inLanguage\":\"es\"},{\"@type\":\"Organization\",\"@id\":\"https:\\\/\\\/canal7slp.tv\\\/2023\\\/#organization\",\"name\":\"Noticieros Canal 7\",\"url\":\"https:\\\/\\\/canal7slp.tv\\\/2023\\\/\",\"logo\":{\"@type\":\"ImageObject\",\"inLanguage\":\"es\",\"@id\":\"https:\\\/\\\/canal7slp.tv\\\/2023\\\/#\\\/schema\\\/logo\\\/image\\\/\",\"url\":\"https:\\\/\\\/canal7slp.tv\\\/2023\\\/wp-content\\\/uploads\\\/2021\\\/01\\\/logo-noticieros@2x.png\",\"contentUrl\":\"https:\\\/\\\/canal7slp.tv\\\/2023\\\/wp-content\\\/uploads\\\/2021\\\/01\\\/logo-noticieros@2x.png\",\"width\":1017,\"height\":268,\"caption\":\"Noticieros Canal 7\"},\"image\":{\"@id\":\"https:\\\/\\\/canal7slp.tv\\\/2023\\\/#\\\/schema\\\/logo\\\/image\\\/\"},\"sameAs\":[\"https:\\\/\\\/www.facebook.com\\\/noticieroscanalsiete\",\"https:\\\/\\\/x.com\\\/NOTICIEROS7\",\"https:\\\/\\\/www.instagram.com\\\/canal7_slp\",\"https:\\\/\\\/www.youtube.com\\\/channel\\\/UCliiYs-gP3JfJeqdPrNdd5A\"]},{\"@type\":\"Person\",\"@id\":\"https:\\\/\\\/canal7slp.tv\\\/2023\\\/#\\\/schema\\\/person\\\/639c424e3584069003b11ae813915da6\",\"name\":\"Edici\u00f3n Web\",\"image\":{\"@type\":\"ImageObject\",\"inLanguage\":\"es\",\"@id\":\"https:\\\/\\\/secure.gravatar.com\\\/avatar\\\/eee448fc3f7164808013b816ba91ac7e43bbe82a70bebac296f8bc6f0addaa1a?s=96&d=mm&r=g\",\"url\":\"https:\\\/\\\/secure.gravatar.com\\\/avatar\\\/eee448fc3f7164808013b816ba91ac7e43bbe82a70bebac296f8bc6f0addaa1a?s=96&d=mm&r=g\",\"contentUrl\":\"https:\\\/\\\/secure.gravatar.com\\\/avatar\\\/eee448fc3f7164808013b816ba91ac7e43bbe82a70bebac296f8bc6f0addaa1a?s=96&d=mm&r=g\",\"caption\":\"Edici\u00f3n Web\"},\"url\":\"https:\\\/\\\/canal7slp.tv\\\/2023\\\/author\\\/edicionweb\\\/\"}]}<\/script>\n<!-- \/ Yoast SEO plugin. -->","yoast_head_json":{"title":"Desde\u00f1a Fiscal\u00eda datos del INEGI respecto homicidios - Canal 7 SLP - 2023","robots":{"index":"index","follow":"follow","max-snippet":"max-snippet:-1","max-image-preview":"max-image-preview:large","max-video-preview":"max-video-preview:-1"},"canonical":"https:\/\/canal7slp.tv\/2023\/desdena-fiscalia-datos-del-inegi-respecto-homicidios\/","og_locale":"es_ES","og_type":"article","og_title":"Desde\u00f1a Fiscal\u00eda datos del INEGI respecto homicidios - Canal 7 SLP - 2023","og_description":"Fue argumentado que manej\u00f3 una clasificaci\u00f3n diferente. SLP.-\u00a0Las cifras en cuanto a homicidios emitidas por la Fiscal\u00eda General de San Luis Potos\u00ed no concuerdan con las publicadas por el Instituto Nacional de Estad\u00edstica y Geograf\u00eda, situaci\u00f3n que justific\u00f3 el titular del organismo, Jos\u00e9 Luis Ruiz Contreras. \u00abRecordemos que solamente la fiscal\u00eda es quien puede hacer una clasificaci\u00f3n puntual de un hecho delictivo, ajustando el hecho que ocurre cotidianamente a la descripci\u00f3n t\u00edpica que se\u00f1ala el c\u00f3digo penal\u00bb, respondi\u00f3. Seg\u00fan aclara, el instituto recopila est\u00e1 informaci\u00f3n pero con una clasificaci\u00f3n distinta a la que maneja la propia fiscal\u00eda. \u00abINEGI lleva acabo [&hellip;]","og_url":"https:\/\/canal7slp.tv\/2023\/desdena-fiscalia-datos-del-inegi-respecto-homicidios\/","og_site_name":"Canal 7 SLP - 2023","article_publisher":"https:\/\/www.facebook.com\/noticieroscanalsiete","article_published_time":"2023-11-07T23:56:58+00:00","og_image":[{"width":1280,"height":720,"url":"https:\/\/canal7slp.tv\/2023\/wp-content\/uploads\/2023\/11\/Vazquez04FiscalDatos.jpg","type":"image\/jpeg"}],"author":"Edici\u00f3n Web","twitter_card":"summary_large_image","twitter_creator":"@NOTICIEROS7","twitter_site":"@NOTICIEROS7","twitter_misc":{"Escrito por":"Edici\u00f3n Web","Tiempo de lectura":"2 minutos"},"schema":{"@context":"https:\/\/schema.org","@graph":[{"@type":"Article","@id":"https:\/\/canal7slp.tv\/2023\/desdena-fiscalia-datos-del-inegi-respecto-homicidios\/#article","isPartOf":{"@id":"https:\/\/canal7slp.tv\/2023\/desdena-fiscalia-datos-del-inegi-respecto-homicidios\/"},"author":{"name":"Edici\u00f3n Web","@id":"https:\/\/canal7slp.tv\/2023\/#\/schema\/person\/639c424e3584069003b11ae813915da6"},"headline":"Desde\u00f1a Fiscal\u00eda datos del INEGI respecto homicidios","datePublished":"2023-11-07T23:56:58+00:00","mainEntityOfPage":{"@id":"https:\/\/canal7slp.tv\/2023\/desdena-fiscalia-datos-del-inegi-respecto-homicidios\/"},"wordCount":253,"publisher":{"@id":"https:\/\/canal7slp.tv\/2023\/#organization"},"image":{"@id":"https:\/\/canal7slp.tv\/2023\/desdena-fiscalia-datos-del-inegi-respecto-homicidios\/#primaryimage"},"thumbnailUrl":"https:\/\/canal7slp.tv\/2023\/wp-content\/uploads\/2023\/11\/Vazquez04FiscalDatos.jpg","articleSection":["DESTACADAS","LOCALES Y REGIONALES"],"inLanguage":"es"},{"@type":"WebPage","@id":"https:\/\/canal7slp.tv\/2023\/desdena-fiscalia-datos-del-inegi-respecto-homicidios\/","url":"https:\/\/canal7slp.tv\/2023\/desdena-fiscalia-datos-del-inegi-respecto-homicidios\/","name":"Desde\u00f1a Fiscal\u00eda datos del INEGI respecto homicidios - Canal 7 SLP - 2023","isPartOf":{"@id":"https:\/\/canal7slp.tv\/2023\/#website"},"primaryImageOfPage":{"@id":"https:\/\/canal7slp.tv\/2023\/desdena-fiscalia-datos-del-inegi-respecto-homicidios\/#primaryimage"},"image":{"@id":"https:\/\/canal7slp.tv\/2023\/desdena-fiscalia-datos-del-inegi-respecto-homicidios\/#primaryimage"},"thumbnailUrl":"https:\/\/canal7slp.tv\/2023\/wp-content\/uploads\/2023\/11\/Vazquez04FiscalDatos.jpg","datePublished":"2023-11-07T23:56:58+00:00","breadcrumb":{"@id":"https:\/\/canal7slp.tv\/2023\/desdena-fiscalia-datos-del-inegi-respecto-homicidios\/#breadcrumb"},"inLanguage":"es","potentialAction":[{"@type":"ReadAction","target":["https:\/\/canal7slp.tv\/2023\/desdena-fiscalia-datos-del-inegi-respecto-homicidios\/"]}]},{"@type":"ImageObject","inLanguage":"es","@id":"https:\/\/canal7slp.tv\/2023\/desdena-fiscalia-datos-del-inegi-respecto-homicidios\/#primaryimage","url":"https:\/\/canal7slp.tv\/2023\/wp-content\/uploads\/2023\/11\/Vazquez04FiscalDatos.jpg","contentUrl":"https:\/\/canal7slp.tv\/2023\/wp-content\/uploads\/2023\/11\/Vazquez04FiscalDatos.jpg","width":1280,"height":720},{"@type":"BreadcrumbList","@id":"https:\/\/canal7slp.tv\/2023\/desdena-fiscalia-datos-del-inegi-respecto-homicidios\/#breadcrumb","itemListElement":[{"@type":"ListItem","position":1,"name":"Portada","item":"https:\/\/canal7slp.tv\/2023\/"},{"@type":"ListItem","position":2,"name":"Desde\u00f1a Fiscal\u00eda datos del INEGI respecto homicidios"}]},{"@type":"WebSite","@id":"https:\/\/canal7slp.tv\/2023\/#website","url":"https:\/\/canal7slp.tv\/2023\/","name":"N7 - Noticieros Canal 7","description":"Somos Televisi\u00f3n","publisher":{"@id":"https:\/\/canal7slp.tv\/2023\/#organization"},"potentialAction":[{"@type":"SearchAction","target":{"@type":"EntryPoint","urlTemplate":"https:\/\/canal7slp.tv\/2023\/?s={search_term_string}"},"query-input":{"@type":"PropertyValueSpecification","valueRequired":true,"valueName":"search_term_string"}}],"inLanguage":"es"},{"@type":"Organization","@id":"https:\/\/canal7slp.tv\/2023\/#organization","name":"Noticieros Canal 7","url":"https:\/\/canal7slp.tv\/2023\/","logo":{"@type":"ImageObject","inLanguage":"es","@id":"https:\/\/canal7slp.tv\/2023\/#\/schema\/logo\/image\/","url":"https:\/\/canal7slp.tv\/2023\/wp-content\/uploads\/2021\/01\/logo-noticieros@2x.png","contentUrl":"https:\/\/canal7slp.tv\/2023\/wp-content\/uploads\/2021\/01\/logo-noticieros@2x.png","width":1017,"height":268,"caption":"Noticieros Canal 7"},"image":{"@id":"https:\/\/canal7slp.tv\/2023\/#\/schema\/logo\/image\/"},"sameAs":["https:\/\/www.facebook.com\/noticieroscanalsiete","https:\/\/x.com\/NOTICIEROS7","https:\/\/www.instagram.com\/canal7_slp","https:\/\/www.youtube.com\/channel\/UCliiYs-gP3JfJeqdPrNdd5A"]},{"@type":"Person","@id":"https:\/\/canal7slp.tv\/2023\/#\/schema\/person\/639c424e3584069003b11ae813915da6","name":"Edici\u00f3n Web","image":{"@type":"ImageObject","inLanguage":"es","@id":"https:\/\/secure.gravatar.com\/avatar\/eee448fc3f7164808013b816ba91ac7e43bbe82a70bebac296f8bc6f0addaa1a?s=96&d=mm&r=g","url":"https:\/\/secure.gravatar.com\/avatar\/eee448fc3f7164808013b816ba91ac7e43bbe82a70bebac296f8bc6f0addaa1a?s=96&d=mm&r=g","contentUrl":"https:\/\/secure.gravatar.com\/avatar\/eee448fc3f7164808013b816ba91ac7e43bbe82a70bebac296f8bc6f0addaa1a?s=96&d=mm&r=g","caption":"Edici\u00f3n Web"},"url":"https:\/\/canal7slp.tv\/2023\/author\/edicionweb\/"}]}},"_links":{"self":[{"href":"https:\/\/canal7slp.tv\/2023\/wp-json\/wp\/v2\/posts\/112514","targetHints":{"allow":["GET"]}}],"collection":[{"href":"https:\/\/canal7slp.tv\/2023\/wp-json\/wp\/v2\/posts"}],"about":[{"href":"https:\/\/canal7slp.tv\/2023\/wp-json\/wp\/v2\/types\/post"}],"author":[{"embeddable":true,"href":"https:\/\/canal7slp.tv\/2023\/wp-json\/wp\/v2\/users\/2"}],"replies":[{"embeddable":true,"href":"https:\/\/canal7slp.tv\/2023\/wp-json\/wp\/v2\/comments?post=112514"}],"version-history":[{"count":3,"href":"https:\/\/canal7slp.tv\/2023\/wp-json\/wp\/v2\/posts\/112514\/revisions"}],"predecessor-version":[{"id":112561,"href":"https:\/\/canal7slp.tv\/2023\/wp-json\/wp\/v2\/posts\/112514\/revisions\/112561"}],"wp:featuredmedia":[{"embeddable":true,"href":"https:\/\/canal7slp.tv\/2023\/wp-json\/wp\/v2\/media\/112560"}],"wp:attachment":[{"href":"https:\/\/canal7slp.tv\/2023\/wp-json\/wp\/v2\/media?parent=112514"}],"wp:term":[{"taxonomy":"category","embeddable":true,"href":"https:\/\/canal7slp.tv\/2023\/wp-json\/wp\/v2\/categories?post=112514"},{"taxonomy":"post_tag","embeddable":true,"href":"https:\/\/canal7slp.tv\/2023\/wp-json\/wp\/v2\/tags?post=112514"}],"curies":[{"name":"wp","href":"https:\/\/api.w.org\/{rel}","templated":true}]}}