{"id":112513,"date":"2023-11-07T17:52:49","date_gmt":"2023-11-07T23:52:49","guid":{"rendered":"https:\/\/canal7slp.tv\/2023\/?p=112513"},"modified":"2023-11-07T17:53:38","modified_gmt":"2023-11-07T23:53:38","slug":"al-menos-cuatro-cuarteles-mas-de-guardia-civil-operaran-en-slp","status":"publish","type":"post","link":"https:\/\/canal7slp.tv\/2023\/al-menos-cuatro-cuarteles-mas-de-guardia-civil-operaran-en-slp\/","title":{"rendered":"Al menos cuatro cuarteles m\u00e1s de Guardia Civil operar\u00e1n en SLP"},"content":{"rendered":"<p style=\"text-align: justify;\">SLP.-\u00a0San Luis Potos\u00ed podr\u00eda contar con al menos cuatro cuarteles m\u00e1s de la Guardia Civil del Estado seg\u00fan mencion\u00f3 el secretario general de gobierno Guadalupe Torres S\u00e1nchez.<\/p>\n<p style=\"text-align: justify;\">Record\u00f3 que el gobernador hab\u00eda anunciado tres en diferentes puntos del territorio, sin embargo, adelant\u00f3 que en la capital potosina se podr\u00eda edificar uno m\u00e1s.<\/p>\n<p style=\"text-align: justify;\">\u00abSe est\u00e1 trabajando en la edificaci\u00f3n de lugares, cuarteles de la Guardia Civil, ya tenemos dos nuevos y funcionales, el de la Zona Industrial y de Ciudad Valles que est\u00e1n muy completos, son funcionales y que realmente a trav\u00e9s de ellos se puede tener una operatividad m\u00e1s puntual\u00bb, coment\u00f3.<\/p>\n<p style=\"text-align: justify;\">De acuerdo con sus declaraciones, esto contrarresta el cierre de casetas de seguridad en la zona metropolitana que dio a conocer el secretario de seguridad, Guzmar \u00c1ngel Gonz\u00e1lez Castillo, por significar un riesgo para los elementos.<\/p>\n<p style=\"text-align: justify;\">\u00abLo que pasa es que hay que ir ajustando las estrategias de seguridad como yo se los digo todos los d\u00edas, lo que en alg\u00fan momento fue \u00fatil, hoy ya no lo es, esas casetas eran para m\u00e1ximo dos o tres elementos\u00bb, dijo.<\/p>\n<p style=\"text-align: justify;\">Continu\u00f3: \u00abAhora como est\u00e1n las cosas se necesita la respuesta puntual de alg\u00fan evento o hecho, o simplemente en temas de prevenci\u00f3n est\u00e1 integrado por grupos de reacci\u00f3n de m\u00e1s de tres personas, por lo menos 10 o 12, entonces, no hab\u00eda donde meterlos\u00bb.<\/p>\n<p style=\"text-align: justify;\">En dichas acciones tambi\u00e9n se contempla la sectorizaci\u00f3n de las zonas para fortalecer la presencia policiaca y mejorar la respuesta ante hechos de inseguridad.<\/p>\n<p style=\"text-align: justify;\">Por: Jos\u00e9 Luis V\u00e1zquez<\/p>\n","protected":false},"excerpt":{"rendered":"<p>SLP.-\u00a0San Luis Potos\u00ed podr\u00eda contar con al menos cuatro cuarteles m\u00e1s de la Guardia Civil del Estado seg\u00fan mencion\u00f3 el secretario general de gobierno Guadalupe Torres S\u00e1nchez. Record\u00f3 que el gobernador hab\u00eda anunciado tres en diferentes puntos del territorio, sin embargo, adelant\u00f3 que en la capital potosina se podr\u00eda edificar uno m\u00e1s. \u00abSe est\u00e1 trabajando en la edificaci\u00f3n de lugares, cuarteles de la Guardia Civil, ya tenemos dos nuevos y funcionales, el de la Zona Industrial y de Ciudad Valles que est\u00e1n muy completos, son funcionales y que realmente a trav\u00e9s de ellos se puede tener una operatividad m\u00e1s puntual\u00bb, [&hellip;]<\/p>\n","protected":false},"author":2,"featured_media":112558,"comment_status":"closed","ping_status":"closed","sticky":false,"template":"","format":"standard","meta":{"footnotes":""},"categories":[5,510,45],"tags":[],"class_list":["post-112513","post","type-post","status-publish","format-standard","has-post-thumbnail","hentry","category-destacadas","category-gobedoslp","category-localesyregionales","post--single"],"yoast_head":"<!-- This site is optimized with the Yoast SEO plugin v27.5 - https:\/\/yoast.com\/product\/yoast-seo-wordpress\/ -->\n<title>Al menos cuatro cuarteles m\u00e1s de Guardia Civil operar\u00e1n en SLP - Canal 7 SLP - 2023<\/title>\n<meta name=\"robots\" content=\"index, follow, max-snippet:-1, max-image-preview:large, max-video-preview:-1\" \/>\n<link rel=\"canonical\" href=\"https:\/\/canal7slp.tv\/2023\/al-menos-cuatro-cuarteles-mas-de-guardia-civil-operaran-en-slp\/\" \/>\n<meta property=\"og:locale\" content=\"es_ES\" \/>\n<meta property=\"og:type\" content=\"article\" \/>\n<meta property=\"og:title\" content=\"Al menos cuatro cuarteles m\u00e1s de Guardia Civil operar\u00e1n en SLP - Canal 7 SLP - 2023\" \/>\n<meta property=\"og:description\" content=\"SLP.-\u00a0San Luis Potos\u00ed podr\u00eda contar con al menos cuatro cuarteles m\u00e1s de la Guardia Civil del Estado seg\u00fan mencion\u00f3 el secretario general de gobierno Guadalupe Torres S\u00e1nchez. Record\u00f3 que el gobernador hab\u00eda anunciado tres en diferentes puntos del territorio, sin embargo, adelant\u00f3 que en la capital potosina se podr\u00eda edificar uno m\u00e1s. \u00abSe est\u00e1 trabajando en la edificaci\u00f3n de lugares, cuarteles de la Guardia Civil, ya tenemos dos nuevos y funcionales, el de la Zona Industrial y de Ciudad Valles que est\u00e1n muy completos, son funcionales y que realmente a trav\u00e9s de ellos se puede tener una operatividad m\u00e1s puntual\u00bb, [&hellip;]\" \/>\n<meta property=\"og:url\" content=\"https:\/\/canal7slp.tv\/2023\/al-menos-cuatro-cuarteles-mas-de-guardia-civil-operaran-en-slp\/\" \/>\n<meta property=\"og:site_name\" content=\"Canal 7 SLP - 2023\" \/>\n<meta property=\"article:publisher\" content=\"https:\/\/www.facebook.com\/noticieroscanalsiete\" \/>\n<meta property=\"article:published_time\" content=\"2023-11-07T23:52:49+00:00\" \/>\n<meta property=\"article:modified_time\" content=\"2023-11-07T23:53:38+00:00\" \/>\n<meta property=\"og:image\" content=\"https:\/\/canal7slp.tv\/2023\/wp-content\/uploads\/2023\/11\/Vazquez03Cuarteles.jpg\" \/>\n\t<meta property=\"og:image:width\" content=\"1280\" \/>\n\t<meta property=\"og:image:height\" content=\"720\" \/>\n\t<meta property=\"og:image:type\" content=\"image\/jpeg\" \/>\n<meta name=\"author\" content=\"Edici\u00f3n Web\" \/>\n<meta name=\"twitter:card\" content=\"summary_large_image\" \/>\n<meta name=\"twitter:creator\" content=\"@NOTICIEROS7\" \/>\n<meta name=\"twitter:site\" content=\"@NOTICIEROS7\" \/>\n<meta name=\"twitter:label1\" content=\"Escrito por\" \/>\n\t<meta name=\"twitter:data1\" content=\"Edici\u00f3n Web\" \/>\n\t<meta name=\"twitter:label2\" content=\"Tiempo de lectura\" \/>\n\t<meta name=\"twitter:data2\" content=\"2 minutos\" \/>\n<script type=\"application\/ld+json\" class=\"yoast-schema-graph\">{\"@context\":\"https:\\\/\\\/schema.org\",\"@graph\":[{\"@type\":\"Article\",\"@id\":\"https:\\\/\\\/canal7slp.tv\\\/2023\\\/al-menos-cuatro-cuarteles-mas-de-guardia-civil-operaran-en-slp\\\/#article\",\"isPartOf\":{\"@id\":\"https:\\\/\\\/canal7slp.tv\\\/2023\\\/al-menos-cuatro-cuarteles-mas-de-guardia-civil-operaran-en-slp\\\/\"},\"author\":{\"name\":\"Edici\u00f3n Web\",\"@id\":\"https:\\\/\\\/canal7slp.tv\\\/2023\\\/#\\\/schema\\\/person\\\/639c424e3584069003b11ae813915da6\"},\"headline\":\"Al menos cuatro cuarteles m\u00e1s de Guardia Civil operar\u00e1n en SLP\",\"datePublished\":\"2023-11-07T23:52:49+00:00\",\"dateModified\":\"2023-11-07T23:53:38+00:00\",\"mainEntityOfPage\":{\"@id\":\"https:\\\/\\\/canal7slp.tv\\\/2023\\\/al-menos-cuatro-cuarteles-mas-de-guardia-civil-operaran-en-slp\\\/\"},\"wordCount\":289,\"publisher\":{\"@id\":\"https:\\\/\\\/canal7slp.tv\\\/2023\\\/#organization\"},\"image\":{\"@id\":\"https:\\\/\\\/canal7slp.tv\\\/2023\\\/al-menos-cuatro-cuarteles-mas-de-guardia-civil-operaran-en-slp\\\/#primaryimage\"},\"thumbnailUrl\":\"https:\\\/\\\/canal7slp.tv\\\/2023\\\/wp-content\\\/uploads\\\/2023\\\/11\\\/Vazquez03Cuarteles.jpg\",\"articleSection\":[\"DESTACADAS\",\"GOBEDOSLP\",\"LOCALES Y REGIONALES\"],\"inLanguage\":\"es\"},{\"@type\":\"WebPage\",\"@id\":\"https:\\\/\\\/canal7slp.tv\\\/2023\\\/al-menos-cuatro-cuarteles-mas-de-guardia-civil-operaran-en-slp\\\/\",\"url\":\"https:\\\/\\\/canal7slp.tv\\\/2023\\\/al-menos-cuatro-cuarteles-mas-de-guardia-civil-operaran-en-slp\\\/\",\"name\":\"Al menos cuatro cuarteles m\u00e1s de Guardia Civil operar\u00e1n en SLP - Canal 7 SLP - 2023\",\"isPartOf\":{\"@id\":\"https:\\\/\\\/canal7slp.tv\\\/2023\\\/#website\"},\"primaryImageOfPage\":{\"@id\":\"https:\\\/\\\/canal7slp.tv\\\/2023\\\/al-menos-cuatro-cuarteles-mas-de-guardia-civil-operaran-en-slp\\\/#primaryimage\"},\"image\":{\"@id\":\"https:\\\/\\\/canal7slp.tv\\\/2023\\\/al-menos-cuatro-cuarteles-mas-de-guardia-civil-operaran-en-slp\\\/#primaryimage\"},\"thumbnailUrl\":\"https:\\\/\\\/canal7slp.tv\\\/2023\\\/wp-content\\\/uploads\\\/2023\\\/11\\\/Vazquez03Cuarteles.jpg\",\"datePublished\":\"2023-11-07T23:52:49+00:00\",\"dateModified\":\"2023-11-07T23:53:38+00:00\",\"breadcrumb\":{\"@id\":\"https:\\\/\\\/canal7slp.tv\\\/2023\\\/al-menos-cuatro-cuarteles-mas-de-guardia-civil-operaran-en-slp\\\/#breadcrumb\"},\"inLanguage\":\"es\",\"potentialAction\":[{\"@type\":\"ReadAction\",\"target\":[\"https:\\\/\\\/canal7slp.tv\\\/2023\\\/al-menos-cuatro-cuarteles-mas-de-guardia-civil-operaran-en-slp\\\/\"]}]},{\"@type\":\"ImageObject\",\"inLanguage\":\"es\",\"@id\":\"https:\\\/\\\/canal7slp.tv\\\/2023\\\/al-menos-cuatro-cuarteles-mas-de-guardia-civil-operaran-en-slp\\\/#primaryimage\",\"url\":\"https:\\\/\\\/canal7slp.tv\\\/2023\\\/wp-content\\\/uploads\\\/2023\\\/11\\\/Vazquez03Cuarteles.jpg\",\"contentUrl\":\"https:\\\/\\\/canal7slp.tv\\\/2023\\\/wp-content\\\/uploads\\\/2023\\\/11\\\/Vazquez03Cuarteles.jpg\",\"width\":1280,\"height\":720},{\"@type\":\"BreadcrumbList\",\"@id\":\"https:\\\/\\\/canal7slp.tv\\\/2023\\\/al-menos-cuatro-cuarteles-mas-de-guardia-civil-operaran-en-slp\\\/#breadcrumb\",\"itemListElement\":[{\"@type\":\"ListItem\",\"position\":1,\"name\":\"Portada\",\"item\":\"https:\\\/\\\/canal7slp.tv\\\/2023\\\/\"},{\"@type\":\"ListItem\",\"position\":2,\"name\":\"Al menos cuatro cuarteles m\u00e1s de Guardia Civil operar\u00e1n en SLP\"}]},{\"@type\":\"WebSite\",\"@id\":\"https:\\\/\\\/canal7slp.tv\\\/2023\\\/#website\",\"url\":\"https:\\\/\\\/canal7slp.tv\\\/2023\\\/\",\"name\":\"N7 - Noticieros Canal 7\",\"description\":\"Somos Televisi\u00f3n\",\"publisher\":{\"@id\":\"https:\\\/\\\/canal7slp.tv\\\/2023\\\/#organization\"},\"potentialAction\":[{\"@type\":\"SearchAction\",\"target\":{\"@type\":\"EntryPoint\",\"urlTemplate\":\"https:\\\/\\\/canal7slp.tv\\\/2023\\\/?s={search_term_string}\"},\"query-input\":{\"@type\":\"PropertyValueSpecification\",\"valueRequired\":true,\"valueName\":\"search_term_string\"}}],\"inLanguage\":\"es\"},{\"@type\":\"Organization\",\"@id\":\"https:\\\/\\\/canal7slp.tv\\\/2023\\\/#organization\",\"name\":\"Noticieros Canal 7\",\"url\":\"https:\\\/\\\/canal7slp.tv\\\/2023\\\/\",\"logo\":{\"@type\":\"ImageObject\",\"inLanguage\":\"es\",\"@id\":\"https:\\\/\\\/canal7slp.tv\\\/2023\\\/#\\\/schema\\\/logo\\\/image\\\/\",\"url\":\"https:\\\/\\\/canal7slp.tv\\\/2023\\\/wp-content\\\/uploads\\\/2021\\\/01\\\/logo-noticieros@2x.png\",\"contentUrl\":\"https:\\\/\\\/canal7slp.tv\\\/2023\\\/wp-content\\\/uploads\\\/2021\\\/01\\\/logo-noticieros@2x.png\",\"width\":1017,\"height\":268,\"caption\":\"Noticieros Canal 7\"},\"image\":{\"@id\":\"https:\\\/\\\/canal7slp.tv\\\/2023\\\/#\\\/schema\\\/logo\\\/image\\\/\"},\"sameAs\":[\"https:\\\/\\\/www.facebook.com\\\/noticieroscanalsiete\",\"https:\\\/\\\/x.com\\\/NOTICIEROS7\",\"https:\\\/\\\/www.instagram.com\\\/canal7_slp\",\"https:\\\/\\\/www.youtube.com\\\/channel\\\/UCliiYs-gP3JfJeqdPrNdd5A\"]},{\"@type\":\"Person\",\"@id\":\"https:\\\/\\\/canal7slp.tv\\\/2023\\\/#\\\/schema\\\/person\\\/639c424e3584069003b11ae813915da6\",\"name\":\"Edici\u00f3n Web\",\"image\":{\"@type\":\"ImageObject\",\"inLanguage\":\"es\",\"@id\":\"https:\\\/\\\/secure.gravatar.com\\\/avatar\\\/eee448fc3f7164808013b816ba91ac7e43bbe82a70bebac296f8bc6f0addaa1a?s=96&d=mm&r=g\",\"url\":\"https:\\\/\\\/secure.gravatar.com\\\/avatar\\\/eee448fc3f7164808013b816ba91ac7e43bbe82a70bebac296f8bc6f0addaa1a?s=96&d=mm&r=g\",\"contentUrl\":\"https:\\\/\\\/secure.gravatar.com\\\/avatar\\\/eee448fc3f7164808013b816ba91ac7e43bbe82a70bebac296f8bc6f0addaa1a?s=96&d=mm&r=g\",\"caption\":\"Edici\u00f3n Web\"},\"url\":\"https:\\\/\\\/canal7slp.tv\\\/2023\\\/author\\\/edicionweb\\\/\"}]}<\/script>\n<!-- \/ Yoast SEO plugin. -->","yoast_head_json":{"title":"Al menos cuatro cuarteles m\u00e1s de Guardia Civil operar\u00e1n en SLP - Canal 7 SLP - 2023","robots":{"index":"index","follow":"follow","max-snippet":"max-snippet:-1","max-image-preview":"max-image-preview:large","max-video-preview":"max-video-preview:-1"},"canonical":"https:\/\/canal7slp.tv\/2023\/al-menos-cuatro-cuarteles-mas-de-guardia-civil-operaran-en-slp\/","og_locale":"es_ES","og_type":"article","og_title":"Al menos cuatro cuarteles m\u00e1s de Guardia Civil operar\u00e1n en SLP - Canal 7 SLP - 2023","og_description":"SLP.-\u00a0San Luis Potos\u00ed podr\u00eda contar con al menos cuatro cuarteles m\u00e1s de la Guardia Civil del Estado seg\u00fan mencion\u00f3 el secretario general de gobierno Guadalupe Torres S\u00e1nchez. Record\u00f3 que el gobernador hab\u00eda anunciado tres en diferentes puntos del territorio, sin embargo, adelant\u00f3 que en la capital potosina se podr\u00eda edificar uno m\u00e1s. \u00abSe est\u00e1 trabajando en la edificaci\u00f3n de lugares, cuarteles de la Guardia Civil, ya tenemos dos nuevos y funcionales, el de la Zona Industrial y de Ciudad Valles que est\u00e1n muy completos, son funcionales y que realmente a trav\u00e9s de ellos se puede tener una operatividad m\u00e1s puntual\u00bb, [&hellip;]","og_url":"https:\/\/canal7slp.tv\/2023\/al-menos-cuatro-cuarteles-mas-de-guardia-civil-operaran-en-slp\/","og_site_name":"Canal 7 SLP - 2023","article_publisher":"https:\/\/www.facebook.com\/noticieroscanalsiete","article_published_time":"2023-11-07T23:52:49+00:00","article_modified_time":"2023-11-07T23:53:38+00:00","og_image":[{"width":1280,"height":720,"url":"https:\/\/canal7slp.tv\/2023\/wp-content\/uploads\/2023\/11\/Vazquez03Cuarteles.jpg","type":"image\/jpeg"}],"author":"Edici\u00f3n Web","twitter_card":"summary_large_image","twitter_creator":"@NOTICIEROS7","twitter_site":"@NOTICIEROS7","twitter_misc":{"Escrito por":"Edici\u00f3n Web","Tiempo de lectura":"2 minutos"},"schema":{"@context":"https:\/\/schema.org","@graph":[{"@type":"Article","@id":"https:\/\/canal7slp.tv\/2023\/al-menos-cuatro-cuarteles-mas-de-guardia-civil-operaran-en-slp\/#article","isPartOf":{"@id":"https:\/\/canal7slp.tv\/2023\/al-menos-cuatro-cuarteles-mas-de-guardia-civil-operaran-en-slp\/"},"author":{"name":"Edici\u00f3n Web","@id":"https:\/\/canal7slp.tv\/2023\/#\/schema\/person\/639c424e3584069003b11ae813915da6"},"headline":"Al menos cuatro cuarteles m\u00e1s de Guardia Civil operar\u00e1n en SLP","datePublished":"2023-11-07T23:52:49+00:00","dateModified":"2023-11-07T23:53:38+00:00","mainEntityOfPage":{"@id":"https:\/\/canal7slp.tv\/2023\/al-menos-cuatro-cuarteles-mas-de-guardia-civil-operaran-en-slp\/"},"wordCount":289,"publisher":{"@id":"https:\/\/canal7slp.tv\/2023\/#organization"},"image":{"@id":"https:\/\/canal7slp.tv\/2023\/al-menos-cuatro-cuarteles-mas-de-guardia-civil-operaran-en-slp\/#primaryimage"},"thumbnailUrl":"https:\/\/canal7slp.tv\/2023\/wp-content\/uploads\/2023\/11\/Vazquez03Cuarteles.jpg","articleSection":["DESTACADAS","GOBEDOSLP","LOCALES Y REGIONALES"],"inLanguage":"es"},{"@type":"WebPage","@id":"https:\/\/canal7slp.tv\/2023\/al-menos-cuatro-cuarteles-mas-de-guardia-civil-operaran-en-slp\/","url":"https:\/\/canal7slp.tv\/2023\/al-menos-cuatro-cuarteles-mas-de-guardia-civil-operaran-en-slp\/","name":"Al menos cuatro cuarteles m\u00e1s de Guardia Civil operar\u00e1n en SLP - Canal 7 SLP - 2023","isPartOf":{"@id":"https:\/\/canal7slp.tv\/2023\/#website"},"primaryImageOfPage":{"@id":"https:\/\/canal7slp.tv\/2023\/al-menos-cuatro-cuarteles-mas-de-guardia-civil-operaran-en-slp\/#primaryimage"},"image":{"@id":"https:\/\/canal7slp.tv\/2023\/al-menos-cuatro-cuarteles-mas-de-guardia-civil-operaran-en-slp\/#primaryimage"},"thumbnailUrl":"https:\/\/canal7slp.tv\/2023\/wp-content\/uploads\/2023\/11\/Vazquez03Cuarteles.jpg","datePublished":"2023-11-07T23:52:49+00:00","dateModified":"2023-11-07T23:53:38+00:00","breadcrumb":{"@id":"https:\/\/canal7slp.tv\/2023\/al-menos-cuatro-cuarteles-mas-de-guardia-civil-operaran-en-slp\/#breadcrumb"},"inLanguage":"es","potentialAction":[{"@type":"ReadAction","target":["https:\/\/canal7slp.tv\/2023\/al-menos-cuatro-cuarteles-mas-de-guardia-civil-operaran-en-slp\/"]}]},{"@type":"ImageObject","inLanguage":"es","@id":"https:\/\/canal7slp.tv\/2023\/al-menos-cuatro-cuarteles-mas-de-guardia-civil-operaran-en-slp\/#primaryimage","url":"https:\/\/canal7slp.tv\/2023\/wp-content\/uploads\/2023\/11\/Vazquez03Cuarteles.jpg","contentUrl":"https:\/\/canal7slp.tv\/2023\/wp-content\/uploads\/2023\/11\/Vazquez03Cuarteles.jpg","width":1280,"height":720},{"@type":"BreadcrumbList","@id":"https:\/\/canal7slp.tv\/2023\/al-menos-cuatro-cuarteles-mas-de-guardia-civil-operaran-en-slp\/#breadcrumb","itemListElement":[{"@type":"ListItem","position":1,"name":"Portada","item":"https:\/\/canal7slp.tv\/2023\/"},{"@type":"ListItem","position":2,"name":"Al menos cuatro cuarteles m\u00e1s de Guardia Civil operar\u00e1n en SLP"}]},{"@type":"WebSite","@id":"https:\/\/canal7slp.tv\/2023\/#website","url":"https:\/\/canal7slp.tv\/2023\/","name":"N7 - Noticieros Canal 7","description":"Somos Televisi\u00f3n","publisher":{"@id":"https:\/\/canal7slp.tv\/2023\/#organization"},"potentialAction":[{"@type":"SearchAction","target":{"@type":"EntryPoint","urlTemplate":"https:\/\/canal7slp.tv\/2023\/?s={search_term_string}"},"query-input":{"@type":"PropertyValueSpecification","valueRequired":true,"valueName":"search_term_string"}}],"inLanguage":"es"},{"@type":"Organization","@id":"https:\/\/canal7slp.tv\/2023\/#organization","name":"Noticieros Canal 7","url":"https:\/\/canal7slp.tv\/2023\/","logo":{"@type":"ImageObject","inLanguage":"es","@id":"https:\/\/canal7slp.tv\/2023\/#\/schema\/logo\/image\/","url":"https:\/\/canal7slp.tv\/2023\/wp-content\/uploads\/2021\/01\/logo-noticieros@2x.png","contentUrl":"https:\/\/canal7slp.tv\/2023\/wp-content\/uploads\/2021\/01\/logo-noticieros@2x.png","width":1017,"height":268,"caption":"Noticieros Canal 7"},"image":{"@id":"https:\/\/canal7slp.tv\/2023\/#\/schema\/logo\/image\/"},"sameAs":["https:\/\/www.facebook.com\/noticieroscanalsiete","https:\/\/x.com\/NOTICIEROS7","https:\/\/www.instagram.com\/canal7_slp","https:\/\/www.youtube.com\/channel\/UCliiYs-gP3JfJeqdPrNdd5A"]},{"@type":"Person","@id":"https:\/\/canal7slp.tv\/2023\/#\/schema\/person\/639c424e3584069003b11ae813915da6","name":"Edici\u00f3n Web","image":{"@type":"ImageObject","inLanguage":"es","@id":"https:\/\/secure.gravatar.com\/avatar\/eee448fc3f7164808013b816ba91ac7e43bbe82a70bebac296f8bc6f0addaa1a?s=96&d=mm&r=g","url":"https:\/\/secure.gravatar.com\/avatar\/eee448fc3f7164808013b816ba91ac7e43bbe82a70bebac296f8bc6f0addaa1a?s=96&d=mm&r=g","contentUrl":"https:\/\/secure.gravatar.com\/avatar\/eee448fc3f7164808013b816ba91ac7e43bbe82a70bebac296f8bc6f0addaa1a?s=96&d=mm&r=g","caption":"Edici\u00f3n Web"},"url":"https:\/\/canal7slp.tv\/2023\/author\/edicionweb\/"}]}},"_links":{"self":[{"href":"https:\/\/canal7slp.tv\/2023\/wp-json\/wp\/v2\/posts\/112513","targetHints":{"allow":["GET"]}}],"collection":[{"href":"https:\/\/canal7slp.tv\/2023\/wp-json\/wp\/v2\/posts"}],"about":[{"href":"https:\/\/canal7slp.tv\/2023\/wp-json\/wp\/v2\/types\/post"}],"author":[{"embeddable":true,"href":"https:\/\/canal7slp.tv\/2023\/wp-json\/wp\/v2\/users\/2"}],"replies":[{"embeddable":true,"href":"https:\/\/canal7slp.tv\/2023\/wp-json\/wp\/v2\/comments?post=112513"}],"version-history":[{"count":3,"href":"https:\/\/canal7slp.tv\/2023\/wp-json\/wp\/v2\/posts\/112513\/revisions"}],"predecessor-version":[{"id":112559,"href":"https:\/\/canal7slp.tv\/2023\/wp-json\/wp\/v2\/posts\/112513\/revisions\/112559"}],"wp:featuredmedia":[{"embeddable":true,"href":"https:\/\/canal7slp.tv\/2023\/wp-json\/wp\/v2\/media\/112558"}],"wp:attachment":[{"href":"https:\/\/canal7slp.tv\/2023\/wp-json\/wp\/v2\/media?parent=112513"}],"wp:term":[{"taxonomy":"category","embeddable":true,"href":"https:\/\/canal7slp.tv\/2023\/wp-json\/wp\/v2\/categories?post=112513"},{"taxonomy":"post_tag","embeddable":true,"href":"https:\/\/canal7slp.tv\/2023\/wp-json\/wp\/v2\/tags?post=112513"}],"curies":[{"name":"wp","href":"https:\/\/api.w.org\/{rel}","templated":true}]}}