{"id":112485,"date":"2023-11-07T17:33:06","date_gmt":"2023-11-07T23:33:06","guid":{"rendered":"https:\/\/canal7slp.tv\/2023\/?p=112485"},"modified":"2023-11-07T17:33:06","modified_gmt":"2023-11-07T23:33:06","slug":"hallan-cuerpo-de-menor-reportada-desaparecida-tras-impacto-de-otis","status":"publish","type":"post","link":"https:\/\/canal7slp.tv\/2023\/hallan-cuerpo-de-menor-reportada-desaparecida-tras-impacto-de-otis\/","title":{"rendered":"Hallan cuerpo de menor reportada desaparecida tras impacto de \u00abOtis\u00bb"},"content":{"rendered":"<p style=\"text-align: justify;\">Acapulco.- La Fiscal\u00eda General del Estado de Guerrero inform\u00f3 que el cuerpo sin vida de la menor Angelly \u00abN\u00bb, quien hab\u00eda sido reportada como desaparecida tras el impacto del hurac\u00e1n Otis en el estado, fue encontrado en el poblado denominado kil\u00f3metro 30.<\/p>\n<p style=\"text-align: justify;\">Los padres de la menor realizaron la identificaci\u00f3n del cuerpo, mismo que ya les fue entregado. Adem\u00e1s, la Fiscal\u00eda les ofreci\u00f3 el apoyo de la Direcci\u00f3n de Atenci\u00f3n a V\u00edctimas.<\/p>\n<p style=\"text-align: justify;\">Con la localizaci\u00f3n de la menor, la cifra de personas fallecidas tras el impacto del hurac\u00e1n ascendi\u00f3 a 48 y a\u00fan contin\u00faan 48 personas desaparecidas, seg\u00fan el m\u00e1s reciente informe de la Coordinaci\u00f3n Nacional de Protecci\u00f3n Civil (CNPC) difundido este domingo.<\/p>\n","protected":false},"excerpt":{"rendered":"<p>Acapulco.- La Fiscal\u00eda General del Estado de Guerrero inform\u00f3 que el cuerpo sin vida de la menor Angelly \u00abN\u00bb, quien hab\u00eda sido reportada como desaparecida tras el impacto del hurac\u00e1n Otis en el estado, fue encontrado en el poblado denominado kil\u00f3metro 30. Los padres de la menor realizaron la identificaci\u00f3n del cuerpo, mismo que ya les fue entregado. Adem\u00e1s, la Fiscal\u00eda les ofreci\u00f3 el apoyo de la Direcci\u00f3n de Atenci\u00f3n a V\u00edctimas. Con la localizaci\u00f3n de la menor, la cifra de personas fallecidas tras el impacto del hurac\u00e1n ascendi\u00f3 a 48 y a\u00fan contin\u00faan 48 personas desaparecidas, seg\u00fan el m\u00e1s [&hellip;]<\/p>\n","protected":false},"author":2,"featured_media":112500,"comment_status":"closed","ping_status":"closed","sticky":false,"template":"","format":"standard","meta":{"footnotes":""},"categories":[46],"tags":[],"class_list":["post-112485","post","type-post","status-publish","format-standard","has-post-thumbnail","hentry","category-nacional","post--single"],"yoast_head":"<!-- This site is optimized with the Yoast SEO plugin v27.5 - https:\/\/yoast.com\/product\/yoast-seo-wordpress\/ -->\n<title>Hallan cuerpo de menor reportada desaparecida tras impacto de &quot;Otis&quot; - Canal 7 SLP - 2023<\/title>\n<meta name=\"robots\" content=\"index, follow, max-snippet:-1, max-image-preview:large, max-video-preview:-1\" \/>\n<link rel=\"canonical\" href=\"https:\/\/canal7slp.tv\/2023\/hallan-cuerpo-de-menor-reportada-desaparecida-tras-impacto-de-otis\/\" \/>\n<meta property=\"og:locale\" content=\"es_ES\" \/>\n<meta property=\"og:type\" content=\"article\" \/>\n<meta property=\"og:title\" content=\"Hallan cuerpo de menor reportada desaparecida tras impacto de &quot;Otis&quot; - Canal 7 SLP - 2023\" \/>\n<meta property=\"og:description\" content=\"Acapulco.- La Fiscal\u00eda General del Estado de Guerrero inform\u00f3 que el cuerpo sin vida de la menor Angelly \u00abN\u00bb, quien hab\u00eda sido reportada como desaparecida tras el impacto del hurac\u00e1n Otis en el estado, fue encontrado en el poblado denominado kil\u00f3metro 30. Los padres de la menor realizaron la identificaci\u00f3n del cuerpo, mismo que ya les fue entregado. Adem\u00e1s, la Fiscal\u00eda les ofreci\u00f3 el apoyo de la Direcci\u00f3n de Atenci\u00f3n a V\u00edctimas. Con la localizaci\u00f3n de la menor, la cifra de personas fallecidas tras el impacto del hurac\u00e1n ascendi\u00f3 a 48 y a\u00fan contin\u00faan 48 personas desaparecidas, seg\u00fan el m\u00e1s [&hellip;]\" \/>\n<meta property=\"og:url\" content=\"https:\/\/canal7slp.tv\/2023\/hallan-cuerpo-de-menor-reportada-desaparecida-tras-impacto-de-otis\/\" \/>\n<meta property=\"og:site_name\" content=\"Canal 7 SLP - 2023\" \/>\n<meta property=\"article:publisher\" content=\"https:\/\/www.facebook.com\/noticieroscanalsiete\" \/>\n<meta property=\"article:published_time\" content=\"2023-11-07T23:33:06+00:00\" \/>\n<meta property=\"og:image\" content=\"https:\/\/canal7slp.tv\/2023\/wp-content\/uploads\/2023\/11\/11-1.jpeg\" \/>\n\t<meta property=\"og:image:width\" content=\"1000\" \/>\n\t<meta property=\"og:image:height\" content=\"600\" \/>\n\t<meta property=\"og:image:type\" content=\"image\/jpeg\" \/>\n<meta name=\"author\" content=\"Edici\u00f3n Web\" \/>\n<meta name=\"twitter:card\" content=\"summary_large_image\" \/>\n<meta name=\"twitter:creator\" content=\"@NOTICIEROS7\" \/>\n<meta name=\"twitter:site\" content=\"@NOTICIEROS7\" \/>\n<meta name=\"twitter:label1\" content=\"Escrito por\" \/>\n\t<meta name=\"twitter:data1\" content=\"Edici\u00f3n Web\" \/>\n\t<meta name=\"twitter:label2\" content=\"Tiempo de lectura\" \/>\n\t<meta name=\"twitter:data2\" content=\"1 minuto\" \/>\n<script type=\"application\/ld+json\" class=\"yoast-schema-graph\">{\"@context\":\"https:\\\/\\\/schema.org\",\"@graph\":[{\"@type\":\"Article\",\"@id\":\"https:\\\/\\\/canal7slp.tv\\\/2023\\\/hallan-cuerpo-de-menor-reportada-desaparecida-tras-impacto-de-otis\\\/#article\",\"isPartOf\":{\"@id\":\"https:\\\/\\\/canal7slp.tv\\\/2023\\\/hallan-cuerpo-de-menor-reportada-desaparecida-tras-impacto-de-otis\\\/\"},\"author\":{\"name\":\"Edici\u00f3n Web\",\"@id\":\"https:\\\/\\\/canal7slp.tv\\\/2023\\\/#\\\/schema\\\/person\\\/639c424e3584069003b11ae813915da6\"},\"headline\":\"Hallan cuerpo de menor reportada desaparecida tras impacto de \u00abOtis\u00bb\",\"datePublished\":\"2023-11-07T23:33:06+00:00\",\"mainEntityOfPage\":{\"@id\":\"https:\\\/\\\/canal7slp.tv\\\/2023\\\/hallan-cuerpo-de-menor-reportada-desaparecida-tras-impacto-de-otis\\\/\"},\"wordCount\":139,\"publisher\":{\"@id\":\"https:\\\/\\\/canal7slp.tv\\\/2023\\\/#organization\"},\"image\":{\"@id\":\"https:\\\/\\\/canal7slp.tv\\\/2023\\\/hallan-cuerpo-de-menor-reportada-desaparecida-tras-impacto-de-otis\\\/#primaryimage\"},\"thumbnailUrl\":\"https:\\\/\\\/canal7slp.tv\\\/2023\\\/wp-content\\\/uploads\\\/2023\\\/11\\\/11-1.jpeg\",\"articleSection\":[\"NACIONALES\"],\"inLanguage\":\"es\"},{\"@type\":\"WebPage\",\"@id\":\"https:\\\/\\\/canal7slp.tv\\\/2023\\\/hallan-cuerpo-de-menor-reportada-desaparecida-tras-impacto-de-otis\\\/\",\"url\":\"https:\\\/\\\/canal7slp.tv\\\/2023\\\/hallan-cuerpo-de-menor-reportada-desaparecida-tras-impacto-de-otis\\\/\",\"name\":\"Hallan cuerpo de menor reportada desaparecida tras impacto de \\\"Otis\\\" - Canal 7 SLP - 2023\",\"isPartOf\":{\"@id\":\"https:\\\/\\\/canal7slp.tv\\\/2023\\\/#website\"},\"primaryImageOfPage\":{\"@id\":\"https:\\\/\\\/canal7slp.tv\\\/2023\\\/hallan-cuerpo-de-menor-reportada-desaparecida-tras-impacto-de-otis\\\/#primaryimage\"},\"image\":{\"@id\":\"https:\\\/\\\/canal7slp.tv\\\/2023\\\/hallan-cuerpo-de-menor-reportada-desaparecida-tras-impacto-de-otis\\\/#primaryimage\"},\"thumbnailUrl\":\"https:\\\/\\\/canal7slp.tv\\\/2023\\\/wp-content\\\/uploads\\\/2023\\\/11\\\/11-1.jpeg\",\"datePublished\":\"2023-11-07T23:33:06+00:00\",\"breadcrumb\":{\"@id\":\"https:\\\/\\\/canal7slp.tv\\\/2023\\\/hallan-cuerpo-de-menor-reportada-desaparecida-tras-impacto-de-otis\\\/#breadcrumb\"},\"inLanguage\":\"es\",\"potentialAction\":[{\"@type\":\"ReadAction\",\"target\":[\"https:\\\/\\\/canal7slp.tv\\\/2023\\\/hallan-cuerpo-de-menor-reportada-desaparecida-tras-impacto-de-otis\\\/\"]}]},{\"@type\":\"ImageObject\",\"inLanguage\":\"es\",\"@id\":\"https:\\\/\\\/canal7slp.tv\\\/2023\\\/hallan-cuerpo-de-menor-reportada-desaparecida-tras-impacto-de-otis\\\/#primaryimage\",\"url\":\"https:\\\/\\\/canal7slp.tv\\\/2023\\\/wp-content\\\/uploads\\\/2023\\\/11\\\/11-1.jpeg\",\"contentUrl\":\"https:\\\/\\\/canal7slp.tv\\\/2023\\\/wp-content\\\/uploads\\\/2023\\\/11\\\/11-1.jpeg\",\"width\":1000,\"height\":600},{\"@type\":\"BreadcrumbList\",\"@id\":\"https:\\\/\\\/canal7slp.tv\\\/2023\\\/hallan-cuerpo-de-menor-reportada-desaparecida-tras-impacto-de-otis\\\/#breadcrumb\",\"itemListElement\":[{\"@type\":\"ListItem\",\"position\":1,\"name\":\"Portada\",\"item\":\"https:\\\/\\\/canal7slp.tv\\\/2023\\\/\"},{\"@type\":\"ListItem\",\"position\":2,\"name\":\"Hallan cuerpo de menor reportada desaparecida tras impacto de &#8220;Otis&#8221;\"}]},{\"@type\":\"WebSite\",\"@id\":\"https:\\\/\\\/canal7slp.tv\\\/2023\\\/#website\",\"url\":\"https:\\\/\\\/canal7slp.tv\\\/2023\\\/\",\"name\":\"N7 - Noticieros Canal 7\",\"description\":\"Somos Televisi\u00f3n\",\"publisher\":{\"@id\":\"https:\\\/\\\/canal7slp.tv\\\/2023\\\/#organization\"},\"potentialAction\":[{\"@type\":\"SearchAction\",\"target\":{\"@type\":\"EntryPoint\",\"urlTemplate\":\"https:\\\/\\\/canal7slp.tv\\\/2023\\\/?s={search_term_string}\"},\"query-input\":{\"@type\":\"PropertyValueSpecification\",\"valueRequired\":true,\"valueName\":\"search_term_string\"}}],\"inLanguage\":\"es\"},{\"@type\":\"Organization\",\"@id\":\"https:\\\/\\\/canal7slp.tv\\\/2023\\\/#organization\",\"name\":\"Noticieros Canal 7\",\"url\":\"https:\\\/\\\/canal7slp.tv\\\/2023\\\/\",\"logo\":{\"@type\":\"ImageObject\",\"inLanguage\":\"es\",\"@id\":\"https:\\\/\\\/canal7slp.tv\\\/2023\\\/#\\\/schema\\\/logo\\\/image\\\/\",\"url\":\"https:\\\/\\\/canal7slp.tv\\\/2023\\\/wp-content\\\/uploads\\\/2021\\\/01\\\/logo-noticieros@2x.png\",\"contentUrl\":\"https:\\\/\\\/canal7slp.tv\\\/2023\\\/wp-content\\\/uploads\\\/2021\\\/01\\\/logo-noticieros@2x.png\",\"width\":1017,\"height\":268,\"caption\":\"Noticieros Canal 7\"},\"image\":{\"@id\":\"https:\\\/\\\/canal7slp.tv\\\/2023\\\/#\\\/schema\\\/logo\\\/image\\\/\"},\"sameAs\":[\"https:\\\/\\\/www.facebook.com\\\/noticieroscanalsiete\",\"https:\\\/\\\/x.com\\\/NOTICIEROS7\",\"https:\\\/\\\/www.instagram.com\\\/canal7_slp\",\"https:\\\/\\\/www.youtube.com\\\/channel\\\/UCliiYs-gP3JfJeqdPrNdd5A\"]},{\"@type\":\"Person\",\"@id\":\"https:\\\/\\\/canal7slp.tv\\\/2023\\\/#\\\/schema\\\/person\\\/639c424e3584069003b11ae813915da6\",\"name\":\"Edici\u00f3n Web\",\"image\":{\"@type\":\"ImageObject\",\"inLanguage\":\"es\",\"@id\":\"https:\\\/\\\/secure.gravatar.com\\\/avatar\\\/eee448fc3f7164808013b816ba91ac7e43bbe82a70bebac296f8bc6f0addaa1a?s=96&d=mm&r=g\",\"url\":\"https:\\\/\\\/secure.gravatar.com\\\/avatar\\\/eee448fc3f7164808013b816ba91ac7e43bbe82a70bebac296f8bc6f0addaa1a?s=96&d=mm&r=g\",\"contentUrl\":\"https:\\\/\\\/secure.gravatar.com\\\/avatar\\\/eee448fc3f7164808013b816ba91ac7e43bbe82a70bebac296f8bc6f0addaa1a?s=96&d=mm&r=g\",\"caption\":\"Edici\u00f3n Web\"},\"url\":\"https:\\\/\\\/canal7slp.tv\\\/2023\\\/author\\\/edicionweb\\\/\"}]}<\/script>\n<!-- \/ Yoast SEO plugin. -->","yoast_head_json":{"title":"Hallan cuerpo de menor reportada desaparecida tras impacto de \"Otis\" - Canal 7 SLP - 2023","robots":{"index":"index","follow":"follow","max-snippet":"max-snippet:-1","max-image-preview":"max-image-preview:large","max-video-preview":"max-video-preview:-1"},"canonical":"https:\/\/canal7slp.tv\/2023\/hallan-cuerpo-de-menor-reportada-desaparecida-tras-impacto-de-otis\/","og_locale":"es_ES","og_type":"article","og_title":"Hallan cuerpo de menor reportada desaparecida tras impacto de \"Otis\" - Canal 7 SLP - 2023","og_description":"Acapulco.- La Fiscal\u00eda General del Estado de Guerrero inform\u00f3 que el cuerpo sin vida de la menor Angelly \u00abN\u00bb, quien hab\u00eda sido reportada como desaparecida tras el impacto del hurac\u00e1n Otis en el estado, fue encontrado en el poblado denominado kil\u00f3metro 30. Los padres de la menor realizaron la identificaci\u00f3n del cuerpo, mismo que ya les fue entregado. Adem\u00e1s, la Fiscal\u00eda les ofreci\u00f3 el apoyo de la Direcci\u00f3n de Atenci\u00f3n a V\u00edctimas. Con la localizaci\u00f3n de la menor, la cifra de personas fallecidas tras el impacto del hurac\u00e1n ascendi\u00f3 a 48 y a\u00fan contin\u00faan 48 personas desaparecidas, seg\u00fan el m\u00e1s [&hellip;]","og_url":"https:\/\/canal7slp.tv\/2023\/hallan-cuerpo-de-menor-reportada-desaparecida-tras-impacto-de-otis\/","og_site_name":"Canal 7 SLP - 2023","article_publisher":"https:\/\/www.facebook.com\/noticieroscanalsiete","article_published_time":"2023-11-07T23:33:06+00:00","og_image":[{"width":1000,"height":600,"url":"https:\/\/canal7slp.tv\/2023\/wp-content\/uploads\/2023\/11\/11-1.jpeg","type":"image\/jpeg"}],"author":"Edici\u00f3n Web","twitter_card":"summary_large_image","twitter_creator":"@NOTICIEROS7","twitter_site":"@NOTICIEROS7","twitter_misc":{"Escrito por":"Edici\u00f3n Web","Tiempo de lectura":"1 minuto"},"schema":{"@context":"https:\/\/schema.org","@graph":[{"@type":"Article","@id":"https:\/\/canal7slp.tv\/2023\/hallan-cuerpo-de-menor-reportada-desaparecida-tras-impacto-de-otis\/#article","isPartOf":{"@id":"https:\/\/canal7slp.tv\/2023\/hallan-cuerpo-de-menor-reportada-desaparecida-tras-impacto-de-otis\/"},"author":{"name":"Edici\u00f3n Web","@id":"https:\/\/canal7slp.tv\/2023\/#\/schema\/person\/639c424e3584069003b11ae813915da6"},"headline":"Hallan cuerpo de menor reportada desaparecida tras impacto de \u00abOtis\u00bb","datePublished":"2023-11-07T23:33:06+00:00","mainEntityOfPage":{"@id":"https:\/\/canal7slp.tv\/2023\/hallan-cuerpo-de-menor-reportada-desaparecida-tras-impacto-de-otis\/"},"wordCount":139,"publisher":{"@id":"https:\/\/canal7slp.tv\/2023\/#organization"},"image":{"@id":"https:\/\/canal7slp.tv\/2023\/hallan-cuerpo-de-menor-reportada-desaparecida-tras-impacto-de-otis\/#primaryimage"},"thumbnailUrl":"https:\/\/canal7slp.tv\/2023\/wp-content\/uploads\/2023\/11\/11-1.jpeg","articleSection":["NACIONALES"],"inLanguage":"es"},{"@type":"WebPage","@id":"https:\/\/canal7slp.tv\/2023\/hallan-cuerpo-de-menor-reportada-desaparecida-tras-impacto-de-otis\/","url":"https:\/\/canal7slp.tv\/2023\/hallan-cuerpo-de-menor-reportada-desaparecida-tras-impacto-de-otis\/","name":"Hallan cuerpo de menor reportada desaparecida tras impacto de \"Otis\" - Canal 7 SLP - 2023","isPartOf":{"@id":"https:\/\/canal7slp.tv\/2023\/#website"},"primaryImageOfPage":{"@id":"https:\/\/canal7slp.tv\/2023\/hallan-cuerpo-de-menor-reportada-desaparecida-tras-impacto-de-otis\/#primaryimage"},"image":{"@id":"https:\/\/canal7slp.tv\/2023\/hallan-cuerpo-de-menor-reportada-desaparecida-tras-impacto-de-otis\/#primaryimage"},"thumbnailUrl":"https:\/\/canal7slp.tv\/2023\/wp-content\/uploads\/2023\/11\/11-1.jpeg","datePublished":"2023-11-07T23:33:06+00:00","breadcrumb":{"@id":"https:\/\/canal7slp.tv\/2023\/hallan-cuerpo-de-menor-reportada-desaparecida-tras-impacto-de-otis\/#breadcrumb"},"inLanguage":"es","potentialAction":[{"@type":"ReadAction","target":["https:\/\/canal7slp.tv\/2023\/hallan-cuerpo-de-menor-reportada-desaparecida-tras-impacto-de-otis\/"]}]},{"@type":"ImageObject","inLanguage":"es","@id":"https:\/\/canal7slp.tv\/2023\/hallan-cuerpo-de-menor-reportada-desaparecida-tras-impacto-de-otis\/#primaryimage","url":"https:\/\/canal7slp.tv\/2023\/wp-content\/uploads\/2023\/11\/11-1.jpeg","contentUrl":"https:\/\/canal7slp.tv\/2023\/wp-content\/uploads\/2023\/11\/11-1.jpeg","width":1000,"height":600},{"@type":"BreadcrumbList","@id":"https:\/\/canal7slp.tv\/2023\/hallan-cuerpo-de-menor-reportada-desaparecida-tras-impacto-de-otis\/#breadcrumb","itemListElement":[{"@type":"ListItem","position":1,"name":"Portada","item":"https:\/\/canal7slp.tv\/2023\/"},{"@type":"ListItem","position":2,"name":"Hallan cuerpo de menor reportada desaparecida tras impacto de &#8220;Otis&#8221;"}]},{"@type":"WebSite","@id":"https:\/\/canal7slp.tv\/2023\/#website","url":"https:\/\/canal7slp.tv\/2023\/","name":"N7 - Noticieros Canal 7","description":"Somos Televisi\u00f3n","publisher":{"@id":"https:\/\/canal7slp.tv\/2023\/#organization"},"potentialAction":[{"@type":"SearchAction","target":{"@type":"EntryPoint","urlTemplate":"https:\/\/canal7slp.tv\/2023\/?s={search_term_string}"},"query-input":{"@type":"PropertyValueSpecification","valueRequired":true,"valueName":"search_term_string"}}],"inLanguage":"es"},{"@type":"Organization","@id":"https:\/\/canal7slp.tv\/2023\/#organization","name":"Noticieros Canal 7","url":"https:\/\/canal7slp.tv\/2023\/","logo":{"@type":"ImageObject","inLanguage":"es","@id":"https:\/\/canal7slp.tv\/2023\/#\/schema\/logo\/image\/","url":"https:\/\/canal7slp.tv\/2023\/wp-content\/uploads\/2021\/01\/logo-noticieros@2x.png","contentUrl":"https:\/\/canal7slp.tv\/2023\/wp-content\/uploads\/2021\/01\/logo-noticieros@2x.png","width":1017,"height":268,"caption":"Noticieros Canal 7"},"image":{"@id":"https:\/\/canal7slp.tv\/2023\/#\/schema\/logo\/image\/"},"sameAs":["https:\/\/www.facebook.com\/noticieroscanalsiete","https:\/\/x.com\/NOTICIEROS7","https:\/\/www.instagram.com\/canal7_slp","https:\/\/www.youtube.com\/channel\/UCliiYs-gP3JfJeqdPrNdd5A"]},{"@type":"Person","@id":"https:\/\/canal7slp.tv\/2023\/#\/schema\/person\/639c424e3584069003b11ae813915da6","name":"Edici\u00f3n Web","image":{"@type":"ImageObject","inLanguage":"es","@id":"https:\/\/secure.gravatar.com\/avatar\/eee448fc3f7164808013b816ba91ac7e43bbe82a70bebac296f8bc6f0addaa1a?s=96&d=mm&r=g","url":"https:\/\/secure.gravatar.com\/avatar\/eee448fc3f7164808013b816ba91ac7e43bbe82a70bebac296f8bc6f0addaa1a?s=96&d=mm&r=g","contentUrl":"https:\/\/secure.gravatar.com\/avatar\/eee448fc3f7164808013b816ba91ac7e43bbe82a70bebac296f8bc6f0addaa1a?s=96&d=mm&r=g","caption":"Edici\u00f3n Web"},"url":"https:\/\/canal7slp.tv\/2023\/author\/edicionweb\/"}]}},"_links":{"self":[{"href":"https:\/\/canal7slp.tv\/2023\/wp-json\/wp\/v2\/posts\/112485","targetHints":{"allow":["GET"]}}],"collection":[{"href":"https:\/\/canal7slp.tv\/2023\/wp-json\/wp\/v2\/posts"}],"about":[{"href":"https:\/\/canal7slp.tv\/2023\/wp-json\/wp\/v2\/types\/post"}],"author":[{"embeddable":true,"href":"https:\/\/canal7slp.tv\/2023\/wp-json\/wp\/v2\/users\/2"}],"replies":[{"embeddable":true,"href":"https:\/\/canal7slp.tv\/2023\/wp-json\/wp\/v2\/comments?post=112485"}],"version-history":[{"count":3,"href":"https:\/\/canal7slp.tv\/2023\/wp-json\/wp\/v2\/posts\/112485\/revisions"}],"predecessor-version":[{"id":112551,"href":"https:\/\/canal7slp.tv\/2023\/wp-json\/wp\/v2\/posts\/112485\/revisions\/112551"}],"wp:featuredmedia":[{"embeddable":true,"href":"https:\/\/canal7slp.tv\/2023\/wp-json\/wp\/v2\/media\/112500"}],"wp:attachment":[{"href":"https:\/\/canal7slp.tv\/2023\/wp-json\/wp\/v2\/media?parent=112485"}],"wp:term":[{"taxonomy":"category","embeddable":true,"href":"https:\/\/canal7slp.tv\/2023\/wp-json\/wp\/v2\/categories?post=112485"},{"taxonomy":"post_tag","embeddable":true,"href":"https:\/\/canal7slp.tv\/2023\/wp-json\/wp\/v2\/tags?post=112485"}],"curies":[{"name":"wp","href":"https:\/\/api.w.org\/{rel}","templated":true}]}}