{"id":112484,"date":"2023-11-07T17:32:28","date_gmt":"2023-11-07T23:32:28","guid":{"rendered":"https:\/\/canal7slp.tv\/2023\/?p=112484"},"modified":"2023-11-07T17:32:28","modified_gmt":"2023-11-07T23:32:28","slug":"presenta-sedena-plan-de-seguridad-de-acapulco-tras-otis","status":"publish","type":"post","link":"https:\/\/canal7slp.tv\/2023\/presenta-sedena-plan-de-seguridad-de-acapulco-tras-otis\/","title":{"rendered":"Presenta SEDENA Plan de Seguridad de Acapulco tras \u00abOtis\u00bb"},"content":{"rendered":"<ul>\n<li>Habr\u00e1 nueve mil 500 guardias nacionales.<\/li>\n<\/ul>\n<p style=\"text-align: justify;\">M\u00e9xico.- Despu\u00e9s de la devastaci\u00f3n causada por el hurac\u00e1n Otis en Acapulco, Guerrero, el secretario de la Defensa Nacional (SEDENA), general Luis Cresencio Sandoval, present\u00f3 un plan de seguridad para la ciudad.<\/p>\n<p style=\"text-align: justify;\">Con el objetivo de garantizar la seguridad y tranquilidad de los ciudadanos, el plan contempla el aumento de elementos de la Guardia Nacional (GN) en el municipio. Un total de nueve mil quinientos elementos de la GN cubrir\u00e1n los 38 sectores en que se dividi\u00f3 Acapulco.<\/p>\n<p style=\"text-align: justify;\">El plan tambi\u00e9n busca generar condiciones de seguridad para toda la poblaci\u00f3n, crear condiciones para la reconstrucci\u00f3n del puerto guerrerense y reactivar la econom\u00eda local y el turismo nacional e internacional.<\/p>\n","protected":false},"excerpt":{"rendered":"<p>Habr\u00e1 nueve mil 500 guardias nacionales. M\u00e9xico.- Despu\u00e9s de la devastaci\u00f3n causada por el hurac\u00e1n Otis en Acapulco, Guerrero, el secretario de la Defensa Nacional (SEDENA), general Luis Cresencio Sandoval, present\u00f3 un plan de seguridad para la ciudad. Con el objetivo de garantizar la seguridad y tranquilidad de los ciudadanos, el plan contempla el aumento de elementos de la Guardia Nacional (GN) en el municipio. Un total de nueve mil quinientos elementos de la GN cubrir\u00e1n los 38 sectores en que se dividi\u00f3 Acapulco. El plan tambi\u00e9n busca generar condiciones de seguridad para toda la poblaci\u00f3n, crear condiciones para la [&hellip;]<\/p>\n","protected":false},"author":2,"featured_media":112499,"comment_status":"closed","ping_status":"closed","sticky":false,"template":"","format":"standard","meta":{"footnotes":""},"categories":[46],"tags":[],"class_list":["post-112484","post","type-post","status-publish","format-standard","has-post-thumbnail","hentry","category-nacional","post--single"],"yoast_head":"<!-- This site is optimized with the Yoast SEO plugin v27.5 - https:\/\/yoast.com\/product\/yoast-seo-wordpress\/ -->\n<title>Presenta SEDENA Plan de Seguridad de Acapulco tras &quot;Otis&quot; - Canal 7 SLP - 2023<\/title>\n<meta name=\"robots\" content=\"index, follow, max-snippet:-1, max-image-preview:large, max-video-preview:-1\" \/>\n<link rel=\"canonical\" href=\"https:\/\/canal7slp.tv\/2023\/presenta-sedena-plan-de-seguridad-de-acapulco-tras-otis\/\" \/>\n<meta property=\"og:locale\" content=\"es_ES\" \/>\n<meta property=\"og:type\" content=\"article\" \/>\n<meta property=\"og:title\" content=\"Presenta SEDENA Plan de Seguridad de Acapulco tras &quot;Otis&quot; - Canal 7 SLP - 2023\" \/>\n<meta property=\"og:description\" content=\"Habr\u00e1 nueve mil 500 guardias nacionales. M\u00e9xico.- Despu\u00e9s de la devastaci\u00f3n causada por el hurac\u00e1n Otis en Acapulco, Guerrero, el secretario de la Defensa Nacional (SEDENA), general Luis Cresencio Sandoval, present\u00f3 un plan de seguridad para la ciudad. Con el objetivo de garantizar la seguridad y tranquilidad de los ciudadanos, el plan contempla el aumento de elementos de la Guardia Nacional (GN) en el municipio. Un total de nueve mil quinientos elementos de la GN cubrir\u00e1n los 38 sectores en que se dividi\u00f3 Acapulco. El plan tambi\u00e9n busca generar condiciones de seguridad para toda la poblaci\u00f3n, crear condiciones para la [&hellip;]\" \/>\n<meta property=\"og:url\" content=\"https:\/\/canal7slp.tv\/2023\/presenta-sedena-plan-de-seguridad-de-acapulco-tras-otis\/\" \/>\n<meta property=\"og:site_name\" content=\"Canal 7 SLP - 2023\" \/>\n<meta property=\"article:publisher\" content=\"https:\/\/www.facebook.com\/noticieroscanalsiete\" \/>\n<meta property=\"article:published_time\" content=\"2023-11-07T23:32:28+00:00\" \/>\n<meta property=\"og:image\" content=\"https:\/\/canal7slp.tv\/2023\/wp-content\/uploads\/2023\/11\/10-4.jpg\" \/>\n\t<meta property=\"og:image:width\" content=\"680\" \/>\n\t<meta property=\"og:image:height\" content=\"383\" \/>\n\t<meta property=\"og:image:type\" content=\"image\/jpeg\" \/>\n<meta name=\"author\" content=\"Edici\u00f3n Web\" \/>\n<meta name=\"twitter:card\" content=\"summary_large_image\" \/>\n<meta name=\"twitter:creator\" content=\"@NOTICIEROS7\" \/>\n<meta name=\"twitter:site\" content=\"@NOTICIEROS7\" \/>\n<meta name=\"twitter:label1\" content=\"Escrito por\" \/>\n\t<meta name=\"twitter:data1\" content=\"Edici\u00f3n Web\" \/>\n\t<meta name=\"twitter:label2\" content=\"Tiempo de lectura\" \/>\n\t<meta name=\"twitter:data2\" content=\"1 minuto\" \/>\n<script type=\"application\/ld+json\" class=\"yoast-schema-graph\">{\"@context\":\"https:\\\/\\\/schema.org\",\"@graph\":[{\"@type\":\"Article\",\"@id\":\"https:\\\/\\\/canal7slp.tv\\\/2023\\\/presenta-sedena-plan-de-seguridad-de-acapulco-tras-otis\\\/#article\",\"isPartOf\":{\"@id\":\"https:\\\/\\\/canal7slp.tv\\\/2023\\\/presenta-sedena-plan-de-seguridad-de-acapulco-tras-otis\\\/\"},\"author\":{\"name\":\"Edici\u00f3n Web\",\"@id\":\"https:\\\/\\\/canal7slp.tv\\\/2023\\\/#\\\/schema\\\/person\\\/639c424e3584069003b11ae813915da6\"},\"headline\":\"Presenta SEDENA Plan de Seguridad de Acapulco tras \u00abOtis\u00bb\",\"datePublished\":\"2023-11-07T23:32:28+00:00\",\"mainEntityOfPage\":{\"@id\":\"https:\\\/\\\/canal7slp.tv\\\/2023\\\/presenta-sedena-plan-de-seguridad-de-acapulco-tras-otis\\\/\"},\"wordCount\":132,\"publisher\":{\"@id\":\"https:\\\/\\\/canal7slp.tv\\\/2023\\\/#organization\"},\"image\":{\"@id\":\"https:\\\/\\\/canal7slp.tv\\\/2023\\\/presenta-sedena-plan-de-seguridad-de-acapulco-tras-otis\\\/#primaryimage\"},\"thumbnailUrl\":\"https:\\\/\\\/canal7slp.tv\\\/2023\\\/wp-content\\\/uploads\\\/2023\\\/11\\\/10-4.jpg\",\"articleSection\":[\"NACIONALES\"],\"inLanguage\":\"es\"},{\"@type\":\"WebPage\",\"@id\":\"https:\\\/\\\/canal7slp.tv\\\/2023\\\/presenta-sedena-plan-de-seguridad-de-acapulco-tras-otis\\\/\",\"url\":\"https:\\\/\\\/canal7slp.tv\\\/2023\\\/presenta-sedena-plan-de-seguridad-de-acapulco-tras-otis\\\/\",\"name\":\"Presenta SEDENA Plan de Seguridad de Acapulco tras \\\"Otis\\\" - Canal 7 SLP - 2023\",\"isPartOf\":{\"@id\":\"https:\\\/\\\/canal7slp.tv\\\/2023\\\/#website\"},\"primaryImageOfPage\":{\"@id\":\"https:\\\/\\\/canal7slp.tv\\\/2023\\\/presenta-sedena-plan-de-seguridad-de-acapulco-tras-otis\\\/#primaryimage\"},\"image\":{\"@id\":\"https:\\\/\\\/canal7slp.tv\\\/2023\\\/presenta-sedena-plan-de-seguridad-de-acapulco-tras-otis\\\/#primaryimage\"},\"thumbnailUrl\":\"https:\\\/\\\/canal7slp.tv\\\/2023\\\/wp-content\\\/uploads\\\/2023\\\/11\\\/10-4.jpg\",\"datePublished\":\"2023-11-07T23:32:28+00:00\",\"breadcrumb\":{\"@id\":\"https:\\\/\\\/canal7slp.tv\\\/2023\\\/presenta-sedena-plan-de-seguridad-de-acapulco-tras-otis\\\/#breadcrumb\"},\"inLanguage\":\"es\",\"potentialAction\":[{\"@type\":\"ReadAction\",\"target\":[\"https:\\\/\\\/canal7slp.tv\\\/2023\\\/presenta-sedena-plan-de-seguridad-de-acapulco-tras-otis\\\/\"]}]},{\"@type\":\"ImageObject\",\"inLanguage\":\"es\",\"@id\":\"https:\\\/\\\/canal7slp.tv\\\/2023\\\/presenta-sedena-plan-de-seguridad-de-acapulco-tras-otis\\\/#primaryimage\",\"url\":\"https:\\\/\\\/canal7slp.tv\\\/2023\\\/wp-content\\\/uploads\\\/2023\\\/11\\\/10-4.jpg\",\"contentUrl\":\"https:\\\/\\\/canal7slp.tv\\\/2023\\\/wp-content\\\/uploads\\\/2023\\\/11\\\/10-4.jpg\",\"width\":680,\"height\":383},{\"@type\":\"BreadcrumbList\",\"@id\":\"https:\\\/\\\/canal7slp.tv\\\/2023\\\/presenta-sedena-plan-de-seguridad-de-acapulco-tras-otis\\\/#breadcrumb\",\"itemListElement\":[{\"@type\":\"ListItem\",\"position\":1,\"name\":\"Portada\",\"item\":\"https:\\\/\\\/canal7slp.tv\\\/2023\\\/\"},{\"@type\":\"ListItem\",\"position\":2,\"name\":\"Presenta SEDENA Plan de Seguridad de Acapulco tras &#8220;Otis&#8221;\"}]},{\"@type\":\"WebSite\",\"@id\":\"https:\\\/\\\/canal7slp.tv\\\/2023\\\/#website\",\"url\":\"https:\\\/\\\/canal7slp.tv\\\/2023\\\/\",\"name\":\"N7 - Noticieros Canal 7\",\"description\":\"Somos Televisi\u00f3n\",\"publisher\":{\"@id\":\"https:\\\/\\\/canal7slp.tv\\\/2023\\\/#organization\"},\"potentialAction\":[{\"@type\":\"SearchAction\",\"target\":{\"@type\":\"EntryPoint\",\"urlTemplate\":\"https:\\\/\\\/canal7slp.tv\\\/2023\\\/?s={search_term_string}\"},\"query-input\":{\"@type\":\"PropertyValueSpecification\",\"valueRequired\":true,\"valueName\":\"search_term_string\"}}],\"inLanguage\":\"es\"},{\"@type\":\"Organization\",\"@id\":\"https:\\\/\\\/canal7slp.tv\\\/2023\\\/#organization\",\"name\":\"Noticieros Canal 7\",\"url\":\"https:\\\/\\\/canal7slp.tv\\\/2023\\\/\",\"logo\":{\"@type\":\"ImageObject\",\"inLanguage\":\"es\",\"@id\":\"https:\\\/\\\/canal7slp.tv\\\/2023\\\/#\\\/schema\\\/logo\\\/image\\\/\",\"url\":\"https:\\\/\\\/canal7slp.tv\\\/2023\\\/wp-content\\\/uploads\\\/2021\\\/01\\\/logo-noticieros@2x.png\",\"contentUrl\":\"https:\\\/\\\/canal7slp.tv\\\/2023\\\/wp-content\\\/uploads\\\/2021\\\/01\\\/logo-noticieros@2x.png\",\"width\":1017,\"height\":268,\"caption\":\"Noticieros Canal 7\"},\"image\":{\"@id\":\"https:\\\/\\\/canal7slp.tv\\\/2023\\\/#\\\/schema\\\/logo\\\/image\\\/\"},\"sameAs\":[\"https:\\\/\\\/www.facebook.com\\\/noticieroscanalsiete\",\"https:\\\/\\\/x.com\\\/NOTICIEROS7\",\"https:\\\/\\\/www.instagram.com\\\/canal7_slp\",\"https:\\\/\\\/www.youtube.com\\\/channel\\\/UCliiYs-gP3JfJeqdPrNdd5A\"]},{\"@type\":\"Person\",\"@id\":\"https:\\\/\\\/canal7slp.tv\\\/2023\\\/#\\\/schema\\\/person\\\/639c424e3584069003b11ae813915da6\",\"name\":\"Edici\u00f3n Web\",\"image\":{\"@type\":\"ImageObject\",\"inLanguage\":\"es\",\"@id\":\"https:\\\/\\\/secure.gravatar.com\\\/avatar\\\/eee448fc3f7164808013b816ba91ac7e43bbe82a70bebac296f8bc6f0addaa1a?s=96&d=mm&r=g\",\"url\":\"https:\\\/\\\/secure.gravatar.com\\\/avatar\\\/eee448fc3f7164808013b816ba91ac7e43bbe82a70bebac296f8bc6f0addaa1a?s=96&d=mm&r=g\",\"contentUrl\":\"https:\\\/\\\/secure.gravatar.com\\\/avatar\\\/eee448fc3f7164808013b816ba91ac7e43bbe82a70bebac296f8bc6f0addaa1a?s=96&d=mm&r=g\",\"caption\":\"Edici\u00f3n Web\"},\"url\":\"https:\\\/\\\/canal7slp.tv\\\/2023\\\/author\\\/edicionweb\\\/\"}]}<\/script>\n<!-- \/ Yoast SEO plugin. -->","yoast_head_json":{"title":"Presenta SEDENA Plan de Seguridad de Acapulco tras \"Otis\" - Canal 7 SLP - 2023","robots":{"index":"index","follow":"follow","max-snippet":"max-snippet:-1","max-image-preview":"max-image-preview:large","max-video-preview":"max-video-preview:-1"},"canonical":"https:\/\/canal7slp.tv\/2023\/presenta-sedena-plan-de-seguridad-de-acapulco-tras-otis\/","og_locale":"es_ES","og_type":"article","og_title":"Presenta SEDENA Plan de Seguridad de Acapulco tras \"Otis\" - Canal 7 SLP - 2023","og_description":"Habr\u00e1 nueve mil 500 guardias nacionales. M\u00e9xico.- Despu\u00e9s de la devastaci\u00f3n causada por el hurac\u00e1n Otis en Acapulco, Guerrero, el secretario de la Defensa Nacional (SEDENA), general Luis Cresencio Sandoval, present\u00f3 un plan de seguridad para la ciudad. Con el objetivo de garantizar la seguridad y tranquilidad de los ciudadanos, el plan contempla el aumento de elementos de la Guardia Nacional (GN) en el municipio. Un total de nueve mil quinientos elementos de la GN cubrir\u00e1n los 38 sectores en que se dividi\u00f3 Acapulco. El plan tambi\u00e9n busca generar condiciones de seguridad para toda la poblaci\u00f3n, crear condiciones para la [&hellip;]","og_url":"https:\/\/canal7slp.tv\/2023\/presenta-sedena-plan-de-seguridad-de-acapulco-tras-otis\/","og_site_name":"Canal 7 SLP - 2023","article_publisher":"https:\/\/www.facebook.com\/noticieroscanalsiete","article_published_time":"2023-11-07T23:32:28+00:00","og_image":[{"width":680,"height":383,"url":"https:\/\/canal7slp.tv\/2023\/wp-content\/uploads\/2023\/11\/10-4.jpg","type":"image\/jpeg"}],"author":"Edici\u00f3n Web","twitter_card":"summary_large_image","twitter_creator":"@NOTICIEROS7","twitter_site":"@NOTICIEROS7","twitter_misc":{"Escrito por":"Edici\u00f3n Web","Tiempo de lectura":"1 minuto"},"schema":{"@context":"https:\/\/schema.org","@graph":[{"@type":"Article","@id":"https:\/\/canal7slp.tv\/2023\/presenta-sedena-plan-de-seguridad-de-acapulco-tras-otis\/#article","isPartOf":{"@id":"https:\/\/canal7slp.tv\/2023\/presenta-sedena-plan-de-seguridad-de-acapulco-tras-otis\/"},"author":{"name":"Edici\u00f3n Web","@id":"https:\/\/canal7slp.tv\/2023\/#\/schema\/person\/639c424e3584069003b11ae813915da6"},"headline":"Presenta SEDENA Plan de Seguridad de Acapulco tras \u00abOtis\u00bb","datePublished":"2023-11-07T23:32:28+00:00","mainEntityOfPage":{"@id":"https:\/\/canal7slp.tv\/2023\/presenta-sedena-plan-de-seguridad-de-acapulco-tras-otis\/"},"wordCount":132,"publisher":{"@id":"https:\/\/canal7slp.tv\/2023\/#organization"},"image":{"@id":"https:\/\/canal7slp.tv\/2023\/presenta-sedena-plan-de-seguridad-de-acapulco-tras-otis\/#primaryimage"},"thumbnailUrl":"https:\/\/canal7slp.tv\/2023\/wp-content\/uploads\/2023\/11\/10-4.jpg","articleSection":["NACIONALES"],"inLanguage":"es"},{"@type":"WebPage","@id":"https:\/\/canal7slp.tv\/2023\/presenta-sedena-plan-de-seguridad-de-acapulco-tras-otis\/","url":"https:\/\/canal7slp.tv\/2023\/presenta-sedena-plan-de-seguridad-de-acapulco-tras-otis\/","name":"Presenta SEDENA Plan de Seguridad de Acapulco tras \"Otis\" - Canal 7 SLP - 2023","isPartOf":{"@id":"https:\/\/canal7slp.tv\/2023\/#website"},"primaryImageOfPage":{"@id":"https:\/\/canal7slp.tv\/2023\/presenta-sedena-plan-de-seguridad-de-acapulco-tras-otis\/#primaryimage"},"image":{"@id":"https:\/\/canal7slp.tv\/2023\/presenta-sedena-plan-de-seguridad-de-acapulco-tras-otis\/#primaryimage"},"thumbnailUrl":"https:\/\/canal7slp.tv\/2023\/wp-content\/uploads\/2023\/11\/10-4.jpg","datePublished":"2023-11-07T23:32:28+00:00","breadcrumb":{"@id":"https:\/\/canal7slp.tv\/2023\/presenta-sedena-plan-de-seguridad-de-acapulco-tras-otis\/#breadcrumb"},"inLanguage":"es","potentialAction":[{"@type":"ReadAction","target":["https:\/\/canal7slp.tv\/2023\/presenta-sedena-plan-de-seguridad-de-acapulco-tras-otis\/"]}]},{"@type":"ImageObject","inLanguage":"es","@id":"https:\/\/canal7slp.tv\/2023\/presenta-sedena-plan-de-seguridad-de-acapulco-tras-otis\/#primaryimage","url":"https:\/\/canal7slp.tv\/2023\/wp-content\/uploads\/2023\/11\/10-4.jpg","contentUrl":"https:\/\/canal7slp.tv\/2023\/wp-content\/uploads\/2023\/11\/10-4.jpg","width":680,"height":383},{"@type":"BreadcrumbList","@id":"https:\/\/canal7slp.tv\/2023\/presenta-sedena-plan-de-seguridad-de-acapulco-tras-otis\/#breadcrumb","itemListElement":[{"@type":"ListItem","position":1,"name":"Portada","item":"https:\/\/canal7slp.tv\/2023\/"},{"@type":"ListItem","position":2,"name":"Presenta SEDENA Plan de Seguridad de Acapulco tras &#8220;Otis&#8221;"}]},{"@type":"WebSite","@id":"https:\/\/canal7slp.tv\/2023\/#website","url":"https:\/\/canal7slp.tv\/2023\/","name":"N7 - Noticieros Canal 7","description":"Somos Televisi\u00f3n","publisher":{"@id":"https:\/\/canal7slp.tv\/2023\/#organization"},"potentialAction":[{"@type":"SearchAction","target":{"@type":"EntryPoint","urlTemplate":"https:\/\/canal7slp.tv\/2023\/?s={search_term_string}"},"query-input":{"@type":"PropertyValueSpecification","valueRequired":true,"valueName":"search_term_string"}}],"inLanguage":"es"},{"@type":"Organization","@id":"https:\/\/canal7slp.tv\/2023\/#organization","name":"Noticieros Canal 7","url":"https:\/\/canal7slp.tv\/2023\/","logo":{"@type":"ImageObject","inLanguage":"es","@id":"https:\/\/canal7slp.tv\/2023\/#\/schema\/logo\/image\/","url":"https:\/\/canal7slp.tv\/2023\/wp-content\/uploads\/2021\/01\/logo-noticieros@2x.png","contentUrl":"https:\/\/canal7slp.tv\/2023\/wp-content\/uploads\/2021\/01\/logo-noticieros@2x.png","width":1017,"height":268,"caption":"Noticieros Canal 7"},"image":{"@id":"https:\/\/canal7slp.tv\/2023\/#\/schema\/logo\/image\/"},"sameAs":["https:\/\/www.facebook.com\/noticieroscanalsiete","https:\/\/x.com\/NOTICIEROS7","https:\/\/www.instagram.com\/canal7_slp","https:\/\/www.youtube.com\/channel\/UCliiYs-gP3JfJeqdPrNdd5A"]},{"@type":"Person","@id":"https:\/\/canal7slp.tv\/2023\/#\/schema\/person\/639c424e3584069003b11ae813915da6","name":"Edici\u00f3n Web","image":{"@type":"ImageObject","inLanguage":"es","@id":"https:\/\/secure.gravatar.com\/avatar\/eee448fc3f7164808013b816ba91ac7e43bbe82a70bebac296f8bc6f0addaa1a?s=96&d=mm&r=g","url":"https:\/\/secure.gravatar.com\/avatar\/eee448fc3f7164808013b816ba91ac7e43bbe82a70bebac296f8bc6f0addaa1a?s=96&d=mm&r=g","contentUrl":"https:\/\/secure.gravatar.com\/avatar\/eee448fc3f7164808013b816ba91ac7e43bbe82a70bebac296f8bc6f0addaa1a?s=96&d=mm&r=g","caption":"Edici\u00f3n Web"},"url":"https:\/\/canal7slp.tv\/2023\/author\/edicionweb\/"}]}},"_links":{"self":[{"href":"https:\/\/canal7slp.tv\/2023\/wp-json\/wp\/v2\/posts\/112484","targetHints":{"allow":["GET"]}}],"collection":[{"href":"https:\/\/canal7slp.tv\/2023\/wp-json\/wp\/v2\/posts"}],"about":[{"href":"https:\/\/canal7slp.tv\/2023\/wp-json\/wp\/v2\/types\/post"}],"author":[{"embeddable":true,"href":"https:\/\/canal7slp.tv\/2023\/wp-json\/wp\/v2\/users\/2"}],"replies":[{"embeddable":true,"href":"https:\/\/canal7slp.tv\/2023\/wp-json\/wp\/v2\/comments?post=112484"}],"version-history":[{"count":3,"href":"https:\/\/canal7slp.tv\/2023\/wp-json\/wp\/v2\/posts\/112484\/revisions"}],"predecessor-version":[{"id":112550,"href":"https:\/\/canal7slp.tv\/2023\/wp-json\/wp\/v2\/posts\/112484\/revisions\/112550"}],"wp:featuredmedia":[{"embeddable":true,"href":"https:\/\/canal7slp.tv\/2023\/wp-json\/wp\/v2\/media\/112499"}],"wp:attachment":[{"href":"https:\/\/canal7slp.tv\/2023\/wp-json\/wp\/v2\/media?parent=112484"}],"wp:term":[{"taxonomy":"category","embeddable":true,"href":"https:\/\/canal7slp.tv\/2023\/wp-json\/wp\/v2\/categories?post=112484"},{"taxonomy":"post_tag","embeddable":true,"href":"https:\/\/canal7slp.tv\/2023\/wp-json\/wp\/v2\/tags?post=112484"}],"curies":[{"name":"wp","href":"https:\/\/api.w.org\/{rel}","templated":true}]}}