{"id":112466,"date":"2023-11-07T17:29:19","date_gmt":"2023-11-07T23:29:19","guid":{"rendered":"https:\/\/canal7slp.tv\/2023\/?p=112466"},"modified":"2023-11-07T17:29:19","modified_gmt":"2023-11-07T23:29:19","slug":"ascienden-a-policia-que-amamanto-a-bebe-en-acapulco","status":"publish","type":"post","link":"https:\/\/canal7slp.tv\/2023\/ascienden-a-policia-que-amamanto-a-bebe-en-acapulco\/","title":{"rendered":"Ascienden a polic\u00eda que amamant\u00f3 a beb\u00e9 en Acapulco"},"content":{"rendered":"<div data-rbd-draggable-context-id=\"6\" data-rbd-draggable-id=\"30iep\">\n<div class=\"\" data-block=\"true\" data-editor=\"embmm\" data-offset-key=\"30iep-0-0\">\n<div class=\"public-DraftStyleDefault-block public-DraftStyleDefault-ltr\" data-offset-key=\"30iep-0-0\">\n<p style=\"text-align: justify;\">Ciudad de M\u00e9xico.- La polic\u00eda de la Ciudad de M\u00e9xico ha otorgado un ascenso a la oficial Arizbeth Dionisio Ambrosio, en reconocimiento a su destacada labor durante las brigadas de apoyo a los damnificados por el hurac\u00e1n Otis.<\/p>\n<p style=\"text-align: justify;\">Durante su participaci\u00f3n en estas labores de ayuda, la oficial brind\u00f3 una muestra conmovedora de humanidad al amamantar a un beb\u00e9 que llevaba 24 horas sin recibir alimento.<\/p>\n<p style=\"text-align: justify;\">El jefe de la polic\u00eda, Pablo V\u00e1zquez Camacho, elogi\u00f3 el compromiso y la dedicaci\u00f3n de la oficial hacia la ciudadan\u00eda, destacando que su valiente acci\u00f3n ha enaltecido el nombre de la corporaci\u00f3n.<\/p>\n<p style=\"text-align: justify;\">\u00abPor su vocaci\u00f3n de servicio a la ciudadan\u00eda y por poner en alto el nombre de la Secretar\u00eda, mi compa\u00f1era Arizbeth Dionisio Ambrosio del Agrupamiento Zorros, quien protegi\u00f3 la vida de un beb\u00e9 en Acapulco, fue ascendida. Su labor es un ejemplo de humanismo para todas y todos\u00bb, declar\u00f3.<\/p>\n<\/div>\n<\/div>\n<\/div>\n","protected":false},"excerpt":{"rendered":"<p>Ciudad de M\u00e9xico.- La polic\u00eda de la Ciudad de M\u00e9xico ha otorgado un ascenso a la oficial Arizbeth Dionisio Ambrosio, en reconocimiento a su destacada labor durante las brigadas de apoyo a los damnificados por el hurac\u00e1n Otis. Durante su participaci\u00f3n en estas labores de ayuda, la oficial brind\u00f3 una muestra conmovedora de humanidad al amamantar a un beb\u00e9 que llevaba 24 horas sin recibir alimento. El jefe de la polic\u00eda, Pablo V\u00e1zquez Camacho, elogi\u00f3 el compromiso y la dedicaci\u00f3n de la oficial hacia la ciudadan\u00eda, destacando que su valiente acci\u00f3n ha enaltecido el nombre de la corporaci\u00f3n. \u00abPor su [&hellip;]<\/p>\n","protected":false},"author":2,"featured_media":112494,"comment_status":"closed","ping_status":"closed","sticky":false,"template":"","format":"standard","meta":{"footnotes":""},"categories":[46],"tags":[],"class_list":["post-112466","post","type-post","status-publish","format-standard","has-post-thumbnail","hentry","category-nacional","post--single"],"yoast_head":"<!-- This site is optimized with the Yoast SEO plugin v27.5 - https:\/\/yoast.com\/product\/yoast-seo-wordpress\/ -->\n<title>Ascienden a polic\u00eda que amamant\u00f3 a beb\u00e9 en Acapulco - Canal 7 SLP - 2023<\/title>\n<meta name=\"robots\" content=\"index, follow, max-snippet:-1, max-image-preview:large, max-video-preview:-1\" \/>\n<link rel=\"canonical\" href=\"https:\/\/canal7slp.tv\/2023\/ascienden-a-policia-que-amamanto-a-bebe-en-acapulco\/\" \/>\n<meta property=\"og:locale\" content=\"es_ES\" \/>\n<meta property=\"og:type\" content=\"article\" \/>\n<meta property=\"og:title\" content=\"Ascienden a polic\u00eda que amamant\u00f3 a beb\u00e9 en Acapulco - Canal 7 SLP - 2023\" \/>\n<meta property=\"og:description\" content=\"Ciudad de M\u00e9xico.- La polic\u00eda de la Ciudad de M\u00e9xico ha otorgado un ascenso a la oficial Arizbeth Dionisio Ambrosio, en reconocimiento a su destacada labor durante las brigadas de apoyo a los damnificados por el hurac\u00e1n Otis. Durante su participaci\u00f3n en estas labores de ayuda, la oficial brind\u00f3 una muestra conmovedora de humanidad al amamantar a un beb\u00e9 que llevaba 24 horas sin recibir alimento. El jefe de la polic\u00eda, Pablo V\u00e1zquez Camacho, elogi\u00f3 el compromiso y la dedicaci\u00f3n de la oficial hacia la ciudadan\u00eda, destacando que su valiente acci\u00f3n ha enaltecido el nombre de la corporaci\u00f3n. \u00abPor su [&hellip;]\" \/>\n<meta property=\"og:url\" content=\"https:\/\/canal7slp.tv\/2023\/ascienden-a-policia-que-amamanto-a-bebe-en-acapulco\/\" \/>\n<meta property=\"og:site_name\" content=\"Canal 7 SLP - 2023\" \/>\n<meta property=\"article:publisher\" content=\"https:\/\/www.facebook.com\/noticieroscanalsiete\" \/>\n<meta property=\"article:published_time\" content=\"2023-11-07T23:29:19+00:00\" \/>\n<meta property=\"og:image\" content=\"https:\/\/canal7slp.tv\/2023\/wp-content\/uploads\/2023\/11\/06-5.jpg\" \/>\n\t<meta property=\"og:image:width\" content=\"640\" \/>\n\t<meta property=\"og:image:height\" content=\"360\" \/>\n\t<meta property=\"og:image:type\" content=\"image\/jpeg\" \/>\n<meta name=\"author\" content=\"Edici\u00f3n Web\" \/>\n<meta name=\"twitter:card\" content=\"summary_large_image\" \/>\n<meta name=\"twitter:creator\" content=\"@NOTICIEROS7\" \/>\n<meta name=\"twitter:site\" content=\"@NOTICIEROS7\" \/>\n<meta name=\"twitter:label1\" content=\"Escrito por\" \/>\n\t<meta name=\"twitter:data1\" content=\"Edici\u00f3n Web\" \/>\n\t<meta name=\"twitter:label2\" content=\"Tiempo de lectura\" \/>\n\t<meta name=\"twitter:data2\" content=\"1 minuto\" \/>\n<script type=\"application\/ld+json\" class=\"yoast-schema-graph\">{\"@context\":\"https:\\\/\\\/schema.org\",\"@graph\":[{\"@type\":\"Article\",\"@id\":\"https:\\\/\\\/canal7slp.tv\\\/2023\\\/ascienden-a-policia-que-amamanto-a-bebe-en-acapulco\\\/#article\",\"isPartOf\":{\"@id\":\"https:\\\/\\\/canal7slp.tv\\\/2023\\\/ascienden-a-policia-que-amamanto-a-bebe-en-acapulco\\\/\"},\"author\":{\"name\":\"Edici\u00f3n Web\",\"@id\":\"https:\\\/\\\/canal7slp.tv\\\/2023\\\/#\\\/schema\\\/person\\\/639c424e3584069003b11ae813915da6\"},\"headline\":\"Ascienden a polic\u00eda que amamant\u00f3 a beb\u00e9 en Acapulco\",\"datePublished\":\"2023-11-07T23:29:19+00:00\",\"mainEntityOfPage\":{\"@id\":\"https:\\\/\\\/canal7slp.tv\\\/2023\\\/ascienden-a-policia-que-amamanto-a-bebe-en-acapulco\\\/\"},\"wordCount\":172,\"publisher\":{\"@id\":\"https:\\\/\\\/canal7slp.tv\\\/2023\\\/#organization\"},\"image\":{\"@id\":\"https:\\\/\\\/canal7slp.tv\\\/2023\\\/ascienden-a-policia-que-amamanto-a-bebe-en-acapulco\\\/#primaryimage\"},\"thumbnailUrl\":\"https:\\\/\\\/canal7slp.tv\\\/2023\\\/wp-content\\\/uploads\\\/2023\\\/11\\\/06-5.jpg\",\"articleSection\":[\"NACIONALES\"],\"inLanguage\":\"es\"},{\"@type\":\"WebPage\",\"@id\":\"https:\\\/\\\/canal7slp.tv\\\/2023\\\/ascienden-a-policia-que-amamanto-a-bebe-en-acapulco\\\/\",\"url\":\"https:\\\/\\\/canal7slp.tv\\\/2023\\\/ascienden-a-policia-que-amamanto-a-bebe-en-acapulco\\\/\",\"name\":\"Ascienden a polic\u00eda que amamant\u00f3 a beb\u00e9 en Acapulco - Canal 7 SLP - 2023\",\"isPartOf\":{\"@id\":\"https:\\\/\\\/canal7slp.tv\\\/2023\\\/#website\"},\"primaryImageOfPage\":{\"@id\":\"https:\\\/\\\/canal7slp.tv\\\/2023\\\/ascienden-a-policia-que-amamanto-a-bebe-en-acapulco\\\/#primaryimage\"},\"image\":{\"@id\":\"https:\\\/\\\/canal7slp.tv\\\/2023\\\/ascienden-a-policia-que-amamanto-a-bebe-en-acapulco\\\/#primaryimage\"},\"thumbnailUrl\":\"https:\\\/\\\/canal7slp.tv\\\/2023\\\/wp-content\\\/uploads\\\/2023\\\/11\\\/06-5.jpg\",\"datePublished\":\"2023-11-07T23:29:19+00:00\",\"breadcrumb\":{\"@id\":\"https:\\\/\\\/canal7slp.tv\\\/2023\\\/ascienden-a-policia-que-amamanto-a-bebe-en-acapulco\\\/#breadcrumb\"},\"inLanguage\":\"es\",\"potentialAction\":[{\"@type\":\"ReadAction\",\"target\":[\"https:\\\/\\\/canal7slp.tv\\\/2023\\\/ascienden-a-policia-que-amamanto-a-bebe-en-acapulco\\\/\"]}]},{\"@type\":\"ImageObject\",\"inLanguage\":\"es\",\"@id\":\"https:\\\/\\\/canal7slp.tv\\\/2023\\\/ascienden-a-policia-que-amamanto-a-bebe-en-acapulco\\\/#primaryimage\",\"url\":\"https:\\\/\\\/canal7slp.tv\\\/2023\\\/wp-content\\\/uploads\\\/2023\\\/11\\\/06-5.jpg\",\"contentUrl\":\"https:\\\/\\\/canal7slp.tv\\\/2023\\\/wp-content\\\/uploads\\\/2023\\\/11\\\/06-5.jpg\",\"width\":640,\"height\":360},{\"@type\":\"BreadcrumbList\",\"@id\":\"https:\\\/\\\/canal7slp.tv\\\/2023\\\/ascienden-a-policia-que-amamanto-a-bebe-en-acapulco\\\/#breadcrumb\",\"itemListElement\":[{\"@type\":\"ListItem\",\"position\":1,\"name\":\"Portada\",\"item\":\"https:\\\/\\\/canal7slp.tv\\\/2023\\\/\"},{\"@type\":\"ListItem\",\"position\":2,\"name\":\"Ascienden a polic\u00eda que amamant\u00f3 a beb\u00e9 en Acapulco\"}]},{\"@type\":\"WebSite\",\"@id\":\"https:\\\/\\\/canal7slp.tv\\\/2023\\\/#website\",\"url\":\"https:\\\/\\\/canal7slp.tv\\\/2023\\\/\",\"name\":\"N7 - Noticieros Canal 7\",\"description\":\"Somos Televisi\u00f3n\",\"publisher\":{\"@id\":\"https:\\\/\\\/canal7slp.tv\\\/2023\\\/#organization\"},\"potentialAction\":[{\"@type\":\"SearchAction\",\"target\":{\"@type\":\"EntryPoint\",\"urlTemplate\":\"https:\\\/\\\/canal7slp.tv\\\/2023\\\/?s={search_term_string}\"},\"query-input\":{\"@type\":\"PropertyValueSpecification\",\"valueRequired\":true,\"valueName\":\"search_term_string\"}}],\"inLanguage\":\"es\"},{\"@type\":\"Organization\",\"@id\":\"https:\\\/\\\/canal7slp.tv\\\/2023\\\/#organization\",\"name\":\"Noticieros Canal 7\",\"url\":\"https:\\\/\\\/canal7slp.tv\\\/2023\\\/\",\"logo\":{\"@type\":\"ImageObject\",\"inLanguage\":\"es\",\"@id\":\"https:\\\/\\\/canal7slp.tv\\\/2023\\\/#\\\/schema\\\/logo\\\/image\\\/\",\"url\":\"https:\\\/\\\/canal7slp.tv\\\/2023\\\/wp-content\\\/uploads\\\/2021\\\/01\\\/logo-noticieros@2x.png\",\"contentUrl\":\"https:\\\/\\\/canal7slp.tv\\\/2023\\\/wp-content\\\/uploads\\\/2021\\\/01\\\/logo-noticieros@2x.png\",\"width\":1017,\"height\":268,\"caption\":\"Noticieros Canal 7\"},\"image\":{\"@id\":\"https:\\\/\\\/canal7slp.tv\\\/2023\\\/#\\\/schema\\\/logo\\\/image\\\/\"},\"sameAs\":[\"https:\\\/\\\/www.facebook.com\\\/noticieroscanalsiete\",\"https:\\\/\\\/x.com\\\/NOTICIEROS7\",\"https:\\\/\\\/www.instagram.com\\\/canal7_slp\",\"https:\\\/\\\/www.youtube.com\\\/channel\\\/UCliiYs-gP3JfJeqdPrNdd5A\"]},{\"@type\":\"Person\",\"@id\":\"https:\\\/\\\/canal7slp.tv\\\/2023\\\/#\\\/schema\\\/person\\\/639c424e3584069003b11ae813915da6\",\"name\":\"Edici\u00f3n Web\",\"image\":{\"@type\":\"ImageObject\",\"inLanguage\":\"es\",\"@id\":\"https:\\\/\\\/secure.gravatar.com\\\/avatar\\\/eee448fc3f7164808013b816ba91ac7e43bbe82a70bebac296f8bc6f0addaa1a?s=96&d=mm&r=g\",\"url\":\"https:\\\/\\\/secure.gravatar.com\\\/avatar\\\/eee448fc3f7164808013b816ba91ac7e43bbe82a70bebac296f8bc6f0addaa1a?s=96&d=mm&r=g\",\"contentUrl\":\"https:\\\/\\\/secure.gravatar.com\\\/avatar\\\/eee448fc3f7164808013b816ba91ac7e43bbe82a70bebac296f8bc6f0addaa1a?s=96&d=mm&r=g\",\"caption\":\"Edici\u00f3n Web\"},\"url\":\"https:\\\/\\\/canal7slp.tv\\\/2023\\\/author\\\/edicionweb\\\/\"}]}<\/script>\n<!-- \/ Yoast SEO plugin. -->","yoast_head_json":{"title":"Ascienden a polic\u00eda que amamant\u00f3 a beb\u00e9 en Acapulco - Canal 7 SLP - 2023","robots":{"index":"index","follow":"follow","max-snippet":"max-snippet:-1","max-image-preview":"max-image-preview:large","max-video-preview":"max-video-preview:-1"},"canonical":"https:\/\/canal7slp.tv\/2023\/ascienden-a-policia-que-amamanto-a-bebe-en-acapulco\/","og_locale":"es_ES","og_type":"article","og_title":"Ascienden a polic\u00eda que amamant\u00f3 a beb\u00e9 en Acapulco - Canal 7 SLP - 2023","og_description":"Ciudad de M\u00e9xico.- La polic\u00eda de la Ciudad de M\u00e9xico ha otorgado un ascenso a la oficial Arizbeth Dionisio Ambrosio, en reconocimiento a su destacada labor durante las brigadas de apoyo a los damnificados por el hurac\u00e1n Otis. Durante su participaci\u00f3n en estas labores de ayuda, la oficial brind\u00f3 una muestra conmovedora de humanidad al amamantar a un beb\u00e9 que llevaba 24 horas sin recibir alimento. El jefe de la polic\u00eda, Pablo V\u00e1zquez Camacho, elogi\u00f3 el compromiso y la dedicaci\u00f3n de la oficial hacia la ciudadan\u00eda, destacando que su valiente acci\u00f3n ha enaltecido el nombre de la corporaci\u00f3n. \u00abPor su [&hellip;]","og_url":"https:\/\/canal7slp.tv\/2023\/ascienden-a-policia-que-amamanto-a-bebe-en-acapulco\/","og_site_name":"Canal 7 SLP - 2023","article_publisher":"https:\/\/www.facebook.com\/noticieroscanalsiete","article_published_time":"2023-11-07T23:29:19+00:00","og_image":[{"width":640,"height":360,"url":"https:\/\/canal7slp.tv\/2023\/wp-content\/uploads\/2023\/11\/06-5.jpg","type":"image\/jpeg"}],"author":"Edici\u00f3n Web","twitter_card":"summary_large_image","twitter_creator":"@NOTICIEROS7","twitter_site":"@NOTICIEROS7","twitter_misc":{"Escrito por":"Edici\u00f3n Web","Tiempo de lectura":"1 minuto"},"schema":{"@context":"https:\/\/schema.org","@graph":[{"@type":"Article","@id":"https:\/\/canal7slp.tv\/2023\/ascienden-a-policia-que-amamanto-a-bebe-en-acapulco\/#article","isPartOf":{"@id":"https:\/\/canal7slp.tv\/2023\/ascienden-a-policia-que-amamanto-a-bebe-en-acapulco\/"},"author":{"name":"Edici\u00f3n Web","@id":"https:\/\/canal7slp.tv\/2023\/#\/schema\/person\/639c424e3584069003b11ae813915da6"},"headline":"Ascienden a polic\u00eda que amamant\u00f3 a beb\u00e9 en Acapulco","datePublished":"2023-11-07T23:29:19+00:00","mainEntityOfPage":{"@id":"https:\/\/canal7slp.tv\/2023\/ascienden-a-policia-que-amamanto-a-bebe-en-acapulco\/"},"wordCount":172,"publisher":{"@id":"https:\/\/canal7slp.tv\/2023\/#organization"},"image":{"@id":"https:\/\/canal7slp.tv\/2023\/ascienden-a-policia-que-amamanto-a-bebe-en-acapulco\/#primaryimage"},"thumbnailUrl":"https:\/\/canal7slp.tv\/2023\/wp-content\/uploads\/2023\/11\/06-5.jpg","articleSection":["NACIONALES"],"inLanguage":"es"},{"@type":"WebPage","@id":"https:\/\/canal7slp.tv\/2023\/ascienden-a-policia-que-amamanto-a-bebe-en-acapulco\/","url":"https:\/\/canal7slp.tv\/2023\/ascienden-a-policia-que-amamanto-a-bebe-en-acapulco\/","name":"Ascienden a polic\u00eda que amamant\u00f3 a beb\u00e9 en Acapulco - Canal 7 SLP - 2023","isPartOf":{"@id":"https:\/\/canal7slp.tv\/2023\/#website"},"primaryImageOfPage":{"@id":"https:\/\/canal7slp.tv\/2023\/ascienden-a-policia-que-amamanto-a-bebe-en-acapulco\/#primaryimage"},"image":{"@id":"https:\/\/canal7slp.tv\/2023\/ascienden-a-policia-que-amamanto-a-bebe-en-acapulco\/#primaryimage"},"thumbnailUrl":"https:\/\/canal7slp.tv\/2023\/wp-content\/uploads\/2023\/11\/06-5.jpg","datePublished":"2023-11-07T23:29:19+00:00","breadcrumb":{"@id":"https:\/\/canal7slp.tv\/2023\/ascienden-a-policia-que-amamanto-a-bebe-en-acapulco\/#breadcrumb"},"inLanguage":"es","potentialAction":[{"@type":"ReadAction","target":["https:\/\/canal7slp.tv\/2023\/ascienden-a-policia-que-amamanto-a-bebe-en-acapulco\/"]}]},{"@type":"ImageObject","inLanguage":"es","@id":"https:\/\/canal7slp.tv\/2023\/ascienden-a-policia-que-amamanto-a-bebe-en-acapulco\/#primaryimage","url":"https:\/\/canal7slp.tv\/2023\/wp-content\/uploads\/2023\/11\/06-5.jpg","contentUrl":"https:\/\/canal7slp.tv\/2023\/wp-content\/uploads\/2023\/11\/06-5.jpg","width":640,"height":360},{"@type":"BreadcrumbList","@id":"https:\/\/canal7slp.tv\/2023\/ascienden-a-policia-que-amamanto-a-bebe-en-acapulco\/#breadcrumb","itemListElement":[{"@type":"ListItem","position":1,"name":"Portada","item":"https:\/\/canal7slp.tv\/2023\/"},{"@type":"ListItem","position":2,"name":"Ascienden a polic\u00eda que amamant\u00f3 a beb\u00e9 en Acapulco"}]},{"@type":"WebSite","@id":"https:\/\/canal7slp.tv\/2023\/#website","url":"https:\/\/canal7slp.tv\/2023\/","name":"N7 - Noticieros Canal 7","description":"Somos Televisi\u00f3n","publisher":{"@id":"https:\/\/canal7slp.tv\/2023\/#organization"},"potentialAction":[{"@type":"SearchAction","target":{"@type":"EntryPoint","urlTemplate":"https:\/\/canal7slp.tv\/2023\/?s={search_term_string}"},"query-input":{"@type":"PropertyValueSpecification","valueRequired":true,"valueName":"search_term_string"}}],"inLanguage":"es"},{"@type":"Organization","@id":"https:\/\/canal7slp.tv\/2023\/#organization","name":"Noticieros Canal 7","url":"https:\/\/canal7slp.tv\/2023\/","logo":{"@type":"ImageObject","inLanguage":"es","@id":"https:\/\/canal7slp.tv\/2023\/#\/schema\/logo\/image\/","url":"https:\/\/canal7slp.tv\/2023\/wp-content\/uploads\/2021\/01\/logo-noticieros@2x.png","contentUrl":"https:\/\/canal7slp.tv\/2023\/wp-content\/uploads\/2021\/01\/logo-noticieros@2x.png","width":1017,"height":268,"caption":"Noticieros Canal 7"},"image":{"@id":"https:\/\/canal7slp.tv\/2023\/#\/schema\/logo\/image\/"},"sameAs":["https:\/\/www.facebook.com\/noticieroscanalsiete","https:\/\/x.com\/NOTICIEROS7","https:\/\/www.instagram.com\/canal7_slp","https:\/\/www.youtube.com\/channel\/UCliiYs-gP3JfJeqdPrNdd5A"]},{"@type":"Person","@id":"https:\/\/canal7slp.tv\/2023\/#\/schema\/person\/639c424e3584069003b11ae813915da6","name":"Edici\u00f3n Web","image":{"@type":"ImageObject","inLanguage":"es","@id":"https:\/\/secure.gravatar.com\/avatar\/eee448fc3f7164808013b816ba91ac7e43bbe82a70bebac296f8bc6f0addaa1a?s=96&d=mm&r=g","url":"https:\/\/secure.gravatar.com\/avatar\/eee448fc3f7164808013b816ba91ac7e43bbe82a70bebac296f8bc6f0addaa1a?s=96&d=mm&r=g","contentUrl":"https:\/\/secure.gravatar.com\/avatar\/eee448fc3f7164808013b816ba91ac7e43bbe82a70bebac296f8bc6f0addaa1a?s=96&d=mm&r=g","caption":"Edici\u00f3n Web"},"url":"https:\/\/canal7slp.tv\/2023\/author\/edicionweb\/"}]}},"_links":{"self":[{"href":"https:\/\/canal7slp.tv\/2023\/wp-json\/wp\/v2\/posts\/112466","targetHints":{"allow":["GET"]}}],"collection":[{"href":"https:\/\/canal7slp.tv\/2023\/wp-json\/wp\/v2\/posts"}],"about":[{"href":"https:\/\/canal7slp.tv\/2023\/wp-json\/wp\/v2\/types\/post"}],"author":[{"embeddable":true,"href":"https:\/\/canal7slp.tv\/2023\/wp-json\/wp\/v2\/users\/2"}],"replies":[{"embeddable":true,"href":"https:\/\/canal7slp.tv\/2023\/wp-json\/wp\/v2\/comments?post=112466"}],"version-history":[{"count":3,"href":"https:\/\/canal7slp.tv\/2023\/wp-json\/wp\/v2\/posts\/112466\/revisions"}],"predecessor-version":[{"id":112546,"href":"https:\/\/canal7slp.tv\/2023\/wp-json\/wp\/v2\/posts\/112466\/revisions\/112546"}],"wp:featuredmedia":[{"embeddable":true,"href":"https:\/\/canal7slp.tv\/2023\/wp-json\/wp\/v2\/media\/112494"}],"wp:attachment":[{"href":"https:\/\/canal7slp.tv\/2023\/wp-json\/wp\/v2\/media?parent=112466"}],"wp:term":[{"taxonomy":"category","embeddable":true,"href":"https:\/\/canal7slp.tv\/2023\/wp-json\/wp\/v2\/categories?post=112466"},{"taxonomy":"post_tag","embeddable":true,"href":"https:\/\/canal7slp.tv\/2023\/wp-json\/wp\/v2\/tags?post=112466"}],"curies":[{"name":"wp","href":"https:\/\/api.w.org\/{rel}","templated":true}]}}