{"id":112464,"date":"2023-11-07T17:28:10","date_gmt":"2023-11-07T23:28:10","guid":{"rendered":"https:\/\/canal7slp.tv\/2023\/?p=112464"},"modified":"2023-11-07T17:28:10","modified_gmt":"2023-11-07T23:28:10","slug":"impiden-ingreso-de-caravana-de-acapulco-a-palacio-nacional","status":"publish","type":"post","link":"https:\/\/canal7slp.tv\/2023\/impiden-ingreso-de-caravana-de-acapulco-a-palacio-nacional\/","title":{"rendered":"Impiden ingreso de caravana de Acapulco a Palacio Nacional"},"content":{"rendered":"<p style=\"text-align: justify;\">Ciudad de M\u00e9xico.- Una caravana proveniente de Acapulco, Guerrero, intent\u00f3 ingresar por la fuerza a la conferencia matutina en Palacio Nacional, al grito de \u00abno somos delincuentes, somos de Acapulco\u00bb y \u00ab\u00e1branos, abramos&#8230;\u00bb.<\/p>\n<p style=\"text-align: justify;\">Sin embargo, el personal de la Polic\u00eda Militar cerr\u00f3 el port\u00f3n en Correo Mayor 8, impidiendo que los manifestantes se colaran en la conferencia del presidente Andr\u00e9s Manuel L\u00f3pez Obrador.<\/p>\n<p style=\"text-align: justify;\">Los inconformes, que quedaron afuera, exigieron ser escuchados y solicitaron al gobierno de M\u00e9xico destinar los recursos necesarios para la reconstrucci\u00f3n de las zonas m\u00e1s afectadas del puerto, asegurando que el beneficio no debe limitarse \u00fanicamente a los empresarios hoteleros.<\/p>\n<p style=\"text-align: justify;\">La caravana es encabezada por Evodio Vel\u00e1zquez, ex alcalde de Acapulco por el PRD, quien denunci\u00f3 que los recursos econ\u00f3micos destinados a reparar los da\u00f1os causados por el hurac\u00e1n Otis no est\u00e1n llegando a las comunidades afectadas.<\/p>\n<p style=\"text-align: justify;\">Cabe se\u00f1alar que este martes, tienen previsto acudir a la C\u00e1mara de Senadores para ser recibidos por una comisi\u00f3n de legisladores de oposici\u00f3n y plantear sus demandas.<\/p>\n","protected":false},"excerpt":{"rendered":"<p>Ciudad de M\u00e9xico.- Una caravana proveniente de Acapulco, Guerrero, intent\u00f3 ingresar por la fuerza a la conferencia matutina en Palacio Nacional, al grito de \u00abno somos delincuentes, somos de Acapulco\u00bb y \u00ab\u00e1branos, abramos&#8230;\u00bb. Sin embargo, el personal de la Polic\u00eda Militar cerr\u00f3 el port\u00f3n en Correo Mayor 8, impidiendo que los manifestantes se colaran en la conferencia del presidente Andr\u00e9s Manuel L\u00f3pez Obrador. Los inconformes, que quedaron afuera, exigieron ser escuchados y solicitaron al gobierno de M\u00e9xico destinar los recursos necesarios para la reconstrucci\u00f3n de las zonas m\u00e1s afectadas del puerto, asegurando que el beneficio no debe limitarse \u00fanicamente a [&hellip;]<\/p>\n","protected":false},"author":2,"featured_media":112493,"comment_status":"closed","ping_status":"closed","sticky":false,"template":"","format":"standard","meta":{"footnotes":""},"categories":[46],"tags":[],"class_list":["post-112464","post","type-post","status-publish","format-standard","has-post-thumbnail","hentry","category-nacional","post--single"],"yoast_head":"<!-- This site is optimized with the Yoast SEO plugin v27.5 - https:\/\/yoast.com\/product\/yoast-seo-wordpress\/ -->\n<title>Impiden ingreso de caravana de Acapulco a Palacio Nacional - Canal 7 SLP - 2023<\/title>\n<meta name=\"robots\" content=\"index, follow, max-snippet:-1, max-image-preview:large, max-video-preview:-1\" \/>\n<link rel=\"canonical\" href=\"https:\/\/canal7slp.tv\/2023\/impiden-ingreso-de-caravana-de-acapulco-a-palacio-nacional\/\" \/>\n<meta property=\"og:locale\" content=\"es_ES\" \/>\n<meta property=\"og:type\" content=\"article\" \/>\n<meta property=\"og:title\" content=\"Impiden ingreso de caravana de Acapulco a Palacio Nacional - Canal 7 SLP - 2023\" \/>\n<meta property=\"og:description\" content=\"Ciudad de M\u00e9xico.- Una caravana proveniente de Acapulco, Guerrero, intent\u00f3 ingresar por la fuerza a la conferencia matutina en Palacio Nacional, al grito de \u00abno somos delincuentes, somos de Acapulco\u00bb y \u00ab\u00e1branos, abramos&#8230;\u00bb. Sin embargo, el personal de la Polic\u00eda Militar cerr\u00f3 el port\u00f3n en Correo Mayor 8, impidiendo que los manifestantes se colaran en la conferencia del presidente Andr\u00e9s Manuel L\u00f3pez Obrador. Los inconformes, que quedaron afuera, exigieron ser escuchados y solicitaron al gobierno de M\u00e9xico destinar los recursos necesarios para la reconstrucci\u00f3n de las zonas m\u00e1s afectadas del puerto, asegurando que el beneficio no debe limitarse \u00fanicamente a [&hellip;]\" \/>\n<meta property=\"og:url\" content=\"https:\/\/canal7slp.tv\/2023\/impiden-ingreso-de-caravana-de-acapulco-a-palacio-nacional\/\" \/>\n<meta property=\"og:site_name\" content=\"Canal 7 SLP - 2023\" \/>\n<meta property=\"article:publisher\" content=\"https:\/\/www.facebook.com\/noticieroscanalsiete\" \/>\n<meta property=\"article:published_time\" content=\"2023-11-07T23:28:10+00:00\" \/>\n<meta property=\"og:image\" content=\"https:\/\/canal7slp.tv\/2023\/wp-content\/uploads\/2023\/11\/04-6.jpg\" \/>\n\t<meta property=\"og:image:width\" content=\"1200\" \/>\n\t<meta property=\"og:image:height\" content=\"700\" \/>\n\t<meta property=\"og:image:type\" content=\"image\/jpeg\" \/>\n<meta name=\"author\" content=\"Edici\u00f3n Web\" \/>\n<meta name=\"twitter:card\" content=\"summary_large_image\" \/>\n<meta name=\"twitter:creator\" content=\"@NOTICIEROS7\" \/>\n<meta name=\"twitter:site\" content=\"@NOTICIEROS7\" \/>\n<meta name=\"twitter:label1\" content=\"Escrito por\" \/>\n\t<meta name=\"twitter:data1\" content=\"Edici\u00f3n Web\" \/>\n\t<meta name=\"twitter:label2\" content=\"Tiempo de lectura\" \/>\n\t<meta name=\"twitter:data2\" content=\"1 minuto\" \/>\n<script type=\"application\/ld+json\" class=\"yoast-schema-graph\">{\"@context\":\"https:\\\/\\\/schema.org\",\"@graph\":[{\"@type\":\"Article\",\"@id\":\"https:\\\/\\\/canal7slp.tv\\\/2023\\\/impiden-ingreso-de-caravana-de-acapulco-a-palacio-nacional\\\/#article\",\"isPartOf\":{\"@id\":\"https:\\\/\\\/canal7slp.tv\\\/2023\\\/impiden-ingreso-de-caravana-de-acapulco-a-palacio-nacional\\\/\"},\"author\":{\"name\":\"Edici\u00f3n Web\",\"@id\":\"https:\\\/\\\/canal7slp.tv\\\/2023\\\/#\\\/schema\\\/person\\\/639c424e3584069003b11ae813915da6\"},\"headline\":\"Impiden ingreso de caravana de Acapulco a Palacio Nacional\",\"datePublished\":\"2023-11-07T23:28:10+00:00\",\"mainEntityOfPage\":{\"@id\":\"https:\\\/\\\/canal7slp.tv\\\/2023\\\/impiden-ingreso-de-caravana-de-acapulco-a-palacio-nacional\\\/\"},\"wordCount\":193,\"publisher\":{\"@id\":\"https:\\\/\\\/canal7slp.tv\\\/2023\\\/#organization\"},\"image\":{\"@id\":\"https:\\\/\\\/canal7slp.tv\\\/2023\\\/impiden-ingreso-de-caravana-de-acapulco-a-palacio-nacional\\\/#primaryimage\"},\"thumbnailUrl\":\"https:\\\/\\\/canal7slp.tv\\\/2023\\\/wp-content\\\/uploads\\\/2023\\\/11\\\/04-6.jpg\",\"articleSection\":[\"NACIONALES\"],\"inLanguage\":\"es\"},{\"@type\":\"WebPage\",\"@id\":\"https:\\\/\\\/canal7slp.tv\\\/2023\\\/impiden-ingreso-de-caravana-de-acapulco-a-palacio-nacional\\\/\",\"url\":\"https:\\\/\\\/canal7slp.tv\\\/2023\\\/impiden-ingreso-de-caravana-de-acapulco-a-palacio-nacional\\\/\",\"name\":\"Impiden ingreso de caravana de Acapulco a Palacio Nacional - Canal 7 SLP - 2023\",\"isPartOf\":{\"@id\":\"https:\\\/\\\/canal7slp.tv\\\/2023\\\/#website\"},\"primaryImageOfPage\":{\"@id\":\"https:\\\/\\\/canal7slp.tv\\\/2023\\\/impiden-ingreso-de-caravana-de-acapulco-a-palacio-nacional\\\/#primaryimage\"},\"image\":{\"@id\":\"https:\\\/\\\/canal7slp.tv\\\/2023\\\/impiden-ingreso-de-caravana-de-acapulco-a-palacio-nacional\\\/#primaryimage\"},\"thumbnailUrl\":\"https:\\\/\\\/canal7slp.tv\\\/2023\\\/wp-content\\\/uploads\\\/2023\\\/11\\\/04-6.jpg\",\"datePublished\":\"2023-11-07T23:28:10+00:00\",\"breadcrumb\":{\"@id\":\"https:\\\/\\\/canal7slp.tv\\\/2023\\\/impiden-ingreso-de-caravana-de-acapulco-a-palacio-nacional\\\/#breadcrumb\"},\"inLanguage\":\"es\",\"potentialAction\":[{\"@type\":\"ReadAction\",\"target\":[\"https:\\\/\\\/canal7slp.tv\\\/2023\\\/impiden-ingreso-de-caravana-de-acapulco-a-palacio-nacional\\\/\"]}]},{\"@type\":\"ImageObject\",\"inLanguage\":\"es\",\"@id\":\"https:\\\/\\\/canal7slp.tv\\\/2023\\\/impiden-ingreso-de-caravana-de-acapulco-a-palacio-nacional\\\/#primaryimage\",\"url\":\"https:\\\/\\\/canal7slp.tv\\\/2023\\\/wp-content\\\/uploads\\\/2023\\\/11\\\/04-6.jpg\",\"contentUrl\":\"https:\\\/\\\/canal7slp.tv\\\/2023\\\/wp-content\\\/uploads\\\/2023\\\/11\\\/04-6.jpg\",\"width\":1200,\"height\":700},{\"@type\":\"BreadcrumbList\",\"@id\":\"https:\\\/\\\/canal7slp.tv\\\/2023\\\/impiden-ingreso-de-caravana-de-acapulco-a-palacio-nacional\\\/#breadcrumb\",\"itemListElement\":[{\"@type\":\"ListItem\",\"position\":1,\"name\":\"Portada\",\"item\":\"https:\\\/\\\/canal7slp.tv\\\/2023\\\/\"},{\"@type\":\"ListItem\",\"position\":2,\"name\":\"Impiden ingreso de caravana de Acapulco a Palacio Nacional\"}]},{\"@type\":\"WebSite\",\"@id\":\"https:\\\/\\\/canal7slp.tv\\\/2023\\\/#website\",\"url\":\"https:\\\/\\\/canal7slp.tv\\\/2023\\\/\",\"name\":\"N7 - Noticieros Canal 7\",\"description\":\"Somos Televisi\u00f3n\",\"publisher\":{\"@id\":\"https:\\\/\\\/canal7slp.tv\\\/2023\\\/#organization\"},\"potentialAction\":[{\"@type\":\"SearchAction\",\"target\":{\"@type\":\"EntryPoint\",\"urlTemplate\":\"https:\\\/\\\/canal7slp.tv\\\/2023\\\/?s={search_term_string}\"},\"query-input\":{\"@type\":\"PropertyValueSpecification\",\"valueRequired\":true,\"valueName\":\"search_term_string\"}}],\"inLanguage\":\"es\"},{\"@type\":\"Organization\",\"@id\":\"https:\\\/\\\/canal7slp.tv\\\/2023\\\/#organization\",\"name\":\"Noticieros Canal 7\",\"url\":\"https:\\\/\\\/canal7slp.tv\\\/2023\\\/\",\"logo\":{\"@type\":\"ImageObject\",\"inLanguage\":\"es\",\"@id\":\"https:\\\/\\\/canal7slp.tv\\\/2023\\\/#\\\/schema\\\/logo\\\/image\\\/\",\"url\":\"https:\\\/\\\/canal7slp.tv\\\/2023\\\/wp-content\\\/uploads\\\/2021\\\/01\\\/logo-noticieros@2x.png\",\"contentUrl\":\"https:\\\/\\\/canal7slp.tv\\\/2023\\\/wp-content\\\/uploads\\\/2021\\\/01\\\/logo-noticieros@2x.png\",\"width\":1017,\"height\":268,\"caption\":\"Noticieros Canal 7\"},\"image\":{\"@id\":\"https:\\\/\\\/canal7slp.tv\\\/2023\\\/#\\\/schema\\\/logo\\\/image\\\/\"},\"sameAs\":[\"https:\\\/\\\/www.facebook.com\\\/noticieroscanalsiete\",\"https:\\\/\\\/x.com\\\/NOTICIEROS7\",\"https:\\\/\\\/www.instagram.com\\\/canal7_slp\",\"https:\\\/\\\/www.youtube.com\\\/channel\\\/UCliiYs-gP3JfJeqdPrNdd5A\"]},{\"@type\":\"Person\",\"@id\":\"https:\\\/\\\/canal7slp.tv\\\/2023\\\/#\\\/schema\\\/person\\\/639c424e3584069003b11ae813915da6\",\"name\":\"Edici\u00f3n Web\",\"image\":{\"@type\":\"ImageObject\",\"inLanguage\":\"es\",\"@id\":\"https:\\\/\\\/secure.gravatar.com\\\/avatar\\\/eee448fc3f7164808013b816ba91ac7e43bbe82a70bebac296f8bc6f0addaa1a?s=96&d=mm&r=g\",\"url\":\"https:\\\/\\\/secure.gravatar.com\\\/avatar\\\/eee448fc3f7164808013b816ba91ac7e43bbe82a70bebac296f8bc6f0addaa1a?s=96&d=mm&r=g\",\"contentUrl\":\"https:\\\/\\\/secure.gravatar.com\\\/avatar\\\/eee448fc3f7164808013b816ba91ac7e43bbe82a70bebac296f8bc6f0addaa1a?s=96&d=mm&r=g\",\"caption\":\"Edici\u00f3n Web\"},\"url\":\"https:\\\/\\\/canal7slp.tv\\\/2023\\\/author\\\/edicionweb\\\/\"}]}<\/script>\n<!-- \/ Yoast SEO plugin. -->","yoast_head_json":{"title":"Impiden ingreso de caravana de Acapulco a Palacio Nacional - Canal 7 SLP - 2023","robots":{"index":"index","follow":"follow","max-snippet":"max-snippet:-1","max-image-preview":"max-image-preview:large","max-video-preview":"max-video-preview:-1"},"canonical":"https:\/\/canal7slp.tv\/2023\/impiden-ingreso-de-caravana-de-acapulco-a-palacio-nacional\/","og_locale":"es_ES","og_type":"article","og_title":"Impiden ingreso de caravana de Acapulco a Palacio Nacional - Canal 7 SLP - 2023","og_description":"Ciudad de M\u00e9xico.- Una caravana proveniente de Acapulco, Guerrero, intent\u00f3 ingresar por la fuerza a la conferencia matutina en Palacio Nacional, al grito de \u00abno somos delincuentes, somos de Acapulco\u00bb y \u00ab\u00e1branos, abramos&#8230;\u00bb. Sin embargo, el personal de la Polic\u00eda Militar cerr\u00f3 el port\u00f3n en Correo Mayor 8, impidiendo que los manifestantes se colaran en la conferencia del presidente Andr\u00e9s Manuel L\u00f3pez Obrador. Los inconformes, que quedaron afuera, exigieron ser escuchados y solicitaron al gobierno de M\u00e9xico destinar los recursos necesarios para la reconstrucci\u00f3n de las zonas m\u00e1s afectadas del puerto, asegurando que el beneficio no debe limitarse \u00fanicamente a [&hellip;]","og_url":"https:\/\/canal7slp.tv\/2023\/impiden-ingreso-de-caravana-de-acapulco-a-palacio-nacional\/","og_site_name":"Canal 7 SLP - 2023","article_publisher":"https:\/\/www.facebook.com\/noticieroscanalsiete","article_published_time":"2023-11-07T23:28:10+00:00","og_image":[{"width":1200,"height":700,"url":"https:\/\/canal7slp.tv\/2023\/wp-content\/uploads\/2023\/11\/04-6.jpg","type":"image\/jpeg"}],"author":"Edici\u00f3n Web","twitter_card":"summary_large_image","twitter_creator":"@NOTICIEROS7","twitter_site":"@NOTICIEROS7","twitter_misc":{"Escrito por":"Edici\u00f3n Web","Tiempo de lectura":"1 minuto"},"schema":{"@context":"https:\/\/schema.org","@graph":[{"@type":"Article","@id":"https:\/\/canal7slp.tv\/2023\/impiden-ingreso-de-caravana-de-acapulco-a-palacio-nacional\/#article","isPartOf":{"@id":"https:\/\/canal7slp.tv\/2023\/impiden-ingreso-de-caravana-de-acapulco-a-palacio-nacional\/"},"author":{"name":"Edici\u00f3n Web","@id":"https:\/\/canal7slp.tv\/2023\/#\/schema\/person\/639c424e3584069003b11ae813915da6"},"headline":"Impiden ingreso de caravana de Acapulco a Palacio Nacional","datePublished":"2023-11-07T23:28:10+00:00","mainEntityOfPage":{"@id":"https:\/\/canal7slp.tv\/2023\/impiden-ingreso-de-caravana-de-acapulco-a-palacio-nacional\/"},"wordCount":193,"publisher":{"@id":"https:\/\/canal7slp.tv\/2023\/#organization"},"image":{"@id":"https:\/\/canal7slp.tv\/2023\/impiden-ingreso-de-caravana-de-acapulco-a-palacio-nacional\/#primaryimage"},"thumbnailUrl":"https:\/\/canal7slp.tv\/2023\/wp-content\/uploads\/2023\/11\/04-6.jpg","articleSection":["NACIONALES"],"inLanguage":"es"},{"@type":"WebPage","@id":"https:\/\/canal7slp.tv\/2023\/impiden-ingreso-de-caravana-de-acapulco-a-palacio-nacional\/","url":"https:\/\/canal7slp.tv\/2023\/impiden-ingreso-de-caravana-de-acapulco-a-palacio-nacional\/","name":"Impiden ingreso de caravana de Acapulco a Palacio Nacional - Canal 7 SLP - 2023","isPartOf":{"@id":"https:\/\/canal7slp.tv\/2023\/#website"},"primaryImageOfPage":{"@id":"https:\/\/canal7slp.tv\/2023\/impiden-ingreso-de-caravana-de-acapulco-a-palacio-nacional\/#primaryimage"},"image":{"@id":"https:\/\/canal7slp.tv\/2023\/impiden-ingreso-de-caravana-de-acapulco-a-palacio-nacional\/#primaryimage"},"thumbnailUrl":"https:\/\/canal7slp.tv\/2023\/wp-content\/uploads\/2023\/11\/04-6.jpg","datePublished":"2023-11-07T23:28:10+00:00","breadcrumb":{"@id":"https:\/\/canal7slp.tv\/2023\/impiden-ingreso-de-caravana-de-acapulco-a-palacio-nacional\/#breadcrumb"},"inLanguage":"es","potentialAction":[{"@type":"ReadAction","target":["https:\/\/canal7slp.tv\/2023\/impiden-ingreso-de-caravana-de-acapulco-a-palacio-nacional\/"]}]},{"@type":"ImageObject","inLanguage":"es","@id":"https:\/\/canal7slp.tv\/2023\/impiden-ingreso-de-caravana-de-acapulco-a-palacio-nacional\/#primaryimage","url":"https:\/\/canal7slp.tv\/2023\/wp-content\/uploads\/2023\/11\/04-6.jpg","contentUrl":"https:\/\/canal7slp.tv\/2023\/wp-content\/uploads\/2023\/11\/04-6.jpg","width":1200,"height":700},{"@type":"BreadcrumbList","@id":"https:\/\/canal7slp.tv\/2023\/impiden-ingreso-de-caravana-de-acapulco-a-palacio-nacional\/#breadcrumb","itemListElement":[{"@type":"ListItem","position":1,"name":"Portada","item":"https:\/\/canal7slp.tv\/2023\/"},{"@type":"ListItem","position":2,"name":"Impiden ingreso de caravana de Acapulco a Palacio Nacional"}]},{"@type":"WebSite","@id":"https:\/\/canal7slp.tv\/2023\/#website","url":"https:\/\/canal7slp.tv\/2023\/","name":"N7 - Noticieros Canal 7","description":"Somos Televisi\u00f3n","publisher":{"@id":"https:\/\/canal7slp.tv\/2023\/#organization"},"potentialAction":[{"@type":"SearchAction","target":{"@type":"EntryPoint","urlTemplate":"https:\/\/canal7slp.tv\/2023\/?s={search_term_string}"},"query-input":{"@type":"PropertyValueSpecification","valueRequired":true,"valueName":"search_term_string"}}],"inLanguage":"es"},{"@type":"Organization","@id":"https:\/\/canal7slp.tv\/2023\/#organization","name":"Noticieros Canal 7","url":"https:\/\/canal7slp.tv\/2023\/","logo":{"@type":"ImageObject","inLanguage":"es","@id":"https:\/\/canal7slp.tv\/2023\/#\/schema\/logo\/image\/","url":"https:\/\/canal7slp.tv\/2023\/wp-content\/uploads\/2021\/01\/logo-noticieros@2x.png","contentUrl":"https:\/\/canal7slp.tv\/2023\/wp-content\/uploads\/2021\/01\/logo-noticieros@2x.png","width":1017,"height":268,"caption":"Noticieros Canal 7"},"image":{"@id":"https:\/\/canal7slp.tv\/2023\/#\/schema\/logo\/image\/"},"sameAs":["https:\/\/www.facebook.com\/noticieroscanalsiete","https:\/\/x.com\/NOTICIEROS7","https:\/\/www.instagram.com\/canal7_slp","https:\/\/www.youtube.com\/channel\/UCliiYs-gP3JfJeqdPrNdd5A"]},{"@type":"Person","@id":"https:\/\/canal7slp.tv\/2023\/#\/schema\/person\/639c424e3584069003b11ae813915da6","name":"Edici\u00f3n Web","image":{"@type":"ImageObject","inLanguage":"es","@id":"https:\/\/secure.gravatar.com\/avatar\/eee448fc3f7164808013b816ba91ac7e43bbe82a70bebac296f8bc6f0addaa1a?s=96&d=mm&r=g","url":"https:\/\/secure.gravatar.com\/avatar\/eee448fc3f7164808013b816ba91ac7e43bbe82a70bebac296f8bc6f0addaa1a?s=96&d=mm&r=g","contentUrl":"https:\/\/secure.gravatar.com\/avatar\/eee448fc3f7164808013b816ba91ac7e43bbe82a70bebac296f8bc6f0addaa1a?s=96&d=mm&r=g","caption":"Edici\u00f3n Web"},"url":"https:\/\/canal7slp.tv\/2023\/author\/edicionweb\/"}]}},"_links":{"self":[{"href":"https:\/\/canal7slp.tv\/2023\/wp-json\/wp\/v2\/posts\/112464","targetHints":{"allow":["GET"]}}],"collection":[{"href":"https:\/\/canal7slp.tv\/2023\/wp-json\/wp\/v2\/posts"}],"about":[{"href":"https:\/\/canal7slp.tv\/2023\/wp-json\/wp\/v2\/types\/post"}],"author":[{"embeddable":true,"href":"https:\/\/canal7slp.tv\/2023\/wp-json\/wp\/v2\/users\/2"}],"replies":[{"embeddable":true,"href":"https:\/\/canal7slp.tv\/2023\/wp-json\/wp\/v2\/comments?post=112464"}],"version-history":[{"count":3,"href":"https:\/\/canal7slp.tv\/2023\/wp-json\/wp\/v2\/posts\/112464\/revisions"}],"predecessor-version":[{"id":112543,"href":"https:\/\/canal7slp.tv\/2023\/wp-json\/wp\/v2\/posts\/112464\/revisions\/112543"}],"wp:featuredmedia":[{"embeddable":true,"href":"https:\/\/canal7slp.tv\/2023\/wp-json\/wp\/v2\/media\/112493"}],"wp:attachment":[{"href":"https:\/\/canal7slp.tv\/2023\/wp-json\/wp\/v2\/media?parent=112464"}],"wp:term":[{"taxonomy":"category","embeddable":true,"href":"https:\/\/canal7slp.tv\/2023\/wp-json\/wp\/v2\/categories?post=112464"},{"taxonomy":"post_tag","embeddable":true,"href":"https:\/\/canal7slp.tv\/2023\/wp-json\/wp\/v2\/tags?post=112464"}],"curies":[{"name":"wp","href":"https:\/\/api.w.org\/{rel}","templated":true}]}}