{"id":112256,"date":"2023-11-07T15:46:19","date_gmt":"2023-11-07T21:46:19","guid":{"rendered":"https:\/\/canal7slp.tv\/2023\/?p=112256"},"modified":"2023-11-07T15:46:19","modified_gmt":"2023-11-07T21:46:19","slug":"un-error-de-pc-declarar-emergencia-en-47-municipios-en-guerrero-son-dos-amlo","status":"publish","type":"post","link":"https:\/\/canal7slp.tv\/2023\/un-error-de-pc-declarar-emergencia-en-47-municipios-en-guerrero-son-dos-amlo\/","title":{"rendered":"Un error de PC declarar emergencia en 47 municipios en Guerrero, son dos: AMLO"},"content":{"rendered":"<p style=\"text-align: justify;\">M\u00e9xico.- La coordinadora nacional de Protecci\u00f3n Civil, Laura Vel\u00e1zquez Alz\u00faa, emiti\u00f3 una nota aclaratoria modificando la Declaratoria de Desastre Natural por los efectos del hurac\u00e1n Otis en Guerrero.<\/p>\n<p style=\"text-align: justify;\">La nueva declaraci\u00f3n abarcar\u00e1 \u00fanicamente los municipios de Acapulco y Coyuca de Ben\u00edtez, las zonas m\u00e1s afectadas en la costa de Guerrero.<\/p>\n<p style=\"text-align: justify;\">Es importante recordar que el presidente L\u00f3pez Obrador asegur\u00f3 que los apoyos para los damnificados por el hurac\u00e1n Otis en Guerrero se mantendr\u00e1n hasta que sea necesario.<\/p>\n<p style=\"text-align: justify;\">Por su parte, las Fuerzas Armadas han entregado despensas y agua a los afectados, y se continuar\u00e1 brindando ayuda diariamente.<\/p>\n<p style=\"text-align: justify;\">Asimismo, la Secretar\u00eda de Infraestructura, Comunicaciones y Transportes (SICT) inform\u00f3 que el puente terrestre Acapulco-Ciudad de M\u00e9xico cerrar\u00e1 el domingo 5 de noviembre y se retomar\u00e1 el cobro de las casetas.<\/p>\n","protected":false},"excerpt":{"rendered":"<p>M\u00e9xico.- La coordinadora nacional de Protecci\u00f3n Civil, Laura Vel\u00e1zquez Alz\u00faa, emiti\u00f3 una nota aclaratoria modificando la Declaratoria de Desastre Natural por los efectos del hurac\u00e1n Otis en Guerrero. La nueva declaraci\u00f3n abarcar\u00e1 \u00fanicamente los municipios de Acapulco y Coyuca de Ben\u00edtez, las zonas m\u00e1s afectadas en la costa de Guerrero. Es importante recordar que el presidente L\u00f3pez Obrador asegur\u00f3 que los apoyos para los damnificados por el hurac\u00e1n Otis en Guerrero se mantendr\u00e1n hasta que sea necesario. Por su parte, las Fuerzas Armadas han entregado despensas y agua a los afectados, y se continuar\u00e1 brindando ayuda diariamente. Asimismo, la Secretar\u00eda [&hellip;]<\/p>\n","protected":false},"author":2,"featured_media":112264,"comment_status":"closed","ping_status":"closed","sticky":false,"template":"","format":"standard","meta":{"footnotes":""},"categories":[46],"tags":[],"class_list":["post-112256","post","type-post","status-publish","format-standard","has-post-thumbnail","hentry","category-nacional","post--single"],"yoast_head":"<!-- This site is optimized with the Yoast SEO plugin v27.5 - https:\/\/yoast.com\/product\/yoast-seo-wordpress\/ -->\n<title>Un error de PC declarar emergencia en 47 municipios en Guerrero, son dos: AMLO - Canal 7 SLP - 2023<\/title>\n<meta name=\"robots\" content=\"index, follow, max-snippet:-1, max-image-preview:large, max-video-preview:-1\" \/>\n<link rel=\"canonical\" href=\"https:\/\/canal7slp.tv\/2023\/un-error-de-pc-declarar-emergencia-en-47-municipios-en-guerrero-son-dos-amlo\/\" \/>\n<meta property=\"og:locale\" content=\"es_ES\" \/>\n<meta property=\"og:type\" content=\"article\" \/>\n<meta property=\"og:title\" content=\"Un error de PC declarar emergencia en 47 municipios en Guerrero, son dos: AMLO - Canal 7 SLP - 2023\" \/>\n<meta property=\"og:description\" content=\"M\u00e9xico.- La coordinadora nacional de Protecci\u00f3n Civil, Laura Vel\u00e1zquez Alz\u00faa, emiti\u00f3 una nota aclaratoria modificando la Declaratoria de Desastre Natural por los efectos del hurac\u00e1n Otis en Guerrero. La nueva declaraci\u00f3n abarcar\u00e1 \u00fanicamente los municipios de Acapulco y Coyuca de Ben\u00edtez, las zonas m\u00e1s afectadas en la costa de Guerrero. Es importante recordar que el presidente L\u00f3pez Obrador asegur\u00f3 que los apoyos para los damnificados por el hurac\u00e1n Otis en Guerrero se mantendr\u00e1n hasta que sea necesario. Por su parte, las Fuerzas Armadas han entregado despensas y agua a los afectados, y se continuar\u00e1 brindando ayuda diariamente. Asimismo, la Secretar\u00eda [&hellip;]\" \/>\n<meta property=\"og:url\" content=\"https:\/\/canal7slp.tv\/2023\/un-error-de-pc-declarar-emergencia-en-47-municipios-en-guerrero-son-dos-amlo\/\" \/>\n<meta property=\"og:site_name\" content=\"Canal 7 SLP - 2023\" \/>\n<meta property=\"article:publisher\" content=\"https:\/\/www.facebook.com\/noticieroscanalsiete\" \/>\n<meta property=\"article:published_time\" content=\"2023-11-07T21:46:19+00:00\" \/>\n<meta property=\"og:image\" content=\"https:\/\/canal7slp.tv\/2023\/wp-content\/uploads\/2023\/11\/07-2.jpg\" \/>\n\t<meta property=\"og:image:width\" content=\"1200\" \/>\n\t<meta property=\"og:image:height\" content=\"630\" \/>\n\t<meta property=\"og:image:type\" content=\"image\/jpeg\" \/>\n<meta name=\"author\" content=\"Edici\u00f3n Web\" \/>\n<meta name=\"twitter:card\" content=\"summary_large_image\" \/>\n<meta name=\"twitter:creator\" content=\"@NOTICIEROS7\" \/>\n<meta name=\"twitter:site\" content=\"@NOTICIEROS7\" \/>\n<meta name=\"twitter:label1\" content=\"Escrito por\" \/>\n\t<meta name=\"twitter:data1\" content=\"Edici\u00f3n Web\" \/>\n\t<meta name=\"twitter:label2\" content=\"Tiempo de lectura\" \/>\n\t<meta name=\"twitter:data2\" content=\"1 minuto\" \/>\n<script type=\"application\/ld+json\" class=\"yoast-schema-graph\">{\"@context\":\"https:\\\/\\\/schema.org\",\"@graph\":[{\"@type\":\"Article\",\"@id\":\"https:\\\/\\\/canal7slp.tv\\\/2023\\\/un-error-de-pc-declarar-emergencia-en-47-municipios-en-guerrero-son-dos-amlo\\\/#article\",\"isPartOf\":{\"@id\":\"https:\\\/\\\/canal7slp.tv\\\/2023\\\/un-error-de-pc-declarar-emergencia-en-47-municipios-en-guerrero-son-dos-amlo\\\/\"},\"author\":{\"name\":\"Edici\u00f3n Web\",\"@id\":\"https:\\\/\\\/canal7slp.tv\\\/2023\\\/#\\\/schema\\\/person\\\/639c424e3584069003b11ae813915da6\"},\"headline\":\"Un error de PC declarar emergencia en 47 municipios en Guerrero, son dos: AMLO\",\"datePublished\":\"2023-11-07T21:46:19+00:00\",\"mainEntityOfPage\":{\"@id\":\"https:\\\/\\\/canal7slp.tv\\\/2023\\\/un-error-de-pc-declarar-emergencia-en-47-municipios-en-guerrero-son-dos-amlo\\\/\"},\"wordCount\":154,\"publisher\":{\"@id\":\"https:\\\/\\\/canal7slp.tv\\\/2023\\\/#organization\"},\"image\":{\"@id\":\"https:\\\/\\\/canal7slp.tv\\\/2023\\\/un-error-de-pc-declarar-emergencia-en-47-municipios-en-guerrero-son-dos-amlo\\\/#primaryimage\"},\"thumbnailUrl\":\"https:\\\/\\\/canal7slp.tv\\\/2023\\\/wp-content\\\/uploads\\\/2023\\\/11\\\/07-2.jpg\",\"articleSection\":[\"NACIONALES\"],\"inLanguage\":\"es\"},{\"@type\":\"WebPage\",\"@id\":\"https:\\\/\\\/canal7slp.tv\\\/2023\\\/un-error-de-pc-declarar-emergencia-en-47-municipios-en-guerrero-son-dos-amlo\\\/\",\"url\":\"https:\\\/\\\/canal7slp.tv\\\/2023\\\/un-error-de-pc-declarar-emergencia-en-47-municipios-en-guerrero-son-dos-amlo\\\/\",\"name\":\"Un error de PC declarar emergencia en 47 municipios en Guerrero, son dos: AMLO - Canal 7 SLP - 2023\",\"isPartOf\":{\"@id\":\"https:\\\/\\\/canal7slp.tv\\\/2023\\\/#website\"},\"primaryImageOfPage\":{\"@id\":\"https:\\\/\\\/canal7slp.tv\\\/2023\\\/un-error-de-pc-declarar-emergencia-en-47-municipios-en-guerrero-son-dos-amlo\\\/#primaryimage\"},\"image\":{\"@id\":\"https:\\\/\\\/canal7slp.tv\\\/2023\\\/un-error-de-pc-declarar-emergencia-en-47-municipios-en-guerrero-son-dos-amlo\\\/#primaryimage\"},\"thumbnailUrl\":\"https:\\\/\\\/canal7slp.tv\\\/2023\\\/wp-content\\\/uploads\\\/2023\\\/11\\\/07-2.jpg\",\"datePublished\":\"2023-11-07T21:46:19+00:00\",\"breadcrumb\":{\"@id\":\"https:\\\/\\\/canal7slp.tv\\\/2023\\\/un-error-de-pc-declarar-emergencia-en-47-municipios-en-guerrero-son-dos-amlo\\\/#breadcrumb\"},\"inLanguage\":\"es\",\"potentialAction\":[{\"@type\":\"ReadAction\",\"target\":[\"https:\\\/\\\/canal7slp.tv\\\/2023\\\/un-error-de-pc-declarar-emergencia-en-47-municipios-en-guerrero-son-dos-amlo\\\/\"]}]},{\"@type\":\"ImageObject\",\"inLanguage\":\"es\",\"@id\":\"https:\\\/\\\/canal7slp.tv\\\/2023\\\/un-error-de-pc-declarar-emergencia-en-47-municipios-en-guerrero-son-dos-amlo\\\/#primaryimage\",\"url\":\"https:\\\/\\\/canal7slp.tv\\\/2023\\\/wp-content\\\/uploads\\\/2023\\\/11\\\/07-2.jpg\",\"contentUrl\":\"https:\\\/\\\/canal7slp.tv\\\/2023\\\/wp-content\\\/uploads\\\/2023\\\/11\\\/07-2.jpg\",\"width\":1200,\"height\":630},{\"@type\":\"BreadcrumbList\",\"@id\":\"https:\\\/\\\/canal7slp.tv\\\/2023\\\/un-error-de-pc-declarar-emergencia-en-47-municipios-en-guerrero-son-dos-amlo\\\/#breadcrumb\",\"itemListElement\":[{\"@type\":\"ListItem\",\"position\":1,\"name\":\"Portada\",\"item\":\"https:\\\/\\\/canal7slp.tv\\\/2023\\\/\"},{\"@type\":\"ListItem\",\"position\":2,\"name\":\"Un error de PC declarar emergencia en 47 municipios en Guerrero, son dos: AMLO\"}]},{\"@type\":\"WebSite\",\"@id\":\"https:\\\/\\\/canal7slp.tv\\\/2023\\\/#website\",\"url\":\"https:\\\/\\\/canal7slp.tv\\\/2023\\\/\",\"name\":\"N7 - Noticieros Canal 7\",\"description\":\"Somos Televisi\u00f3n\",\"publisher\":{\"@id\":\"https:\\\/\\\/canal7slp.tv\\\/2023\\\/#organization\"},\"potentialAction\":[{\"@type\":\"SearchAction\",\"target\":{\"@type\":\"EntryPoint\",\"urlTemplate\":\"https:\\\/\\\/canal7slp.tv\\\/2023\\\/?s={search_term_string}\"},\"query-input\":{\"@type\":\"PropertyValueSpecification\",\"valueRequired\":true,\"valueName\":\"search_term_string\"}}],\"inLanguage\":\"es\"},{\"@type\":\"Organization\",\"@id\":\"https:\\\/\\\/canal7slp.tv\\\/2023\\\/#organization\",\"name\":\"Noticieros Canal 7\",\"url\":\"https:\\\/\\\/canal7slp.tv\\\/2023\\\/\",\"logo\":{\"@type\":\"ImageObject\",\"inLanguage\":\"es\",\"@id\":\"https:\\\/\\\/canal7slp.tv\\\/2023\\\/#\\\/schema\\\/logo\\\/image\\\/\",\"url\":\"https:\\\/\\\/canal7slp.tv\\\/2023\\\/wp-content\\\/uploads\\\/2021\\\/01\\\/logo-noticieros@2x.png\",\"contentUrl\":\"https:\\\/\\\/canal7slp.tv\\\/2023\\\/wp-content\\\/uploads\\\/2021\\\/01\\\/logo-noticieros@2x.png\",\"width\":1017,\"height\":268,\"caption\":\"Noticieros Canal 7\"},\"image\":{\"@id\":\"https:\\\/\\\/canal7slp.tv\\\/2023\\\/#\\\/schema\\\/logo\\\/image\\\/\"},\"sameAs\":[\"https:\\\/\\\/www.facebook.com\\\/noticieroscanalsiete\",\"https:\\\/\\\/x.com\\\/NOTICIEROS7\",\"https:\\\/\\\/www.instagram.com\\\/canal7_slp\",\"https:\\\/\\\/www.youtube.com\\\/channel\\\/UCliiYs-gP3JfJeqdPrNdd5A\"]},{\"@type\":\"Person\",\"@id\":\"https:\\\/\\\/canal7slp.tv\\\/2023\\\/#\\\/schema\\\/person\\\/639c424e3584069003b11ae813915da6\",\"name\":\"Edici\u00f3n Web\",\"image\":{\"@type\":\"ImageObject\",\"inLanguage\":\"es\",\"@id\":\"https:\\\/\\\/secure.gravatar.com\\\/avatar\\\/eee448fc3f7164808013b816ba91ac7e43bbe82a70bebac296f8bc6f0addaa1a?s=96&d=mm&r=g\",\"url\":\"https:\\\/\\\/secure.gravatar.com\\\/avatar\\\/eee448fc3f7164808013b816ba91ac7e43bbe82a70bebac296f8bc6f0addaa1a?s=96&d=mm&r=g\",\"contentUrl\":\"https:\\\/\\\/secure.gravatar.com\\\/avatar\\\/eee448fc3f7164808013b816ba91ac7e43bbe82a70bebac296f8bc6f0addaa1a?s=96&d=mm&r=g\",\"caption\":\"Edici\u00f3n Web\"},\"url\":\"https:\\\/\\\/canal7slp.tv\\\/2023\\\/author\\\/edicionweb\\\/\"}]}<\/script>\n<!-- \/ Yoast SEO plugin. -->","yoast_head_json":{"title":"Un error de PC declarar emergencia en 47 municipios en Guerrero, son dos: AMLO - Canal 7 SLP - 2023","robots":{"index":"index","follow":"follow","max-snippet":"max-snippet:-1","max-image-preview":"max-image-preview:large","max-video-preview":"max-video-preview:-1"},"canonical":"https:\/\/canal7slp.tv\/2023\/un-error-de-pc-declarar-emergencia-en-47-municipios-en-guerrero-son-dos-amlo\/","og_locale":"es_ES","og_type":"article","og_title":"Un error de PC declarar emergencia en 47 municipios en Guerrero, son dos: AMLO - Canal 7 SLP - 2023","og_description":"M\u00e9xico.- La coordinadora nacional de Protecci\u00f3n Civil, Laura Vel\u00e1zquez Alz\u00faa, emiti\u00f3 una nota aclaratoria modificando la Declaratoria de Desastre Natural por los efectos del hurac\u00e1n Otis en Guerrero. La nueva declaraci\u00f3n abarcar\u00e1 \u00fanicamente los municipios de Acapulco y Coyuca de Ben\u00edtez, las zonas m\u00e1s afectadas en la costa de Guerrero. Es importante recordar que el presidente L\u00f3pez Obrador asegur\u00f3 que los apoyos para los damnificados por el hurac\u00e1n Otis en Guerrero se mantendr\u00e1n hasta que sea necesario. Por su parte, las Fuerzas Armadas han entregado despensas y agua a los afectados, y se continuar\u00e1 brindando ayuda diariamente. Asimismo, la Secretar\u00eda [&hellip;]","og_url":"https:\/\/canal7slp.tv\/2023\/un-error-de-pc-declarar-emergencia-en-47-municipios-en-guerrero-son-dos-amlo\/","og_site_name":"Canal 7 SLP - 2023","article_publisher":"https:\/\/www.facebook.com\/noticieroscanalsiete","article_published_time":"2023-11-07T21:46:19+00:00","og_image":[{"width":1200,"height":630,"url":"https:\/\/canal7slp.tv\/2023\/wp-content\/uploads\/2023\/11\/07-2.jpg","type":"image\/jpeg"}],"author":"Edici\u00f3n Web","twitter_card":"summary_large_image","twitter_creator":"@NOTICIEROS7","twitter_site":"@NOTICIEROS7","twitter_misc":{"Escrito por":"Edici\u00f3n Web","Tiempo de lectura":"1 minuto"},"schema":{"@context":"https:\/\/schema.org","@graph":[{"@type":"Article","@id":"https:\/\/canal7slp.tv\/2023\/un-error-de-pc-declarar-emergencia-en-47-municipios-en-guerrero-son-dos-amlo\/#article","isPartOf":{"@id":"https:\/\/canal7slp.tv\/2023\/un-error-de-pc-declarar-emergencia-en-47-municipios-en-guerrero-son-dos-amlo\/"},"author":{"name":"Edici\u00f3n Web","@id":"https:\/\/canal7slp.tv\/2023\/#\/schema\/person\/639c424e3584069003b11ae813915da6"},"headline":"Un error de PC declarar emergencia en 47 municipios en Guerrero, son dos: AMLO","datePublished":"2023-11-07T21:46:19+00:00","mainEntityOfPage":{"@id":"https:\/\/canal7slp.tv\/2023\/un-error-de-pc-declarar-emergencia-en-47-municipios-en-guerrero-son-dos-amlo\/"},"wordCount":154,"publisher":{"@id":"https:\/\/canal7slp.tv\/2023\/#organization"},"image":{"@id":"https:\/\/canal7slp.tv\/2023\/un-error-de-pc-declarar-emergencia-en-47-municipios-en-guerrero-son-dos-amlo\/#primaryimage"},"thumbnailUrl":"https:\/\/canal7slp.tv\/2023\/wp-content\/uploads\/2023\/11\/07-2.jpg","articleSection":["NACIONALES"],"inLanguage":"es"},{"@type":"WebPage","@id":"https:\/\/canal7slp.tv\/2023\/un-error-de-pc-declarar-emergencia-en-47-municipios-en-guerrero-son-dos-amlo\/","url":"https:\/\/canal7slp.tv\/2023\/un-error-de-pc-declarar-emergencia-en-47-municipios-en-guerrero-son-dos-amlo\/","name":"Un error de PC declarar emergencia en 47 municipios en Guerrero, son dos: AMLO - Canal 7 SLP - 2023","isPartOf":{"@id":"https:\/\/canal7slp.tv\/2023\/#website"},"primaryImageOfPage":{"@id":"https:\/\/canal7slp.tv\/2023\/un-error-de-pc-declarar-emergencia-en-47-municipios-en-guerrero-son-dos-amlo\/#primaryimage"},"image":{"@id":"https:\/\/canal7slp.tv\/2023\/un-error-de-pc-declarar-emergencia-en-47-municipios-en-guerrero-son-dos-amlo\/#primaryimage"},"thumbnailUrl":"https:\/\/canal7slp.tv\/2023\/wp-content\/uploads\/2023\/11\/07-2.jpg","datePublished":"2023-11-07T21:46:19+00:00","breadcrumb":{"@id":"https:\/\/canal7slp.tv\/2023\/un-error-de-pc-declarar-emergencia-en-47-municipios-en-guerrero-son-dos-amlo\/#breadcrumb"},"inLanguage":"es","potentialAction":[{"@type":"ReadAction","target":["https:\/\/canal7slp.tv\/2023\/un-error-de-pc-declarar-emergencia-en-47-municipios-en-guerrero-son-dos-amlo\/"]}]},{"@type":"ImageObject","inLanguage":"es","@id":"https:\/\/canal7slp.tv\/2023\/un-error-de-pc-declarar-emergencia-en-47-municipios-en-guerrero-son-dos-amlo\/#primaryimage","url":"https:\/\/canal7slp.tv\/2023\/wp-content\/uploads\/2023\/11\/07-2.jpg","contentUrl":"https:\/\/canal7slp.tv\/2023\/wp-content\/uploads\/2023\/11\/07-2.jpg","width":1200,"height":630},{"@type":"BreadcrumbList","@id":"https:\/\/canal7slp.tv\/2023\/un-error-de-pc-declarar-emergencia-en-47-municipios-en-guerrero-son-dos-amlo\/#breadcrumb","itemListElement":[{"@type":"ListItem","position":1,"name":"Portada","item":"https:\/\/canal7slp.tv\/2023\/"},{"@type":"ListItem","position":2,"name":"Un error de PC declarar emergencia en 47 municipios en Guerrero, son dos: AMLO"}]},{"@type":"WebSite","@id":"https:\/\/canal7slp.tv\/2023\/#website","url":"https:\/\/canal7slp.tv\/2023\/","name":"N7 - Noticieros Canal 7","description":"Somos Televisi\u00f3n","publisher":{"@id":"https:\/\/canal7slp.tv\/2023\/#organization"},"potentialAction":[{"@type":"SearchAction","target":{"@type":"EntryPoint","urlTemplate":"https:\/\/canal7slp.tv\/2023\/?s={search_term_string}"},"query-input":{"@type":"PropertyValueSpecification","valueRequired":true,"valueName":"search_term_string"}}],"inLanguage":"es"},{"@type":"Organization","@id":"https:\/\/canal7slp.tv\/2023\/#organization","name":"Noticieros Canal 7","url":"https:\/\/canal7slp.tv\/2023\/","logo":{"@type":"ImageObject","inLanguage":"es","@id":"https:\/\/canal7slp.tv\/2023\/#\/schema\/logo\/image\/","url":"https:\/\/canal7slp.tv\/2023\/wp-content\/uploads\/2021\/01\/logo-noticieros@2x.png","contentUrl":"https:\/\/canal7slp.tv\/2023\/wp-content\/uploads\/2021\/01\/logo-noticieros@2x.png","width":1017,"height":268,"caption":"Noticieros Canal 7"},"image":{"@id":"https:\/\/canal7slp.tv\/2023\/#\/schema\/logo\/image\/"},"sameAs":["https:\/\/www.facebook.com\/noticieroscanalsiete","https:\/\/x.com\/NOTICIEROS7","https:\/\/www.instagram.com\/canal7_slp","https:\/\/www.youtube.com\/channel\/UCliiYs-gP3JfJeqdPrNdd5A"]},{"@type":"Person","@id":"https:\/\/canal7slp.tv\/2023\/#\/schema\/person\/639c424e3584069003b11ae813915da6","name":"Edici\u00f3n Web","image":{"@type":"ImageObject","inLanguage":"es","@id":"https:\/\/secure.gravatar.com\/avatar\/eee448fc3f7164808013b816ba91ac7e43bbe82a70bebac296f8bc6f0addaa1a?s=96&d=mm&r=g","url":"https:\/\/secure.gravatar.com\/avatar\/eee448fc3f7164808013b816ba91ac7e43bbe82a70bebac296f8bc6f0addaa1a?s=96&d=mm&r=g","contentUrl":"https:\/\/secure.gravatar.com\/avatar\/eee448fc3f7164808013b816ba91ac7e43bbe82a70bebac296f8bc6f0addaa1a?s=96&d=mm&r=g","caption":"Edici\u00f3n Web"},"url":"https:\/\/canal7slp.tv\/2023\/author\/edicionweb\/"}]}},"_links":{"self":[{"href":"https:\/\/canal7slp.tv\/2023\/wp-json\/wp\/v2\/posts\/112256","targetHints":{"allow":["GET"]}}],"collection":[{"href":"https:\/\/canal7slp.tv\/2023\/wp-json\/wp\/v2\/posts"}],"about":[{"href":"https:\/\/canal7slp.tv\/2023\/wp-json\/wp\/v2\/types\/post"}],"author":[{"embeddable":true,"href":"https:\/\/canal7slp.tv\/2023\/wp-json\/wp\/v2\/users\/2"}],"replies":[{"embeddable":true,"href":"https:\/\/canal7slp.tv\/2023\/wp-json\/wp\/v2\/comments?post=112256"}],"version-history":[{"count":3,"href":"https:\/\/canal7slp.tv\/2023\/wp-json\/wp\/v2\/posts\/112256\/revisions"}],"predecessor-version":[{"id":112477,"href":"https:\/\/canal7slp.tv\/2023\/wp-json\/wp\/v2\/posts\/112256\/revisions\/112477"}],"wp:featuredmedia":[{"embeddable":true,"href":"https:\/\/canal7slp.tv\/2023\/wp-json\/wp\/v2\/media\/112264"}],"wp:attachment":[{"href":"https:\/\/canal7slp.tv\/2023\/wp-json\/wp\/v2\/media?parent=112256"}],"wp:term":[{"taxonomy":"category","embeddable":true,"href":"https:\/\/canal7slp.tv\/2023\/wp-json\/wp\/v2\/categories?post=112256"},{"taxonomy":"post_tag","embeddable":true,"href":"https:\/\/canal7slp.tv\/2023\/wp-json\/wp\/v2\/tags?post=112256"}],"curies":[{"name":"wp","href":"https:\/\/api.w.org\/{rel}","templated":true}]}}