{"id":112236,"date":"2023-11-07T15:41:42","date_gmt":"2023-11-07T21:41:42","guid":{"rendered":"https:\/\/canal7slp.tv\/2023\/?p=112236"},"modified":"2023-11-07T15:41:42","modified_gmt":"2023-11-07T21:41:42","slug":"acusan-a-xochitl-galvez-de-lucrar-con-tragedia-en-guerrero","status":"publish","type":"post","link":"https:\/\/canal7slp.tv\/2023\/acusan-a-xochitl-galvez-de-lucrar-con-tragedia-en-guerrero\/","title":{"rendered":"Acusan a X\u00f3chitl G\u00e1lvez de lucrar con tragedia en Guerrero"},"content":{"rendered":"<p style=\"text-align: justify;\">Acapulco.- La empresaria panista X\u00f3chitl G\u00e1lvez ha sido objeto de cr\u00edticas por marcar los v\u00edveres que envi\u00f3 a los damnificados en Guerrero con su logo, un coraz\u00f3n con una X.<\/p>\n<p style=\"text-align: justify;\">Los internautas la acusaron de aprovecharse de la tragedia en Acapulco para hacer proselitismo pol\u00edtico.<\/p>\n<p style=\"text-align: justify;\">Cabe se\u00f1alar que por medio de redes sociales, comparti\u00f3 una foto posando junto a los v\u00edveres que recaudaron sus seguidores, los \u00abXochillovers\u00bb.<\/p>\n<p style=\"text-align: justify;\">Hay que recordar que esta no es la primera vez que se le ha criticado por sus acciones acerca de \u00abayudar\u00bb a Acapulco.<\/p>\n<p style=\"text-align: justify;\">En un centro de acopio de la Cruz Roja, un hombre la increp\u00f3 y le dijo que \u00abaqu\u00ed se viene a ayudar, no a hacer pol\u00edtica\u00bb. G\u00e1lvez grab\u00f3 el momento en video y respondi\u00f3: \u00abHola, muchas gracias por venir\u00bb.<\/p>\n","protected":false},"excerpt":{"rendered":"<p>Acapulco.- La empresaria panista X\u00f3chitl G\u00e1lvez ha sido objeto de cr\u00edticas por marcar los v\u00edveres que envi\u00f3 a los damnificados en Guerrero con su logo, un coraz\u00f3n con una X. Los internautas la acusaron de aprovecharse de la tragedia en Acapulco para hacer proselitismo pol\u00edtico. Cabe se\u00f1alar que por medio de redes sociales, comparti\u00f3 una foto posando junto a los v\u00edveres que recaudaron sus seguidores, los \u00abXochillovers\u00bb. Hay que recordar que esta no es la primera vez que se le ha criticado por sus acciones acerca de \u00abayudar\u00bb a Acapulco. En un centro de acopio de la Cruz Roja, un [&hellip;]<\/p>\n","protected":false},"author":2,"featured_media":112247,"comment_status":"closed","ping_status":"closed","sticky":false,"template":"","format":"standard","meta":{"footnotes":""},"categories":[46],"tags":[],"class_list":["post-112236","post","type-post","status-publish","format-standard","has-post-thumbnail","hentry","category-nacional","post--single"],"yoast_head":"<!-- This site is optimized with the Yoast SEO plugin v27.5 - https:\/\/yoast.com\/product\/yoast-seo-wordpress\/ -->\n<title>Acusan a X\u00f3chitl G\u00e1lvez de lucrar con tragedia en Guerrero - Canal 7 SLP - 2023<\/title>\n<meta name=\"robots\" content=\"index, follow, max-snippet:-1, max-image-preview:large, max-video-preview:-1\" \/>\n<link rel=\"canonical\" href=\"https:\/\/canal7slp.tv\/2023\/acusan-a-xochitl-galvez-de-lucrar-con-tragedia-en-guerrero\/\" \/>\n<meta property=\"og:locale\" content=\"es_ES\" \/>\n<meta property=\"og:type\" content=\"article\" \/>\n<meta property=\"og:title\" content=\"Acusan a X\u00f3chitl G\u00e1lvez de lucrar con tragedia en Guerrero - Canal 7 SLP - 2023\" \/>\n<meta property=\"og:description\" content=\"Acapulco.- La empresaria panista X\u00f3chitl G\u00e1lvez ha sido objeto de cr\u00edticas por marcar los v\u00edveres que envi\u00f3 a los damnificados en Guerrero con su logo, un coraz\u00f3n con una X. Los internautas la acusaron de aprovecharse de la tragedia en Acapulco para hacer proselitismo pol\u00edtico. Cabe se\u00f1alar que por medio de redes sociales, comparti\u00f3 una foto posando junto a los v\u00edveres que recaudaron sus seguidores, los \u00abXochillovers\u00bb. Hay que recordar que esta no es la primera vez que se le ha criticado por sus acciones acerca de \u00abayudar\u00bb a Acapulco. En un centro de acopio de la Cruz Roja, un [&hellip;]\" \/>\n<meta property=\"og:url\" content=\"https:\/\/canal7slp.tv\/2023\/acusan-a-xochitl-galvez-de-lucrar-con-tragedia-en-guerrero\/\" \/>\n<meta property=\"og:site_name\" content=\"Canal 7 SLP - 2023\" \/>\n<meta property=\"article:publisher\" content=\"https:\/\/www.facebook.com\/noticieroscanalsiete\" \/>\n<meta property=\"article:published_time\" content=\"2023-11-07T21:41:42+00:00\" \/>\n<meta property=\"og:image\" content=\"https:\/\/canal7slp.tv\/2023\/wp-content\/uploads\/2023\/11\/05-3.jpg\" \/>\n\t<meta property=\"og:image:width\" content=\"1600\" \/>\n\t<meta property=\"og:image:height\" content=\"986\" \/>\n\t<meta property=\"og:image:type\" content=\"image\/jpeg\" \/>\n<meta name=\"author\" content=\"Edici\u00f3n Web\" \/>\n<meta name=\"twitter:card\" content=\"summary_large_image\" \/>\n<meta name=\"twitter:creator\" content=\"@NOTICIEROS7\" \/>\n<meta name=\"twitter:site\" content=\"@NOTICIEROS7\" \/>\n<meta name=\"twitter:label1\" content=\"Escrito por\" \/>\n\t<meta name=\"twitter:data1\" content=\"Edici\u00f3n Web\" \/>\n\t<meta name=\"twitter:label2\" content=\"Tiempo de lectura\" \/>\n\t<meta name=\"twitter:data2\" content=\"1 minuto\" \/>\n<script type=\"application\/ld+json\" class=\"yoast-schema-graph\">{\"@context\":\"https:\\\/\\\/schema.org\",\"@graph\":[{\"@type\":\"Article\",\"@id\":\"https:\\\/\\\/canal7slp.tv\\\/2023\\\/acusan-a-xochitl-galvez-de-lucrar-con-tragedia-en-guerrero\\\/#article\",\"isPartOf\":{\"@id\":\"https:\\\/\\\/canal7slp.tv\\\/2023\\\/acusan-a-xochitl-galvez-de-lucrar-con-tragedia-en-guerrero\\\/\"},\"author\":{\"name\":\"Edici\u00f3n Web\",\"@id\":\"https:\\\/\\\/canal7slp.tv\\\/2023\\\/#\\\/schema\\\/person\\\/639c424e3584069003b11ae813915da6\"},\"headline\":\"Acusan a X\u00f3chitl G\u00e1lvez de lucrar con tragedia en Guerrero\",\"datePublished\":\"2023-11-07T21:41:42+00:00\",\"mainEntityOfPage\":{\"@id\":\"https:\\\/\\\/canal7slp.tv\\\/2023\\\/acusan-a-xochitl-galvez-de-lucrar-con-tragedia-en-guerrero\\\/\"},\"wordCount\":152,\"publisher\":{\"@id\":\"https:\\\/\\\/canal7slp.tv\\\/2023\\\/#organization\"},\"image\":{\"@id\":\"https:\\\/\\\/canal7slp.tv\\\/2023\\\/acusan-a-xochitl-galvez-de-lucrar-con-tragedia-en-guerrero\\\/#primaryimage\"},\"thumbnailUrl\":\"https:\\\/\\\/canal7slp.tv\\\/2023\\\/wp-content\\\/uploads\\\/2023\\\/11\\\/05-3.jpg\",\"articleSection\":[\"NACIONALES\"],\"inLanguage\":\"es\"},{\"@type\":\"WebPage\",\"@id\":\"https:\\\/\\\/canal7slp.tv\\\/2023\\\/acusan-a-xochitl-galvez-de-lucrar-con-tragedia-en-guerrero\\\/\",\"url\":\"https:\\\/\\\/canal7slp.tv\\\/2023\\\/acusan-a-xochitl-galvez-de-lucrar-con-tragedia-en-guerrero\\\/\",\"name\":\"Acusan a X\u00f3chitl G\u00e1lvez de lucrar con tragedia en Guerrero - Canal 7 SLP - 2023\",\"isPartOf\":{\"@id\":\"https:\\\/\\\/canal7slp.tv\\\/2023\\\/#website\"},\"primaryImageOfPage\":{\"@id\":\"https:\\\/\\\/canal7slp.tv\\\/2023\\\/acusan-a-xochitl-galvez-de-lucrar-con-tragedia-en-guerrero\\\/#primaryimage\"},\"image\":{\"@id\":\"https:\\\/\\\/canal7slp.tv\\\/2023\\\/acusan-a-xochitl-galvez-de-lucrar-con-tragedia-en-guerrero\\\/#primaryimage\"},\"thumbnailUrl\":\"https:\\\/\\\/canal7slp.tv\\\/2023\\\/wp-content\\\/uploads\\\/2023\\\/11\\\/05-3.jpg\",\"datePublished\":\"2023-11-07T21:41:42+00:00\",\"breadcrumb\":{\"@id\":\"https:\\\/\\\/canal7slp.tv\\\/2023\\\/acusan-a-xochitl-galvez-de-lucrar-con-tragedia-en-guerrero\\\/#breadcrumb\"},\"inLanguage\":\"es\",\"potentialAction\":[{\"@type\":\"ReadAction\",\"target\":[\"https:\\\/\\\/canal7slp.tv\\\/2023\\\/acusan-a-xochitl-galvez-de-lucrar-con-tragedia-en-guerrero\\\/\"]}]},{\"@type\":\"ImageObject\",\"inLanguage\":\"es\",\"@id\":\"https:\\\/\\\/canal7slp.tv\\\/2023\\\/acusan-a-xochitl-galvez-de-lucrar-con-tragedia-en-guerrero\\\/#primaryimage\",\"url\":\"https:\\\/\\\/canal7slp.tv\\\/2023\\\/wp-content\\\/uploads\\\/2023\\\/11\\\/05-3.jpg\",\"contentUrl\":\"https:\\\/\\\/canal7slp.tv\\\/2023\\\/wp-content\\\/uploads\\\/2023\\\/11\\\/05-3.jpg\",\"width\":1600,\"height\":986},{\"@type\":\"BreadcrumbList\",\"@id\":\"https:\\\/\\\/canal7slp.tv\\\/2023\\\/acusan-a-xochitl-galvez-de-lucrar-con-tragedia-en-guerrero\\\/#breadcrumb\",\"itemListElement\":[{\"@type\":\"ListItem\",\"position\":1,\"name\":\"Portada\",\"item\":\"https:\\\/\\\/canal7slp.tv\\\/2023\\\/\"},{\"@type\":\"ListItem\",\"position\":2,\"name\":\"Acusan a X\u00f3chitl G\u00e1lvez de lucrar con tragedia en Guerrero\"}]},{\"@type\":\"WebSite\",\"@id\":\"https:\\\/\\\/canal7slp.tv\\\/2023\\\/#website\",\"url\":\"https:\\\/\\\/canal7slp.tv\\\/2023\\\/\",\"name\":\"N7 - Noticieros Canal 7\",\"description\":\"Somos Televisi\u00f3n\",\"publisher\":{\"@id\":\"https:\\\/\\\/canal7slp.tv\\\/2023\\\/#organization\"},\"potentialAction\":[{\"@type\":\"SearchAction\",\"target\":{\"@type\":\"EntryPoint\",\"urlTemplate\":\"https:\\\/\\\/canal7slp.tv\\\/2023\\\/?s={search_term_string}\"},\"query-input\":{\"@type\":\"PropertyValueSpecification\",\"valueRequired\":true,\"valueName\":\"search_term_string\"}}],\"inLanguage\":\"es\"},{\"@type\":\"Organization\",\"@id\":\"https:\\\/\\\/canal7slp.tv\\\/2023\\\/#organization\",\"name\":\"Noticieros Canal 7\",\"url\":\"https:\\\/\\\/canal7slp.tv\\\/2023\\\/\",\"logo\":{\"@type\":\"ImageObject\",\"inLanguage\":\"es\",\"@id\":\"https:\\\/\\\/canal7slp.tv\\\/2023\\\/#\\\/schema\\\/logo\\\/image\\\/\",\"url\":\"https:\\\/\\\/canal7slp.tv\\\/2023\\\/wp-content\\\/uploads\\\/2021\\\/01\\\/logo-noticieros@2x.png\",\"contentUrl\":\"https:\\\/\\\/canal7slp.tv\\\/2023\\\/wp-content\\\/uploads\\\/2021\\\/01\\\/logo-noticieros@2x.png\",\"width\":1017,\"height\":268,\"caption\":\"Noticieros Canal 7\"},\"image\":{\"@id\":\"https:\\\/\\\/canal7slp.tv\\\/2023\\\/#\\\/schema\\\/logo\\\/image\\\/\"},\"sameAs\":[\"https:\\\/\\\/www.facebook.com\\\/noticieroscanalsiete\",\"https:\\\/\\\/x.com\\\/NOTICIEROS7\",\"https:\\\/\\\/www.instagram.com\\\/canal7_slp\",\"https:\\\/\\\/www.youtube.com\\\/channel\\\/UCliiYs-gP3JfJeqdPrNdd5A\"]},{\"@type\":\"Person\",\"@id\":\"https:\\\/\\\/canal7slp.tv\\\/2023\\\/#\\\/schema\\\/person\\\/639c424e3584069003b11ae813915da6\",\"name\":\"Edici\u00f3n Web\",\"image\":{\"@type\":\"ImageObject\",\"inLanguage\":\"es\",\"@id\":\"https:\\\/\\\/secure.gravatar.com\\\/avatar\\\/eee448fc3f7164808013b816ba91ac7e43bbe82a70bebac296f8bc6f0addaa1a?s=96&d=mm&r=g\",\"url\":\"https:\\\/\\\/secure.gravatar.com\\\/avatar\\\/eee448fc3f7164808013b816ba91ac7e43bbe82a70bebac296f8bc6f0addaa1a?s=96&d=mm&r=g\",\"contentUrl\":\"https:\\\/\\\/secure.gravatar.com\\\/avatar\\\/eee448fc3f7164808013b816ba91ac7e43bbe82a70bebac296f8bc6f0addaa1a?s=96&d=mm&r=g\",\"caption\":\"Edici\u00f3n Web\"},\"url\":\"https:\\\/\\\/canal7slp.tv\\\/2023\\\/author\\\/edicionweb\\\/\"}]}<\/script>\n<!-- \/ Yoast SEO plugin. -->","yoast_head_json":{"title":"Acusan a X\u00f3chitl G\u00e1lvez de lucrar con tragedia en Guerrero - Canal 7 SLP - 2023","robots":{"index":"index","follow":"follow","max-snippet":"max-snippet:-1","max-image-preview":"max-image-preview:large","max-video-preview":"max-video-preview:-1"},"canonical":"https:\/\/canal7slp.tv\/2023\/acusan-a-xochitl-galvez-de-lucrar-con-tragedia-en-guerrero\/","og_locale":"es_ES","og_type":"article","og_title":"Acusan a X\u00f3chitl G\u00e1lvez de lucrar con tragedia en Guerrero - Canal 7 SLP - 2023","og_description":"Acapulco.- La empresaria panista X\u00f3chitl G\u00e1lvez ha sido objeto de cr\u00edticas por marcar los v\u00edveres que envi\u00f3 a los damnificados en Guerrero con su logo, un coraz\u00f3n con una X. Los internautas la acusaron de aprovecharse de la tragedia en Acapulco para hacer proselitismo pol\u00edtico. Cabe se\u00f1alar que por medio de redes sociales, comparti\u00f3 una foto posando junto a los v\u00edveres que recaudaron sus seguidores, los \u00abXochillovers\u00bb. Hay que recordar que esta no es la primera vez que se le ha criticado por sus acciones acerca de \u00abayudar\u00bb a Acapulco. En un centro de acopio de la Cruz Roja, un [&hellip;]","og_url":"https:\/\/canal7slp.tv\/2023\/acusan-a-xochitl-galvez-de-lucrar-con-tragedia-en-guerrero\/","og_site_name":"Canal 7 SLP - 2023","article_publisher":"https:\/\/www.facebook.com\/noticieroscanalsiete","article_published_time":"2023-11-07T21:41:42+00:00","og_image":[{"width":1600,"height":986,"url":"https:\/\/canal7slp.tv\/2023\/wp-content\/uploads\/2023\/11\/05-3.jpg","type":"image\/jpeg"}],"author":"Edici\u00f3n Web","twitter_card":"summary_large_image","twitter_creator":"@NOTICIEROS7","twitter_site":"@NOTICIEROS7","twitter_misc":{"Escrito por":"Edici\u00f3n Web","Tiempo de lectura":"1 minuto"},"schema":{"@context":"https:\/\/schema.org","@graph":[{"@type":"Article","@id":"https:\/\/canal7slp.tv\/2023\/acusan-a-xochitl-galvez-de-lucrar-con-tragedia-en-guerrero\/#article","isPartOf":{"@id":"https:\/\/canal7slp.tv\/2023\/acusan-a-xochitl-galvez-de-lucrar-con-tragedia-en-guerrero\/"},"author":{"name":"Edici\u00f3n Web","@id":"https:\/\/canal7slp.tv\/2023\/#\/schema\/person\/639c424e3584069003b11ae813915da6"},"headline":"Acusan a X\u00f3chitl G\u00e1lvez de lucrar con tragedia en Guerrero","datePublished":"2023-11-07T21:41:42+00:00","mainEntityOfPage":{"@id":"https:\/\/canal7slp.tv\/2023\/acusan-a-xochitl-galvez-de-lucrar-con-tragedia-en-guerrero\/"},"wordCount":152,"publisher":{"@id":"https:\/\/canal7slp.tv\/2023\/#organization"},"image":{"@id":"https:\/\/canal7slp.tv\/2023\/acusan-a-xochitl-galvez-de-lucrar-con-tragedia-en-guerrero\/#primaryimage"},"thumbnailUrl":"https:\/\/canal7slp.tv\/2023\/wp-content\/uploads\/2023\/11\/05-3.jpg","articleSection":["NACIONALES"],"inLanguage":"es"},{"@type":"WebPage","@id":"https:\/\/canal7slp.tv\/2023\/acusan-a-xochitl-galvez-de-lucrar-con-tragedia-en-guerrero\/","url":"https:\/\/canal7slp.tv\/2023\/acusan-a-xochitl-galvez-de-lucrar-con-tragedia-en-guerrero\/","name":"Acusan a X\u00f3chitl G\u00e1lvez de lucrar con tragedia en Guerrero - Canal 7 SLP - 2023","isPartOf":{"@id":"https:\/\/canal7slp.tv\/2023\/#website"},"primaryImageOfPage":{"@id":"https:\/\/canal7slp.tv\/2023\/acusan-a-xochitl-galvez-de-lucrar-con-tragedia-en-guerrero\/#primaryimage"},"image":{"@id":"https:\/\/canal7slp.tv\/2023\/acusan-a-xochitl-galvez-de-lucrar-con-tragedia-en-guerrero\/#primaryimage"},"thumbnailUrl":"https:\/\/canal7slp.tv\/2023\/wp-content\/uploads\/2023\/11\/05-3.jpg","datePublished":"2023-11-07T21:41:42+00:00","breadcrumb":{"@id":"https:\/\/canal7slp.tv\/2023\/acusan-a-xochitl-galvez-de-lucrar-con-tragedia-en-guerrero\/#breadcrumb"},"inLanguage":"es","potentialAction":[{"@type":"ReadAction","target":["https:\/\/canal7slp.tv\/2023\/acusan-a-xochitl-galvez-de-lucrar-con-tragedia-en-guerrero\/"]}]},{"@type":"ImageObject","inLanguage":"es","@id":"https:\/\/canal7slp.tv\/2023\/acusan-a-xochitl-galvez-de-lucrar-con-tragedia-en-guerrero\/#primaryimage","url":"https:\/\/canal7slp.tv\/2023\/wp-content\/uploads\/2023\/11\/05-3.jpg","contentUrl":"https:\/\/canal7slp.tv\/2023\/wp-content\/uploads\/2023\/11\/05-3.jpg","width":1600,"height":986},{"@type":"BreadcrumbList","@id":"https:\/\/canal7slp.tv\/2023\/acusan-a-xochitl-galvez-de-lucrar-con-tragedia-en-guerrero\/#breadcrumb","itemListElement":[{"@type":"ListItem","position":1,"name":"Portada","item":"https:\/\/canal7slp.tv\/2023\/"},{"@type":"ListItem","position":2,"name":"Acusan a X\u00f3chitl G\u00e1lvez de lucrar con tragedia en Guerrero"}]},{"@type":"WebSite","@id":"https:\/\/canal7slp.tv\/2023\/#website","url":"https:\/\/canal7slp.tv\/2023\/","name":"N7 - Noticieros Canal 7","description":"Somos Televisi\u00f3n","publisher":{"@id":"https:\/\/canal7slp.tv\/2023\/#organization"},"potentialAction":[{"@type":"SearchAction","target":{"@type":"EntryPoint","urlTemplate":"https:\/\/canal7slp.tv\/2023\/?s={search_term_string}"},"query-input":{"@type":"PropertyValueSpecification","valueRequired":true,"valueName":"search_term_string"}}],"inLanguage":"es"},{"@type":"Organization","@id":"https:\/\/canal7slp.tv\/2023\/#organization","name":"Noticieros Canal 7","url":"https:\/\/canal7slp.tv\/2023\/","logo":{"@type":"ImageObject","inLanguage":"es","@id":"https:\/\/canal7slp.tv\/2023\/#\/schema\/logo\/image\/","url":"https:\/\/canal7slp.tv\/2023\/wp-content\/uploads\/2021\/01\/logo-noticieros@2x.png","contentUrl":"https:\/\/canal7slp.tv\/2023\/wp-content\/uploads\/2021\/01\/logo-noticieros@2x.png","width":1017,"height":268,"caption":"Noticieros Canal 7"},"image":{"@id":"https:\/\/canal7slp.tv\/2023\/#\/schema\/logo\/image\/"},"sameAs":["https:\/\/www.facebook.com\/noticieroscanalsiete","https:\/\/x.com\/NOTICIEROS7","https:\/\/www.instagram.com\/canal7_slp","https:\/\/www.youtube.com\/channel\/UCliiYs-gP3JfJeqdPrNdd5A"]},{"@type":"Person","@id":"https:\/\/canal7slp.tv\/2023\/#\/schema\/person\/639c424e3584069003b11ae813915da6","name":"Edici\u00f3n Web","image":{"@type":"ImageObject","inLanguage":"es","@id":"https:\/\/secure.gravatar.com\/avatar\/eee448fc3f7164808013b816ba91ac7e43bbe82a70bebac296f8bc6f0addaa1a?s=96&d=mm&r=g","url":"https:\/\/secure.gravatar.com\/avatar\/eee448fc3f7164808013b816ba91ac7e43bbe82a70bebac296f8bc6f0addaa1a?s=96&d=mm&r=g","contentUrl":"https:\/\/secure.gravatar.com\/avatar\/eee448fc3f7164808013b816ba91ac7e43bbe82a70bebac296f8bc6f0addaa1a?s=96&d=mm&r=g","caption":"Edici\u00f3n Web"},"url":"https:\/\/canal7slp.tv\/2023\/author\/edicionweb\/"}]}},"_links":{"self":[{"href":"https:\/\/canal7slp.tv\/2023\/wp-json\/wp\/v2\/posts\/112236","targetHints":{"allow":["GET"]}}],"collection":[{"href":"https:\/\/canal7slp.tv\/2023\/wp-json\/wp\/v2\/posts"}],"about":[{"href":"https:\/\/canal7slp.tv\/2023\/wp-json\/wp\/v2\/types\/post"}],"author":[{"embeddable":true,"href":"https:\/\/canal7slp.tv\/2023\/wp-json\/wp\/v2\/users\/2"}],"replies":[{"embeddable":true,"href":"https:\/\/canal7slp.tv\/2023\/wp-json\/wp\/v2\/comments?post=112236"}],"version-history":[{"count":3,"href":"https:\/\/canal7slp.tv\/2023\/wp-json\/wp\/v2\/posts\/112236\/revisions"}],"predecessor-version":[{"id":112470,"href":"https:\/\/canal7slp.tv\/2023\/wp-json\/wp\/v2\/posts\/112236\/revisions\/112470"}],"wp:featuredmedia":[{"embeddable":true,"href":"https:\/\/canal7slp.tv\/2023\/wp-json\/wp\/v2\/media\/112247"}],"wp:attachment":[{"href":"https:\/\/canal7slp.tv\/2023\/wp-json\/wp\/v2\/media?parent=112236"}],"wp:term":[{"taxonomy":"category","embeddable":true,"href":"https:\/\/canal7slp.tv\/2023\/wp-json\/wp\/v2\/categories?post=112236"},{"taxonomy":"post_tag","embeddable":true,"href":"https:\/\/canal7slp.tv\/2023\/wp-json\/wp\/v2\/tags?post=112236"}],"curies":[{"name":"wp","href":"https:\/\/api.w.org\/{rel}","templated":true}]}}