{"id":111369,"date":"2023-10-27T16:57:11","date_gmt":"2023-10-27T22:57:11","guid":{"rendered":"https:\/\/canal7slp.tv\/2023\/?p=111369"},"modified":"2023-10-27T16:57:11","modified_gmt":"2023-10-27T22:57:11","slug":"sin-coordinacion-en-materia-de-seguridad-con-mayoria-de-municipios-reconocen-autoridades-estatales","status":"publish","type":"post","link":"https:\/\/canal7slp.tv\/2023\/sin-coordinacion-en-materia-de-seguridad-con-mayoria-de-municipios-reconocen-autoridades-estatales\/","title":{"rendered":"Sin coordinaci\u00f3n en materia de seguridad con mayor\u00eda de municipios, reconocen autoridades estatales"},"content":{"rendered":"<p style=\"text-align: justify;\">SLP.- No existe una coordinaci\u00f3n en materia de seguridad con la mayor\u00eda de los municipios que conforman el estado de San Luis Potos\u00ed, seg\u00fan se report\u00f3 desde la Secretar\u00eda de Seguridad y Protecci\u00f3n Ciudadana.<\/p>\n<p style=\"text-align: justify;\">As\u00ed lo mencion\u00f3 el titular de la dependencia, Guzmar \u00c1ngel Gonz\u00e1lez Castillo, qui\u00e9n asegur\u00f3 que ello ha propiciado que se registren eventos de inseguridad y que afectan la percepci\u00f3n que tiene la poblaci\u00f3n en este tema.<\/p>\n<p style=\"text-align: justify;\">\u00abLamentablemente en la mayor\u00eda no existe una cooperaci\u00f3n, solo cuando tienen eventos de sus localidades es cuando nos piden la coordinaci\u00f3n, como por ejemplo los consejos municipales que se realizan y asistimos\u00bb, dijo.<\/p>\n<p style=\"text-align: justify;\">Aunque no existe como tal un trabajo en equipo, asegur\u00f3 que desde el estado s\u00ed se responde a los llamados que hacen las propias demarcaciones, sobretodo las que pertenecen a la Zona Huasteca.<\/p>\n<p style=\"text-align: justify;\">\u00abViene el Xantolo y nos piden apoyo, viene su feria local y nos piden apoyo y nosotros desde luego estamos reforz\u00e1ndolos y apoy\u00e1ndolos, pero quisiera que esto siempre fuera para todas las actividades diarias\u00bb, apunt\u00f3.<\/p>\n<p style=\"text-align: justify;\">Gonz\u00e1lez Castillo indic\u00f3 que esta situaci\u00f3n se presenta por varios factores, por lo que insisti\u00f3 en seguir con el fortalecimiento de las estrategias de seguridad y las reuniones constantes con los gobiernos municipales.<\/p>\n<p style=\"text-align: justify;\">\u00abHay muchos factores, verdad, hay muchos factores, aqu\u00ed ser\u00eda muy conveniente que nos vamos a volver a reunir para ver en d\u00f3nde nosotros podemos ayudarlos\u00bb, finaliz\u00f3.<\/p>\n<p>Por: Jos\u00e9 Luis V\u00e1zquez<\/p>\n","protected":false},"excerpt":{"rendered":"<p>SLP.- No existe una coordinaci\u00f3n en materia de seguridad con la mayor\u00eda de los municipios que conforman el estado de San Luis Potos\u00ed, seg\u00fan se report\u00f3 desde la Secretar\u00eda de Seguridad y Protecci\u00f3n Ciudadana. As\u00ed lo mencion\u00f3 el titular de la dependencia, Guzmar \u00c1ngel Gonz\u00e1lez Castillo, qui\u00e9n asegur\u00f3 que ello ha propiciado que se registren eventos de inseguridad y que afectan la percepci\u00f3n que tiene la poblaci\u00f3n en este tema. \u00abLamentablemente en la mayor\u00eda no existe una cooperaci\u00f3n, solo cuando tienen eventos de sus localidades es cuando nos piden la coordinaci\u00f3n, como por ejemplo los consejos municipales que se realizan [&hellip;]<\/p>\n","protected":false},"author":2,"featured_media":111370,"comment_status":"closed","ping_status":"closed","sticky":false,"template":"","format":"video","meta":{"footnotes":""},"categories":[5,45],"tags":[],"class_list":["post-111369","post","type-post","status-publish","format-video","has-post-thumbnail","hentry","category-destacadas","category-localesyregionales","post_format-post-format-video","post--single"],"yoast_head":"<!-- This site is optimized with the Yoast SEO plugin v27.4 - https:\/\/yoast.com\/product\/yoast-seo-wordpress\/ -->\n<title>Sin coordinaci\u00f3n en materia de seguridad con mayor\u00eda de municipios, reconocen autoridades estatales - Canal 7 SLP - 2023<\/title>\n<meta name=\"robots\" content=\"index, follow, max-snippet:-1, max-image-preview:large, max-video-preview:-1\" \/>\n<link rel=\"canonical\" href=\"https:\/\/canal7slp.tv\/2023\/sin-coordinacion-en-materia-de-seguridad-con-mayoria-de-municipios-reconocen-autoridades-estatales\/\" \/>\n<meta property=\"og:locale\" content=\"es_ES\" \/>\n<meta property=\"og:type\" content=\"article\" \/>\n<meta property=\"og:title\" content=\"Sin coordinaci\u00f3n en materia de seguridad con mayor\u00eda de municipios, reconocen autoridades estatales - Canal 7 SLP - 2023\" \/>\n<meta property=\"og:description\" content=\"SLP.- No existe una coordinaci\u00f3n en materia de seguridad con la mayor\u00eda de los municipios que conforman el estado de San Luis Potos\u00ed, seg\u00fan se report\u00f3 desde la Secretar\u00eda de Seguridad y Protecci\u00f3n Ciudadana. As\u00ed lo mencion\u00f3 el titular de la dependencia, Guzmar \u00c1ngel Gonz\u00e1lez Castillo, qui\u00e9n asegur\u00f3 que ello ha propiciado que se registren eventos de inseguridad y que afectan la percepci\u00f3n que tiene la poblaci\u00f3n en este tema. \u00abLamentablemente en la mayor\u00eda no existe una cooperaci\u00f3n, solo cuando tienen eventos de sus localidades es cuando nos piden la coordinaci\u00f3n, como por ejemplo los consejos municipales que se realizan [&hellip;]\" \/>\n<meta property=\"og:url\" content=\"https:\/\/canal7slp.tv\/2023\/sin-coordinacion-en-materia-de-seguridad-con-mayoria-de-municipios-reconocen-autoridades-estatales\/\" \/>\n<meta property=\"og:site_name\" content=\"Canal 7 SLP - 2023\" \/>\n<meta property=\"article:publisher\" content=\"https:\/\/www.facebook.com\/noticieroscanalsiete\" \/>\n<meta property=\"article:published_time\" content=\"2023-10-27T22:57:11+00:00\" \/>\n<meta property=\"og:image\" content=\"https:\/\/canal7slp.tv\/2023\/wp-content\/uploads\/2023\/10\/Vazquez03Coordinacion.jpg\" \/>\n\t<meta property=\"og:image:width\" content=\"1280\" \/>\n\t<meta property=\"og:image:height\" content=\"720\" \/>\n\t<meta property=\"og:image:type\" content=\"image\/jpeg\" \/>\n<meta name=\"author\" content=\"Edici\u00f3n Web\" \/>\n<meta name=\"twitter:card\" content=\"summary_large_image\" \/>\n<meta name=\"twitter:creator\" content=\"@NOTICIEROS7\" \/>\n<meta name=\"twitter:site\" content=\"@NOTICIEROS7\" \/>\n<meta name=\"twitter:label1\" content=\"Escrito por\" \/>\n\t<meta name=\"twitter:data1\" content=\"Edici\u00f3n Web\" \/>\n\t<meta name=\"twitter:label2\" content=\"Tiempo de lectura\" \/>\n\t<meta name=\"twitter:data2\" content=\"2 minutos\" \/>\n<script type=\"application\/ld+json\" class=\"yoast-schema-graph\">{\"@context\":\"https:\\\/\\\/schema.org\",\"@graph\":[{\"@type\":\"Article\",\"@id\":\"https:\\\/\\\/canal7slp.tv\\\/2023\\\/sin-coordinacion-en-materia-de-seguridad-con-mayoria-de-municipios-reconocen-autoridades-estatales\\\/#article\",\"isPartOf\":{\"@id\":\"https:\\\/\\\/canal7slp.tv\\\/2023\\\/sin-coordinacion-en-materia-de-seguridad-con-mayoria-de-municipios-reconocen-autoridades-estatales\\\/\"},\"author\":{\"name\":\"Edici\u00f3n Web\",\"@id\":\"https:\\\/\\\/canal7slp.tv\\\/2023\\\/#\\\/schema\\\/person\\\/639c424e3584069003b11ae813915da6\"},\"headline\":\"Sin coordinaci\u00f3n en materia de seguridad con mayor\u00eda de municipios, reconocen autoridades estatales\",\"datePublished\":\"2023-10-27T22:57:11+00:00\",\"mainEntityOfPage\":{\"@id\":\"https:\\\/\\\/canal7slp.tv\\\/2023\\\/sin-coordinacion-en-materia-de-seguridad-con-mayoria-de-municipios-reconocen-autoridades-estatales\\\/\"},\"wordCount\":269,\"publisher\":{\"@id\":\"https:\\\/\\\/canal7slp.tv\\\/2023\\\/#organization\"},\"image\":{\"@id\":\"https:\\\/\\\/canal7slp.tv\\\/2023\\\/sin-coordinacion-en-materia-de-seguridad-con-mayoria-de-municipios-reconocen-autoridades-estatales\\\/#primaryimage\"},\"thumbnailUrl\":\"https:\\\/\\\/canal7slp.tv\\\/2023\\\/wp-content\\\/uploads\\\/2023\\\/10\\\/Vazquez03Coordinacion.jpg\",\"articleSection\":[\"DESTACADAS\",\"LOCALES Y REGIONALES\"],\"inLanguage\":\"es\"},{\"@type\":\"WebPage\",\"@id\":\"https:\\\/\\\/canal7slp.tv\\\/2023\\\/sin-coordinacion-en-materia-de-seguridad-con-mayoria-de-municipios-reconocen-autoridades-estatales\\\/\",\"url\":\"https:\\\/\\\/canal7slp.tv\\\/2023\\\/sin-coordinacion-en-materia-de-seguridad-con-mayoria-de-municipios-reconocen-autoridades-estatales\\\/\",\"name\":\"Sin coordinaci\u00f3n en materia de seguridad con mayor\u00eda de municipios, reconocen autoridades estatales - Canal 7 SLP - 2023\",\"isPartOf\":{\"@id\":\"https:\\\/\\\/canal7slp.tv\\\/2023\\\/#website\"},\"primaryImageOfPage\":{\"@id\":\"https:\\\/\\\/canal7slp.tv\\\/2023\\\/sin-coordinacion-en-materia-de-seguridad-con-mayoria-de-municipios-reconocen-autoridades-estatales\\\/#primaryimage\"},\"image\":{\"@id\":\"https:\\\/\\\/canal7slp.tv\\\/2023\\\/sin-coordinacion-en-materia-de-seguridad-con-mayoria-de-municipios-reconocen-autoridades-estatales\\\/#primaryimage\"},\"thumbnailUrl\":\"https:\\\/\\\/canal7slp.tv\\\/2023\\\/wp-content\\\/uploads\\\/2023\\\/10\\\/Vazquez03Coordinacion.jpg\",\"datePublished\":\"2023-10-27T22:57:11+00:00\",\"breadcrumb\":{\"@id\":\"https:\\\/\\\/canal7slp.tv\\\/2023\\\/sin-coordinacion-en-materia-de-seguridad-con-mayoria-de-municipios-reconocen-autoridades-estatales\\\/#breadcrumb\"},\"inLanguage\":\"es\",\"potentialAction\":[{\"@type\":\"ReadAction\",\"target\":[\"https:\\\/\\\/canal7slp.tv\\\/2023\\\/sin-coordinacion-en-materia-de-seguridad-con-mayoria-de-municipios-reconocen-autoridades-estatales\\\/\"]}]},{\"@type\":\"ImageObject\",\"inLanguage\":\"es\",\"@id\":\"https:\\\/\\\/canal7slp.tv\\\/2023\\\/sin-coordinacion-en-materia-de-seguridad-con-mayoria-de-municipios-reconocen-autoridades-estatales\\\/#primaryimage\",\"url\":\"https:\\\/\\\/canal7slp.tv\\\/2023\\\/wp-content\\\/uploads\\\/2023\\\/10\\\/Vazquez03Coordinacion.jpg\",\"contentUrl\":\"https:\\\/\\\/canal7slp.tv\\\/2023\\\/wp-content\\\/uploads\\\/2023\\\/10\\\/Vazquez03Coordinacion.jpg\",\"width\":1280,\"height\":720},{\"@type\":\"BreadcrumbList\",\"@id\":\"https:\\\/\\\/canal7slp.tv\\\/2023\\\/sin-coordinacion-en-materia-de-seguridad-con-mayoria-de-municipios-reconocen-autoridades-estatales\\\/#breadcrumb\",\"itemListElement\":[{\"@type\":\"ListItem\",\"position\":1,\"name\":\"Portada\",\"item\":\"https:\\\/\\\/canal7slp.tv\\\/2023\\\/\"},{\"@type\":\"ListItem\",\"position\":2,\"name\":\"Sin coordinaci\u00f3n en materia de seguridad con mayor\u00eda de municipios, reconocen autoridades estatales\"}]},{\"@type\":\"WebSite\",\"@id\":\"https:\\\/\\\/canal7slp.tv\\\/2023\\\/#website\",\"url\":\"https:\\\/\\\/canal7slp.tv\\\/2023\\\/\",\"name\":\"N7 - Noticieros Canal 7\",\"description\":\"Somos Televisi\u00f3n\",\"publisher\":{\"@id\":\"https:\\\/\\\/canal7slp.tv\\\/2023\\\/#organization\"},\"potentialAction\":[{\"@type\":\"SearchAction\",\"target\":{\"@type\":\"EntryPoint\",\"urlTemplate\":\"https:\\\/\\\/canal7slp.tv\\\/2023\\\/?s={search_term_string}\"},\"query-input\":{\"@type\":\"PropertyValueSpecification\",\"valueRequired\":true,\"valueName\":\"search_term_string\"}}],\"inLanguage\":\"es\"},{\"@type\":\"Organization\",\"@id\":\"https:\\\/\\\/canal7slp.tv\\\/2023\\\/#organization\",\"name\":\"Noticieros Canal 7\",\"url\":\"https:\\\/\\\/canal7slp.tv\\\/2023\\\/\",\"logo\":{\"@type\":\"ImageObject\",\"inLanguage\":\"es\",\"@id\":\"https:\\\/\\\/canal7slp.tv\\\/2023\\\/#\\\/schema\\\/logo\\\/image\\\/\",\"url\":\"https:\\\/\\\/canal7slp.tv\\\/2023\\\/wp-content\\\/uploads\\\/2021\\\/01\\\/logo-noticieros@2x.png\",\"contentUrl\":\"https:\\\/\\\/canal7slp.tv\\\/2023\\\/wp-content\\\/uploads\\\/2021\\\/01\\\/logo-noticieros@2x.png\",\"width\":1017,\"height\":268,\"caption\":\"Noticieros Canal 7\"},\"image\":{\"@id\":\"https:\\\/\\\/canal7slp.tv\\\/2023\\\/#\\\/schema\\\/logo\\\/image\\\/\"},\"sameAs\":[\"https:\\\/\\\/www.facebook.com\\\/noticieroscanalsiete\",\"https:\\\/\\\/x.com\\\/NOTICIEROS7\",\"https:\\\/\\\/www.instagram.com\\\/canal7_slp\",\"https:\\\/\\\/www.youtube.com\\\/channel\\\/UCliiYs-gP3JfJeqdPrNdd5A\"]},{\"@type\":\"Person\",\"@id\":\"https:\\\/\\\/canal7slp.tv\\\/2023\\\/#\\\/schema\\\/person\\\/639c424e3584069003b11ae813915da6\",\"name\":\"Edici\u00f3n Web\",\"image\":{\"@type\":\"ImageObject\",\"inLanguage\":\"es\",\"@id\":\"https:\\\/\\\/secure.gravatar.com\\\/avatar\\\/eee448fc3f7164808013b816ba91ac7e43bbe82a70bebac296f8bc6f0addaa1a?s=96&d=mm&r=g\",\"url\":\"https:\\\/\\\/secure.gravatar.com\\\/avatar\\\/eee448fc3f7164808013b816ba91ac7e43bbe82a70bebac296f8bc6f0addaa1a?s=96&d=mm&r=g\",\"contentUrl\":\"https:\\\/\\\/secure.gravatar.com\\\/avatar\\\/eee448fc3f7164808013b816ba91ac7e43bbe82a70bebac296f8bc6f0addaa1a?s=96&d=mm&r=g\",\"caption\":\"Edici\u00f3n Web\"},\"url\":\"https:\\\/\\\/canal7slp.tv\\\/2023\\\/author\\\/edicionweb\\\/\"}]}<\/script>\n<!-- \/ Yoast SEO plugin. -->","yoast_head_json":{"title":"Sin coordinaci\u00f3n en materia de seguridad con mayor\u00eda de municipios, reconocen autoridades estatales - Canal 7 SLP - 2023","robots":{"index":"index","follow":"follow","max-snippet":"max-snippet:-1","max-image-preview":"max-image-preview:large","max-video-preview":"max-video-preview:-1"},"canonical":"https:\/\/canal7slp.tv\/2023\/sin-coordinacion-en-materia-de-seguridad-con-mayoria-de-municipios-reconocen-autoridades-estatales\/","og_locale":"es_ES","og_type":"article","og_title":"Sin coordinaci\u00f3n en materia de seguridad con mayor\u00eda de municipios, reconocen autoridades estatales - Canal 7 SLP - 2023","og_description":"SLP.- No existe una coordinaci\u00f3n en materia de seguridad con la mayor\u00eda de los municipios que conforman el estado de San Luis Potos\u00ed, seg\u00fan se report\u00f3 desde la Secretar\u00eda de Seguridad y Protecci\u00f3n Ciudadana. As\u00ed lo mencion\u00f3 el titular de la dependencia, Guzmar \u00c1ngel Gonz\u00e1lez Castillo, qui\u00e9n asegur\u00f3 que ello ha propiciado que se registren eventos de inseguridad y que afectan la percepci\u00f3n que tiene la poblaci\u00f3n en este tema. \u00abLamentablemente en la mayor\u00eda no existe una cooperaci\u00f3n, solo cuando tienen eventos de sus localidades es cuando nos piden la coordinaci\u00f3n, como por ejemplo los consejos municipales que se realizan [&hellip;]","og_url":"https:\/\/canal7slp.tv\/2023\/sin-coordinacion-en-materia-de-seguridad-con-mayoria-de-municipios-reconocen-autoridades-estatales\/","og_site_name":"Canal 7 SLP - 2023","article_publisher":"https:\/\/www.facebook.com\/noticieroscanalsiete","article_published_time":"2023-10-27T22:57:11+00:00","og_image":[{"width":1280,"height":720,"url":"https:\/\/canal7slp.tv\/2023\/wp-content\/uploads\/2023\/10\/Vazquez03Coordinacion.jpg","type":"image\/jpeg"}],"author":"Edici\u00f3n Web","twitter_card":"summary_large_image","twitter_creator":"@NOTICIEROS7","twitter_site":"@NOTICIEROS7","twitter_misc":{"Escrito por":"Edici\u00f3n Web","Tiempo de lectura":"2 minutos"},"schema":{"@context":"https:\/\/schema.org","@graph":[{"@type":"Article","@id":"https:\/\/canal7slp.tv\/2023\/sin-coordinacion-en-materia-de-seguridad-con-mayoria-de-municipios-reconocen-autoridades-estatales\/#article","isPartOf":{"@id":"https:\/\/canal7slp.tv\/2023\/sin-coordinacion-en-materia-de-seguridad-con-mayoria-de-municipios-reconocen-autoridades-estatales\/"},"author":{"name":"Edici\u00f3n Web","@id":"https:\/\/canal7slp.tv\/2023\/#\/schema\/person\/639c424e3584069003b11ae813915da6"},"headline":"Sin coordinaci\u00f3n en materia de seguridad con mayor\u00eda de municipios, reconocen autoridades estatales","datePublished":"2023-10-27T22:57:11+00:00","mainEntityOfPage":{"@id":"https:\/\/canal7slp.tv\/2023\/sin-coordinacion-en-materia-de-seguridad-con-mayoria-de-municipios-reconocen-autoridades-estatales\/"},"wordCount":269,"publisher":{"@id":"https:\/\/canal7slp.tv\/2023\/#organization"},"image":{"@id":"https:\/\/canal7slp.tv\/2023\/sin-coordinacion-en-materia-de-seguridad-con-mayoria-de-municipios-reconocen-autoridades-estatales\/#primaryimage"},"thumbnailUrl":"https:\/\/canal7slp.tv\/2023\/wp-content\/uploads\/2023\/10\/Vazquez03Coordinacion.jpg","articleSection":["DESTACADAS","LOCALES Y REGIONALES"],"inLanguage":"es"},{"@type":"WebPage","@id":"https:\/\/canal7slp.tv\/2023\/sin-coordinacion-en-materia-de-seguridad-con-mayoria-de-municipios-reconocen-autoridades-estatales\/","url":"https:\/\/canal7slp.tv\/2023\/sin-coordinacion-en-materia-de-seguridad-con-mayoria-de-municipios-reconocen-autoridades-estatales\/","name":"Sin coordinaci\u00f3n en materia de seguridad con mayor\u00eda de municipios, reconocen autoridades estatales - Canal 7 SLP - 2023","isPartOf":{"@id":"https:\/\/canal7slp.tv\/2023\/#website"},"primaryImageOfPage":{"@id":"https:\/\/canal7slp.tv\/2023\/sin-coordinacion-en-materia-de-seguridad-con-mayoria-de-municipios-reconocen-autoridades-estatales\/#primaryimage"},"image":{"@id":"https:\/\/canal7slp.tv\/2023\/sin-coordinacion-en-materia-de-seguridad-con-mayoria-de-municipios-reconocen-autoridades-estatales\/#primaryimage"},"thumbnailUrl":"https:\/\/canal7slp.tv\/2023\/wp-content\/uploads\/2023\/10\/Vazquez03Coordinacion.jpg","datePublished":"2023-10-27T22:57:11+00:00","breadcrumb":{"@id":"https:\/\/canal7slp.tv\/2023\/sin-coordinacion-en-materia-de-seguridad-con-mayoria-de-municipios-reconocen-autoridades-estatales\/#breadcrumb"},"inLanguage":"es","potentialAction":[{"@type":"ReadAction","target":["https:\/\/canal7slp.tv\/2023\/sin-coordinacion-en-materia-de-seguridad-con-mayoria-de-municipios-reconocen-autoridades-estatales\/"]}]},{"@type":"ImageObject","inLanguage":"es","@id":"https:\/\/canal7slp.tv\/2023\/sin-coordinacion-en-materia-de-seguridad-con-mayoria-de-municipios-reconocen-autoridades-estatales\/#primaryimage","url":"https:\/\/canal7slp.tv\/2023\/wp-content\/uploads\/2023\/10\/Vazquez03Coordinacion.jpg","contentUrl":"https:\/\/canal7slp.tv\/2023\/wp-content\/uploads\/2023\/10\/Vazquez03Coordinacion.jpg","width":1280,"height":720},{"@type":"BreadcrumbList","@id":"https:\/\/canal7slp.tv\/2023\/sin-coordinacion-en-materia-de-seguridad-con-mayoria-de-municipios-reconocen-autoridades-estatales\/#breadcrumb","itemListElement":[{"@type":"ListItem","position":1,"name":"Portada","item":"https:\/\/canal7slp.tv\/2023\/"},{"@type":"ListItem","position":2,"name":"Sin coordinaci\u00f3n en materia de seguridad con mayor\u00eda de municipios, reconocen autoridades estatales"}]},{"@type":"WebSite","@id":"https:\/\/canal7slp.tv\/2023\/#website","url":"https:\/\/canal7slp.tv\/2023\/","name":"N7 - Noticieros Canal 7","description":"Somos Televisi\u00f3n","publisher":{"@id":"https:\/\/canal7slp.tv\/2023\/#organization"},"potentialAction":[{"@type":"SearchAction","target":{"@type":"EntryPoint","urlTemplate":"https:\/\/canal7slp.tv\/2023\/?s={search_term_string}"},"query-input":{"@type":"PropertyValueSpecification","valueRequired":true,"valueName":"search_term_string"}}],"inLanguage":"es"},{"@type":"Organization","@id":"https:\/\/canal7slp.tv\/2023\/#organization","name":"Noticieros Canal 7","url":"https:\/\/canal7slp.tv\/2023\/","logo":{"@type":"ImageObject","inLanguage":"es","@id":"https:\/\/canal7slp.tv\/2023\/#\/schema\/logo\/image\/","url":"https:\/\/canal7slp.tv\/2023\/wp-content\/uploads\/2021\/01\/logo-noticieros@2x.png","contentUrl":"https:\/\/canal7slp.tv\/2023\/wp-content\/uploads\/2021\/01\/logo-noticieros@2x.png","width":1017,"height":268,"caption":"Noticieros Canal 7"},"image":{"@id":"https:\/\/canal7slp.tv\/2023\/#\/schema\/logo\/image\/"},"sameAs":["https:\/\/www.facebook.com\/noticieroscanalsiete","https:\/\/x.com\/NOTICIEROS7","https:\/\/www.instagram.com\/canal7_slp","https:\/\/www.youtube.com\/channel\/UCliiYs-gP3JfJeqdPrNdd5A"]},{"@type":"Person","@id":"https:\/\/canal7slp.tv\/2023\/#\/schema\/person\/639c424e3584069003b11ae813915da6","name":"Edici\u00f3n Web","image":{"@type":"ImageObject","inLanguage":"es","@id":"https:\/\/secure.gravatar.com\/avatar\/eee448fc3f7164808013b816ba91ac7e43bbe82a70bebac296f8bc6f0addaa1a?s=96&d=mm&r=g","url":"https:\/\/secure.gravatar.com\/avatar\/eee448fc3f7164808013b816ba91ac7e43bbe82a70bebac296f8bc6f0addaa1a?s=96&d=mm&r=g","contentUrl":"https:\/\/secure.gravatar.com\/avatar\/eee448fc3f7164808013b816ba91ac7e43bbe82a70bebac296f8bc6f0addaa1a?s=96&d=mm&r=g","caption":"Edici\u00f3n Web"},"url":"https:\/\/canal7slp.tv\/2023\/author\/edicionweb\/"}]}},"_links":{"self":[{"href":"https:\/\/canal7slp.tv\/2023\/wp-json\/wp\/v2\/posts\/111369","targetHints":{"allow":["GET"]}}],"collection":[{"href":"https:\/\/canal7slp.tv\/2023\/wp-json\/wp\/v2\/posts"}],"about":[{"href":"https:\/\/canal7slp.tv\/2023\/wp-json\/wp\/v2\/types\/post"}],"author":[{"embeddable":true,"href":"https:\/\/canal7slp.tv\/2023\/wp-json\/wp\/v2\/users\/2"}],"replies":[{"embeddable":true,"href":"https:\/\/canal7slp.tv\/2023\/wp-json\/wp\/v2\/comments?post=111369"}],"version-history":[{"count":1,"href":"https:\/\/canal7slp.tv\/2023\/wp-json\/wp\/v2\/posts\/111369\/revisions"}],"predecessor-version":[{"id":111371,"href":"https:\/\/canal7slp.tv\/2023\/wp-json\/wp\/v2\/posts\/111369\/revisions\/111371"}],"wp:featuredmedia":[{"embeddable":true,"href":"https:\/\/canal7slp.tv\/2023\/wp-json\/wp\/v2\/media\/111370"}],"wp:attachment":[{"href":"https:\/\/canal7slp.tv\/2023\/wp-json\/wp\/v2\/media?parent=111369"}],"wp:term":[{"taxonomy":"category","embeddable":true,"href":"https:\/\/canal7slp.tv\/2023\/wp-json\/wp\/v2\/categories?post=111369"},{"taxonomy":"post_tag","embeddable":true,"href":"https:\/\/canal7slp.tv\/2023\/wp-json\/wp\/v2\/tags?post=111369"}],"curies":[{"name":"wp","href":"https:\/\/api.w.org\/{rel}","templated":true}]}}