{"id":111332,"date":"2023-10-27T15:38:00","date_gmt":"2023-10-27T21:38:00","guid":{"rendered":"https:\/\/canal7slp.tv\/2023\/?p=111332"},"modified":"2023-10-27T15:42:24","modified_gmt":"2023-10-27T21:42:24","slug":"guerrero-atrapado-entre-otis-y-crimen-organizado","status":"publish","type":"post","link":"https:\/\/canal7slp.tv\/2023\/guerrero-atrapado-entre-otis-y-crimen-organizado\/","title":{"rendered":"Guerrero, atrapado entre \u00abOtis\u00bb y crimen organizado"},"content":{"rendered":"<ul style=\"text-align: justify;\">\n<li>Pese postura oficial, en redes sociales trascienden cifras de 120 decesos y 48 personas desaparecidas.<\/li>\n<\/ul>\n<p style=\"text-align: justify;\">Acapulco.- El estado de Guerrero enfrenta una situaci\u00f3n cr\u00edtica tras el paso del hurac\u00e1n \u00abOtis\u00bb y la violencia del crimen organizado. A pesar de que las autoridades contaban con hasta 20 horas de anticipaci\u00f3n para tomar medidas preventivas, la negligencia fue evidente.<\/p>\n<p style=\"text-align: justify;\">Las cifras oficiales reportan 27 muertes y 4 desaparecidos, pero se estima que los n\u00fameros siguen aumentando.<\/p>\n<p style=\"text-align: justify;\">El presidente Andr\u00e9s Manuel L\u00f3pez Obrador y la gobernadora Evelyn Salgado han sido criticados por su falta de respuesta efectiva ante la crisis. Mientras tanto, miles de turistas se encuentran varados en la zona y la poblaci\u00f3n sufre los estragos de la violencia y la corrupci\u00f3n institucional.<\/p>\n<p style=\"text-align: justify;\">A pesar de que la informaci\u00f3n sobre 120 muertos y 48 desaparecidos no ha sido corroborada por las autoridades, se sabe que el estado de Guerrero vive d\u00edas de muertes, miedo y zozobra. La disputa territorial entre seis c\u00e1rteles terroristas y unas 500 c\u00e9lulas del crimen organizado ha generado una situaci\u00f3n de violencia extrema.<\/p>\n<p style=\"text-align: justify;\">Es necesario que las autoridades tomen medidas efectivas para proteger a la poblaci\u00f3n afectada por el hurac\u00e1n \u00abOtis\u00bb y la violencia del crimen organizado en Guerrero.<\/p>\n<p style=\"text-align: justify;\">Cabe se\u00f1alar que en las \u00faltimas horas se han viralizado en Redes Sociales diversos v\u00eddeos donde se puede apreciar a pobladores saquear establecimientos comerciales a fin de obtener tanto v\u00edveres como otros art\u00edculos que no son consideraros de primera necesidad, entre los que destacan televisores.<\/p>\n<p style=\"text-align: justify;\">Asimismo, fue se\u00f1alado que estos saqueos se han extendido a cajeros autom\u00e1ticos y diverso cond\u00f3minos en los que se presume habita poblaci\u00f3n de clase media-alta y alta.<\/p>\n<p style=\"text-align: justify;\">Es importante mencionar que estos actos han provocado una muy marcada divisi\u00f3n de opiniones entre los usuarios de las plataformas. Por una parte est\u00e1n aquellos que reprueban estos actos puntualizando que no hay justificaci\u00f3n. De lado contrario, est\u00e1n aquellos que apoyan los saqueos y los justifican al decir que las autoridades no est\u00e1n viendo por los damnificados.<\/p>\n<p style=\"text-align: justify;\">Aunado a esta situaci\u00f3n de desastre, hay alrededor de 50 mil turistas atrapados en Acapulco, mismos que esperan a que las autoridades les ayuden a regresar a sus hogares. Manuel Negrete, presidente del Fideicomiso de Promoci\u00f3n Tur\u00edstica de Acapulco, ha se\u00f1alado que la situaci\u00f3n actual representa un desaf\u00edo para la industria tur\u00edstica local.<\/p>\n","protected":false},"excerpt":{"rendered":"<p>Pese postura oficial, en redes sociales trascienden cifras de 120 decesos y 48 personas desaparecidas. Acapulco.- El estado de Guerrero enfrenta una situaci\u00f3n cr\u00edtica tras el paso del hurac\u00e1n \u00abOtis\u00bb y la violencia del crimen organizado. A pesar de que las autoridades contaban con hasta 20 horas de anticipaci\u00f3n para tomar medidas preventivas, la negligencia fue evidente. Las cifras oficiales reportan 27 muertes y 4 desaparecidos, pero se estima que los n\u00fameros siguen aumentando. El presidente Andr\u00e9s Manuel L\u00f3pez Obrador y la gobernadora Evelyn Salgado han sido criticados por su falta de respuesta efectiva ante la crisis. Mientras tanto, miles [&hellip;]<\/p>\n","protected":false},"author":2,"featured_media":111339,"comment_status":"closed","ping_status":"closed","sticky":false,"template":"","format":"standard","meta":{"footnotes":""},"categories":[46],"tags":[],"class_list":["post-111332","post","type-post","status-publish","format-standard","has-post-thumbnail","hentry","category-nacional","post--single"],"yoast_head":"<!-- This site is optimized with the Yoast SEO plugin v27.4 - https:\/\/yoast.com\/product\/yoast-seo-wordpress\/ -->\n<title>Guerrero, atrapado entre &quot;Otis&quot; y crimen organizado - Canal 7 SLP - 2023<\/title>\n<meta name=\"robots\" content=\"index, follow, max-snippet:-1, max-image-preview:large, max-video-preview:-1\" \/>\n<link rel=\"canonical\" href=\"https:\/\/canal7slp.tv\/2023\/guerrero-atrapado-entre-otis-y-crimen-organizado\/\" \/>\n<meta property=\"og:locale\" content=\"es_ES\" \/>\n<meta property=\"og:type\" content=\"article\" \/>\n<meta property=\"og:title\" content=\"Guerrero, atrapado entre &quot;Otis&quot; y crimen organizado - Canal 7 SLP - 2023\" \/>\n<meta property=\"og:description\" content=\"Pese postura oficial, en redes sociales trascienden cifras de 120 decesos y 48 personas desaparecidas. Acapulco.- El estado de Guerrero enfrenta una situaci\u00f3n cr\u00edtica tras el paso del hurac\u00e1n \u00abOtis\u00bb y la violencia del crimen organizado. A pesar de que las autoridades contaban con hasta 20 horas de anticipaci\u00f3n para tomar medidas preventivas, la negligencia fue evidente. Las cifras oficiales reportan 27 muertes y 4 desaparecidos, pero se estima que los n\u00fameros siguen aumentando. El presidente Andr\u00e9s Manuel L\u00f3pez Obrador y la gobernadora Evelyn Salgado han sido criticados por su falta de respuesta efectiva ante la crisis. Mientras tanto, miles [&hellip;]\" \/>\n<meta property=\"og:url\" content=\"https:\/\/canal7slp.tv\/2023\/guerrero-atrapado-entre-otis-y-crimen-organizado\/\" \/>\n<meta property=\"og:site_name\" content=\"Canal 7 SLP - 2023\" \/>\n<meta property=\"article:publisher\" content=\"https:\/\/www.facebook.com\/noticieroscanalsiete\" \/>\n<meta property=\"article:published_time\" content=\"2023-10-27T21:38:00+00:00\" \/>\n<meta property=\"article:modified_time\" content=\"2023-10-27T21:42:24+00:00\" \/>\n<meta property=\"og:image\" content=\"https:\/\/canal7slp.tv\/2023\/wp-content\/uploads\/2023\/10\/12-1.jpg\" \/>\n\t<meta property=\"og:image:width\" content=\"1280\" \/>\n\t<meta property=\"og:image:height\" content=\"720\" \/>\n\t<meta property=\"og:image:type\" content=\"image\/jpeg\" \/>\n<meta name=\"author\" content=\"Edici\u00f3n Web\" \/>\n<meta name=\"twitter:card\" content=\"summary_large_image\" \/>\n<meta name=\"twitter:creator\" content=\"@NOTICIEROS7\" \/>\n<meta name=\"twitter:site\" content=\"@NOTICIEROS7\" \/>\n<meta name=\"twitter:label1\" content=\"Escrito por\" \/>\n\t<meta name=\"twitter:data1\" content=\"Edici\u00f3n Web\" \/>\n\t<meta name=\"twitter:label2\" content=\"Tiempo de lectura\" \/>\n\t<meta name=\"twitter:data2\" content=\"2 minutos\" \/>\n<script type=\"application\/ld+json\" class=\"yoast-schema-graph\">{\"@context\":\"https:\\\/\\\/schema.org\",\"@graph\":[{\"@type\":\"Article\",\"@id\":\"https:\\\/\\\/canal7slp.tv\\\/2023\\\/guerrero-atrapado-entre-otis-y-crimen-organizado\\\/#article\",\"isPartOf\":{\"@id\":\"https:\\\/\\\/canal7slp.tv\\\/2023\\\/guerrero-atrapado-entre-otis-y-crimen-organizado\\\/\"},\"author\":{\"name\":\"Edici\u00f3n Web\",\"@id\":\"https:\\\/\\\/canal7slp.tv\\\/2023\\\/#\\\/schema\\\/person\\\/639c424e3584069003b11ae813915da6\"},\"headline\":\"Guerrero, atrapado entre \u00abOtis\u00bb y crimen organizado\",\"datePublished\":\"2023-10-27T21:38:00+00:00\",\"dateModified\":\"2023-10-27T21:42:24+00:00\",\"mainEntityOfPage\":{\"@id\":\"https:\\\/\\\/canal7slp.tv\\\/2023\\\/guerrero-atrapado-entre-otis-y-crimen-organizado\\\/\"},\"wordCount\":418,\"publisher\":{\"@id\":\"https:\\\/\\\/canal7slp.tv\\\/2023\\\/#organization\"},\"image\":{\"@id\":\"https:\\\/\\\/canal7slp.tv\\\/2023\\\/guerrero-atrapado-entre-otis-y-crimen-organizado\\\/#primaryimage\"},\"thumbnailUrl\":\"https:\\\/\\\/canal7slp.tv\\\/2023\\\/wp-content\\\/uploads\\\/2023\\\/10\\\/12-1.jpg\",\"articleSection\":[\"NACIONALES\"],\"inLanguage\":\"es\"},{\"@type\":\"WebPage\",\"@id\":\"https:\\\/\\\/canal7slp.tv\\\/2023\\\/guerrero-atrapado-entre-otis-y-crimen-organizado\\\/\",\"url\":\"https:\\\/\\\/canal7slp.tv\\\/2023\\\/guerrero-atrapado-entre-otis-y-crimen-organizado\\\/\",\"name\":\"Guerrero, atrapado entre \\\"Otis\\\" y crimen organizado - Canal 7 SLP - 2023\",\"isPartOf\":{\"@id\":\"https:\\\/\\\/canal7slp.tv\\\/2023\\\/#website\"},\"primaryImageOfPage\":{\"@id\":\"https:\\\/\\\/canal7slp.tv\\\/2023\\\/guerrero-atrapado-entre-otis-y-crimen-organizado\\\/#primaryimage\"},\"image\":{\"@id\":\"https:\\\/\\\/canal7slp.tv\\\/2023\\\/guerrero-atrapado-entre-otis-y-crimen-organizado\\\/#primaryimage\"},\"thumbnailUrl\":\"https:\\\/\\\/canal7slp.tv\\\/2023\\\/wp-content\\\/uploads\\\/2023\\\/10\\\/12-1.jpg\",\"datePublished\":\"2023-10-27T21:38:00+00:00\",\"dateModified\":\"2023-10-27T21:42:24+00:00\",\"breadcrumb\":{\"@id\":\"https:\\\/\\\/canal7slp.tv\\\/2023\\\/guerrero-atrapado-entre-otis-y-crimen-organizado\\\/#breadcrumb\"},\"inLanguage\":\"es\",\"potentialAction\":[{\"@type\":\"ReadAction\",\"target\":[\"https:\\\/\\\/canal7slp.tv\\\/2023\\\/guerrero-atrapado-entre-otis-y-crimen-organizado\\\/\"]}]},{\"@type\":\"ImageObject\",\"inLanguage\":\"es\",\"@id\":\"https:\\\/\\\/canal7slp.tv\\\/2023\\\/guerrero-atrapado-entre-otis-y-crimen-organizado\\\/#primaryimage\",\"url\":\"https:\\\/\\\/canal7slp.tv\\\/2023\\\/wp-content\\\/uploads\\\/2023\\\/10\\\/12-1.jpg\",\"contentUrl\":\"https:\\\/\\\/canal7slp.tv\\\/2023\\\/wp-content\\\/uploads\\\/2023\\\/10\\\/12-1.jpg\",\"width\":1280,\"height\":720},{\"@type\":\"BreadcrumbList\",\"@id\":\"https:\\\/\\\/canal7slp.tv\\\/2023\\\/guerrero-atrapado-entre-otis-y-crimen-organizado\\\/#breadcrumb\",\"itemListElement\":[{\"@type\":\"ListItem\",\"position\":1,\"name\":\"Portada\",\"item\":\"https:\\\/\\\/canal7slp.tv\\\/2023\\\/\"},{\"@type\":\"ListItem\",\"position\":2,\"name\":\"Guerrero, atrapado entre &#8220;Otis&#8221; y crimen organizado\"}]},{\"@type\":\"WebSite\",\"@id\":\"https:\\\/\\\/canal7slp.tv\\\/2023\\\/#website\",\"url\":\"https:\\\/\\\/canal7slp.tv\\\/2023\\\/\",\"name\":\"N7 - Noticieros Canal 7\",\"description\":\"Somos Televisi\u00f3n\",\"publisher\":{\"@id\":\"https:\\\/\\\/canal7slp.tv\\\/2023\\\/#organization\"},\"potentialAction\":[{\"@type\":\"SearchAction\",\"target\":{\"@type\":\"EntryPoint\",\"urlTemplate\":\"https:\\\/\\\/canal7slp.tv\\\/2023\\\/?s={search_term_string}\"},\"query-input\":{\"@type\":\"PropertyValueSpecification\",\"valueRequired\":true,\"valueName\":\"search_term_string\"}}],\"inLanguage\":\"es\"},{\"@type\":\"Organization\",\"@id\":\"https:\\\/\\\/canal7slp.tv\\\/2023\\\/#organization\",\"name\":\"Noticieros Canal 7\",\"url\":\"https:\\\/\\\/canal7slp.tv\\\/2023\\\/\",\"logo\":{\"@type\":\"ImageObject\",\"inLanguage\":\"es\",\"@id\":\"https:\\\/\\\/canal7slp.tv\\\/2023\\\/#\\\/schema\\\/logo\\\/image\\\/\",\"url\":\"https:\\\/\\\/canal7slp.tv\\\/2023\\\/wp-content\\\/uploads\\\/2021\\\/01\\\/logo-noticieros@2x.png\",\"contentUrl\":\"https:\\\/\\\/canal7slp.tv\\\/2023\\\/wp-content\\\/uploads\\\/2021\\\/01\\\/logo-noticieros@2x.png\",\"width\":1017,\"height\":268,\"caption\":\"Noticieros Canal 7\"},\"image\":{\"@id\":\"https:\\\/\\\/canal7slp.tv\\\/2023\\\/#\\\/schema\\\/logo\\\/image\\\/\"},\"sameAs\":[\"https:\\\/\\\/www.facebook.com\\\/noticieroscanalsiete\",\"https:\\\/\\\/x.com\\\/NOTICIEROS7\",\"https:\\\/\\\/www.instagram.com\\\/canal7_slp\",\"https:\\\/\\\/www.youtube.com\\\/channel\\\/UCliiYs-gP3JfJeqdPrNdd5A\"]},{\"@type\":\"Person\",\"@id\":\"https:\\\/\\\/canal7slp.tv\\\/2023\\\/#\\\/schema\\\/person\\\/639c424e3584069003b11ae813915da6\",\"name\":\"Edici\u00f3n Web\",\"image\":{\"@type\":\"ImageObject\",\"inLanguage\":\"es\",\"@id\":\"https:\\\/\\\/secure.gravatar.com\\\/avatar\\\/eee448fc3f7164808013b816ba91ac7e43bbe82a70bebac296f8bc6f0addaa1a?s=96&d=mm&r=g\",\"url\":\"https:\\\/\\\/secure.gravatar.com\\\/avatar\\\/eee448fc3f7164808013b816ba91ac7e43bbe82a70bebac296f8bc6f0addaa1a?s=96&d=mm&r=g\",\"contentUrl\":\"https:\\\/\\\/secure.gravatar.com\\\/avatar\\\/eee448fc3f7164808013b816ba91ac7e43bbe82a70bebac296f8bc6f0addaa1a?s=96&d=mm&r=g\",\"caption\":\"Edici\u00f3n Web\"},\"url\":\"https:\\\/\\\/canal7slp.tv\\\/2023\\\/author\\\/edicionweb\\\/\"}]}<\/script>\n<!-- \/ Yoast SEO plugin. -->","yoast_head_json":{"title":"Guerrero, atrapado entre \"Otis\" y crimen organizado - Canal 7 SLP - 2023","robots":{"index":"index","follow":"follow","max-snippet":"max-snippet:-1","max-image-preview":"max-image-preview:large","max-video-preview":"max-video-preview:-1"},"canonical":"https:\/\/canal7slp.tv\/2023\/guerrero-atrapado-entre-otis-y-crimen-organizado\/","og_locale":"es_ES","og_type":"article","og_title":"Guerrero, atrapado entre \"Otis\" y crimen organizado - Canal 7 SLP - 2023","og_description":"Pese postura oficial, en redes sociales trascienden cifras de 120 decesos y 48 personas desaparecidas. Acapulco.- El estado de Guerrero enfrenta una situaci\u00f3n cr\u00edtica tras el paso del hurac\u00e1n \u00abOtis\u00bb y la violencia del crimen organizado. A pesar de que las autoridades contaban con hasta 20 horas de anticipaci\u00f3n para tomar medidas preventivas, la negligencia fue evidente. Las cifras oficiales reportan 27 muertes y 4 desaparecidos, pero se estima que los n\u00fameros siguen aumentando. El presidente Andr\u00e9s Manuel L\u00f3pez Obrador y la gobernadora Evelyn Salgado han sido criticados por su falta de respuesta efectiva ante la crisis. Mientras tanto, miles [&hellip;]","og_url":"https:\/\/canal7slp.tv\/2023\/guerrero-atrapado-entre-otis-y-crimen-organizado\/","og_site_name":"Canal 7 SLP - 2023","article_publisher":"https:\/\/www.facebook.com\/noticieroscanalsiete","article_published_time":"2023-10-27T21:38:00+00:00","article_modified_time":"2023-10-27T21:42:24+00:00","og_image":[{"width":1280,"height":720,"url":"https:\/\/canal7slp.tv\/2023\/wp-content\/uploads\/2023\/10\/12-1.jpg","type":"image\/jpeg"}],"author":"Edici\u00f3n Web","twitter_card":"summary_large_image","twitter_creator":"@NOTICIEROS7","twitter_site":"@NOTICIEROS7","twitter_misc":{"Escrito por":"Edici\u00f3n Web","Tiempo de lectura":"2 minutos"},"schema":{"@context":"https:\/\/schema.org","@graph":[{"@type":"Article","@id":"https:\/\/canal7slp.tv\/2023\/guerrero-atrapado-entre-otis-y-crimen-organizado\/#article","isPartOf":{"@id":"https:\/\/canal7slp.tv\/2023\/guerrero-atrapado-entre-otis-y-crimen-organizado\/"},"author":{"name":"Edici\u00f3n Web","@id":"https:\/\/canal7slp.tv\/2023\/#\/schema\/person\/639c424e3584069003b11ae813915da6"},"headline":"Guerrero, atrapado entre \u00abOtis\u00bb y crimen organizado","datePublished":"2023-10-27T21:38:00+00:00","dateModified":"2023-10-27T21:42:24+00:00","mainEntityOfPage":{"@id":"https:\/\/canal7slp.tv\/2023\/guerrero-atrapado-entre-otis-y-crimen-organizado\/"},"wordCount":418,"publisher":{"@id":"https:\/\/canal7slp.tv\/2023\/#organization"},"image":{"@id":"https:\/\/canal7slp.tv\/2023\/guerrero-atrapado-entre-otis-y-crimen-organizado\/#primaryimage"},"thumbnailUrl":"https:\/\/canal7slp.tv\/2023\/wp-content\/uploads\/2023\/10\/12-1.jpg","articleSection":["NACIONALES"],"inLanguage":"es"},{"@type":"WebPage","@id":"https:\/\/canal7slp.tv\/2023\/guerrero-atrapado-entre-otis-y-crimen-organizado\/","url":"https:\/\/canal7slp.tv\/2023\/guerrero-atrapado-entre-otis-y-crimen-organizado\/","name":"Guerrero, atrapado entre \"Otis\" y crimen organizado - Canal 7 SLP - 2023","isPartOf":{"@id":"https:\/\/canal7slp.tv\/2023\/#website"},"primaryImageOfPage":{"@id":"https:\/\/canal7slp.tv\/2023\/guerrero-atrapado-entre-otis-y-crimen-organizado\/#primaryimage"},"image":{"@id":"https:\/\/canal7slp.tv\/2023\/guerrero-atrapado-entre-otis-y-crimen-organizado\/#primaryimage"},"thumbnailUrl":"https:\/\/canal7slp.tv\/2023\/wp-content\/uploads\/2023\/10\/12-1.jpg","datePublished":"2023-10-27T21:38:00+00:00","dateModified":"2023-10-27T21:42:24+00:00","breadcrumb":{"@id":"https:\/\/canal7slp.tv\/2023\/guerrero-atrapado-entre-otis-y-crimen-organizado\/#breadcrumb"},"inLanguage":"es","potentialAction":[{"@type":"ReadAction","target":["https:\/\/canal7slp.tv\/2023\/guerrero-atrapado-entre-otis-y-crimen-organizado\/"]}]},{"@type":"ImageObject","inLanguage":"es","@id":"https:\/\/canal7slp.tv\/2023\/guerrero-atrapado-entre-otis-y-crimen-organizado\/#primaryimage","url":"https:\/\/canal7slp.tv\/2023\/wp-content\/uploads\/2023\/10\/12-1.jpg","contentUrl":"https:\/\/canal7slp.tv\/2023\/wp-content\/uploads\/2023\/10\/12-1.jpg","width":1280,"height":720},{"@type":"BreadcrumbList","@id":"https:\/\/canal7slp.tv\/2023\/guerrero-atrapado-entre-otis-y-crimen-organizado\/#breadcrumb","itemListElement":[{"@type":"ListItem","position":1,"name":"Portada","item":"https:\/\/canal7slp.tv\/2023\/"},{"@type":"ListItem","position":2,"name":"Guerrero, atrapado entre &#8220;Otis&#8221; y crimen organizado"}]},{"@type":"WebSite","@id":"https:\/\/canal7slp.tv\/2023\/#website","url":"https:\/\/canal7slp.tv\/2023\/","name":"N7 - Noticieros Canal 7","description":"Somos Televisi\u00f3n","publisher":{"@id":"https:\/\/canal7slp.tv\/2023\/#organization"},"potentialAction":[{"@type":"SearchAction","target":{"@type":"EntryPoint","urlTemplate":"https:\/\/canal7slp.tv\/2023\/?s={search_term_string}"},"query-input":{"@type":"PropertyValueSpecification","valueRequired":true,"valueName":"search_term_string"}}],"inLanguage":"es"},{"@type":"Organization","@id":"https:\/\/canal7slp.tv\/2023\/#organization","name":"Noticieros Canal 7","url":"https:\/\/canal7slp.tv\/2023\/","logo":{"@type":"ImageObject","inLanguage":"es","@id":"https:\/\/canal7slp.tv\/2023\/#\/schema\/logo\/image\/","url":"https:\/\/canal7slp.tv\/2023\/wp-content\/uploads\/2021\/01\/logo-noticieros@2x.png","contentUrl":"https:\/\/canal7slp.tv\/2023\/wp-content\/uploads\/2021\/01\/logo-noticieros@2x.png","width":1017,"height":268,"caption":"Noticieros Canal 7"},"image":{"@id":"https:\/\/canal7slp.tv\/2023\/#\/schema\/logo\/image\/"},"sameAs":["https:\/\/www.facebook.com\/noticieroscanalsiete","https:\/\/x.com\/NOTICIEROS7","https:\/\/www.instagram.com\/canal7_slp","https:\/\/www.youtube.com\/channel\/UCliiYs-gP3JfJeqdPrNdd5A"]},{"@type":"Person","@id":"https:\/\/canal7slp.tv\/2023\/#\/schema\/person\/639c424e3584069003b11ae813915da6","name":"Edici\u00f3n Web","image":{"@type":"ImageObject","inLanguage":"es","@id":"https:\/\/secure.gravatar.com\/avatar\/eee448fc3f7164808013b816ba91ac7e43bbe82a70bebac296f8bc6f0addaa1a?s=96&d=mm&r=g","url":"https:\/\/secure.gravatar.com\/avatar\/eee448fc3f7164808013b816ba91ac7e43bbe82a70bebac296f8bc6f0addaa1a?s=96&d=mm&r=g","contentUrl":"https:\/\/secure.gravatar.com\/avatar\/eee448fc3f7164808013b816ba91ac7e43bbe82a70bebac296f8bc6f0addaa1a?s=96&d=mm&r=g","caption":"Edici\u00f3n Web"},"url":"https:\/\/canal7slp.tv\/2023\/author\/edicionweb\/"}]}},"_links":{"self":[{"href":"https:\/\/canal7slp.tv\/2023\/wp-json\/wp\/v2\/posts\/111332","targetHints":{"allow":["GET"]}}],"collection":[{"href":"https:\/\/canal7slp.tv\/2023\/wp-json\/wp\/v2\/posts"}],"about":[{"href":"https:\/\/canal7slp.tv\/2023\/wp-json\/wp\/v2\/types\/post"}],"author":[{"embeddable":true,"href":"https:\/\/canal7slp.tv\/2023\/wp-json\/wp\/v2\/users\/2"}],"replies":[{"embeddable":true,"href":"https:\/\/canal7slp.tv\/2023\/wp-json\/wp\/v2\/comments?post=111332"}],"version-history":[{"count":5,"href":"https:\/\/canal7slp.tv\/2023\/wp-json\/wp\/v2\/posts\/111332\/revisions"}],"predecessor-version":[{"id":111357,"href":"https:\/\/canal7slp.tv\/2023\/wp-json\/wp\/v2\/posts\/111332\/revisions\/111357"}],"wp:featuredmedia":[{"embeddable":true,"href":"https:\/\/canal7slp.tv\/2023\/wp-json\/wp\/v2\/media\/111339"}],"wp:attachment":[{"href":"https:\/\/canal7slp.tv\/2023\/wp-json\/wp\/v2\/media?parent=111332"}],"wp:term":[{"taxonomy":"category","embeddable":true,"href":"https:\/\/canal7slp.tv\/2023\/wp-json\/wp\/v2\/categories?post=111332"},{"taxonomy":"post_tag","embeddable":true,"href":"https:\/\/canal7slp.tv\/2023\/wp-json\/wp\/v2\/tags?post=111332"}],"curies":[{"name":"wp","href":"https:\/\/api.w.org\/{rel}","templated":true}]}}