{"id":111296,"date":"2023-10-27T14:17:54","date_gmt":"2023-10-27T20:17:54","guid":{"rendered":"https:\/\/canal7slp.tv\/2023\/?p=111296"},"modified":"2023-10-27T14:17:54","modified_gmt":"2023-10-27T20:17:54","slug":"marina-establece-puente-aereo-para-traslado-de-tres-recien-nacidos-del-puerto-de-acapulco-guerrero-a-la-ciudad-de-mexico","status":"publish","type":"post","link":"https:\/\/canal7slp.tv\/2023\/marina-establece-puente-aereo-para-traslado-de-tres-recien-nacidos-del-puerto-de-acapulco-guerrero-a-la-ciudad-de-mexico\/","title":{"rendered":"Marina establece puente a\u00e9reo para traslado de tres reci\u00e9n nacidos del puerto de Acapulco, Guerrero a la Ciudad de M\u00e9xico"},"content":{"rendered":"<p style=\"text-align: justify;\">Ciudad de M\u00e9xico. &#8211; La Secretar\u00eda de Marina a trav\u00e9s de la Armada de M\u00e9xico informa que ayer, en el marco de la implementaci\u00f3n del Plan Marina en su Fase de Auxilio a la poblaci\u00f3n civil del estado de Guerrero, tras el impacto que tuvo el hurac\u00e1n \u201cOtis\u201d, personal naval estableci\u00f3 un puente a\u00e9reo para el traslado de tres reci\u00e9n nacidos del puerto de Acapulco a la Ciudad de M\u00e9xico.<\/p>\n<p style=\"text-align: justify;\">Esta acci\u00f3n se llev\u00f3 a cabo, en dos vuelos diferentes, derivada de coordinaciones entre el Estado Mayor General de la Armada, la Regi\u00f3n Naval de Acapulco, la Base Aeronaval de M\u00e9xico y el Escuadr\u00f3n Aeronaval No. 031, en conjunto con la Secretar\u00eda de Salud y el Instituto Mexicano del Seguro Social (IMSS), siendo trasladados en un helic\u00f3ptero de la Armada de M\u00e9xico al Aeropuerto Internacional de Acapulco, para su traslado al Aeropuerto Internacional de la Ciudad de M\u00e9xico.<\/p>\n<p style=\"text-align: justify;\">En un primer vuelo, en un avi\u00f3n Lear jet 60 fueron trasladados dos beb\u00e9s gemelos de 13 d\u00edas de nacidos; y en un segundo vuelo, en un avi\u00f3n King Air fue trasladado un beb\u00e9 de 18 d\u00edas de nacido; en ambos casos fueron entregados a las autoridades de salud correspondientes, para brindarles atenci\u00f3n m\u00e9dica especializada en esta ciudad.<\/p>\n<p style=\"text-align: justify;\">Cabe destacar que las ambulancias a\u00e9reas de la Armada de M\u00e9xico se emplean para el traslado de pacientes en estado grave pero estable, y se realizan de un establecimiento m\u00e9dico local a un establecimiento m\u00e9dico con capacidad que pueda mejorar significativamente la salud del paciente.<\/p>\n<p style=\"text-align: justify;\">Asimismo, brindan servicios de evacuaci\u00f3n m\u00e9dica, traslado para trasplante de \u00f3rganos, ayuda humanitaria a otros pa\u00edses, apoyos a Protecci\u00f3n Civil, instituciones del Sector Salud y asociaciones de ayuda a la ciudadan\u00eda.<\/p>\n<p style=\"text-align: justify;\">En la implementaci\u00f3n del Plan Marina en su Fase de Auxilio en el estado de Guerrero, m\u00e1s de 10 aeronaves de la Armada de M\u00e9xico son movilizadas para efectuar vuelos de reconocimiento, transporte de personal y apoyo log\u00edstico. De igual manera, ayer arribaron al puerto de Acapulco m\u00e9dicos y enfermeros de esta Secretar\u00eda, para brindar atenci\u00f3n m\u00e9dica a la poblaci\u00f3n que se vio afectada por dicho fen\u00f3meno meteorol\u00f3gico.<\/p>\n<p style=\"text-align: justify;\">Se recuerda a la ciudadan\u00eda que la Secretar\u00eda de Marina a trav\u00e9s de la Armada de M\u00e9xico pone a disposici\u00f3n los siguientes Centros de Acopio, donde se est\u00e1n recibiendo v\u00edveres para apoyar a los damnificados de lunes a domingo de las 08:00 horas a las 20:00 horas:<\/p>\n<ol>\n<li style=\"text-align: justify;\">Pol\u00edgono Naval de Tepetlapa.- Calzada de la Virgen No. 1800, Col, Ex-Ejido de San Pablo Tepetlapa, Coyoac\u00e1n.<\/li>\n<li style=\"text-align: justify;\">Centro M\u00e9dico Naval.- Avenida Heroica Escuela Naval Militar No. 745, Col. Presidentes Ejidales, Coyoac\u00e1n.<\/li>\n<li style=\"text-align: justify;\">Puerta 4 de la SEMAR.- Calzada de la Virgen esquina con Avenida Heroica Escuela Naval Militar, Col. Presidentes Ejidales, Coyoac\u00e1n.<\/li>\n<li style=\"text-align: justify;\">Pol\u00edgono Naval de la Agr\u00edcola Oriental.- Canal de San Juan s\/n Col. Ejercito Constitucionalista, Iztapalapa<\/li>\n<li style=\"text-align: justify;\">Club Naval Norte.- Fernando Alencastre No. 300 II Secc. del Bosque de Chapultepec, Miguel Hidalgo.<\/li>\n<\/ol>\n<p style=\"text-align: justify;\">En estos Centros de Acopio se est\u00e1n recibiendo alimentos no perecederos enlatados o ensobrados, as\u00ed como agua embotellada y productos de aseo personal.<\/p>\n<p style=\"text-align: justify;\">Cabe destacar que el Plan Marina forma parte del Programa Nacional de Protecci\u00f3n Civil y efect\u00faa labores de alistamiento con las Brigadas de Apoyo M\u00f3vil de la Armada de M\u00e9xico, en coordinaci\u00f3n con autoridades de los tres \u00f3rdenes de gobierno y del sector privado.<\/p>\n<p style=\"text-align: justify;\">Esta Instituci\u00f3n hace un llamado a todas las personas para atender las recomendaciones de las autoridades de Protecci\u00f3n Civil y pone a disposici\u00f3n el n\u00famero telef\u00f3nico: 800 MARINA 1 (800 6274621) para atenci\u00f3n de emergencias.<\/p>\n","protected":false},"excerpt":{"rendered":"<p>Ciudad de M\u00e9xico. &#8211; La Secretar\u00eda de Marina a trav\u00e9s de la Armada de M\u00e9xico informa que ayer, en el marco de la implementaci\u00f3n del Plan Marina en su Fase de Auxilio a la poblaci\u00f3n civil del estado de Guerrero, tras el impacto que tuvo el hurac\u00e1n \u201cOtis\u201d, personal naval estableci\u00f3 un puente a\u00e9reo para el traslado de tres reci\u00e9n nacidos del puerto de Acapulco a la Ciudad de M\u00e9xico. Esta acci\u00f3n se llev\u00f3 a cabo, en dos vuelos diferentes, derivada de coordinaciones entre el Estado Mayor General de la Armada, la Regi\u00f3n Naval de Acapulco, la Base Aeronaval de [&hellip;]<\/p>\n","protected":false},"author":2,"featured_media":111316,"comment_status":"closed","ping_status":"closed","sticky":false,"template":"","format":"standard","meta":{"footnotes":""},"categories":[46],"tags":[],"class_list":["post-111296","post","type-post","status-publish","format-standard","has-post-thumbnail","hentry","category-nacional","post--single"],"yoast_head":"<!-- This site is optimized with the Yoast SEO plugin v27.4 - https:\/\/yoast.com\/product\/yoast-seo-wordpress\/ -->\n<title>Marina establece puente a\u00e9reo para traslado de tres reci\u00e9n nacidos del puerto de Acapulco, Guerrero a la Ciudad de M\u00e9xico - Canal 7 SLP - 2023<\/title>\n<meta name=\"robots\" content=\"index, follow, max-snippet:-1, max-image-preview:large, max-video-preview:-1\" \/>\n<link rel=\"canonical\" href=\"https:\/\/canal7slp.tv\/2023\/marina-establece-puente-aereo-para-traslado-de-tres-recien-nacidos-del-puerto-de-acapulco-guerrero-a-la-ciudad-de-mexico\/\" \/>\n<meta property=\"og:locale\" content=\"es_ES\" \/>\n<meta property=\"og:type\" content=\"article\" \/>\n<meta property=\"og:title\" content=\"Marina establece puente a\u00e9reo para traslado de tres reci\u00e9n nacidos del puerto de Acapulco, Guerrero a la Ciudad de M\u00e9xico - Canal 7 SLP - 2023\" \/>\n<meta property=\"og:description\" content=\"Ciudad de M\u00e9xico. &#8211; La Secretar\u00eda de Marina a trav\u00e9s de la Armada de M\u00e9xico informa que ayer, en el marco de la implementaci\u00f3n del Plan Marina en su Fase de Auxilio a la poblaci\u00f3n civil del estado de Guerrero, tras el impacto que tuvo el hurac\u00e1n \u201cOtis\u201d, personal naval estableci\u00f3 un puente a\u00e9reo para el traslado de tres reci\u00e9n nacidos del puerto de Acapulco a la Ciudad de M\u00e9xico. Esta acci\u00f3n se llev\u00f3 a cabo, en dos vuelos diferentes, derivada de coordinaciones entre el Estado Mayor General de la Armada, la Regi\u00f3n Naval de Acapulco, la Base Aeronaval de [&hellip;]\" \/>\n<meta property=\"og:url\" content=\"https:\/\/canal7slp.tv\/2023\/marina-establece-puente-aereo-para-traslado-de-tres-recien-nacidos-del-puerto-de-acapulco-guerrero-a-la-ciudad-de-mexico\/\" \/>\n<meta property=\"og:site_name\" content=\"Canal 7 SLP - 2023\" \/>\n<meta property=\"article:publisher\" content=\"https:\/\/www.facebook.com\/noticieroscanalsiete\" \/>\n<meta property=\"article:published_time\" content=\"2023-10-27T20:17:54+00:00\" \/>\n<meta property=\"og:image\" content=\"https:\/\/canal7slp.tv\/2023\/wp-content\/uploads\/2023\/10\/RecienNacidos.jpg\" \/>\n\t<meta property=\"og:image:width\" content=\"928\" \/>\n\t<meta property=\"og:image:height\" content=\"696\" \/>\n\t<meta property=\"og:image:type\" content=\"image\/jpeg\" \/>\n<meta name=\"author\" content=\"Edici\u00f3n Web\" \/>\n<meta name=\"twitter:card\" content=\"summary_large_image\" \/>\n<meta name=\"twitter:creator\" content=\"@NOTICIEROS7\" \/>\n<meta name=\"twitter:site\" content=\"@NOTICIEROS7\" \/>\n<meta name=\"twitter:label1\" content=\"Escrito por\" \/>\n\t<meta name=\"twitter:data1\" content=\"Edici\u00f3n Web\" \/>\n\t<meta name=\"twitter:label2\" content=\"Tiempo de lectura\" \/>\n\t<meta name=\"twitter:data2\" content=\"6 minutos\" \/>\n<script type=\"application\/ld+json\" class=\"yoast-schema-graph\">{\"@context\":\"https:\\\/\\\/schema.org\",\"@graph\":[{\"@type\":\"Article\",\"@id\":\"https:\\\/\\\/canal7slp.tv\\\/2023\\\/marina-establece-puente-aereo-para-traslado-de-tres-recien-nacidos-del-puerto-de-acapulco-guerrero-a-la-ciudad-de-mexico\\\/#article\",\"isPartOf\":{\"@id\":\"https:\\\/\\\/canal7slp.tv\\\/2023\\\/marina-establece-puente-aereo-para-traslado-de-tres-recien-nacidos-del-puerto-de-acapulco-guerrero-a-la-ciudad-de-mexico\\\/\"},\"author\":{\"name\":\"Edici\u00f3n Web\",\"@id\":\"https:\\\/\\\/canal7slp.tv\\\/2023\\\/#\\\/schema\\\/person\\\/639c424e3584069003b11ae813915da6\"},\"headline\":\"Marina establece puente a\u00e9reo para traslado de tres reci\u00e9n nacidos del puerto de Acapulco, Guerrero a la Ciudad de M\u00e9xico\",\"datePublished\":\"2023-10-27T20:17:54+00:00\",\"mainEntityOfPage\":{\"@id\":\"https:\\\/\\\/canal7slp.tv\\\/2023\\\/marina-establece-puente-aereo-para-traslado-de-tres-recien-nacidos-del-puerto-de-acapulco-guerrero-a-la-ciudad-de-mexico\\\/\"},\"wordCount\":665,\"publisher\":{\"@id\":\"https:\\\/\\\/canal7slp.tv\\\/2023\\\/#organization\"},\"image\":{\"@id\":\"https:\\\/\\\/canal7slp.tv\\\/2023\\\/marina-establece-puente-aereo-para-traslado-de-tres-recien-nacidos-del-puerto-de-acapulco-guerrero-a-la-ciudad-de-mexico\\\/#primaryimage\"},\"thumbnailUrl\":\"https:\\\/\\\/canal7slp.tv\\\/2023\\\/wp-content\\\/uploads\\\/2023\\\/10\\\/RecienNacidos.jpg\",\"articleSection\":[\"NACIONALES\"],\"inLanguage\":\"es\"},{\"@type\":\"WebPage\",\"@id\":\"https:\\\/\\\/canal7slp.tv\\\/2023\\\/marina-establece-puente-aereo-para-traslado-de-tres-recien-nacidos-del-puerto-de-acapulco-guerrero-a-la-ciudad-de-mexico\\\/\",\"url\":\"https:\\\/\\\/canal7slp.tv\\\/2023\\\/marina-establece-puente-aereo-para-traslado-de-tres-recien-nacidos-del-puerto-de-acapulco-guerrero-a-la-ciudad-de-mexico\\\/\",\"name\":\"Marina establece puente a\u00e9reo para traslado de tres reci\u00e9n nacidos del puerto de Acapulco, Guerrero a la Ciudad de M\u00e9xico - Canal 7 SLP - 2023\",\"isPartOf\":{\"@id\":\"https:\\\/\\\/canal7slp.tv\\\/2023\\\/#website\"},\"primaryImageOfPage\":{\"@id\":\"https:\\\/\\\/canal7slp.tv\\\/2023\\\/marina-establece-puente-aereo-para-traslado-de-tres-recien-nacidos-del-puerto-de-acapulco-guerrero-a-la-ciudad-de-mexico\\\/#primaryimage\"},\"image\":{\"@id\":\"https:\\\/\\\/canal7slp.tv\\\/2023\\\/marina-establece-puente-aereo-para-traslado-de-tres-recien-nacidos-del-puerto-de-acapulco-guerrero-a-la-ciudad-de-mexico\\\/#primaryimage\"},\"thumbnailUrl\":\"https:\\\/\\\/canal7slp.tv\\\/2023\\\/wp-content\\\/uploads\\\/2023\\\/10\\\/RecienNacidos.jpg\",\"datePublished\":\"2023-10-27T20:17:54+00:00\",\"breadcrumb\":{\"@id\":\"https:\\\/\\\/canal7slp.tv\\\/2023\\\/marina-establece-puente-aereo-para-traslado-de-tres-recien-nacidos-del-puerto-de-acapulco-guerrero-a-la-ciudad-de-mexico\\\/#breadcrumb\"},\"inLanguage\":\"es\",\"potentialAction\":[{\"@type\":\"ReadAction\",\"target\":[\"https:\\\/\\\/canal7slp.tv\\\/2023\\\/marina-establece-puente-aereo-para-traslado-de-tres-recien-nacidos-del-puerto-de-acapulco-guerrero-a-la-ciudad-de-mexico\\\/\"]}]},{\"@type\":\"ImageObject\",\"inLanguage\":\"es\",\"@id\":\"https:\\\/\\\/canal7slp.tv\\\/2023\\\/marina-establece-puente-aereo-para-traslado-de-tres-recien-nacidos-del-puerto-de-acapulco-guerrero-a-la-ciudad-de-mexico\\\/#primaryimage\",\"url\":\"https:\\\/\\\/canal7slp.tv\\\/2023\\\/wp-content\\\/uploads\\\/2023\\\/10\\\/RecienNacidos.jpg\",\"contentUrl\":\"https:\\\/\\\/canal7slp.tv\\\/2023\\\/wp-content\\\/uploads\\\/2023\\\/10\\\/RecienNacidos.jpg\",\"width\":928,\"height\":696},{\"@type\":\"BreadcrumbList\",\"@id\":\"https:\\\/\\\/canal7slp.tv\\\/2023\\\/marina-establece-puente-aereo-para-traslado-de-tres-recien-nacidos-del-puerto-de-acapulco-guerrero-a-la-ciudad-de-mexico\\\/#breadcrumb\",\"itemListElement\":[{\"@type\":\"ListItem\",\"position\":1,\"name\":\"Portada\",\"item\":\"https:\\\/\\\/canal7slp.tv\\\/2023\\\/\"},{\"@type\":\"ListItem\",\"position\":2,\"name\":\"Marina establece puente a\u00e9reo para traslado de tres reci\u00e9n nacidos del puerto de Acapulco, Guerrero a la Ciudad de M\u00e9xico\"}]},{\"@type\":\"WebSite\",\"@id\":\"https:\\\/\\\/canal7slp.tv\\\/2023\\\/#website\",\"url\":\"https:\\\/\\\/canal7slp.tv\\\/2023\\\/\",\"name\":\"N7 - Noticieros Canal 7\",\"description\":\"Somos Televisi\u00f3n\",\"publisher\":{\"@id\":\"https:\\\/\\\/canal7slp.tv\\\/2023\\\/#organization\"},\"potentialAction\":[{\"@type\":\"SearchAction\",\"target\":{\"@type\":\"EntryPoint\",\"urlTemplate\":\"https:\\\/\\\/canal7slp.tv\\\/2023\\\/?s={search_term_string}\"},\"query-input\":{\"@type\":\"PropertyValueSpecification\",\"valueRequired\":true,\"valueName\":\"search_term_string\"}}],\"inLanguage\":\"es\"},{\"@type\":\"Organization\",\"@id\":\"https:\\\/\\\/canal7slp.tv\\\/2023\\\/#organization\",\"name\":\"Noticieros Canal 7\",\"url\":\"https:\\\/\\\/canal7slp.tv\\\/2023\\\/\",\"logo\":{\"@type\":\"ImageObject\",\"inLanguage\":\"es\",\"@id\":\"https:\\\/\\\/canal7slp.tv\\\/2023\\\/#\\\/schema\\\/logo\\\/image\\\/\",\"url\":\"https:\\\/\\\/canal7slp.tv\\\/2023\\\/wp-content\\\/uploads\\\/2021\\\/01\\\/logo-noticieros@2x.png\",\"contentUrl\":\"https:\\\/\\\/canal7slp.tv\\\/2023\\\/wp-content\\\/uploads\\\/2021\\\/01\\\/logo-noticieros@2x.png\",\"width\":1017,\"height\":268,\"caption\":\"Noticieros Canal 7\"},\"image\":{\"@id\":\"https:\\\/\\\/canal7slp.tv\\\/2023\\\/#\\\/schema\\\/logo\\\/image\\\/\"},\"sameAs\":[\"https:\\\/\\\/www.facebook.com\\\/noticieroscanalsiete\",\"https:\\\/\\\/x.com\\\/NOTICIEROS7\",\"https:\\\/\\\/www.instagram.com\\\/canal7_slp\",\"https:\\\/\\\/www.youtube.com\\\/channel\\\/UCliiYs-gP3JfJeqdPrNdd5A\"]},{\"@type\":\"Person\",\"@id\":\"https:\\\/\\\/canal7slp.tv\\\/2023\\\/#\\\/schema\\\/person\\\/639c424e3584069003b11ae813915da6\",\"name\":\"Edici\u00f3n Web\",\"image\":{\"@type\":\"ImageObject\",\"inLanguage\":\"es\",\"@id\":\"https:\\\/\\\/secure.gravatar.com\\\/avatar\\\/eee448fc3f7164808013b816ba91ac7e43bbe82a70bebac296f8bc6f0addaa1a?s=96&d=mm&r=g\",\"url\":\"https:\\\/\\\/secure.gravatar.com\\\/avatar\\\/eee448fc3f7164808013b816ba91ac7e43bbe82a70bebac296f8bc6f0addaa1a?s=96&d=mm&r=g\",\"contentUrl\":\"https:\\\/\\\/secure.gravatar.com\\\/avatar\\\/eee448fc3f7164808013b816ba91ac7e43bbe82a70bebac296f8bc6f0addaa1a?s=96&d=mm&r=g\",\"caption\":\"Edici\u00f3n Web\"},\"url\":\"https:\\\/\\\/canal7slp.tv\\\/2023\\\/author\\\/edicionweb\\\/\"}]}<\/script>\n<!-- \/ Yoast SEO plugin. -->","yoast_head_json":{"title":"Marina establece puente a\u00e9reo para traslado de tres reci\u00e9n nacidos del puerto de Acapulco, Guerrero a la Ciudad de M\u00e9xico - Canal 7 SLP - 2023","robots":{"index":"index","follow":"follow","max-snippet":"max-snippet:-1","max-image-preview":"max-image-preview:large","max-video-preview":"max-video-preview:-1"},"canonical":"https:\/\/canal7slp.tv\/2023\/marina-establece-puente-aereo-para-traslado-de-tres-recien-nacidos-del-puerto-de-acapulco-guerrero-a-la-ciudad-de-mexico\/","og_locale":"es_ES","og_type":"article","og_title":"Marina establece puente a\u00e9reo para traslado de tres reci\u00e9n nacidos del puerto de Acapulco, Guerrero a la Ciudad de M\u00e9xico - Canal 7 SLP - 2023","og_description":"Ciudad de M\u00e9xico. &#8211; La Secretar\u00eda de Marina a trav\u00e9s de la Armada de M\u00e9xico informa que ayer, en el marco de la implementaci\u00f3n del Plan Marina en su Fase de Auxilio a la poblaci\u00f3n civil del estado de Guerrero, tras el impacto que tuvo el hurac\u00e1n \u201cOtis\u201d, personal naval estableci\u00f3 un puente a\u00e9reo para el traslado de tres reci\u00e9n nacidos del puerto de Acapulco a la Ciudad de M\u00e9xico. Esta acci\u00f3n se llev\u00f3 a cabo, en dos vuelos diferentes, derivada de coordinaciones entre el Estado Mayor General de la Armada, la Regi\u00f3n Naval de Acapulco, la Base Aeronaval de [&hellip;]","og_url":"https:\/\/canal7slp.tv\/2023\/marina-establece-puente-aereo-para-traslado-de-tres-recien-nacidos-del-puerto-de-acapulco-guerrero-a-la-ciudad-de-mexico\/","og_site_name":"Canal 7 SLP - 2023","article_publisher":"https:\/\/www.facebook.com\/noticieroscanalsiete","article_published_time":"2023-10-27T20:17:54+00:00","og_image":[{"width":928,"height":696,"url":"https:\/\/canal7slp.tv\/2023\/wp-content\/uploads\/2023\/10\/RecienNacidos.jpg","type":"image\/jpeg"}],"author":"Edici\u00f3n Web","twitter_card":"summary_large_image","twitter_creator":"@NOTICIEROS7","twitter_site":"@NOTICIEROS7","twitter_misc":{"Escrito por":"Edici\u00f3n Web","Tiempo de lectura":"6 minutos"},"schema":{"@context":"https:\/\/schema.org","@graph":[{"@type":"Article","@id":"https:\/\/canal7slp.tv\/2023\/marina-establece-puente-aereo-para-traslado-de-tres-recien-nacidos-del-puerto-de-acapulco-guerrero-a-la-ciudad-de-mexico\/#article","isPartOf":{"@id":"https:\/\/canal7slp.tv\/2023\/marina-establece-puente-aereo-para-traslado-de-tres-recien-nacidos-del-puerto-de-acapulco-guerrero-a-la-ciudad-de-mexico\/"},"author":{"name":"Edici\u00f3n Web","@id":"https:\/\/canal7slp.tv\/2023\/#\/schema\/person\/639c424e3584069003b11ae813915da6"},"headline":"Marina establece puente a\u00e9reo para traslado de tres reci\u00e9n nacidos del puerto de Acapulco, Guerrero a la Ciudad de M\u00e9xico","datePublished":"2023-10-27T20:17:54+00:00","mainEntityOfPage":{"@id":"https:\/\/canal7slp.tv\/2023\/marina-establece-puente-aereo-para-traslado-de-tres-recien-nacidos-del-puerto-de-acapulco-guerrero-a-la-ciudad-de-mexico\/"},"wordCount":665,"publisher":{"@id":"https:\/\/canal7slp.tv\/2023\/#organization"},"image":{"@id":"https:\/\/canal7slp.tv\/2023\/marina-establece-puente-aereo-para-traslado-de-tres-recien-nacidos-del-puerto-de-acapulco-guerrero-a-la-ciudad-de-mexico\/#primaryimage"},"thumbnailUrl":"https:\/\/canal7slp.tv\/2023\/wp-content\/uploads\/2023\/10\/RecienNacidos.jpg","articleSection":["NACIONALES"],"inLanguage":"es"},{"@type":"WebPage","@id":"https:\/\/canal7slp.tv\/2023\/marina-establece-puente-aereo-para-traslado-de-tres-recien-nacidos-del-puerto-de-acapulco-guerrero-a-la-ciudad-de-mexico\/","url":"https:\/\/canal7slp.tv\/2023\/marina-establece-puente-aereo-para-traslado-de-tres-recien-nacidos-del-puerto-de-acapulco-guerrero-a-la-ciudad-de-mexico\/","name":"Marina establece puente a\u00e9reo para traslado de tres reci\u00e9n nacidos del puerto de Acapulco, Guerrero a la Ciudad de M\u00e9xico - Canal 7 SLP - 2023","isPartOf":{"@id":"https:\/\/canal7slp.tv\/2023\/#website"},"primaryImageOfPage":{"@id":"https:\/\/canal7slp.tv\/2023\/marina-establece-puente-aereo-para-traslado-de-tres-recien-nacidos-del-puerto-de-acapulco-guerrero-a-la-ciudad-de-mexico\/#primaryimage"},"image":{"@id":"https:\/\/canal7slp.tv\/2023\/marina-establece-puente-aereo-para-traslado-de-tres-recien-nacidos-del-puerto-de-acapulco-guerrero-a-la-ciudad-de-mexico\/#primaryimage"},"thumbnailUrl":"https:\/\/canal7slp.tv\/2023\/wp-content\/uploads\/2023\/10\/RecienNacidos.jpg","datePublished":"2023-10-27T20:17:54+00:00","breadcrumb":{"@id":"https:\/\/canal7slp.tv\/2023\/marina-establece-puente-aereo-para-traslado-de-tres-recien-nacidos-del-puerto-de-acapulco-guerrero-a-la-ciudad-de-mexico\/#breadcrumb"},"inLanguage":"es","potentialAction":[{"@type":"ReadAction","target":["https:\/\/canal7slp.tv\/2023\/marina-establece-puente-aereo-para-traslado-de-tres-recien-nacidos-del-puerto-de-acapulco-guerrero-a-la-ciudad-de-mexico\/"]}]},{"@type":"ImageObject","inLanguage":"es","@id":"https:\/\/canal7slp.tv\/2023\/marina-establece-puente-aereo-para-traslado-de-tres-recien-nacidos-del-puerto-de-acapulco-guerrero-a-la-ciudad-de-mexico\/#primaryimage","url":"https:\/\/canal7slp.tv\/2023\/wp-content\/uploads\/2023\/10\/RecienNacidos.jpg","contentUrl":"https:\/\/canal7slp.tv\/2023\/wp-content\/uploads\/2023\/10\/RecienNacidos.jpg","width":928,"height":696},{"@type":"BreadcrumbList","@id":"https:\/\/canal7slp.tv\/2023\/marina-establece-puente-aereo-para-traslado-de-tres-recien-nacidos-del-puerto-de-acapulco-guerrero-a-la-ciudad-de-mexico\/#breadcrumb","itemListElement":[{"@type":"ListItem","position":1,"name":"Portada","item":"https:\/\/canal7slp.tv\/2023\/"},{"@type":"ListItem","position":2,"name":"Marina establece puente a\u00e9reo para traslado de tres reci\u00e9n nacidos del puerto de Acapulco, Guerrero a la Ciudad de M\u00e9xico"}]},{"@type":"WebSite","@id":"https:\/\/canal7slp.tv\/2023\/#website","url":"https:\/\/canal7slp.tv\/2023\/","name":"N7 - Noticieros Canal 7","description":"Somos Televisi\u00f3n","publisher":{"@id":"https:\/\/canal7slp.tv\/2023\/#organization"},"potentialAction":[{"@type":"SearchAction","target":{"@type":"EntryPoint","urlTemplate":"https:\/\/canal7slp.tv\/2023\/?s={search_term_string}"},"query-input":{"@type":"PropertyValueSpecification","valueRequired":true,"valueName":"search_term_string"}}],"inLanguage":"es"},{"@type":"Organization","@id":"https:\/\/canal7slp.tv\/2023\/#organization","name":"Noticieros Canal 7","url":"https:\/\/canal7slp.tv\/2023\/","logo":{"@type":"ImageObject","inLanguage":"es","@id":"https:\/\/canal7slp.tv\/2023\/#\/schema\/logo\/image\/","url":"https:\/\/canal7slp.tv\/2023\/wp-content\/uploads\/2021\/01\/logo-noticieros@2x.png","contentUrl":"https:\/\/canal7slp.tv\/2023\/wp-content\/uploads\/2021\/01\/logo-noticieros@2x.png","width":1017,"height":268,"caption":"Noticieros Canal 7"},"image":{"@id":"https:\/\/canal7slp.tv\/2023\/#\/schema\/logo\/image\/"},"sameAs":["https:\/\/www.facebook.com\/noticieroscanalsiete","https:\/\/x.com\/NOTICIEROS7","https:\/\/www.instagram.com\/canal7_slp","https:\/\/www.youtube.com\/channel\/UCliiYs-gP3JfJeqdPrNdd5A"]},{"@type":"Person","@id":"https:\/\/canal7slp.tv\/2023\/#\/schema\/person\/639c424e3584069003b11ae813915da6","name":"Edici\u00f3n Web","image":{"@type":"ImageObject","inLanguage":"es","@id":"https:\/\/secure.gravatar.com\/avatar\/eee448fc3f7164808013b816ba91ac7e43bbe82a70bebac296f8bc6f0addaa1a?s=96&d=mm&r=g","url":"https:\/\/secure.gravatar.com\/avatar\/eee448fc3f7164808013b816ba91ac7e43bbe82a70bebac296f8bc6f0addaa1a?s=96&d=mm&r=g","contentUrl":"https:\/\/secure.gravatar.com\/avatar\/eee448fc3f7164808013b816ba91ac7e43bbe82a70bebac296f8bc6f0addaa1a?s=96&d=mm&r=g","caption":"Edici\u00f3n Web"},"url":"https:\/\/canal7slp.tv\/2023\/author\/edicionweb\/"}]}},"_links":{"self":[{"href":"https:\/\/canal7slp.tv\/2023\/wp-json\/wp\/v2\/posts\/111296","targetHints":{"allow":["GET"]}}],"collection":[{"href":"https:\/\/canal7slp.tv\/2023\/wp-json\/wp\/v2\/posts"}],"about":[{"href":"https:\/\/canal7slp.tv\/2023\/wp-json\/wp\/v2\/types\/post"}],"author":[{"embeddable":true,"href":"https:\/\/canal7slp.tv\/2023\/wp-json\/wp\/v2\/users\/2"}],"replies":[{"embeddable":true,"href":"https:\/\/canal7slp.tv\/2023\/wp-json\/wp\/v2\/comments?post=111296"}],"version-history":[{"count":1,"href":"https:\/\/canal7slp.tv\/2023\/wp-json\/wp\/v2\/posts\/111296\/revisions"}],"predecessor-version":[{"id":111297,"href":"https:\/\/canal7slp.tv\/2023\/wp-json\/wp\/v2\/posts\/111296\/revisions\/111297"}],"wp:featuredmedia":[{"embeddable":true,"href":"https:\/\/canal7slp.tv\/2023\/wp-json\/wp\/v2\/media\/111316"}],"wp:attachment":[{"href":"https:\/\/canal7slp.tv\/2023\/wp-json\/wp\/v2\/media?parent=111296"}],"wp:term":[{"taxonomy":"category","embeddable":true,"href":"https:\/\/canal7slp.tv\/2023\/wp-json\/wp\/v2\/categories?post=111296"},{"taxonomy":"post_tag","embeddable":true,"href":"https:\/\/canal7slp.tv\/2023\/wp-json\/wp\/v2\/tags?post=111296"}],"curies":[{"name":"wp","href":"https:\/\/api.w.org\/{rel}","templated":true}]}}