{"id":111291,"date":"2023-10-27T14:19:37","date_gmt":"2023-10-27T20:19:37","guid":{"rendered":"https:\/\/canal7slp.tv\/2023\/?p=111291"},"modified":"2023-10-27T14:19:37","modified_gmt":"2023-10-27T20:19:37","slug":"arturo-israel-reyna-se-encuentra-listo-para-su-participacion-en-santiago-de-chile","status":"publish","type":"post","link":"https:\/\/canal7slp.tv\/2023\/arturo-israel-reyna-se-encuentra-listo-para-su-participacion-en-santiago-de-chile\/","title":{"rendered":"Arturo Israel Reyna se encuentra listo para su participaci\u00f3n en Santiago de Chile"},"content":{"rendered":"<p style=\"text-align: justify;\">SLP.- El Atleta potosino Arturo Israel Reyna Trist\u00e1n, se encuentra listo para su participaci\u00f3n en Santiago de Chile en la prueba de los 3000 con obst\u00e1culos.<\/p>\n<p style=\"text-align: justify;\">Con 25 a\u00f1os de edad, est\u00e1 es la primera ocasi\u00f3n en que Arturo Israel busc\u00f3 estar presente en la eliminatoria para dar la marca y estar entre los mejores corredores clasificados de acuerdo con el listado de la Organizaci\u00f3n Deportiva Panamericana.<\/p>\n<p style=\"text-align: justify;\">El \u00faltimo deportista potosino en la disciplina de atletismo que estuvo en unos Juegos Panamericanos fue Juan Armando Quintanilla Loredo, que estuvo en Mar de la Plata en 1995.<\/p>\n<p style=\"text-align: justify;\">Siendo precisamente Juan Armando Quintanilla, el entrenador de Arturo Israel Reyna Trist\u00e1n, por lo que el joven atleta potosino tiene el asesoramiento adecuado por parte de uno de los m\u00e1ximos exponentes del atletismo de San Luis Potos\u00ed, hay que recordar que en este tipo de competencia, tambi\u00e9n estuvo otro grande de San Luis Potos\u00ed, Eduardo Castro.<\/p>\n<p style=\"text-align: justify;\">La disciplina de atletismo entrar\u00e1 en acci\u00f3n a partir del lunes 30 de octubre hasta el 4 de noviembre.<\/p>\n","protected":false},"excerpt":{"rendered":"<p>SLP.- El Atleta potosino Arturo Israel Reyna Trist\u00e1n, se encuentra listo para su participaci\u00f3n en Santiago de Chile en la prueba de los 3000 con obst\u00e1culos. Con 25 a\u00f1os de edad, est\u00e1 es la primera ocasi\u00f3n en que Arturo Israel busc\u00f3 estar presente en la eliminatoria para dar la marca y estar entre los mejores corredores clasificados de acuerdo con el listado de la Organizaci\u00f3n Deportiva Panamericana. El \u00faltimo deportista potosino en la disciplina de atletismo que estuvo en unos Juegos Panamericanos fue Juan Armando Quintanilla Loredo, que estuvo en Mar de la Plata en 1995. Siendo precisamente Juan Armando [&hellip;]<\/p>\n","protected":false},"author":2,"featured_media":111317,"comment_status":"closed","ping_status":"closed","sticky":false,"template":"","format":"video","meta":{"footnotes":""},"categories":[7,5],"tags":[],"class_list":["post-111291","post","type-post","status-publish","format-video","has-post-thumbnail","hentry","category-deportes","category-destacadas","post_format-post-format-video","post--single"],"yoast_head":"<!-- This site is optimized with the Yoast SEO plugin v27.4 - https:\/\/yoast.com\/product\/yoast-seo-wordpress\/ -->\n<title>Arturo Israel Reyna se encuentra listo para su participaci\u00f3n en Santiago de Chile - Canal 7 SLP - 2023<\/title>\n<meta name=\"robots\" content=\"index, follow, max-snippet:-1, max-image-preview:large, max-video-preview:-1\" \/>\n<link rel=\"canonical\" href=\"https:\/\/canal7slp.tv\/2023\/arturo-israel-reyna-se-encuentra-listo-para-su-participacion-en-santiago-de-chile\/\" \/>\n<meta property=\"og:locale\" content=\"es_ES\" \/>\n<meta property=\"og:type\" content=\"article\" \/>\n<meta property=\"og:title\" content=\"Arturo Israel Reyna se encuentra listo para su participaci\u00f3n en Santiago de Chile - Canal 7 SLP - 2023\" \/>\n<meta property=\"og:description\" content=\"SLP.- El Atleta potosino Arturo Israel Reyna Trist\u00e1n, se encuentra listo para su participaci\u00f3n en Santiago de Chile en la prueba de los 3000 con obst\u00e1culos. Con 25 a\u00f1os de edad, est\u00e1 es la primera ocasi\u00f3n en que Arturo Israel busc\u00f3 estar presente en la eliminatoria para dar la marca y estar entre los mejores corredores clasificados de acuerdo con el listado de la Organizaci\u00f3n Deportiva Panamericana. El \u00faltimo deportista potosino en la disciplina de atletismo que estuvo en unos Juegos Panamericanos fue Juan Armando Quintanilla Loredo, que estuvo en Mar de la Plata en 1995. Siendo precisamente Juan Armando [&hellip;]\" \/>\n<meta property=\"og:url\" content=\"https:\/\/canal7slp.tv\/2023\/arturo-israel-reyna-se-encuentra-listo-para-su-participacion-en-santiago-de-chile\/\" \/>\n<meta property=\"og:site_name\" content=\"Canal 7 SLP - 2023\" \/>\n<meta property=\"article:publisher\" content=\"https:\/\/www.facebook.com\/noticieroscanalsiete\" \/>\n<meta property=\"article:published_time\" content=\"2023-10-27T20:19:37+00:00\" \/>\n<meta property=\"og:image\" content=\"https:\/\/canal7slp.tv\/2023\/wp-content\/uploads\/2023\/10\/Froi02Atletismo-1.jpg\" \/>\n\t<meta property=\"og:image:width\" content=\"1280\" \/>\n\t<meta property=\"og:image:height\" content=\"720\" \/>\n\t<meta property=\"og:image:type\" content=\"image\/jpeg\" \/>\n<meta name=\"author\" content=\"Edici\u00f3n Web\" \/>\n<meta name=\"twitter:card\" content=\"summary_large_image\" \/>\n<meta name=\"twitter:creator\" content=\"@NOTICIEROS7\" \/>\n<meta name=\"twitter:site\" content=\"@NOTICIEROS7\" \/>\n<meta name=\"twitter:label1\" content=\"Escrito por\" \/>\n\t<meta name=\"twitter:data1\" content=\"Edici\u00f3n Web\" \/>\n\t<meta name=\"twitter:label2\" content=\"Tiempo de lectura\" \/>\n\t<meta name=\"twitter:data2\" content=\"1 minuto\" \/>\n<script type=\"application\/ld+json\" class=\"yoast-schema-graph\">{\"@context\":\"https:\\\/\\\/schema.org\",\"@graph\":[{\"@type\":\"Article\",\"@id\":\"https:\\\/\\\/canal7slp.tv\\\/2023\\\/arturo-israel-reyna-se-encuentra-listo-para-su-participacion-en-santiago-de-chile\\\/#article\",\"isPartOf\":{\"@id\":\"https:\\\/\\\/canal7slp.tv\\\/2023\\\/arturo-israel-reyna-se-encuentra-listo-para-su-participacion-en-santiago-de-chile\\\/\"},\"author\":{\"name\":\"Edici\u00f3n Web\",\"@id\":\"https:\\\/\\\/canal7slp.tv\\\/2023\\\/#\\\/schema\\\/person\\\/639c424e3584069003b11ae813915da6\"},\"headline\":\"Arturo Israel Reyna se encuentra listo para su participaci\u00f3n en Santiago de Chile\",\"datePublished\":\"2023-10-27T20:19:37+00:00\",\"mainEntityOfPage\":{\"@id\":\"https:\\\/\\\/canal7slp.tv\\\/2023\\\/arturo-israel-reyna-se-encuentra-listo-para-su-participacion-en-santiago-de-chile\\\/\"},\"wordCount\":191,\"publisher\":{\"@id\":\"https:\\\/\\\/canal7slp.tv\\\/2023\\\/#organization\"},\"image\":{\"@id\":\"https:\\\/\\\/canal7slp.tv\\\/2023\\\/arturo-israel-reyna-se-encuentra-listo-para-su-participacion-en-santiago-de-chile\\\/#primaryimage\"},\"thumbnailUrl\":\"https:\\\/\\\/canal7slp.tv\\\/2023\\\/wp-content\\\/uploads\\\/2023\\\/10\\\/Froi02Atletismo-1.jpg\",\"articleSection\":[\"DEPORTES\",\"DESTACADAS\"],\"inLanguage\":\"es\"},{\"@type\":\"WebPage\",\"@id\":\"https:\\\/\\\/canal7slp.tv\\\/2023\\\/arturo-israel-reyna-se-encuentra-listo-para-su-participacion-en-santiago-de-chile\\\/\",\"url\":\"https:\\\/\\\/canal7slp.tv\\\/2023\\\/arturo-israel-reyna-se-encuentra-listo-para-su-participacion-en-santiago-de-chile\\\/\",\"name\":\"Arturo Israel Reyna se encuentra listo para su participaci\u00f3n en Santiago de Chile - Canal 7 SLP - 2023\",\"isPartOf\":{\"@id\":\"https:\\\/\\\/canal7slp.tv\\\/2023\\\/#website\"},\"primaryImageOfPage\":{\"@id\":\"https:\\\/\\\/canal7slp.tv\\\/2023\\\/arturo-israel-reyna-se-encuentra-listo-para-su-participacion-en-santiago-de-chile\\\/#primaryimage\"},\"image\":{\"@id\":\"https:\\\/\\\/canal7slp.tv\\\/2023\\\/arturo-israel-reyna-se-encuentra-listo-para-su-participacion-en-santiago-de-chile\\\/#primaryimage\"},\"thumbnailUrl\":\"https:\\\/\\\/canal7slp.tv\\\/2023\\\/wp-content\\\/uploads\\\/2023\\\/10\\\/Froi02Atletismo-1.jpg\",\"datePublished\":\"2023-10-27T20:19:37+00:00\",\"breadcrumb\":{\"@id\":\"https:\\\/\\\/canal7slp.tv\\\/2023\\\/arturo-israel-reyna-se-encuentra-listo-para-su-participacion-en-santiago-de-chile\\\/#breadcrumb\"},\"inLanguage\":\"es\",\"potentialAction\":[{\"@type\":\"ReadAction\",\"target\":[\"https:\\\/\\\/canal7slp.tv\\\/2023\\\/arturo-israel-reyna-se-encuentra-listo-para-su-participacion-en-santiago-de-chile\\\/\"]}]},{\"@type\":\"ImageObject\",\"inLanguage\":\"es\",\"@id\":\"https:\\\/\\\/canal7slp.tv\\\/2023\\\/arturo-israel-reyna-se-encuentra-listo-para-su-participacion-en-santiago-de-chile\\\/#primaryimage\",\"url\":\"https:\\\/\\\/canal7slp.tv\\\/2023\\\/wp-content\\\/uploads\\\/2023\\\/10\\\/Froi02Atletismo-1.jpg\",\"contentUrl\":\"https:\\\/\\\/canal7slp.tv\\\/2023\\\/wp-content\\\/uploads\\\/2023\\\/10\\\/Froi02Atletismo-1.jpg\",\"width\":1280,\"height\":720},{\"@type\":\"BreadcrumbList\",\"@id\":\"https:\\\/\\\/canal7slp.tv\\\/2023\\\/arturo-israel-reyna-se-encuentra-listo-para-su-participacion-en-santiago-de-chile\\\/#breadcrumb\",\"itemListElement\":[{\"@type\":\"ListItem\",\"position\":1,\"name\":\"Portada\",\"item\":\"https:\\\/\\\/canal7slp.tv\\\/2023\\\/\"},{\"@type\":\"ListItem\",\"position\":2,\"name\":\"Arturo Israel Reyna se encuentra listo para su participaci\u00f3n en Santiago de Chile\"}]},{\"@type\":\"WebSite\",\"@id\":\"https:\\\/\\\/canal7slp.tv\\\/2023\\\/#website\",\"url\":\"https:\\\/\\\/canal7slp.tv\\\/2023\\\/\",\"name\":\"N7 - Noticieros Canal 7\",\"description\":\"Somos Televisi\u00f3n\",\"publisher\":{\"@id\":\"https:\\\/\\\/canal7slp.tv\\\/2023\\\/#organization\"},\"potentialAction\":[{\"@type\":\"SearchAction\",\"target\":{\"@type\":\"EntryPoint\",\"urlTemplate\":\"https:\\\/\\\/canal7slp.tv\\\/2023\\\/?s={search_term_string}\"},\"query-input\":{\"@type\":\"PropertyValueSpecification\",\"valueRequired\":true,\"valueName\":\"search_term_string\"}}],\"inLanguage\":\"es\"},{\"@type\":\"Organization\",\"@id\":\"https:\\\/\\\/canal7slp.tv\\\/2023\\\/#organization\",\"name\":\"Noticieros Canal 7\",\"url\":\"https:\\\/\\\/canal7slp.tv\\\/2023\\\/\",\"logo\":{\"@type\":\"ImageObject\",\"inLanguage\":\"es\",\"@id\":\"https:\\\/\\\/canal7slp.tv\\\/2023\\\/#\\\/schema\\\/logo\\\/image\\\/\",\"url\":\"https:\\\/\\\/canal7slp.tv\\\/2023\\\/wp-content\\\/uploads\\\/2021\\\/01\\\/logo-noticieros@2x.png\",\"contentUrl\":\"https:\\\/\\\/canal7slp.tv\\\/2023\\\/wp-content\\\/uploads\\\/2021\\\/01\\\/logo-noticieros@2x.png\",\"width\":1017,\"height\":268,\"caption\":\"Noticieros Canal 7\"},\"image\":{\"@id\":\"https:\\\/\\\/canal7slp.tv\\\/2023\\\/#\\\/schema\\\/logo\\\/image\\\/\"},\"sameAs\":[\"https:\\\/\\\/www.facebook.com\\\/noticieroscanalsiete\",\"https:\\\/\\\/x.com\\\/NOTICIEROS7\",\"https:\\\/\\\/www.instagram.com\\\/canal7_slp\",\"https:\\\/\\\/www.youtube.com\\\/channel\\\/UCliiYs-gP3JfJeqdPrNdd5A\"]},{\"@type\":\"Person\",\"@id\":\"https:\\\/\\\/canal7slp.tv\\\/2023\\\/#\\\/schema\\\/person\\\/639c424e3584069003b11ae813915da6\",\"name\":\"Edici\u00f3n Web\",\"image\":{\"@type\":\"ImageObject\",\"inLanguage\":\"es\",\"@id\":\"https:\\\/\\\/secure.gravatar.com\\\/avatar\\\/eee448fc3f7164808013b816ba91ac7e43bbe82a70bebac296f8bc6f0addaa1a?s=96&d=mm&r=g\",\"url\":\"https:\\\/\\\/secure.gravatar.com\\\/avatar\\\/eee448fc3f7164808013b816ba91ac7e43bbe82a70bebac296f8bc6f0addaa1a?s=96&d=mm&r=g\",\"contentUrl\":\"https:\\\/\\\/secure.gravatar.com\\\/avatar\\\/eee448fc3f7164808013b816ba91ac7e43bbe82a70bebac296f8bc6f0addaa1a?s=96&d=mm&r=g\",\"caption\":\"Edici\u00f3n Web\"},\"url\":\"https:\\\/\\\/canal7slp.tv\\\/2023\\\/author\\\/edicionweb\\\/\"}]}<\/script>\n<!-- \/ Yoast SEO plugin. -->","yoast_head_json":{"title":"Arturo Israel Reyna se encuentra listo para su participaci\u00f3n en Santiago de Chile - Canal 7 SLP - 2023","robots":{"index":"index","follow":"follow","max-snippet":"max-snippet:-1","max-image-preview":"max-image-preview:large","max-video-preview":"max-video-preview:-1"},"canonical":"https:\/\/canal7slp.tv\/2023\/arturo-israel-reyna-se-encuentra-listo-para-su-participacion-en-santiago-de-chile\/","og_locale":"es_ES","og_type":"article","og_title":"Arturo Israel Reyna se encuentra listo para su participaci\u00f3n en Santiago de Chile - Canal 7 SLP - 2023","og_description":"SLP.- El Atleta potosino Arturo Israel Reyna Trist\u00e1n, se encuentra listo para su participaci\u00f3n en Santiago de Chile en la prueba de los 3000 con obst\u00e1culos. Con 25 a\u00f1os de edad, est\u00e1 es la primera ocasi\u00f3n en que Arturo Israel busc\u00f3 estar presente en la eliminatoria para dar la marca y estar entre los mejores corredores clasificados de acuerdo con el listado de la Organizaci\u00f3n Deportiva Panamericana. El \u00faltimo deportista potosino en la disciplina de atletismo que estuvo en unos Juegos Panamericanos fue Juan Armando Quintanilla Loredo, que estuvo en Mar de la Plata en 1995. Siendo precisamente Juan Armando [&hellip;]","og_url":"https:\/\/canal7slp.tv\/2023\/arturo-israel-reyna-se-encuentra-listo-para-su-participacion-en-santiago-de-chile\/","og_site_name":"Canal 7 SLP - 2023","article_publisher":"https:\/\/www.facebook.com\/noticieroscanalsiete","article_published_time":"2023-10-27T20:19:37+00:00","og_image":[{"width":1280,"height":720,"url":"https:\/\/canal7slp.tv\/2023\/wp-content\/uploads\/2023\/10\/Froi02Atletismo-1.jpg","type":"image\/jpeg"}],"author":"Edici\u00f3n Web","twitter_card":"summary_large_image","twitter_creator":"@NOTICIEROS7","twitter_site":"@NOTICIEROS7","twitter_misc":{"Escrito por":"Edici\u00f3n Web","Tiempo de lectura":"1 minuto"},"schema":{"@context":"https:\/\/schema.org","@graph":[{"@type":"Article","@id":"https:\/\/canal7slp.tv\/2023\/arturo-israel-reyna-se-encuentra-listo-para-su-participacion-en-santiago-de-chile\/#article","isPartOf":{"@id":"https:\/\/canal7slp.tv\/2023\/arturo-israel-reyna-se-encuentra-listo-para-su-participacion-en-santiago-de-chile\/"},"author":{"name":"Edici\u00f3n Web","@id":"https:\/\/canal7slp.tv\/2023\/#\/schema\/person\/639c424e3584069003b11ae813915da6"},"headline":"Arturo Israel Reyna se encuentra listo para su participaci\u00f3n en Santiago de Chile","datePublished":"2023-10-27T20:19:37+00:00","mainEntityOfPage":{"@id":"https:\/\/canal7slp.tv\/2023\/arturo-israel-reyna-se-encuentra-listo-para-su-participacion-en-santiago-de-chile\/"},"wordCount":191,"publisher":{"@id":"https:\/\/canal7slp.tv\/2023\/#organization"},"image":{"@id":"https:\/\/canal7slp.tv\/2023\/arturo-israel-reyna-se-encuentra-listo-para-su-participacion-en-santiago-de-chile\/#primaryimage"},"thumbnailUrl":"https:\/\/canal7slp.tv\/2023\/wp-content\/uploads\/2023\/10\/Froi02Atletismo-1.jpg","articleSection":["DEPORTES","DESTACADAS"],"inLanguage":"es"},{"@type":"WebPage","@id":"https:\/\/canal7slp.tv\/2023\/arturo-israel-reyna-se-encuentra-listo-para-su-participacion-en-santiago-de-chile\/","url":"https:\/\/canal7slp.tv\/2023\/arturo-israel-reyna-se-encuentra-listo-para-su-participacion-en-santiago-de-chile\/","name":"Arturo Israel Reyna se encuentra listo para su participaci\u00f3n en Santiago de Chile - Canal 7 SLP - 2023","isPartOf":{"@id":"https:\/\/canal7slp.tv\/2023\/#website"},"primaryImageOfPage":{"@id":"https:\/\/canal7slp.tv\/2023\/arturo-israel-reyna-se-encuentra-listo-para-su-participacion-en-santiago-de-chile\/#primaryimage"},"image":{"@id":"https:\/\/canal7slp.tv\/2023\/arturo-israel-reyna-se-encuentra-listo-para-su-participacion-en-santiago-de-chile\/#primaryimage"},"thumbnailUrl":"https:\/\/canal7slp.tv\/2023\/wp-content\/uploads\/2023\/10\/Froi02Atletismo-1.jpg","datePublished":"2023-10-27T20:19:37+00:00","breadcrumb":{"@id":"https:\/\/canal7slp.tv\/2023\/arturo-israel-reyna-se-encuentra-listo-para-su-participacion-en-santiago-de-chile\/#breadcrumb"},"inLanguage":"es","potentialAction":[{"@type":"ReadAction","target":["https:\/\/canal7slp.tv\/2023\/arturo-israel-reyna-se-encuentra-listo-para-su-participacion-en-santiago-de-chile\/"]}]},{"@type":"ImageObject","inLanguage":"es","@id":"https:\/\/canal7slp.tv\/2023\/arturo-israel-reyna-se-encuentra-listo-para-su-participacion-en-santiago-de-chile\/#primaryimage","url":"https:\/\/canal7slp.tv\/2023\/wp-content\/uploads\/2023\/10\/Froi02Atletismo-1.jpg","contentUrl":"https:\/\/canal7slp.tv\/2023\/wp-content\/uploads\/2023\/10\/Froi02Atletismo-1.jpg","width":1280,"height":720},{"@type":"BreadcrumbList","@id":"https:\/\/canal7slp.tv\/2023\/arturo-israel-reyna-se-encuentra-listo-para-su-participacion-en-santiago-de-chile\/#breadcrumb","itemListElement":[{"@type":"ListItem","position":1,"name":"Portada","item":"https:\/\/canal7slp.tv\/2023\/"},{"@type":"ListItem","position":2,"name":"Arturo Israel Reyna se encuentra listo para su participaci\u00f3n en Santiago de Chile"}]},{"@type":"WebSite","@id":"https:\/\/canal7slp.tv\/2023\/#website","url":"https:\/\/canal7slp.tv\/2023\/","name":"N7 - Noticieros Canal 7","description":"Somos Televisi\u00f3n","publisher":{"@id":"https:\/\/canal7slp.tv\/2023\/#organization"},"potentialAction":[{"@type":"SearchAction","target":{"@type":"EntryPoint","urlTemplate":"https:\/\/canal7slp.tv\/2023\/?s={search_term_string}"},"query-input":{"@type":"PropertyValueSpecification","valueRequired":true,"valueName":"search_term_string"}}],"inLanguage":"es"},{"@type":"Organization","@id":"https:\/\/canal7slp.tv\/2023\/#organization","name":"Noticieros Canal 7","url":"https:\/\/canal7slp.tv\/2023\/","logo":{"@type":"ImageObject","inLanguage":"es","@id":"https:\/\/canal7slp.tv\/2023\/#\/schema\/logo\/image\/","url":"https:\/\/canal7slp.tv\/2023\/wp-content\/uploads\/2021\/01\/logo-noticieros@2x.png","contentUrl":"https:\/\/canal7slp.tv\/2023\/wp-content\/uploads\/2021\/01\/logo-noticieros@2x.png","width":1017,"height":268,"caption":"Noticieros Canal 7"},"image":{"@id":"https:\/\/canal7slp.tv\/2023\/#\/schema\/logo\/image\/"},"sameAs":["https:\/\/www.facebook.com\/noticieroscanalsiete","https:\/\/x.com\/NOTICIEROS7","https:\/\/www.instagram.com\/canal7_slp","https:\/\/www.youtube.com\/channel\/UCliiYs-gP3JfJeqdPrNdd5A"]},{"@type":"Person","@id":"https:\/\/canal7slp.tv\/2023\/#\/schema\/person\/639c424e3584069003b11ae813915da6","name":"Edici\u00f3n Web","image":{"@type":"ImageObject","inLanguage":"es","@id":"https:\/\/secure.gravatar.com\/avatar\/eee448fc3f7164808013b816ba91ac7e43bbe82a70bebac296f8bc6f0addaa1a?s=96&d=mm&r=g","url":"https:\/\/secure.gravatar.com\/avatar\/eee448fc3f7164808013b816ba91ac7e43bbe82a70bebac296f8bc6f0addaa1a?s=96&d=mm&r=g","contentUrl":"https:\/\/secure.gravatar.com\/avatar\/eee448fc3f7164808013b816ba91ac7e43bbe82a70bebac296f8bc6f0addaa1a?s=96&d=mm&r=g","caption":"Edici\u00f3n Web"},"url":"https:\/\/canal7slp.tv\/2023\/author\/edicionweb\/"}]}},"_links":{"self":[{"href":"https:\/\/canal7slp.tv\/2023\/wp-json\/wp\/v2\/posts\/111291","targetHints":{"allow":["GET"]}}],"collection":[{"href":"https:\/\/canal7slp.tv\/2023\/wp-json\/wp\/v2\/posts"}],"about":[{"href":"https:\/\/canal7slp.tv\/2023\/wp-json\/wp\/v2\/types\/post"}],"author":[{"embeddable":true,"href":"https:\/\/canal7slp.tv\/2023\/wp-json\/wp\/v2\/users\/2"}],"replies":[{"embeddable":true,"href":"https:\/\/canal7slp.tv\/2023\/wp-json\/wp\/v2\/comments?post=111291"}],"version-history":[{"count":2,"href":"https:\/\/canal7slp.tv\/2023\/wp-json\/wp\/v2\/posts\/111291\/revisions"}],"predecessor-version":[{"id":111319,"href":"https:\/\/canal7slp.tv\/2023\/wp-json\/wp\/v2\/posts\/111291\/revisions\/111319"}],"wp:featuredmedia":[{"embeddable":true,"href":"https:\/\/canal7slp.tv\/2023\/wp-json\/wp\/v2\/media\/111317"}],"wp:attachment":[{"href":"https:\/\/canal7slp.tv\/2023\/wp-json\/wp\/v2\/media?parent=111291"}],"wp:term":[{"taxonomy":"category","embeddable":true,"href":"https:\/\/canal7slp.tv\/2023\/wp-json\/wp\/v2\/categories?post=111291"},{"taxonomy":"post_tag","embeddable":true,"href":"https:\/\/canal7slp.tv\/2023\/wp-json\/wp\/v2\/tags?post=111291"}],"curies":[{"name":"wp","href":"https:\/\/api.w.org\/{rel}","templated":true}]}}