{"id":111254,"date":"2023-10-27T14:38:31","date_gmt":"2023-10-27T20:38:31","guid":{"rendered":"https:\/\/canal7slp.tv\/2023\/?p=111254"},"modified":"2023-10-27T14:38:31","modified_gmt":"2023-10-27T20:38:31","slug":"continua-la-busqueda-del-sospechoso-de-tiroteo-en-maine","status":"publish","type":"post","link":"https:\/\/canal7slp.tv\/2023\/continua-la-busqueda-del-sospechoso-de-tiroteo-en-maine\/","title":{"rendered":"Contin\u00faa la b\u00fasqueda del sospechoso de tiroteo en Maine"},"content":{"rendered":"<p style=\"text-align: justify;\">Maine.- Un intenso operativo de b\u00fasqueda se lleva a cabo en Maine para encontrar a Robert Card, sospechoso de los dos tiroteos que tuvieron lugar la noche del mi\u00e9rcoles en Lewiston.<\/p>\n<p style=\"text-align: justify;\">La senadora republicana Susan Collins revel\u00f3 en una conferencia de prensa que m\u00e1s de 80 agentes del FBI est\u00e1n colaborando con las autoridades en esta misi\u00f3n.<\/p>\n<p style=\"text-align: justify;\">La atenci\u00f3n se ha centrado en la granja de la familia Card en Bowdoin, donde se han reportado cuatro golpes fuertes que no parecen ser disparos, seg\u00fan inform\u00f3 el peri\u00f3dico The New York Times.<\/p>\n<p style=\"text-align: justify;\">La cu\u00f1ada del sospechoso ha confirmado que su familia est\u00e1 cooperando plenamente con los agentes y permitiendo el registro exhaustivo de todas las propiedades de la granja.<\/p>\n<p style=\"text-align: justify;\">Las autoridades contin\u00faan trabajando incansablemente para localizar y detener a Robert Card, mientras la comunidad de Lewiston y sus alrededores permanecen en alerta.<\/p>\n","protected":false},"excerpt":{"rendered":"<p>Maine.- Un intenso operativo de b\u00fasqueda se lleva a cabo en Maine para encontrar a Robert Card, sospechoso de los dos tiroteos que tuvieron lugar la noche del mi\u00e9rcoles en Lewiston. La senadora republicana Susan Collins revel\u00f3 en una conferencia de prensa que m\u00e1s de 80 agentes del FBI est\u00e1n colaborando con las autoridades en esta misi\u00f3n. La atenci\u00f3n se ha centrado en la granja de la familia Card en Bowdoin, donde se han reportado cuatro golpes fuertes que no parecen ser disparos, seg\u00fan inform\u00f3 el peri\u00f3dico The New York Times. La cu\u00f1ada del sospechoso ha confirmado que su familia [&hellip;]<\/p>\n","protected":false},"author":2,"featured_media":111272,"comment_status":"closed","ping_status":"closed","sticky":false,"template":"","format":"standard","meta":{"footnotes":""},"categories":[44],"tags":[],"class_list":["post-111254","post","type-post","status-publish","format-standard","has-post-thumbnail","hentry","category-internacional","post--single"],"yoast_head":"<!-- This site is optimized with the Yoast SEO plugin v27.4 - https:\/\/yoast.com\/product\/yoast-seo-wordpress\/ -->\n<title>Contin\u00faa la b\u00fasqueda del sospechoso de tiroteo en Maine - Canal 7 SLP - 2023<\/title>\n<meta name=\"robots\" content=\"index, follow, max-snippet:-1, max-image-preview:large, max-video-preview:-1\" \/>\n<link rel=\"canonical\" href=\"https:\/\/canal7slp.tv\/2023\/continua-la-busqueda-del-sospechoso-de-tiroteo-en-maine\/\" \/>\n<meta property=\"og:locale\" content=\"es_ES\" \/>\n<meta property=\"og:type\" content=\"article\" \/>\n<meta property=\"og:title\" content=\"Contin\u00faa la b\u00fasqueda del sospechoso de tiroteo en Maine - Canal 7 SLP - 2023\" \/>\n<meta property=\"og:description\" content=\"Maine.- Un intenso operativo de b\u00fasqueda se lleva a cabo en Maine para encontrar a Robert Card, sospechoso de los dos tiroteos que tuvieron lugar la noche del mi\u00e9rcoles en Lewiston. La senadora republicana Susan Collins revel\u00f3 en una conferencia de prensa que m\u00e1s de 80 agentes del FBI est\u00e1n colaborando con las autoridades en esta misi\u00f3n. La atenci\u00f3n se ha centrado en la granja de la familia Card en Bowdoin, donde se han reportado cuatro golpes fuertes que no parecen ser disparos, seg\u00fan inform\u00f3 el peri\u00f3dico The New York Times. La cu\u00f1ada del sospechoso ha confirmado que su familia [&hellip;]\" \/>\n<meta property=\"og:url\" content=\"https:\/\/canal7slp.tv\/2023\/continua-la-busqueda-del-sospechoso-de-tiroteo-en-maine\/\" \/>\n<meta property=\"og:site_name\" content=\"Canal 7 SLP - 2023\" \/>\n<meta property=\"article:publisher\" content=\"https:\/\/www.facebook.com\/noticieroscanalsiete\" \/>\n<meta property=\"article:published_time\" content=\"2023-10-27T20:38:31+00:00\" \/>\n<meta property=\"og:image\" content=\"https:\/\/canal7slp.tv\/2023\/wp-content\/uploads\/2023\/10\/01-23.jpg\" \/>\n\t<meta property=\"og:image:width\" content=\"1000\" \/>\n\t<meta property=\"og:image:height\" content=\"563\" \/>\n\t<meta property=\"og:image:type\" content=\"image\/jpeg\" \/>\n<meta name=\"author\" content=\"Edici\u00f3n Web\" \/>\n<meta name=\"twitter:card\" content=\"summary_large_image\" \/>\n<meta name=\"twitter:creator\" content=\"@NOTICIEROS7\" \/>\n<meta name=\"twitter:site\" content=\"@NOTICIEROS7\" \/>\n<meta name=\"twitter:label1\" content=\"Escrito por\" \/>\n\t<meta name=\"twitter:data1\" content=\"Edici\u00f3n Web\" \/>\n\t<meta name=\"twitter:label2\" content=\"Tiempo de lectura\" \/>\n\t<meta name=\"twitter:data2\" content=\"1 minuto\" \/>\n<script type=\"application\/ld+json\" class=\"yoast-schema-graph\">{\"@context\":\"https:\\\/\\\/schema.org\",\"@graph\":[{\"@type\":\"Article\",\"@id\":\"https:\\\/\\\/canal7slp.tv\\\/2023\\\/continua-la-busqueda-del-sospechoso-de-tiroteo-en-maine\\\/#article\",\"isPartOf\":{\"@id\":\"https:\\\/\\\/canal7slp.tv\\\/2023\\\/continua-la-busqueda-del-sospechoso-de-tiroteo-en-maine\\\/\"},\"author\":{\"name\":\"Edici\u00f3n Web\",\"@id\":\"https:\\\/\\\/canal7slp.tv\\\/2023\\\/#\\\/schema\\\/person\\\/639c424e3584069003b11ae813915da6\"},\"headline\":\"Contin\u00faa la b\u00fasqueda del sospechoso de tiroteo en Maine\",\"datePublished\":\"2023-10-27T20:38:31+00:00\",\"mainEntityOfPage\":{\"@id\":\"https:\\\/\\\/canal7slp.tv\\\/2023\\\/continua-la-busqueda-del-sospechoso-de-tiroteo-en-maine\\\/\"},\"wordCount\":162,\"publisher\":{\"@id\":\"https:\\\/\\\/canal7slp.tv\\\/2023\\\/#organization\"},\"image\":{\"@id\":\"https:\\\/\\\/canal7slp.tv\\\/2023\\\/continua-la-busqueda-del-sospechoso-de-tiroteo-en-maine\\\/#primaryimage\"},\"thumbnailUrl\":\"https:\\\/\\\/canal7slp.tv\\\/2023\\\/wp-content\\\/uploads\\\/2023\\\/10\\\/01-23.jpg\",\"articleSection\":[\"INTERNACIONALES\"],\"inLanguage\":\"es\"},{\"@type\":\"WebPage\",\"@id\":\"https:\\\/\\\/canal7slp.tv\\\/2023\\\/continua-la-busqueda-del-sospechoso-de-tiroteo-en-maine\\\/\",\"url\":\"https:\\\/\\\/canal7slp.tv\\\/2023\\\/continua-la-busqueda-del-sospechoso-de-tiroteo-en-maine\\\/\",\"name\":\"Contin\u00faa la b\u00fasqueda del sospechoso de tiroteo en Maine - Canal 7 SLP - 2023\",\"isPartOf\":{\"@id\":\"https:\\\/\\\/canal7slp.tv\\\/2023\\\/#website\"},\"primaryImageOfPage\":{\"@id\":\"https:\\\/\\\/canal7slp.tv\\\/2023\\\/continua-la-busqueda-del-sospechoso-de-tiroteo-en-maine\\\/#primaryimage\"},\"image\":{\"@id\":\"https:\\\/\\\/canal7slp.tv\\\/2023\\\/continua-la-busqueda-del-sospechoso-de-tiroteo-en-maine\\\/#primaryimage\"},\"thumbnailUrl\":\"https:\\\/\\\/canal7slp.tv\\\/2023\\\/wp-content\\\/uploads\\\/2023\\\/10\\\/01-23.jpg\",\"datePublished\":\"2023-10-27T20:38:31+00:00\",\"breadcrumb\":{\"@id\":\"https:\\\/\\\/canal7slp.tv\\\/2023\\\/continua-la-busqueda-del-sospechoso-de-tiroteo-en-maine\\\/#breadcrumb\"},\"inLanguage\":\"es\",\"potentialAction\":[{\"@type\":\"ReadAction\",\"target\":[\"https:\\\/\\\/canal7slp.tv\\\/2023\\\/continua-la-busqueda-del-sospechoso-de-tiroteo-en-maine\\\/\"]}]},{\"@type\":\"ImageObject\",\"inLanguage\":\"es\",\"@id\":\"https:\\\/\\\/canal7slp.tv\\\/2023\\\/continua-la-busqueda-del-sospechoso-de-tiroteo-en-maine\\\/#primaryimage\",\"url\":\"https:\\\/\\\/canal7slp.tv\\\/2023\\\/wp-content\\\/uploads\\\/2023\\\/10\\\/01-23.jpg\",\"contentUrl\":\"https:\\\/\\\/canal7slp.tv\\\/2023\\\/wp-content\\\/uploads\\\/2023\\\/10\\\/01-23.jpg\",\"width\":1000,\"height\":563},{\"@type\":\"BreadcrumbList\",\"@id\":\"https:\\\/\\\/canal7slp.tv\\\/2023\\\/continua-la-busqueda-del-sospechoso-de-tiroteo-en-maine\\\/#breadcrumb\",\"itemListElement\":[{\"@type\":\"ListItem\",\"position\":1,\"name\":\"Portada\",\"item\":\"https:\\\/\\\/canal7slp.tv\\\/2023\\\/\"},{\"@type\":\"ListItem\",\"position\":2,\"name\":\"Contin\u00faa la b\u00fasqueda del sospechoso de tiroteo en Maine\"}]},{\"@type\":\"WebSite\",\"@id\":\"https:\\\/\\\/canal7slp.tv\\\/2023\\\/#website\",\"url\":\"https:\\\/\\\/canal7slp.tv\\\/2023\\\/\",\"name\":\"N7 - Noticieros Canal 7\",\"description\":\"Somos Televisi\u00f3n\",\"publisher\":{\"@id\":\"https:\\\/\\\/canal7slp.tv\\\/2023\\\/#organization\"},\"potentialAction\":[{\"@type\":\"SearchAction\",\"target\":{\"@type\":\"EntryPoint\",\"urlTemplate\":\"https:\\\/\\\/canal7slp.tv\\\/2023\\\/?s={search_term_string}\"},\"query-input\":{\"@type\":\"PropertyValueSpecification\",\"valueRequired\":true,\"valueName\":\"search_term_string\"}}],\"inLanguage\":\"es\"},{\"@type\":\"Organization\",\"@id\":\"https:\\\/\\\/canal7slp.tv\\\/2023\\\/#organization\",\"name\":\"Noticieros Canal 7\",\"url\":\"https:\\\/\\\/canal7slp.tv\\\/2023\\\/\",\"logo\":{\"@type\":\"ImageObject\",\"inLanguage\":\"es\",\"@id\":\"https:\\\/\\\/canal7slp.tv\\\/2023\\\/#\\\/schema\\\/logo\\\/image\\\/\",\"url\":\"https:\\\/\\\/canal7slp.tv\\\/2023\\\/wp-content\\\/uploads\\\/2021\\\/01\\\/logo-noticieros@2x.png\",\"contentUrl\":\"https:\\\/\\\/canal7slp.tv\\\/2023\\\/wp-content\\\/uploads\\\/2021\\\/01\\\/logo-noticieros@2x.png\",\"width\":1017,\"height\":268,\"caption\":\"Noticieros Canal 7\"},\"image\":{\"@id\":\"https:\\\/\\\/canal7slp.tv\\\/2023\\\/#\\\/schema\\\/logo\\\/image\\\/\"},\"sameAs\":[\"https:\\\/\\\/www.facebook.com\\\/noticieroscanalsiete\",\"https:\\\/\\\/x.com\\\/NOTICIEROS7\",\"https:\\\/\\\/www.instagram.com\\\/canal7_slp\",\"https:\\\/\\\/www.youtube.com\\\/channel\\\/UCliiYs-gP3JfJeqdPrNdd5A\"]},{\"@type\":\"Person\",\"@id\":\"https:\\\/\\\/canal7slp.tv\\\/2023\\\/#\\\/schema\\\/person\\\/639c424e3584069003b11ae813915da6\",\"name\":\"Edici\u00f3n Web\",\"image\":{\"@type\":\"ImageObject\",\"inLanguage\":\"es\",\"@id\":\"https:\\\/\\\/secure.gravatar.com\\\/avatar\\\/eee448fc3f7164808013b816ba91ac7e43bbe82a70bebac296f8bc6f0addaa1a?s=96&d=mm&r=g\",\"url\":\"https:\\\/\\\/secure.gravatar.com\\\/avatar\\\/eee448fc3f7164808013b816ba91ac7e43bbe82a70bebac296f8bc6f0addaa1a?s=96&d=mm&r=g\",\"contentUrl\":\"https:\\\/\\\/secure.gravatar.com\\\/avatar\\\/eee448fc3f7164808013b816ba91ac7e43bbe82a70bebac296f8bc6f0addaa1a?s=96&d=mm&r=g\",\"caption\":\"Edici\u00f3n Web\"},\"url\":\"https:\\\/\\\/canal7slp.tv\\\/2023\\\/author\\\/edicionweb\\\/\"}]}<\/script>\n<!-- \/ Yoast SEO plugin. -->","yoast_head_json":{"title":"Contin\u00faa la b\u00fasqueda del sospechoso de tiroteo en Maine - Canal 7 SLP - 2023","robots":{"index":"index","follow":"follow","max-snippet":"max-snippet:-1","max-image-preview":"max-image-preview:large","max-video-preview":"max-video-preview:-1"},"canonical":"https:\/\/canal7slp.tv\/2023\/continua-la-busqueda-del-sospechoso-de-tiroteo-en-maine\/","og_locale":"es_ES","og_type":"article","og_title":"Contin\u00faa la b\u00fasqueda del sospechoso de tiroteo en Maine - Canal 7 SLP - 2023","og_description":"Maine.- Un intenso operativo de b\u00fasqueda se lleva a cabo en Maine para encontrar a Robert Card, sospechoso de los dos tiroteos que tuvieron lugar la noche del mi\u00e9rcoles en Lewiston. La senadora republicana Susan Collins revel\u00f3 en una conferencia de prensa que m\u00e1s de 80 agentes del FBI est\u00e1n colaborando con las autoridades en esta misi\u00f3n. La atenci\u00f3n se ha centrado en la granja de la familia Card en Bowdoin, donde se han reportado cuatro golpes fuertes que no parecen ser disparos, seg\u00fan inform\u00f3 el peri\u00f3dico The New York Times. La cu\u00f1ada del sospechoso ha confirmado que su familia [&hellip;]","og_url":"https:\/\/canal7slp.tv\/2023\/continua-la-busqueda-del-sospechoso-de-tiroteo-en-maine\/","og_site_name":"Canal 7 SLP - 2023","article_publisher":"https:\/\/www.facebook.com\/noticieroscanalsiete","article_published_time":"2023-10-27T20:38:31+00:00","og_image":[{"width":1000,"height":563,"url":"https:\/\/canal7slp.tv\/2023\/wp-content\/uploads\/2023\/10\/01-23.jpg","type":"image\/jpeg"}],"author":"Edici\u00f3n Web","twitter_card":"summary_large_image","twitter_creator":"@NOTICIEROS7","twitter_site":"@NOTICIEROS7","twitter_misc":{"Escrito por":"Edici\u00f3n Web","Tiempo de lectura":"1 minuto"},"schema":{"@context":"https:\/\/schema.org","@graph":[{"@type":"Article","@id":"https:\/\/canal7slp.tv\/2023\/continua-la-busqueda-del-sospechoso-de-tiroteo-en-maine\/#article","isPartOf":{"@id":"https:\/\/canal7slp.tv\/2023\/continua-la-busqueda-del-sospechoso-de-tiroteo-en-maine\/"},"author":{"name":"Edici\u00f3n Web","@id":"https:\/\/canal7slp.tv\/2023\/#\/schema\/person\/639c424e3584069003b11ae813915da6"},"headline":"Contin\u00faa la b\u00fasqueda del sospechoso de tiroteo en Maine","datePublished":"2023-10-27T20:38:31+00:00","mainEntityOfPage":{"@id":"https:\/\/canal7slp.tv\/2023\/continua-la-busqueda-del-sospechoso-de-tiroteo-en-maine\/"},"wordCount":162,"publisher":{"@id":"https:\/\/canal7slp.tv\/2023\/#organization"},"image":{"@id":"https:\/\/canal7slp.tv\/2023\/continua-la-busqueda-del-sospechoso-de-tiroteo-en-maine\/#primaryimage"},"thumbnailUrl":"https:\/\/canal7slp.tv\/2023\/wp-content\/uploads\/2023\/10\/01-23.jpg","articleSection":["INTERNACIONALES"],"inLanguage":"es"},{"@type":"WebPage","@id":"https:\/\/canal7slp.tv\/2023\/continua-la-busqueda-del-sospechoso-de-tiroteo-en-maine\/","url":"https:\/\/canal7slp.tv\/2023\/continua-la-busqueda-del-sospechoso-de-tiroteo-en-maine\/","name":"Contin\u00faa la b\u00fasqueda del sospechoso de tiroteo en Maine - Canal 7 SLP - 2023","isPartOf":{"@id":"https:\/\/canal7slp.tv\/2023\/#website"},"primaryImageOfPage":{"@id":"https:\/\/canal7slp.tv\/2023\/continua-la-busqueda-del-sospechoso-de-tiroteo-en-maine\/#primaryimage"},"image":{"@id":"https:\/\/canal7slp.tv\/2023\/continua-la-busqueda-del-sospechoso-de-tiroteo-en-maine\/#primaryimage"},"thumbnailUrl":"https:\/\/canal7slp.tv\/2023\/wp-content\/uploads\/2023\/10\/01-23.jpg","datePublished":"2023-10-27T20:38:31+00:00","breadcrumb":{"@id":"https:\/\/canal7slp.tv\/2023\/continua-la-busqueda-del-sospechoso-de-tiroteo-en-maine\/#breadcrumb"},"inLanguage":"es","potentialAction":[{"@type":"ReadAction","target":["https:\/\/canal7slp.tv\/2023\/continua-la-busqueda-del-sospechoso-de-tiroteo-en-maine\/"]}]},{"@type":"ImageObject","inLanguage":"es","@id":"https:\/\/canal7slp.tv\/2023\/continua-la-busqueda-del-sospechoso-de-tiroteo-en-maine\/#primaryimage","url":"https:\/\/canal7slp.tv\/2023\/wp-content\/uploads\/2023\/10\/01-23.jpg","contentUrl":"https:\/\/canal7slp.tv\/2023\/wp-content\/uploads\/2023\/10\/01-23.jpg","width":1000,"height":563},{"@type":"BreadcrumbList","@id":"https:\/\/canal7slp.tv\/2023\/continua-la-busqueda-del-sospechoso-de-tiroteo-en-maine\/#breadcrumb","itemListElement":[{"@type":"ListItem","position":1,"name":"Portada","item":"https:\/\/canal7slp.tv\/2023\/"},{"@type":"ListItem","position":2,"name":"Contin\u00faa la b\u00fasqueda del sospechoso de tiroteo en Maine"}]},{"@type":"WebSite","@id":"https:\/\/canal7slp.tv\/2023\/#website","url":"https:\/\/canal7slp.tv\/2023\/","name":"N7 - Noticieros Canal 7","description":"Somos Televisi\u00f3n","publisher":{"@id":"https:\/\/canal7slp.tv\/2023\/#organization"},"potentialAction":[{"@type":"SearchAction","target":{"@type":"EntryPoint","urlTemplate":"https:\/\/canal7slp.tv\/2023\/?s={search_term_string}"},"query-input":{"@type":"PropertyValueSpecification","valueRequired":true,"valueName":"search_term_string"}}],"inLanguage":"es"},{"@type":"Organization","@id":"https:\/\/canal7slp.tv\/2023\/#organization","name":"Noticieros Canal 7","url":"https:\/\/canal7slp.tv\/2023\/","logo":{"@type":"ImageObject","inLanguage":"es","@id":"https:\/\/canal7slp.tv\/2023\/#\/schema\/logo\/image\/","url":"https:\/\/canal7slp.tv\/2023\/wp-content\/uploads\/2021\/01\/logo-noticieros@2x.png","contentUrl":"https:\/\/canal7slp.tv\/2023\/wp-content\/uploads\/2021\/01\/logo-noticieros@2x.png","width":1017,"height":268,"caption":"Noticieros Canal 7"},"image":{"@id":"https:\/\/canal7slp.tv\/2023\/#\/schema\/logo\/image\/"},"sameAs":["https:\/\/www.facebook.com\/noticieroscanalsiete","https:\/\/x.com\/NOTICIEROS7","https:\/\/www.instagram.com\/canal7_slp","https:\/\/www.youtube.com\/channel\/UCliiYs-gP3JfJeqdPrNdd5A"]},{"@type":"Person","@id":"https:\/\/canal7slp.tv\/2023\/#\/schema\/person\/639c424e3584069003b11ae813915da6","name":"Edici\u00f3n Web","image":{"@type":"ImageObject","inLanguage":"es","@id":"https:\/\/secure.gravatar.com\/avatar\/eee448fc3f7164808013b816ba91ac7e43bbe82a70bebac296f8bc6f0addaa1a?s=96&d=mm&r=g","url":"https:\/\/secure.gravatar.com\/avatar\/eee448fc3f7164808013b816ba91ac7e43bbe82a70bebac296f8bc6f0addaa1a?s=96&d=mm&r=g","contentUrl":"https:\/\/secure.gravatar.com\/avatar\/eee448fc3f7164808013b816ba91ac7e43bbe82a70bebac296f8bc6f0addaa1a?s=96&d=mm&r=g","caption":"Edici\u00f3n Web"},"url":"https:\/\/canal7slp.tv\/2023\/author\/edicionweb\/"}]}},"_links":{"self":[{"href":"https:\/\/canal7slp.tv\/2023\/wp-json\/wp\/v2\/posts\/111254","targetHints":{"allow":["GET"]}}],"collection":[{"href":"https:\/\/canal7slp.tv\/2023\/wp-json\/wp\/v2\/posts"}],"about":[{"href":"https:\/\/canal7slp.tv\/2023\/wp-json\/wp\/v2\/types\/post"}],"author":[{"embeddable":true,"href":"https:\/\/canal7slp.tv\/2023\/wp-json\/wp\/v2\/users\/2"}],"replies":[{"embeddable":true,"href":"https:\/\/canal7slp.tv\/2023\/wp-json\/wp\/v2\/comments?post=111254"}],"version-history":[{"count":3,"href":"https:\/\/canal7slp.tv\/2023\/wp-json\/wp\/v2\/posts\/111254\/revisions"}],"predecessor-version":[{"id":111322,"href":"https:\/\/canal7slp.tv\/2023\/wp-json\/wp\/v2\/posts\/111254\/revisions\/111322"}],"wp:featuredmedia":[{"embeddable":true,"href":"https:\/\/canal7slp.tv\/2023\/wp-json\/wp\/v2\/media\/111272"}],"wp:attachment":[{"href":"https:\/\/canal7slp.tv\/2023\/wp-json\/wp\/v2\/media?parent=111254"}],"wp:term":[{"taxonomy":"category","embeddable":true,"href":"https:\/\/canal7slp.tv\/2023\/wp-json\/wp\/v2\/categories?post=111254"},{"taxonomy":"post_tag","embeddable":true,"href":"https:\/\/canal7slp.tv\/2023\/wp-json\/wp\/v2\/tags?post=111254"}],"curies":[{"name":"wp","href":"https:\/\/api.w.org\/{rel}","templated":true}]}}