{"id":111185,"date":"2023-10-26T15:50:04","date_gmt":"2023-10-26T21:50:04","guid":{"rendered":"https:\/\/canal7slp.tv\/2023\/?p=111185"},"modified":"2023-10-26T15:50:04","modified_gmt":"2023-10-26T21:50:04","slug":"todo-listo-para-la-gran-fiesta-ciclista-el-gran-fondo-nairo-quintana","status":"publish","type":"post","link":"https:\/\/canal7slp.tv\/2023\/todo-listo-para-la-gran-fiesta-ciclista-el-gran-fondo-nairo-quintana\/","title":{"rendered":"Todo listo para la gran fiesta ciclista el Gran Fondo Nairo Quintana"},"content":{"rendered":"<p style=\"text-align: justify;\">SLP.- Ya se encuentra en la capital potosina el ciclista colombiano Nairo Quintana, para la segunda edici\u00f3n del gran fondo, que se celebra en la capital potosina.<\/p>\n<p style=\"text-align: justify;\">En compa\u00f1\u00eda del alcalde capitalino Enrique Galindo Ceballos ,el Director de deporte municipal Luis Fernando Alonso Molina y el ciclista colombiano Nairo Quintana presentaron los pormenores del gran fondo que se celebrar\u00e1 el pr\u00f3ximo domingo 29 de octubre.<\/p>\n<p style=\"text-align: justify;\">Fue el director de deporte municipal el encargado de dar las palabras de bienvenida destacando la grandeza del evento.<\/p>\n<p style=\"text-align: justify;\">Por su parte el colombiano se mostr\u00f3 contento y agradecido por albergar una vez m\u00e1s el gran fondo en la capital potosina.<\/p>\n<p style=\"text-align: justify;\">Luisa R\u00edos manager de Nairo Quintana destac\u00f3 el impacto del evento al contar ya con ciclistas de diversas nacionalidades con los que San Luis Potos\u00ed se pone en la mira internacional.<\/p>\n<p style=\"text-align: justify;\">El Mandatario municipal fue el encargado de dar los pormenores de algunas actividades que se realizaran a lo largo de este fin de semana.<\/p>\n<p style=\"text-align: justify;\">El alcalde capitalino destac\u00f3 que en esta ocasi\u00f3n la ruta del gran fondo se encuentra lista para pasar por 5 municipios con ruta hacia Armadillo de los infantes.<\/p>\n<p style=\"text-align: justify;\">Adem\u00e1s de aclarar que se contar\u00e1 con todas las medidas de seguridad para todos los participantes.<\/p>\n","protected":false},"excerpt":{"rendered":"<p>SLP.- Ya se encuentra en la capital potosina el ciclista colombiano Nairo Quintana, para la segunda edici\u00f3n del gran fondo, que se celebra en la capital potosina. En compa\u00f1\u00eda del alcalde capitalino Enrique Galindo Ceballos ,el Director de deporte municipal Luis Fernando Alonso Molina y el ciclista colombiano Nairo Quintana presentaron los pormenores del gran fondo que se celebrar\u00e1 el pr\u00f3ximo domingo 29 de octubre. Fue el director de deporte municipal el encargado de dar las palabras de bienvenida destacando la grandeza del evento. Por su parte el colombiano se mostr\u00f3 contento y agradecido por albergar una vez m\u00e1s el [&hellip;]<\/p>\n","protected":false},"author":2,"featured_media":111187,"comment_status":"closed","ping_status":"closed","sticky":false,"template":"","format":"video","meta":{"footnotes":""},"categories":[66,7,5],"tags":[],"class_list":["post-111185","post","type-post","status-publish","format-video","has-post-thumbnail","hentry","category-ayoslp","category-deportes","category-destacadas","post_format-post-format-video","post--single"],"yoast_head":"<!-- This site is optimized with the Yoast SEO plugin v27.4 - https:\/\/yoast.com\/product\/yoast-seo-wordpress\/ -->\n<title>Todo listo para la gran fiesta ciclista el Gran Fondo Nairo Quintana - Canal 7 SLP - 2023<\/title>\n<meta name=\"robots\" content=\"index, follow, max-snippet:-1, max-image-preview:large, max-video-preview:-1\" \/>\n<link rel=\"canonical\" href=\"https:\/\/canal7slp.tv\/2023\/todo-listo-para-la-gran-fiesta-ciclista-el-gran-fondo-nairo-quintana\/\" \/>\n<meta property=\"og:locale\" content=\"es_ES\" \/>\n<meta property=\"og:type\" content=\"article\" \/>\n<meta property=\"og:title\" content=\"Todo listo para la gran fiesta ciclista el Gran Fondo Nairo Quintana - Canal 7 SLP - 2023\" \/>\n<meta property=\"og:description\" content=\"SLP.- Ya se encuentra en la capital potosina el ciclista colombiano Nairo Quintana, para la segunda edici\u00f3n del gran fondo, que se celebra en la capital potosina. En compa\u00f1\u00eda del alcalde capitalino Enrique Galindo Ceballos ,el Director de deporte municipal Luis Fernando Alonso Molina y el ciclista colombiano Nairo Quintana presentaron los pormenores del gran fondo que se celebrar\u00e1 el pr\u00f3ximo domingo 29 de octubre. Fue el director de deporte municipal el encargado de dar las palabras de bienvenida destacando la grandeza del evento. Por su parte el colombiano se mostr\u00f3 contento y agradecido por albergar una vez m\u00e1s el [&hellip;]\" \/>\n<meta property=\"og:url\" content=\"https:\/\/canal7slp.tv\/2023\/todo-listo-para-la-gran-fiesta-ciclista-el-gran-fondo-nairo-quintana\/\" \/>\n<meta property=\"og:site_name\" content=\"Canal 7 SLP - 2023\" \/>\n<meta property=\"article:publisher\" content=\"https:\/\/www.facebook.com\/noticieroscanalsiete\" \/>\n<meta property=\"article:published_time\" content=\"2023-10-26T21:50:04+00:00\" \/>\n<meta property=\"og:image\" content=\"https:\/\/canal7slp.tv\/2023\/wp-content\/uploads\/2023\/10\/Froi03Fondo.jpg\" \/>\n\t<meta property=\"og:image:width\" content=\"1280\" \/>\n\t<meta property=\"og:image:height\" content=\"720\" \/>\n\t<meta property=\"og:image:type\" content=\"image\/jpeg\" \/>\n<meta name=\"author\" content=\"Edici\u00f3n Web\" \/>\n<meta name=\"twitter:card\" content=\"summary_large_image\" \/>\n<meta name=\"twitter:creator\" content=\"@NOTICIEROS7\" \/>\n<meta name=\"twitter:site\" content=\"@NOTICIEROS7\" \/>\n<meta name=\"twitter:label1\" content=\"Escrito por\" \/>\n\t<meta name=\"twitter:data1\" content=\"Edici\u00f3n Web\" \/>\n\t<meta name=\"twitter:label2\" content=\"Tiempo de lectura\" \/>\n\t<meta name=\"twitter:data2\" content=\"1 minuto\" \/>\n<script type=\"application\/ld+json\" class=\"yoast-schema-graph\">{\"@context\":\"https:\\\/\\\/schema.org\",\"@graph\":[{\"@type\":\"Article\",\"@id\":\"https:\\\/\\\/canal7slp.tv\\\/2023\\\/todo-listo-para-la-gran-fiesta-ciclista-el-gran-fondo-nairo-quintana\\\/#article\",\"isPartOf\":{\"@id\":\"https:\\\/\\\/canal7slp.tv\\\/2023\\\/todo-listo-para-la-gran-fiesta-ciclista-el-gran-fondo-nairo-quintana\\\/\"},\"author\":{\"name\":\"Edici\u00f3n Web\",\"@id\":\"https:\\\/\\\/canal7slp.tv\\\/2023\\\/#\\\/schema\\\/person\\\/639c424e3584069003b11ae813915da6\"},\"headline\":\"Todo listo para la gran fiesta ciclista el Gran Fondo Nairo Quintana\",\"datePublished\":\"2023-10-26T21:50:04+00:00\",\"mainEntityOfPage\":{\"@id\":\"https:\\\/\\\/canal7slp.tv\\\/2023\\\/todo-listo-para-la-gran-fiesta-ciclista-el-gran-fondo-nairo-quintana\\\/\"},\"wordCount\":223,\"publisher\":{\"@id\":\"https:\\\/\\\/canal7slp.tv\\\/2023\\\/#organization\"},\"image\":{\"@id\":\"https:\\\/\\\/canal7slp.tv\\\/2023\\\/todo-listo-para-la-gran-fiesta-ciclista-el-gran-fondo-nairo-quintana\\\/#primaryimage\"},\"thumbnailUrl\":\"https:\\\/\\\/canal7slp.tv\\\/2023\\\/wp-content\\\/uploads\\\/2023\\\/10\\\/Froi03Fondo.jpg\",\"articleSection\":[\"AYOSLP\",\"DEPORTES\",\"DESTACADAS\"],\"inLanguage\":\"es\"},{\"@type\":\"WebPage\",\"@id\":\"https:\\\/\\\/canal7slp.tv\\\/2023\\\/todo-listo-para-la-gran-fiesta-ciclista-el-gran-fondo-nairo-quintana\\\/\",\"url\":\"https:\\\/\\\/canal7slp.tv\\\/2023\\\/todo-listo-para-la-gran-fiesta-ciclista-el-gran-fondo-nairo-quintana\\\/\",\"name\":\"Todo listo para la gran fiesta ciclista el Gran Fondo Nairo Quintana - Canal 7 SLP - 2023\",\"isPartOf\":{\"@id\":\"https:\\\/\\\/canal7slp.tv\\\/2023\\\/#website\"},\"primaryImageOfPage\":{\"@id\":\"https:\\\/\\\/canal7slp.tv\\\/2023\\\/todo-listo-para-la-gran-fiesta-ciclista-el-gran-fondo-nairo-quintana\\\/#primaryimage\"},\"image\":{\"@id\":\"https:\\\/\\\/canal7slp.tv\\\/2023\\\/todo-listo-para-la-gran-fiesta-ciclista-el-gran-fondo-nairo-quintana\\\/#primaryimage\"},\"thumbnailUrl\":\"https:\\\/\\\/canal7slp.tv\\\/2023\\\/wp-content\\\/uploads\\\/2023\\\/10\\\/Froi03Fondo.jpg\",\"datePublished\":\"2023-10-26T21:50:04+00:00\",\"breadcrumb\":{\"@id\":\"https:\\\/\\\/canal7slp.tv\\\/2023\\\/todo-listo-para-la-gran-fiesta-ciclista-el-gran-fondo-nairo-quintana\\\/#breadcrumb\"},\"inLanguage\":\"es\",\"potentialAction\":[{\"@type\":\"ReadAction\",\"target\":[\"https:\\\/\\\/canal7slp.tv\\\/2023\\\/todo-listo-para-la-gran-fiesta-ciclista-el-gran-fondo-nairo-quintana\\\/\"]}]},{\"@type\":\"ImageObject\",\"inLanguage\":\"es\",\"@id\":\"https:\\\/\\\/canal7slp.tv\\\/2023\\\/todo-listo-para-la-gran-fiesta-ciclista-el-gran-fondo-nairo-quintana\\\/#primaryimage\",\"url\":\"https:\\\/\\\/canal7slp.tv\\\/2023\\\/wp-content\\\/uploads\\\/2023\\\/10\\\/Froi03Fondo.jpg\",\"contentUrl\":\"https:\\\/\\\/canal7slp.tv\\\/2023\\\/wp-content\\\/uploads\\\/2023\\\/10\\\/Froi03Fondo.jpg\",\"width\":1280,\"height\":720},{\"@type\":\"BreadcrumbList\",\"@id\":\"https:\\\/\\\/canal7slp.tv\\\/2023\\\/todo-listo-para-la-gran-fiesta-ciclista-el-gran-fondo-nairo-quintana\\\/#breadcrumb\",\"itemListElement\":[{\"@type\":\"ListItem\",\"position\":1,\"name\":\"Portada\",\"item\":\"https:\\\/\\\/canal7slp.tv\\\/2023\\\/\"},{\"@type\":\"ListItem\",\"position\":2,\"name\":\"Todo listo para la gran fiesta ciclista el Gran Fondo Nairo Quintana\"}]},{\"@type\":\"WebSite\",\"@id\":\"https:\\\/\\\/canal7slp.tv\\\/2023\\\/#website\",\"url\":\"https:\\\/\\\/canal7slp.tv\\\/2023\\\/\",\"name\":\"N7 - Noticieros Canal 7\",\"description\":\"Somos Televisi\u00f3n\",\"publisher\":{\"@id\":\"https:\\\/\\\/canal7slp.tv\\\/2023\\\/#organization\"},\"potentialAction\":[{\"@type\":\"SearchAction\",\"target\":{\"@type\":\"EntryPoint\",\"urlTemplate\":\"https:\\\/\\\/canal7slp.tv\\\/2023\\\/?s={search_term_string}\"},\"query-input\":{\"@type\":\"PropertyValueSpecification\",\"valueRequired\":true,\"valueName\":\"search_term_string\"}}],\"inLanguage\":\"es\"},{\"@type\":\"Organization\",\"@id\":\"https:\\\/\\\/canal7slp.tv\\\/2023\\\/#organization\",\"name\":\"Noticieros Canal 7\",\"url\":\"https:\\\/\\\/canal7slp.tv\\\/2023\\\/\",\"logo\":{\"@type\":\"ImageObject\",\"inLanguage\":\"es\",\"@id\":\"https:\\\/\\\/canal7slp.tv\\\/2023\\\/#\\\/schema\\\/logo\\\/image\\\/\",\"url\":\"https:\\\/\\\/canal7slp.tv\\\/2023\\\/wp-content\\\/uploads\\\/2021\\\/01\\\/logo-noticieros@2x.png\",\"contentUrl\":\"https:\\\/\\\/canal7slp.tv\\\/2023\\\/wp-content\\\/uploads\\\/2021\\\/01\\\/logo-noticieros@2x.png\",\"width\":1017,\"height\":268,\"caption\":\"Noticieros Canal 7\"},\"image\":{\"@id\":\"https:\\\/\\\/canal7slp.tv\\\/2023\\\/#\\\/schema\\\/logo\\\/image\\\/\"},\"sameAs\":[\"https:\\\/\\\/www.facebook.com\\\/noticieroscanalsiete\",\"https:\\\/\\\/x.com\\\/NOTICIEROS7\",\"https:\\\/\\\/www.instagram.com\\\/canal7_slp\",\"https:\\\/\\\/www.youtube.com\\\/channel\\\/UCliiYs-gP3JfJeqdPrNdd5A\"]},{\"@type\":\"Person\",\"@id\":\"https:\\\/\\\/canal7slp.tv\\\/2023\\\/#\\\/schema\\\/person\\\/639c424e3584069003b11ae813915da6\",\"name\":\"Edici\u00f3n Web\",\"image\":{\"@type\":\"ImageObject\",\"inLanguage\":\"es\",\"@id\":\"https:\\\/\\\/secure.gravatar.com\\\/avatar\\\/eee448fc3f7164808013b816ba91ac7e43bbe82a70bebac296f8bc6f0addaa1a?s=96&d=mm&r=g\",\"url\":\"https:\\\/\\\/secure.gravatar.com\\\/avatar\\\/eee448fc3f7164808013b816ba91ac7e43bbe82a70bebac296f8bc6f0addaa1a?s=96&d=mm&r=g\",\"contentUrl\":\"https:\\\/\\\/secure.gravatar.com\\\/avatar\\\/eee448fc3f7164808013b816ba91ac7e43bbe82a70bebac296f8bc6f0addaa1a?s=96&d=mm&r=g\",\"caption\":\"Edici\u00f3n Web\"},\"url\":\"https:\\\/\\\/canal7slp.tv\\\/2023\\\/author\\\/edicionweb\\\/\"}]}<\/script>\n<!-- \/ Yoast SEO plugin. -->","yoast_head_json":{"title":"Todo listo para la gran fiesta ciclista el Gran Fondo Nairo Quintana - Canal 7 SLP - 2023","robots":{"index":"index","follow":"follow","max-snippet":"max-snippet:-1","max-image-preview":"max-image-preview:large","max-video-preview":"max-video-preview:-1"},"canonical":"https:\/\/canal7slp.tv\/2023\/todo-listo-para-la-gran-fiesta-ciclista-el-gran-fondo-nairo-quintana\/","og_locale":"es_ES","og_type":"article","og_title":"Todo listo para la gran fiesta ciclista el Gran Fondo Nairo Quintana - Canal 7 SLP - 2023","og_description":"SLP.- Ya se encuentra en la capital potosina el ciclista colombiano Nairo Quintana, para la segunda edici\u00f3n del gran fondo, que se celebra en la capital potosina. En compa\u00f1\u00eda del alcalde capitalino Enrique Galindo Ceballos ,el Director de deporte municipal Luis Fernando Alonso Molina y el ciclista colombiano Nairo Quintana presentaron los pormenores del gran fondo que se celebrar\u00e1 el pr\u00f3ximo domingo 29 de octubre. Fue el director de deporte municipal el encargado de dar las palabras de bienvenida destacando la grandeza del evento. Por su parte el colombiano se mostr\u00f3 contento y agradecido por albergar una vez m\u00e1s el [&hellip;]","og_url":"https:\/\/canal7slp.tv\/2023\/todo-listo-para-la-gran-fiesta-ciclista-el-gran-fondo-nairo-quintana\/","og_site_name":"Canal 7 SLP - 2023","article_publisher":"https:\/\/www.facebook.com\/noticieroscanalsiete","article_published_time":"2023-10-26T21:50:04+00:00","og_image":[{"width":1280,"height":720,"url":"https:\/\/canal7slp.tv\/2023\/wp-content\/uploads\/2023\/10\/Froi03Fondo.jpg","type":"image\/jpeg"}],"author":"Edici\u00f3n Web","twitter_card":"summary_large_image","twitter_creator":"@NOTICIEROS7","twitter_site":"@NOTICIEROS7","twitter_misc":{"Escrito por":"Edici\u00f3n Web","Tiempo de lectura":"1 minuto"},"schema":{"@context":"https:\/\/schema.org","@graph":[{"@type":"Article","@id":"https:\/\/canal7slp.tv\/2023\/todo-listo-para-la-gran-fiesta-ciclista-el-gran-fondo-nairo-quintana\/#article","isPartOf":{"@id":"https:\/\/canal7slp.tv\/2023\/todo-listo-para-la-gran-fiesta-ciclista-el-gran-fondo-nairo-quintana\/"},"author":{"name":"Edici\u00f3n Web","@id":"https:\/\/canal7slp.tv\/2023\/#\/schema\/person\/639c424e3584069003b11ae813915da6"},"headline":"Todo listo para la gran fiesta ciclista el Gran Fondo Nairo Quintana","datePublished":"2023-10-26T21:50:04+00:00","mainEntityOfPage":{"@id":"https:\/\/canal7slp.tv\/2023\/todo-listo-para-la-gran-fiesta-ciclista-el-gran-fondo-nairo-quintana\/"},"wordCount":223,"publisher":{"@id":"https:\/\/canal7slp.tv\/2023\/#organization"},"image":{"@id":"https:\/\/canal7slp.tv\/2023\/todo-listo-para-la-gran-fiesta-ciclista-el-gran-fondo-nairo-quintana\/#primaryimage"},"thumbnailUrl":"https:\/\/canal7slp.tv\/2023\/wp-content\/uploads\/2023\/10\/Froi03Fondo.jpg","articleSection":["AYOSLP","DEPORTES","DESTACADAS"],"inLanguage":"es"},{"@type":"WebPage","@id":"https:\/\/canal7slp.tv\/2023\/todo-listo-para-la-gran-fiesta-ciclista-el-gran-fondo-nairo-quintana\/","url":"https:\/\/canal7slp.tv\/2023\/todo-listo-para-la-gran-fiesta-ciclista-el-gran-fondo-nairo-quintana\/","name":"Todo listo para la gran fiesta ciclista el Gran Fondo Nairo Quintana - Canal 7 SLP - 2023","isPartOf":{"@id":"https:\/\/canal7slp.tv\/2023\/#website"},"primaryImageOfPage":{"@id":"https:\/\/canal7slp.tv\/2023\/todo-listo-para-la-gran-fiesta-ciclista-el-gran-fondo-nairo-quintana\/#primaryimage"},"image":{"@id":"https:\/\/canal7slp.tv\/2023\/todo-listo-para-la-gran-fiesta-ciclista-el-gran-fondo-nairo-quintana\/#primaryimage"},"thumbnailUrl":"https:\/\/canal7slp.tv\/2023\/wp-content\/uploads\/2023\/10\/Froi03Fondo.jpg","datePublished":"2023-10-26T21:50:04+00:00","breadcrumb":{"@id":"https:\/\/canal7slp.tv\/2023\/todo-listo-para-la-gran-fiesta-ciclista-el-gran-fondo-nairo-quintana\/#breadcrumb"},"inLanguage":"es","potentialAction":[{"@type":"ReadAction","target":["https:\/\/canal7slp.tv\/2023\/todo-listo-para-la-gran-fiesta-ciclista-el-gran-fondo-nairo-quintana\/"]}]},{"@type":"ImageObject","inLanguage":"es","@id":"https:\/\/canal7slp.tv\/2023\/todo-listo-para-la-gran-fiesta-ciclista-el-gran-fondo-nairo-quintana\/#primaryimage","url":"https:\/\/canal7slp.tv\/2023\/wp-content\/uploads\/2023\/10\/Froi03Fondo.jpg","contentUrl":"https:\/\/canal7slp.tv\/2023\/wp-content\/uploads\/2023\/10\/Froi03Fondo.jpg","width":1280,"height":720},{"@type":"BreadcrumbList","@id":"https:\/\/canal7slp.tv\/2023\/todo-listo-para-la-gran-fiesta-ciclista-el-gran-fondo-nairo-quintana\/#breadcrumb","itemListElement":[{"@type":"ListItem","position":1,"name":"Portada","item":"https:\/\/canal7slp.tv\/2023\/"},{"@type":"ListItem","position":2,"name":"Todo listo para la gran fiesta ciclista el Gran Fondo Nairo Quintana"}]},{"@type":"WebSite","@id":"https:\/\/canal7slp.tv\/2023\/#website","url":"https:\/\/canal7slp.tv\/2023\/","name":"N7 - Noticieros Canal 7","description":"Somos Televisi\u00f3n","publisher":{"@id":"https:\/\/canal7slp.tv\/2023\/#organization"},"potentialAction":[{"@type":"SearchAction","target":{"@type":"EntryPoint","urlTemplate":"https:\/\/canal7slp.tv\/2023\/?s={search_term_string}"},"query-input":{"@type":"PropertyValueSpecification","valueRequired":true,"valueName":"search_term_string"}}],"inLanguage":"es"},{"@type":"Organization","@id":"https:\/\/canal7slp.tv\/2023\/#organization","name":"Noticieros Canal 7","url":"https:\/\/canal7slp.tv\/2023\/","logo":{"@type":"ImageObject","inLanguage":"es","@id":"https:\/\/canal7slp.tv\/2023\/#\/schema\/logo\/image\/","url":"https:\/\/canal7slp.tv\/2023\/wp-content\/uploads\/2021\/01\/logo-noticieros@2x.png","contentUrl":"https:\/\/canal7slp.tv\/2023\/wp-content\/uploads\/2021\/01\/logo-noticieros@2x.png","width":1017,"height":268,"caption":"Noticieros Canal 7"},"image":{"@id":"https:\/\/canal7slp.tv\/2023\/#\/schema\/logo\/image\/"},"sameAs":["https:\/\/www.facebook.com\/noticieroscanalsiete","https:\/\/x.com\/NOTICIEROS7","https:\/\/www.instagram.com\/canal7_slp","https:\/\/www.youtube.com\/channel\/UCliiYs-gP3JfJeqdPrNdd5A"]},{"@type":"Person","@id":"https:\/\/canal7slp.tv\/2023\/#\/schema\/person\/639c424e3584069003b11ae813915da6","name":"Edici\u00f3n Web","image":{"@type":"ImageObject","inLanguage":"es","@id":"https:\/\/secure.gravatar.com\/avatar\/eee448fc3f7164808013b816ba91ac7e43bbe82a70bebac296f8bc6f0addaa1a?s=96&d=mm&r=g","url":"https:\/\/secure.gravatar.com\/avatar\/eee448fc3f7164808013b816ba91ac7e43bbe82a70bebac296f8bc6f0addaa1a?s=96&d=mm&r=g","contentUrl":"https:\/\/secure.gravatar.com\/avatar\/eee448fc3f7164808013b816ba91ac7e43bbe82a70bebac296f8bc6f0addaa1a?s=96&d=mm&r=g","caption":"Edici\u00f3n Web"},"url":"https:\/\/canal7slp.tv\/2023\/author\/edicionweb\/"}]}},"_links":{"self":[{"href":"https:\/\/canal7slp.tv\/2023\/wp-json\/wp\/v2\/posts\/111185","targetHints":{"allow":["GET"]}}],"collection":[{"href":"https:\/\/canal7slp.tv\/2023\/wp-json\/wp\/v2\/posts"}],"about":[{"href":"https:\/\/canal7slp.tv\/2023\/wp-json\/wp\/v2\/types\/post"}],"author":[{"embeddable":true,"href":"https:\/\/canal7slp.tv\/2023\/wp-json\/wp\/v2\/users\/2"}],"replies":[{"embeddable":true,"href":"https:\/\/canal7slp.tv\/2023\/wp-json\/wp\/v2\/comments?post=111185"}],"version-history":[{"count":1,"href":"https:\/\/canal7slp.tv\/2023\/wp-json\/wp\/v2\/posts\/111185\/revisions"}],"predecessor-version":[{"id":111188,"href":"https:\/\/canal7slp.tv\/2023\/wp-json\/wp\/v2\/posts\/111185\/revisions\/111188"}],"wp:featuredmedia":[{"embeddable":true,"href":"https:\/\/canal7slp.tv\/2023\/wp-json\/wp\/v2\/media\/111187"}],"wp:attachment":[{"href":"https:\/\/canal7slp.tv\/2023\/wp-json\/wp\/v2\/media?parent=111185"}],"wp:term":[{"taxonomy":"category","embeddable":true,"href":"https:\/\/canal7slp.tv\/2023\/wp-json\/wp\/v2\/categories?post=111185"},{"taxonomy":"post_tag","embeddable":true,"href":"https:\/\/canal7slp.tv\/2023\/wp-json\/wp\/v2\/tags?post=111185"}],"curies":[{"name":"wp","href":"https:\/\/api.w.org\/{rel}","templated":true}]}}