{"id":111177,"date":"2023-10-26T14:04:57","date_gmt":"2023-10-26T20:04:57","guid":{"rendered":"https:\/\/canal7slp.tv\/2023\/?p=111177"},"modified":"2023-10-26T14:04:57","modified_gmt":"2023-10-26T20:04:57","slug":"omar-ezequiel-mendez-obtuvo-plata-en-los-100-metros-en-para-atletismo","status":"publish","type":"post","link":"https:\/\/canal7slp.tv\/2023\/omar-ezequiel-mendez-obtuvo-plata-en-los-100-metros-en-para-atletismo\/","title":{"rendered":"Omar Ezequiel M\u00e9ndez obtuvo plata en los 100 metros en Para Atletismo"},"content":{"rendered":"<p style=\"text-align: justify;\">SLP.- Contin\u00faa la participaci\u00f3n de la delegaci\u00f3n potosina en la edici\u00f3n 2023 de los Juegos Paranacionales CONADE en Quintana Roo.<\/p>\n<p style=\"text-align: justify;\">El seleccionado potosino Omar Ezequiel M\u00e9ndez Ru\u00edz obtuvo la medalla de plata en la prueba de 100 metros planos del programa de competencias de para atletismo de los Juegos Paranacionales CONADE 2023.<\/p>\n<p style=\"text-align: justify;\">Omar \u00abvol\u00f3\u00bb en la pista del Centro de Alto Rendimiento cronometrando 14 segundos con 49 cent\u00e9simas; Aun le queda por realizar una prueba, los 200 metros, programada para el viernes.<\/p>\n<p style=\"text-align: justify;\">Esta presea es la n\u00famero quince y octava de plata de la Delegaci\u00f3n Potosina en los Paranacionales CONADE incluyendo las 13 de nataci\u00f3n y la plata del equipo de Futbol de Ciegos.<\/p>\n","protected":false},"excerpt":{"rendered":"<p>SLP.- Contin\u00faa la participaci\u00f3n de la delegaci\u00f3n potosina en la edici\u00f3n 2023 de los Juegos Paranacionales CONADE en Quintana Roo. El seleccionado potosino Omar Ezequiel M\u00e9ndez Ru\u00edz obtuvo la medalla de plata en la prueba de 100 metros planos del programa de competencias de para atletismo de los Juegos Paranacionales CONADE 2023. Omar \u00abvol\u00f3\u00bb en la pista del Centro de Alto Rendimiento cronometrando 14 segundos con 49 cent\u00e9simas; Aun le queda por realizar una prueba, los 200 metros, programada para el viernes. Esta presea es la n\u00famero quince y octava de plata de la Delegaci\u00f3n Potosina en los Paranacionales CONADE [&hellip;]<\/p>\n","protected":false},"author":2,"featured_media":111183,"comment_status":"closed","ping_status":"closed","sticky":false,"template":"","format":"video","meta":{"footnotes":""},"categories":[7,5],"tags":[],"class_list":["post-111177","post","type-post","status-publish","format-video","has-post-thumbnail","hentry","category-deportes","category-destacadas","post_format-post-format-video","post--single"],"yoast_head":"<!-- This site is optimized with the Yoast SEO plugin v27.4 - https:\/\/yoast.com\/product\/yoast-seo-wordpress\/ -->\n<title>Omar Ezequiel M\u00e9ndez obtuvo plata en los 100 metros en Para Atletismo - Canal 7 SLP - 2023<\/title>\n<meta name=\"robots\" content=\"index, follow, max-snippet:-1, max-image-preview:large, max-video-preview:-1\" \/>\n<link rel=\"canonical\" href=\"https:\/\/canal7slp.tv\/2023\/omar-ezequiel-mendez-obtuvo-plata-en-los-100-metros-en-para-atletismo\/\" \/>\n<meta property=\"og:locale\" content=\"es_ES\" \/>\n<meta property=\"og:type\" content=\"article\" \/>\n<meta property=\"og:title\" content=\"Omar Ezequiel M\u00e9ndez obtuvo plata en los 100 metros en Para Atletismo - Canal 7 SLP - 2023\" \/>\n<meta property=\"og:description\" content=\"SLP.- Contin\u00faa la participaci\u00f3n de la delegaci\u00f3n potosina en la edici\u00f3n 2023 de los Juegos Paranacionales CONADE en Quintana Roo. El seleccionado potosino Omar Ezequiel M\u00e9ndez Ru\u00edz obtuvo la medalla de plata en la prueba de 100 metros planos del programa de competencias de para atletismo de los Juegos Paranacionales CONADE 2023. Omar \u00abvol\u00f3\u00bb en la pista del Centro de Alto Rendimiento cronometrando 14 segundos con 49 cent\u00e9simas; Aun le queda por realizar una prueba, los 200 metros, programada para el viernes. Esta presea es la n\u00famero quince y octava de plata de la Delegaci\u00f3n Potosina en los Paranacionales CONADE [&hellip;]\" \/>\n<meta property=\"og:url\" content=\"https:\/\/canal7slp.tv\/2023\/omar-ezequiel-mendez-obtuvo-plata-en-los-100-metros-en-para-atletismo\/\" \/>\n<meta property=\"og:site_name\" content=\"Canal 7 SLP - 2023\" \/>\n<meta property=\"article:publisher\" content=\"https:\/\/www.facebook.com\/noticieroscanalsiete\" \/>\n<meta property=\"article:published_time\" content=\"2023-10-26T20:04:57+00:00\" \/>\n<meta property=\"og:image\" content=\"https:\/\/canal7slp.tv\/2023\/wp-content\/uploads\/2023\/10\/Froi02Paranacionales.jpg\" \/>\n\t<meta property=\"og:image:width\" content=\"1280\" \/>\n\t<meta property=\"og:image:height\" content=\"720\" \/>\n\t<meta property=\"og:image:type\" content=\"image\/jpeg\" \/>\n<meta name=\"author\" content=\"Edici\u00f3n Web\" \/>\n<meta name=\"twitter:card\" content=\"summary_large_image\" \/>\n<meta name=\"twitter:creator\" content=\"@NOTICIEROS7\" \/>\n<meta name=\"twitter:site\" content=\"@NOTICIEROS7\" \/>\n<meta name=\"twitter:label1\" content=\"Escrito por\" \/>\n\t<meta name=\"twitter:data1\" content=\"Edici\u00f3n Web\" \/>\n\t<meta name=\"twitter:label2\" content=\"Tiempo de lectura\" \/>\n\t<meta name=\"twitter:data2\" content=\"1 minuto\" \/>\n<script type=\"application\/ld+json\" class=\"yoast-schema-graph\">{\"@context\":\"https:\\\/\\\/schema.org\",\"@graph\":[{\"@type\":\"Article\",\"@id\":\"https:\\\/\\\/canal7slp.tv\\\/2023\\\/omar-ezequiel-mendez-obtuvo-plata-en-los-100-metros-en-para-atletismo\\\/#article\",\"isPartOf\":{\"@id\":\"https:\\\/\\\/canal7slp.tv\\\/2023\\\/omar-ezequiel-mendez-obtuvo-plata-en-los-100-metros-en-para-atletismo\\\/\"},\"author\":{\"name\":\"Edici\u00f3n Web\",\"@id\":\"https:\\\/\\\/canal7slp.tv\\\/2023\\\/#\\\/schema\\\/person\\\/639c424e3584069003b11ae813915da6\"},\"headline\":\"Omar Ezequiel M\u00e9ndez obtuvo plata en los 100 metros en Para Atletismo\",\"datePublished\":\"2023-10-26T20:04:57+00:00\",\"mainEntityOfPage\":{\"@id\":\"https:\\\/\\\/canal7slp.tv\\\/2023\\\/omar-ezequiel-mendez-obtuvo-plata-en-los-100-metros-en-para-atletismo\\\/\"},\"wordCount\":130,\"publisher\":{\"@id\":\"https:\\\/\\\/canal7slp.tv\\\/2023\\\/#organization\"},\"image\":{\"@id\":\"https:\\\/\\\/canal7slp.tv\\\/2023\\\/omar-ezequiel-mendez-obtuvo-plata-en-los-100-metros-en-para-atletismo\\\/#primaryimage\"},\"thumbnailUrl\":\"https:\\\/\\\/canal7slp.tv\\\/2023\\\/wp-content\\\/uploads\\\/2023\\\/10\\\/Froi02Paranacionales.jpg\",\"articleSection\":[\"DEPORTES\",\"DESTACADAS\"],\"inLanguage\":\"es\"},{\"@type\":\"WebPage\",\"@id\":\"https:\\\/\\\/canal7slp.tv\\\/2023\\\/omar-ezequiel-mendez-obtuvo-plata-en-los-100-metros-en-para-atletismo\\\/\",\"url\":\"https:\\\/\\\/canal7slp.tv\\\/2023\\\/omar-ezequiel-mendez-obtuvo-plata-en-los-100-metros-en-para-atletismo\\\/\",\"name\":\"Omar Ezequiel M\u00e9ndez obtuvo plata en los 100 metros en Para Atletismo - Canal 7 SLP - 2023\",\"isPartOf\":{\"@id\":\"https:\\\/\\\/canal7slp.tv\\\/2023\\\/#website\"},\"primaryImageOfPage\":{\"@id\":\"https:\\\/\\\/canal7slp.tv\\\/2023\\\/omar-ezequiel-mendez-obtuvo-plata-en-los-100-metros-en-para-atletismo\\\/#primaryimage\"},\"image\":{\"@id\":\"https:\\\/\\\/canal7slp.tv\\\/2023\\\/omar-ezequiel-mendez-obtuvo-plata-en-los-100-metros-en-para-atletismo\\\/#primaryimage\"},\"thumbnailUrl\":\"https:\\\/\\\/canal7slp.tv\\\/2023\\\/wp-content\\\/uploads\\\/2023\\\/10\\\/Froi02Paranacionales.jpg\",\"datePublished\":\"2023-10-26T20:04:57+00:00\",\"breadcrumb\":{\"@id\":\"https:\\\/\\\/canal7slp.tv\\\/2023\\\/omar-ezequiel-mendez-obtuvo-plata-en-los-100-metros-en-para-atletismo\\\/#breadcrumb\"},\"inLanguage\":\"es\",\"potentialAction\":[{\"@type\":\"ReadAction\",\"target\":[\"https:\\\/\\\/canal7slp.tv\\\/2023\\\/omar-ezequiel-mendez-obtuvo-plata-en-los-100-metros-en-para-atletismo\\\/\"]}]},{\"@type\":\"ImageObject\",\"inLanguage\":\"es\",\"@id\":\"https:\\\/\\\/canal7slp.tv\\\/2023\\\/omar-ezequiel-mendez-obtuvo-plata-en-los-100-metros-en-para-atletismo\\\/#primaryimage\",\"url\":\"https:\\\/\\\/canal7slp.tv\\\/2023\\\/wp-content\\\/uploads\\\/2023\\\/10\\\/Froi02Paranacionales.jpg\",\"contentUrl\":\"https:\\\/\\\/canal7slp.tv\\\/2023\\\/wp-content\\\/uploads\\\/2023\\\/10\\\/Froi02Paranacionales.jpg\",\"width\":1280,\"height\":720},{\"@type\":\"BreadcrumbList\",\"@id\":\"https:\\\/\\\/canal7slp.tv\\\/2023\\\/omar-ezequiel-mendez-obtuvo-plata-en-los-100-metros-en-para-atletismo\\\/#breadcrumb\",\"itemListElement\":[{\"@type\":\"ListItem\",\"position\":1,\"name\":\"Portada\",\"item\":\"https:\\\/\\\/canal7slp.tv\\\/2023\\\/\"},{\"@type\":\"ListItem\",\"position\":2,\"name\":\"Omar Ezequiel M\u00e9ndez obtuvo plata en los 100 metros en Para Atletismo\"}]},{\"@type\":\"WebSite\",\"@id\":\"https:\\\/\\\/canal7slp.tv\\\/2023\\\/#website\",\"url\":\"https:\\\/\\\/canal7slp.tv\\\/2023\\\/\",\"name\":\"N7 - Noticieros Canal 7\",\"description\":\"Somos Televisi\u00f3n\",\"publisher\":{\"@id\":\"https:\\\/\\\/canal7slp.tv\\\/2023\\\/#organization\"},\"potentialAction\":[{\"@type\":\"SearchAction\",\"target\":{\"@type\":\"EntryPoint\",\"urlTemplate\":\"https:\\\/\\\/canal7slp.tv\\\/2023\\\/?s={search_term_string}\"},\"query-input\":{\"@type\":\"PropertyValueSpecification\",\"valueRequired\":true,\"valueName\":\"search_term_string\"}}],\"inLanguage\":\"es\"},{\"@type\":\"Organization\",\"@id\":\"https:\\\/\\\/canal7slp.tv\\\/2023\\\/#organization\",\"name\":\"Noticieros Canal 7\",\"url\":\"https:\\\/\\\/canal7slp.tv\\\/2023\\\/\",\"logo\":{\"@type\":\"ImageObject\",\"inLanguage\":\"es\",\"@id\":\"https:\\\/\\\/canal7slp.tv\\\/2023\\\/#\\\/schema\\\/logo\\\/image\\\/\",\"url\":\"https:\\\/\\\/canal7slp.tv\\\/2023\\\/wp-content\\\/uploads\\\/2021\\\/01\\\/logo-noticieros@2x.png\",\"contentUrl\":\"https:\\\/\\\/canal7slp.tv\\\/2023\\\/wp-content\\\/uploads\\\/2021\\\/01\\\/logo-noticieros@2x.png\",\"width\":1017,\"height\":268,\"caption\":\"Noticieros Canal 7\"},\"image\":{\"@id\":\"https:\\\/\\\/canal7slp.tv\\\/2023\\\/#\\\/schema\\\/logo\\\/image\\\/\"},\"sameAs\":[\"https:\\\/\\\/www.facebook.com\\\/noticieroscanalsiete\",\"https:\\\/\\\/x.com\\\/NOTICIEROS7\",\"https:\\\/\\\/www.instagram.com\\\/canal7_slp\",\"https:\\\/\\\/www.youtube.com\\\/channel\\\/UCliiYs-gP3JfJeqdPrNdd5A\"]},{\"@type\":\"Person\",\"@id\":\"https:\\\/\\\/canal7slp.tv\\\/2023\\\/#\\\/schema\\\/person\\\/639c424e3584069003b11ae813915da6\",\"name\":\"Edici\u00f3n Web\",\"image\":{\"@type\":\"ImageObject\",\"inLanguage\":\"es\",\"@id\":\"https:\\\/\\\/secure.gravatar.com\\\/avatar\\\/eee448fc3f7164808013b816ba91ac7e43bbe82a70bebac296f8bc6f0addaa1a?s=96&d=mm&r=g\",\"url\":\"https:\\\/\\\/secure.gravatar.com\\\/avatar\\\/eee448fc3f7164808013b816ba91ac7e43bbe82a70bebac296f8bc6f0addaa1a?s=96&d=mm&r=g\",\"contentUrl\":\"https:\\\/\\\/secure.gravatar.com\\\/avatar\\\/eee448fc3f7164808013b816ba91ac7e43bbe82a70bebac296f8bc6f0addaa1a?s=96&d=mm&r=g\",\"caption\":\"Edici\u00f3n Web\"},\"url\":\"https:\\\/\\\/canal7slp.tv\\\/2023\\\/author\\\/edicionweb\\\/\"}]}<\/script>\n<!-- \/ Yoast SEO plugin. -->","yoast_head_json":{"title":"Omar Ezequiel M\u00e9ndez obtuvo plata en los 100 metros en Para Atletismo - Canal 7 SLP - 2023","robots":{"index":"index","follow":"follow","max-snippet":"max-snippet:-1","max-image-preview":"max-image-preview:large","max-video-preview":"max-video-preview:-1"},"canonical":"https:\/\/canal7slp.tv\/2023\/omar-ezequiel-mendez-obtuvo-plata-en-los-100-metros-en-para-atletismo\/","og_locale":"es_ES","og_type":"article","og_title":"Omar Ezequiel M\u00e9ndez obtuvo plata en los 100 metros en Para Atletismo - Canal 7 SLP - 2023","og_description":"SLP.- Contin\u00faa la participaci\u00f3n de la delegaci\u00f3n potosina en la edici\u00f3n 2023 de los Juegos Paranacionales CONADE en Quintana Roo. El seleccionado potosino Omar Ezequiel M\u00e9ndez Ru\u00edz obtuvo la medalla de plata en la prueba de 100 metros planos del programa de competencias de para atletismo de los Juegos Paranacionales CONADE 2023. Omar \u00abvol\u00f3\u00bb en la pista del Centro de Alto Rendimiento cronometrando 14 segundos con 49 cent\u00e9simas; Aun le queda por realizar una prueba, los 200 metros, programada para el viernes. Esta presea es la n\u00famero quince y octava de plata de la Delegaci\u00f3n Potosina en los Paranacionales CONADE [&hellip;]","og_url":"https:\/\/canal7slp.tv\/2023\/omar-ezequiel-mendez-obtuvo-plata-en-los-100-metros-en-para-atletismo\/","og_site_name":"Canal 7 SLP - 2023","article_publisher":"https:\/\/www.facebook.com\/noticieroscanalsiete","article_published_time":"2023-10-26T20:04:57+00:00","og_image":[{"width":1280,"height":720,"url":"https:\/\/canal7slp.tv\/2023\/wp-content\/uploads\/2023\/10\/Froi02Paranacionales.jpg","type":"image\/jpeg"}],"author":"Edici\u00f3n Web","twitter_card":"summary_large_image","twitter_creator":"@NOTICIEROS7","twitter_site":"@NOTICIEROS7","twitter_misc":{"Escrito por":"Edici\u00f3n Web","Tiempo de lectura":"1 minuto"},"schema":{"@context":"https:\/\/schema.org","@graph":[{"@type":"Article","@id":"https:\/\/canal7slp.tv\/2023\/omar-ezequiel-mendez-obtuvo-plata-en-los-100-metros-en-para-atletismo\/#article","isPartOf":{"@id":"https:\/\/canal7slp.tv\/2023\/omar-ezequiel-mendez-obtuvo-plata-en-los-100-metros-en-para-atletismo\/"},"author":{"name":"Edici\u00f3n Web","@id":"https:\/\/canal7slp.tv\/2023\/#\/schema\/person\/639c424e3584069003b11ae813915da6"},"headline":"Omar Ezequiel M\u00e9ndez obtuvo plata en los 100 metros en Para Atletismo","datePublished":"2023-10-26T20:04:57+00:00","mainEntityOfPage":{"@id":"https:\/\/canal7slp.tv\/2023\/omar-ezequiel-mendez-obtuvo-plata-en-los-100-metros-en-para-atletismo\/"},"wordCount":130,"publisher":{"@id":"https:\/\/canal7slp.tv\/2023\/#organization"},"image":{"@id":"https:\/\/canal7slp.tv\/2023\/omar-ezequiel-mendez-obtuvo-plata-en-los-100-metros-en-para-atletismo\/#primaryimage"},"thumbnailUrl":"https:\/\/canal7slp.tv\/2023\/wp-content\/uploads\/2023\/10\/Froi02Paranacionales.jpg","articleSection":["DEPORTES","DESTACADAS"],"inLanguage":"es"},{"@type":"WebPage","@id":"https:\/\/canal7slp.tv\/2023\/omar-ezequiel-mendez-obtuvo-plata-en-los-100-metros-en-para-atletismo\/","url":"https:\/\/canal7slp.tv\/2023\/omar-ezequiel-mendez-obtuvo-plata-en-los-100-metros-en-para-atletismo\/","name":"Omar Ezequiel M\u00e9ndez obtuvo plata en los 100 metros en Para Atletismo - Canal 7 SLP - 2023","isPartOf":{"@id":"https:\/\/canal7slp.tv\/2023\/#website"},"primaryImageOfPage":{"@id":"https:\/\/canal7slp.tv\/2023\/omar-ezequiel-mendez-obtuvo-plata-en-los-100-metros-en-para-atletismo\/#primaryimage"},"image":{"@id":"https:\/\/canal7slp.tv\/2023\/omar-ezequiel-mendez-obtuvo-plata-en-los-100-metros-en-para-atletismo\/#primaryimage"},"thumbnailUrl":"https:\/\/canal7slp.tv\/2023\/wp-content\/uploads\/2023\/10\/Froi02Paranacionales.jpg","datePublished":"2023-10-26T20:04:57+00:00","breadcrumb":{"@id":"https:\/\/canal7slp.tv\/2023\/omar-ezequiel-mendez-obtuvo-plata-en-los-100-metros-en-para-atletismo\/#breadcrumb"},"inLanguage":"es","potentialAction":[{"@type":"ReadAction","target":["https:\/\/canal7slp.tv\/2023\/omar-ezequiel-mendez-obtuvo-plata-en-los-100-metros-en-para-atletismo\/"]}]},{"@type":"ImageObject","inLanguage":"es","@id":"https:\/\/canal7slp.tv\/2023\/omar-ezequiel-mendez-obtuvo-plata-en-los-100-metros-en-para-atletismo\/#primaryimage","url":"https:\/\/canal7slp.tv\/2023\/wp-content\/uploads\/2023\/10\/Froi02Paranacionales.jpg","contentUrl":"https:\/\/canal7slp.tv\/2023\/wp-content\/uploads\/2023\/10\/Froi02Paranacionales.jpg","width":1280,"height":720},{"@type":"BreadcrumbList","@id":"https:\/\/canal7slp.tv\/2023\/omar-ezequiel-mendez-obtuvo-plata-en-los-100-metros-en-para-atletismo\/#breadcrumb","itemListElement":[{"@type":"ListItem","position":1,"name":"Portada","item":"https:\/\/canal7slp.tv\/2023\/"},{"@type":"ListItem","position":2,"name":"Omar Ezequiel M\u00e9ndez obtuvo plata en los 100 metros en Para Atletismo"}]},{"@type":"WebSite","@id":"https:\/\/canal7slp.tv\/2023\/#website","url":"https:\/\/canal7slp.tv\/2023\/","name":"N7 - Noticieros Canal 7","description":"Somos Televisi\u00f3n","publisher":{"@id":"https:\/\/canal7slp.tv\/2023\/#organization"},"potentialAction":[{"@type":"SearchAction","target":{"@type":"EntryPoint","urlTemplate":"https:\/\/canal7slp.tv\/2023\/?s={search_term_string}"},"query-input":{"@type":"PropertyValueSpecification","valueRequired":true,"valueName":"search_term_string"}}],"inLanguage":"es"},{"@type":"Organization","@id":"https:\/\/canal7slp.tv\/2023\/#organization","name":"Noticieros Canal 7","url":"https:\/\/canal7slp.tv\/2023\/","logo":{"@type":"ImageObject","inLanguage":"es","@id":"https:\/\/canal7slp.tv\/2023\/#\/schema\/logo\/image\/","url":"https:\/\/canal7slp.tv\/2023\/wp-content\/uploads\/2021\/01\/logo-noticieros@2x.png","contentUrl":"https:\/\/canal7slp.tv\/2023\/wp-content\/uploads\/2021\/01\/logo-noticieros@2x.png","width":1017,"height":268,"caption":"Noticieros Canal 7"},"image":{"@id":"https:\/\/canal7slp.tv\/2023\/#\/schema\/logo\/image\/"},"sameAs":["https:\/\/www.facebook.com\/noticieroscanalsiete","https:\/\/x.com\/NOTICIEROS7","https:\/\/www.instagram.com\/canal7_slp","https:\/\/www.youtube.com\/channel\/UCliiYs-gP3JfJeqdPrNdd5A"]},{"@type":"Person","@id":"https:\/\/canal7slp.tv\/2023\/#\/schema\/person\/639c424e3584069003b11ae813915da6","name":"Edici\u00f3n Web","image":{"@type":"ImageObject","inLanguage":"es","@id":"https:\/\/secure.gravatar.com\/avatar\/eee448fc3f7164808013b816ba91ac7e43bbe82a70bebac296f8bc6f0addaa1a?s=96&d=mm&r=g","url":"https:\/\/secure.gravatar.com\/avatar\/eee448fc3f7164808013b816ba91ac7e43bbe82a70bebac296f8bc6f0addaa1a?s=96&d=mm&r=g","contentUrl":"https:\/\/secure.gravatar.com\/avatar\/eee448fc3f7164808013b816ba91ac7e43bbe82a70bebac296f8bc6f0addaa1a?s=96&d=mm&r=g","caption":"Edici\u00f3n Web"},"url":"https:\/\/canal7slp.tv\/2023\/author\/edicionweb\/"}]}},"_links":{"self":[{"href":"https:\/\/canal7slp.tv\/2023\/wp-json\/wp\/v2\/posts\/111177","targetHints":{"allow":["GET"]}}],"collection":[{"href":"https:\/\/canal7slp.tv\/2023\/wp-json\/wp\/v2\/posts"}],"about":[{"href":"https:\/\/canal7slp.tv\/2023\/wp-json\/wp\/v2\/types\/post"}],"author":[{"embeddable":true,"href":"https:\/\/canal7slp.tv\/2023\/wp-json\/wp\/v2\/users\/2"}],"replies":[{"embeddable":true,"href":"https:\/\/canal7slp.tv\/2023\/wp-json\/wp\/v2\/comments?post=111177"}],"version-history":[{"count":2,"href":"https:\/\/canal7slp.tv\/2023\/wp-json\/wp\/v2\/posts\/111177\/revisions"}],"predecessor-version":[{"id":111184,"href":"https:\/\/canal7slp.tv\/2023\/wp-json\/wp\/v2\/posts\/111177\/revisions\/111184"}],"wp:featuredmedia":[{"embeddable":true,"href":"https:\/\/canal7slp.tv\/2023\/wp-json\/wp\/v2\/media\/111183"}],"wp:attachment":[{"href":"https:\/\/canal7slp.tv\/2023\/wp-json\/wp\/v2\/media?parent=111177"}],"wp:term":[{"taxonomy":"category","embeddable":true,"href":"https:\/\/canal7slp.tv\/2023\/wp-json\/wp\/v2\/categories?post=111177"},{"taxonomy":"post_tag","embeddable":true,"href":"https:\/\/canal7slp.tv\/2023\/wp-json\/wp\/v2\/tags?post=111177"}],"curies":[{"name":"wp","href":"https:\/\/api.w.org\/{rel}","templated":true}]}}