{"id":111142,"date":"2023-10-26T16:16:12","date_gmt":"2023-10-26T22:16:12","guid":{"rendered":"https:\/\/canal7slp.tv\/2023\/?p=111142"},"modified":"2023-10-26T16:16:12","modified_gmt":"2023-10-26T22:16:12","slug":"declaran-estado-de-emergencia-en-guerrero-tras-huracan-otis","status":"publish","type":"post","link":"https:\/\/canal7slp.tv\/2023\/declaran-estado-de-emergencia-en-guerrero-tras-huracan-otis\/","title":{"rendered":"Declaran estado de emergencia en Guerrero tras hurac\u00e1n \u00abOtis\u00bb"},"content":{"rendered":"<p style=\"text-align: justify;\">Guerrero.- Tras el paso catastr\u00f3fico del hurac\u00e1n \u00abOtis\u00bb por Guerrero, la Coordinaci\u00f3n Nacional de Protecci\u00f3n Civil ha declarado Estado de Emergencia en la regi\u00f3n. El saldo preliminar se\u00f1ala al menos 27 muertos y 4 desaparecidos en Guerrero, cifras que podr\u00edan aumentar en las pr\u00f3ximas horas.<\/p>\n<p style=\"text-align: justify;\">La decisi\u00f3n de declarar la emergencia en Guerrero se debe a la presencia de lluvias severas y vientos fuertes, seg\u00fan un comunicado oficial emitido por Protecci\u00f3n Civil.<\/p>\n<p style=\"text-align: justify;\">El municipio m\u00e1s afectado es Acapulco de Ju\u00e1rez, donde los da\u00f1os materiales y humanos son significativos. La activaci\u00f3n del Programa para la Atenci\u00f3n de Emergencias por Amenazas Naturales permitir\u00e1 la movilizaci\u00f3n de recursos para brindar apoyo a los damnificados.<\/p>\n","protected":false},"excerpt":{"rendered":"<p>Guerrero.- Tras el paso catastr\u00f3fico del hurac\u00e1n \u00abOtis\u00bb por Guerrero, la Coordinaci\u00f3n Nacional de Protecci\u00f3n Civil ha declarado Estado de Emergencia en la regi\u00f3n. El saldo preliminar se\u00f1ala al menos 27 muertos y 4 desaparecidos en Guerrero, cifras que podr\u00edan aumentar en las pr\u00f3ximas horas. La decisi\u00f3n de declarar la emergencia en Guerrero se debe a la presencia de lluvias severas y vientos fuertes, seg\u00fan un comunicado oficial emitido por Protecci\u00f3n Civil. El municipio m\u00e1s afectado es Acapulco de Ju\u00e1rez, donde los da\u00f1os materiales y humanos son significativos. La activaci\u00f3n del Programa para la Atenci\u00f3n de Emergencias por Amenazas Naturales [&hellip;]<\/p>\n","protected":false},"author":2,"featured_media":111165,"comment_status":"closed","ping_status":"closed","sticky":false,"template":"","format":"standard","meta":{"footnotes":""},"categories":[46],"tags":[],"class_list":["post-111142","post","type-post","status-publish","format-standard","has-post-thumbnail","hentry","category-nacional","post--single"],"yoast_head":"<!-- This site is optimized with the Yoast SEO plugin v27.4 - https:\/\/yoast.com\/product\/yoast-seo-wordpress\/ -->\n<title>Declaran estado de emergencia en Guerrero tras hurac\u00e1n &quot;Otis&quot; - Canal 7 SLP - 2023<\/title>\n<meta name=\"robots\" content=\"index, follow, max-snippet:-1, max-image-preview:large, max-video-preview:-1\" \/>\n<link rel=\"canonical\" href=\"https:\/\/canal7slp.tv\/2023\/declaran-estado-de-emergencia-en-guerrero-tras-huracan-otis\/\" \/>\n<meta property=\"og:locale\" content=\"es_ES\" \/>\n<meta property=\"og:type\" content=\"article\" \/>\n<meta property=\"og:title\" content=\"Declaran estado de emergencia en Guerrero tras hurac\u00e1n &quot;Otis&quot; - Canal 7 SLP - 2023\" \/>\n<meta property=\"og:description\" content=\"Guerrero.- Tras el paso catastr\u00f3fico del hurac\u00e1n \u00abOtis\u00bb por Guerrero, la Coordinaci\u00f3n Nacional de Protecci\u00f3n Civil ha declarado Estado de Emergencia en la regi\u00f3n. El saldo preliminar se\u00f1ala al menos 27 muertos y 4 desaparecidos en Guerrero, cifras que podr\u00edan aumentar en las pr\u00f3ximas horas. La decisi\u00f3n de declarar la emergencia en Guerrero se debe a la presencia de lluvias severas y vientos fuertes, seg\u00fan un comunicado oficial emitido por Protecci\u00f3n Civil. El municipio m\u00e1s afectado es Acapulco de Ju\u00e1rez, donde los da\u00f1os materiales y humanos son significativos. La activaci\u00f3n del Programa para la Atenci\u00f3n de Emergencias por Amenazas Naturales [&hellip;]\" \/>\n<meta property=\"og:url\" content=\"https:\/\/canal7slp.tv\/2023\/declaran-estado-de-emergencia-en-guerrero-tras-huracan-otis\/\" \/>\n<meta property=\"og:site_name\" content=\"Canal 7 SLP - 2023\" \/>\n<meta property=\"article:publisher\" content=\"https:\/\/www.facebook.com\/noticieroscanalsiete\" \/>\n<meta property=\"article:published_time\" content=\"2023-10-26T22:16:12+00:00\" \/>\n<meta property=\"og:image\" content=\"https:\/\/canal7slp.tv\/2023\/wp-content\/uploads\/2023\/10\/07.jpeg\" \/>\n\t<meta property=\"og:image:width\" content=\"850\" \/>\n\t<meta property=\"og:image:height\" content=\"638\" \/>\n\t<meta property=\"og:image:type\" content=\"image\/jpeg\" \/>\n<meta name=\"author\" content=\"Edici\u00f3n Web\" \/>\n<meta name=\"twitter:card\" content=\"summary_large_image\" \/>\n<meta name=\"twitter:creator\" content=\"@NOTICIEROS7\" \/>\n<meta name=\"twitter:site\" content=\"@NOTICIEROS7\" \/>\n<meta name=\"twitter:label1\" content=\"Escrito por\" \/>\n\t<meta name=\"twitter:data1\" content=\"Edici\u00f3n Web\" \/>\n\t<meta name=\"twitter:label2\" content=\"Tiempo de lectura\" \/>\n\t<meta name=\"twitter:data2\" content=\"1 minuto\" \/>\n<script type=\"application\/ld+json\" class=\"yoast-schema-graph\">{\"@context\":\"https:\\\/\\\/schema.org\",\"@graph\":[{\"@type\":\"Article\",\"@id\":\"https:\\\/\\\/canal7slp.tv\\\/2023\\\/declaran-estado-de-emergencia-en-guerrero-tras-huracan-otis\\\/#article\",\"isPartOf\":{\"@id\":\"https:\\\/\\\/canal7slp.tv\\\/2023\\\/declaran-estado-de-emergencia-en-guerrero-tras-huracan-otis\\\/\"},\"author\":{\"name\":\"Edici\u00f3n Web\",\"@id\":\"https:\\\/\\\/canal7slp.tv\\\/2023\\\/#\\\/schema\\\/person\\\/639c424e3584069003b11ae813915da6\"},\"headline\":\"Declaran estado de emergencia en Guerrero tras hurac\u00e1n \u00abOtis\u00bb\",\"datePublished\":\"2023-10-26T22:16:12+00:00\",\"mainEntityOfPage\":{\"@id\":\"https:\\\/\\\/canal7slp.tv\\\/2023\\\/declaran-estado-de-emergencia-en-guerrero-tras-huracan-otis\\\/\"},\"wordCount\":137,\"publisher\":{\"@id\":\"https:\\\/\\\/canal7slp.tv\\\/2023\\\/#organization\"},\"image\":{\"@id\":\"https:\\\/\\\/canal7slp.tv\\\/2023\\\/declaran-estado-de-emergencia-en-guerrero-tras-huracan-otis\\\/#primaryimage\"},\"thumbnailUrl\":\"https:\\\/\\\/canal7slp.tv\\\/2023\\\/wp-content\\\/uploads\\\/2023\\\/10\\\/07.jpeg\",\"articleSection\":[\"NACIONALES\"],\"inLanguage\":\"es\"},{\"@type\":\"WebPage\",\"@id\":\"https:\\\/\\\/canal7slp.tv\\\/2023\\\/declaran-estado-de-emergencia-en-guerrero-tras-huracan-otis\\\/\",\"url\":\"https:\\\/\\\/canal7slp.tv\\\/2023\\\/declaran-estado-de-emergencia-en-guerrero-tras-huracan-otis\\\/\",\"name\":\"Declaran estado de emergencia en Guerrero tras hurac\u00e1n \\\"Otis\\\" - Canal 7 SLP - 2023\",\"isPartOf\":{\"@id\":\"https:\\\/\\\/canal7slp.tv\\\/2023\\\/#website\"},\"primaryImageOfPage\":{\"@id\":\"https:\\\/\\\/canal7slp.tv\\\/2023\\\/declaran-estado-de-emergencia-en-guerrero-tras-huracan-otis\\\/#primaryimage\"},\"image\":{\"@id\":\"https:\\\/\\\/canal7slp.tv\\\/2023\\\/declaran-estado-de-emergencia-en-guerrero-tras-huracan-otis\\\/#primaryimage\"},\"thumbnailUrl\":\"https:\\\/\\\/canal7slp.tv\\\/2023\\\/wp-content\\\/uploads\\\/2023\\\/10\\\/07.jpeg\",\"datePublished\":\"2023-10-26T22:16:12+00:00\",\"breadcrumb\":{\"@id\":\"https:\\\/\\\/canal7slp.tv\\\/2023\\\/declaran-estado-de-emergencia-en-guerrero-tras-huracan-otis\\\/#breadcrumb\"},\"inLanguage\":\"es\",\"potentialAction\":[{\"@type\":\"ReadAction\",\"target\":[\"https:\\\/\\\/canal7slp.tv\\\/2023\\\/declaran-estado-de-emergencia-en-guerrero-tras-huracan-otis\\\/\"]}]},{\"@type\":\"ImageObject\",\"inLanguage\":\"es\",\"@id\":\"https:\\\/\\\/canal7slp.tv\\\/2023\\\/declaran-estado-de-emergencia-en-guerrero-tras-huracan-otis\\\/#primaryimage\",\"url\":\"https:\\\/\\\/canal7slp.tv\\\/2023\\\/wp-content\\\/uploads\\\/2023\\\/10\\\/07.jpeg\",\"contentUrl\":\"https:\\\/\\\/canal7slp.tv\\\/2023\\\/wp-content\\\/uploads\\\/2023\\\/10\\\/07.jpeg\",\"width\":850,\"height\":638},{\"@type\":\"BreadcrumbList\",\"@id\":\"https:\\\/\\\/canal7slp.tv\\\/2023\\\/declaran-estado-de-emergencia-en-guerrero-tras-huracan-otis\\\/#breadcrumb\",\"itemListElement\":[{\"@type\":\"ListItem\",\"position\":1,\"name\":\"Portada\",\"item\":\"https:\\\/\\\/canal7slp.tv\\\/2023\\\/\"},{\"@type\":\"ListItem\",\"position\":2,\"name\":\"Declaran estado de emergencia en Guerrero tras hurac\u00e1n &#8220;Otis&#8221;\"}]},{\"@type\":\"WebSite\",\"@id\":\"https:\\\/\\\/canal7slp.tv\\\/2023\\\/#website\",\"url\":\"https:\\\/\\\/canal7slp.tv\\\/2023\\\/\",\"name\":\"N7 - Noticieros Canal 7\",\"description\":\"Somos Televisi\u00f3n\",\"publisher\":{\"@id\":\"https:\\\/\\\/canal7slp.tv\\\/2023\\\/#organization\"},\"potentialAction\":[{\"@type\":\"SearchAction\",\"target\":{\"@type\":\"EntryPoint\",\"urlTemplate\":\"https:\\\/\\\/canal7slp.tv\\\/2023\\\/?s={search_term_string}\"},\"query-input\":{\"@type\":\"PropertyValueSpecification\",\"valueRequired\":true,\"valueName\":\"search_term_string\"}}],\"inLanguage\":\"es\"},{\"@type\":\"Organization\",\"@id\":\"https:\\\/\\\/canal7slp.tv\\\/2023\\\/#organization\",\"name\":\"Noticieros Canal 7\",\"url\":\"https:\\\/\\\/canal7slp.tv\\\/2023\\\/\",\"logo\":{\"@type\":\"ImageObject\",\"inLanguage\":\"es\",\"@id\":\"https:\\\/\\\/canal7slp.tv\\\/2023\\\/#\\\/schema\\\/logo\\\/image\\\/\",\"url\":\"https:\\\/\\\/canal7slp.tv\\\/2023\\\/wp-content\\\/uploads\\\/2021\\\/01\\\/logo-noticieros@2x.png\",\"contentUrl\":\"https:\\\/\\\/canal7slp.tv\\\/2023\\\/wp-content\\\/uploads\\\/2021\\\/01\\\/logo-noticieros@2x.png\",\"width\":1017,\"height\":268,\"caption\":\"Noticieros Canal 7\"},\"image\":{\"@id\":\"https:\\\/\\\/canal7slp.tv\\\/2023\\\/#\\\/schema\\\/logo\\\/image\\\/\"},\"sameAs\":[\"https:\\\/\\\/www.facebook.com\\\/noticieroscanalsiete\",\"https:\\\/\\\/x.com\\\/NOTICIEROS7\",\"https:\\\/\\\/www.instagram.com\\\/canal7_slp\",\"https:\\\/\\\/www.youtube.com\\\/channel\\\/UCliiYs-gP3JfJeqdPrNdd5A\"]},{\"@type\":\"Person\",\"@id\":\"https:\\\/\\\/canal7slp.tv\\\/2023\\\/#\\\/schema\\\/person\\\/639c424e3584069003b11ae813915da6\",\"name\":\"Edici\u00f3n Web\",\"image\":{\"@type\":\"ImageObject\",\"inLanguage\":\"es\",\"@id\":\"https:\\\/\\\/secure.gravatar.com\\\/avatar\\\/eee448fc3f7164808013b816ba91ac7e43bbe82a70bebac296f8bc6f0addaa1a?s=96&d=mm&r=g\",\"url\":\"https:\\\/\\\/secure.gravatar.com\\\/avatar\\\/eee448fc3f7164808013b816ba91ac7e43bbe82a70bebac296f8bc6f0addaa1a?s=96&d=mm&r=g\",\"contentUrl\":\"https:\\\/\\\/secure.gravatar.com\\\/avatar\\\/eee448fc3f7164808013b816ba91ac7e43bbe82a70bebac296f8bc6f0addaa1a?s=96&d=mm&r=g\",\"caption\":\"Edici\u00f3n Web\"},\"url\":\"https:\\\/\\\/canal7slp.tv\\\/2023\\\/author\\\/edicionweb\\\/\"}]}<\/script>\n<!-- \/ Yoast SEO plugin. -->","yoast_head_json":{"title":"Declaran estado de emergencia en Guerrero tras hurac\u00e1n \"Otis\" - Canal 7 SLP - 2023","robots":{"index":"index","follow":"follow","max-snippet":"max-snippet:-1","max-image-preview":"max-image-preview:large","max-video-preview":"max-video-preview:-1"},"canonical":"https:\/\/canal7slp.tv\/2023\/declaran-estado-de-emergencia-en-guerrero-tras-huracan-otis\/","og_locale":"es_ES","og_type":"article","og_title":"Declaran estado de emergencia en Guerrero tras hurac\u00e1n \"Otis\" - Canal 7 SLP - 2023","og_description":"Guerrero.- Tras el paso catastr\u00f3fico del hurac\u00e1n \u00abOtis\u00bb por Guerrero, la Coordinaci\u00f3n Nacional de Protecci\u00f3n Civil ha declarado Estado de Emergencia en la regi\u00f3n. El saldo preliminar se\u00f1ala al menos 27 muertos y 4 desaparecidos en Guerrero, cifras que podr\u00edan aumentar en las pr\u00f3ximas horas. La decisi\u00f3n de declarar la emergencia en Guerrero se debe a la presencia de lluvias severas y vientos fuertes, seg\u00fan un comunicado oficial emitido por Protecci\u00f3n Civil. El municipio m\u00e1s afectado es Acapulco de Ju\u00e1rez, donde los da\u00f1os materiales y humanos son significativos. La activaci\u00f3n del Programa para la Atenci\u00f3n de Emergencias por Amenazas Naturales [&hellip;]","og_url":"https:\/\/canal7slp.tv\/2023\/declaran-estado-de-emergencia-en-guerrero-tras-huracan-otis\/","og_site_name":"Canal 7 SLP - 2023","article_publisher":"https:\/\/www.facebook.com\/noticieroscanalsiete","article_published_time":"2023-10-26T22:16:12+00:00","og_image":[{"width":850,"height":638,"url":"https:\/\/canal7slp.tv\/2023\/wp-content\/uploads\/2023\/10\/07.jpeg","type":"image\/jpeg"}],"author":"Edici\u00f3n Web","twitter_card":"summary_large_image","twitter_creator":"@NOTICIEROS7","twitter_site":"@NOTICIEROS7","twitter_misc":{"Escrito por":"Edici\u00f3n Web","Tiempo de lectura":"1 minuto"},"schema":{"@context":"https:\/\/schema.org","@graph":[{"@type":"Article","@id":"https:\/\/canal7slp.tv\/2023\/declaran-estado-de-emergencia-en-guerrero-tras-huracan-otis\/#article","isPartOf":{"@id":"https:\/\/canal7slp.tv\/2023\/declaran-estado-de-emergencia-en-guerrero-tras-huracan-otis\/"},"author":{"name":"Edici\u00f3n Web","@id":"https:\/\/canal7slp.tv\/2023\/#\/schema\/person\/639c424e3584069003b11ae813915da6"},"headline":"Declaran estado de emergencia en Guerrero tras hurac\u00e1n \u00abOtis\u00bb","datePublished":"2023-10-26T22:16:12+00:00","mainEntityOfPage":{"@id":"https:\/\/canal7slp.tv\/2023\/declaran-estado-de-emergencia-en-guerrero-tras-huracan-otis\/"},"wordCount":137,"publisher":{"@id":"https:\/\/canal7slp.tv\/2023\/#organization"},"image":{"@id":"https:\/\/canal7slp.tv\/2023\/declaran-estado-de-emergencia-en-guerrero-tras-huracan-otis\/#primaryimage"},"thumbnailUrl":"https:\/\/canal7slp.tv\/2023\/wp-content\/uploads\/2023\/10\/07.jpeg","articleSection":["NACIONALES"],"inLanguage":"es"},{"@type":"WebPage","@id":"https:\/\/canal7slp.tv\/2023\/declaran-estado-de-emergencia-en-guerrero-tras-huracan-otis\/","url":"https:\/\/canal7slp.tv\/2023\/declaran-estado-de-emergencia-en-guerrero-tras-huracan-otis\/","name":"Declaran estado de emergencia en Guerrero tras hurac\u00e1n \"Otis\" - Canal 7 SLP - 2023","isPartOf":{"@id":"https:\/\/canal7slp.tv\/2023\/#website"},"primaryImageOfPage":{"@id":"https:\/\/canal7slp.tv\/2023\/declaran-estado-de-emergencia-en-guerrero-tras-huracan-otis\/#primaryimage"},"image":{"@id":"https:\/\/canal7slp.tv\/2023\/declaran-estado-de-emergencia-en-guerrero-tras-huracan-otis\/#primaryimage"},"thumbnailUrl":"https:\/\/canal7slp.tv\/2023\/wp-content\/uploads\/2023\/10\/07.jpeg","datePublished":"2023-10-26T22:16:12+00:00","breadcrumb":{"@id":"https:\/\/canal7slp.tv\/2023\/declaran-estado-de-emergencia-en-guerrero-tras-huracan-otis\/#breadcrumb"},"inLanguage":"es","potentialAction":[{"@type":"ReadAction","target":["https:\/\/canal7slp.tv\/2023\/declaran-estado-de-emergencia-en-guerrero-tras-huracan-otis\/"]}]},{"@type":"ImageObject","inLanguage":"es","@id":"https:\/\/canal7slp.tv\/2023\/declaran-estado-de-emergencia-en-guerrero-tras-huracan-otis\/#primaryimage","url":"https:\/\/canal7slp.tv\/2023\/wp-content\/uploads\/2023\/10\/07.jpeg","contentUrl":"https:\/\/canal7slp.tv\/2023\/wp-content\/uploads\/2023\/10\/07.jpeg","width":850,"height":638},{"@type":"BreadcrumbList","@id":"https:\/\/canal7slp.tv\/2023\/declaran-estado-de-emergencia-en-guerrero-tras-huracan-otis\/#breadcrumb","itemListElement":[{"@type":"ListItem","position":1,"name":"Portada","item":"https:\/\/canal7slp.tv\/2023\/"},{"@type":"ListItem","position":2,"name":"Declaran estado de emergencia en Guerrero tras hurac\u00e1n &#8220;Otis&#8221;"}]},{"@type":"WebSite","@id":"https:\/\/canal7slp.tv\/2023\/#website","url":"https:\/\/canal7slp.tv\/2023\/","name":"N7 - Noticieros Canal 7","description":"Somos Televisi\u00f3n","publisher":{"@id":"https:\/\/canal7slp.tv\/2023\/#organization"},"potentialAction":[{"@type":"SearchAction","target":{"@type":"EntryPoint","urlTemplate":"https:\/\/canal7slp.tv\/2023\/?s={search_term_string}"},"query-input":{"@type":"PropertyValueSpecification","valueRequired":true,"valueName":"search_term_string"}}],"inLanguage":"es"},{"@type":"Organization","@id":"https:\/\/canal7slp.tv\/2023\/#organization","name":"Noticieros Canal 7","url":"https:\/\/canal7slp.tv\/2023\/","logo":{"@type":"ImageObject","inLanguage":"es","@id":"https:\/\/canal7slp.tv\/2023\/#\/schema\/logo\/image\/","url":"https:\/\/canal7slp.tv\/2023\/wp-content\/uploads\/2021\/01\/logo-noticieros@2x.png","contentUrl":"https:\/\/canal7slp.tv\/2023\/wp-content\/uploads\/2021\/01\/logo-noticieros@2x.png","width":1017,"height":268,"caption":"Noticieros Canal 7"},"image":{"@id":"https:\/\/canal7slp.tv\/2023\/#\/schema\/logo\/image\/"},"sameAs":["https:\/\/www.facebook.com\/noticieroscanalsiete","https:\/\/x.com\/NOTICIEROS7","https:\/\/www.instagram.com\/canal7_slp","https:\/\/www.youtube.com\/channel\/UCliiYs-gP3JfJeqdPrNdd5A"]},{"@type":"Person","@id":"https:\/\/canal7slp.tv\/2023\/#\/schema\/person\/639c424e3584069003b11ae813915da6","name":"Edici\u00f3n Web","image":{"@type":"ImageObject","inLanguage":"es","@id":"https:\/\/secure.gravatar.com\/avatar\/eee448fc3f7164808013b816ba91ac7e43bbe82a70bebac296f8bc6f0addaa1a?s=96&d=mm&r=g","url":"https:\/\/secure.gravatar.com\/avatar\/eee448fc3f7164808013b816ba91ac7e43bbe82a70bebac296f8bc6f0addaa1a?s=96&d=mm&r=g","contentUrl":"https:\/\/secure.gravatar.com\/avatar\/eee448fc3f7164808013b816ba91ac7e43bbe82a70bebac296f8bc6f0addaa1a?s=96&d=mm&r=g","caption":"Edici\u00f3n Web"},"url":"https:\/\/canal7slp.tv\/2023\/author\/edicionweb\/"}]}},"_links":{"self":[{"href":"https:\/\/canal7slp.tv\/2023\/wp-json\/wp\/v2\/posts\/111142","targetHints":{"allow":["GET"]}}],"collection":[{"href":"https:\/\/canal7slp.tv\/2023\/wp-json\/wp\/v2\/posts"}],"about":[{"href":"https:\/\/canal7slp.tv\/2023\/wp-json\/wp\/v2\/types\/post"}],"author":[{"embeddable":true,"href":"https:\/\/canal7slp.tv\/2023\/wp-json\/wp\/v2\/users\/2"}],"replies":[{"embeddable":true,"href":"https:\/\/canal7slp.tv\/2023\/wp-json\/wp\/v2\/comments?post=111142"}],"version-history":[{"count":4,"href":"https:\/\/canal7slp.tv\/2023\/wp-json\/wp\/v2\/posts\/111142\/revisions"}],"predecessor-version":[{"id":111201,"href":"https:\/\/canal7slp.tv\/2023\/wp-json\/wp\/v2\/posts\/111142\/revisions\/111201"}],"wp:featuredmedia":[{"embeddable":true,"href":"https:\/\/canal7slp.tv\/2023\/wp-json\/wp\/v2\/media\/111165"}],"wp:attachment":[{"href":"https:\/\/canal7slp.tv\/2023\/wp-json\/wp\/v2\/media?parent=111142"}],"wp:term":[{"taxonomy":"category","embeddable":true,"href":"https:\/\/canal7slp.tv\/2023\/wp-json\/wp\/v2\/categories?post=111142"},{"taxonomy":"post_tag","embeddable":true,"href":"https:\/\/canal7slp.tv\/2023\/wp-json\/wp\/v2\/tags?post=111142"}],"curies":[{"name":"wp","href":"https:\/\/api.w.org\/{rel}","templated":true}]}}