{"id":111141,"date":"2023-10-26T16:14:56","date_gmt":"2023-10-26T22:14:56","guid":{"rendered":"https:\/\/canal7slp.tv\/2023\/?p=111141"},"modified":"2023-10-26T16:14:56","modified_gmt":"2023-10-26T22:14:56","slug":"dos-ciclones-se-fortalecen-en-el-pacifico-mexicano","status":"publish","type":"post","link":"https:\/\/canal7slp.tv\/2023\/dos-ciclones-se-fortalecen-en-el-pacifico-mexicano\/","title":{"rendered":"Dos ciclones se fortalecen en el Pac\u00edfico mexicano"},"content":{"rendered":"<p style=\"text-align: justify;\">M\u00e9xico.- Tras la devastaci\u00f3n causada por el hurac\u00e1n \u00abOtis\u00bb en Guerrero, M\u00e9xico, el Servicio Meteorol\u00f3gico Nacional (SMN) mantiene una estrecha vigilancia sobre dos zonas de baja presi\u00f3n en el Oc\u00e9ano Pac\u00edfico que podr\u00edan convertirse en ciclones.<\/p>\n<p style=\"text-align: justify;\">La primera zona, formada a partir de los remanentes de la depresi\u00f3n tropical Veitiuno, se desplaza lentamente hacia el oeste-noroeste, al sur de las costas de El Salvador.<\/p>\n<p style=\"text-align: justify;\">El SMN estima un 60% de probabilidad de desarrollo cicl\u00f3nico en 48 horas y un 80% en 7 d\u00edas. Si evoluciona, podr\u00eda dar origen al cicl\u00f3n \u00abPilar\u00bb.<\/p>\n<p style=\"text-align: justify;\">La segunda zona de baja presi\u00f3n se espera que se forme al suroeste de Baja California Sur, con una probabilidad actual del 20% para desarrollo cicl\u00f3nico en 7 d\u00edas. Este sistema se denominar\u00eda \u00abRam\u00f3n\u00bb.<\/p>\n<p style=\"text-align: justify;\">Asimismo, se pronostican lluvias fuertes a muy fuertes en el sureste de M\u00e9xico y r\u00e1fagas de viento y oleaje elevado en Chiapas, as\u00ed como en el Istmo y Golfo de Tehuantepec.<\/p>\n<p style=\"text-align: justify;\">Con la formaci\u00f3n de estos posibles ciclones, la temporada en el Pac\u00edfico ha registrado hasta ahora 5 tormentas tropicales, 2 huracanes de categor\u00eda 1 o 2, y 8 huracanes de categor\u00eda 3, 4 o 5.<\/p>\n<p style=\"text-align: justify;\">La aparici\u00f3n de \u00abPilar\u00bb y \u00abRam\u00f3n\u00bb podr\u00eda elevar el n\u00famero total de ciclones a entre 16 y 22 para este a\u00f1o.<\/p>\n","protected":false},"excerpt":{"rendered":"<p>M\u00e9xico.- Tras la devastaci\u00f3n causada por el hurac\u00e1n \u00abOtis\u00bb en Guerrero, M\u00e9xico, el Servicio Meteorol\u00f3gico Nacional (SMN) mantiene una estrecha vigilancia sobre dos zonas de baja presi\u00f3n en el Oc\u00e9ano Pac\u00edfico que podr\u00edan convertirse en ciclones. La primera zona, formada a partir de los remanentes de la depresi\u00f3n tropical Veitiuno, se desplaza lentamente hacia el oeste-noroeste, al sur de las costas de El Salvador. El SMN estima un 60% de probabilidad de desarrollo cicl\u00f3nico en 48 horas y un 80% en 7 d\u00edas. Si evoluciona, podr\u00eda dar origen al cicl\u00f3n \u00abPilar\u00bb. La segunda zona de baja presi\u00f3n se espera que [&hellip;]<\/p>\n","protected":false},"author":2,"featured_media":111161,"comment_status":"closed","ping_status":"closed","sticky":false,"template":"","format":"standard","meta":{"footnotes":""},"categories":[46],"tags":[],"class_list":["post-111141","post","type-post","status-publish","format-standard","has-post-thumbnail","hentry","category-nacional","post--single"],"yoast_head":"<!-- This site is optimized with the Yoast SEO plugin v27.4 - https:\/\/yoast.com\/product\/yoast-seo-wordpress\/ -->\n<title>Dos ciclones se fortalecen en el Pac\u00edfico mexicano - Canal 7 SLP - 2023<\/title>\n<meta name=\"robots\" content=\"index, follow, max-snippet:-1, max-image-preview:large, max-video-preview:-1\" \/>\n<link rel=\"canonical\" href=\"https:\/\/canal7slp.tv\/2023\/dos-ciclones-se-fortalecen-en-el-pacifico-mexicano\/\" \/>\n<meta property=\"og:locale\" content=\"es_ES\" \/>\n<meta property=\"og:type\" content=\"article\" \/>\n<meta property=\"og:title\" content=\"Dos ciclones se fortalecen en el Pac\u00edfico mexicano - Canal 7 SLP - 2023\" \/>\n<meta property=\"og:description\" content=\"M\u00e9xico.- Tras la devastaci\u00f3n causada por el hurac\u00e1n \u00abOtis\u00bb en Guerrero, M\u00e9xico, el Servicio Meteorol\u00f3gico Nacional (SMN) mantiene una estrecha vigilancia sobre dos zonas de baja presi\u00f3n en el Oc\u00e9ano Pac\u00edfico que podr\u00edan convertirse en ciclones. La primera zona, formada a partir de los remanentes de la depresi\u00f3n tropical Veitiuno, se desplaza lentamente hacia el oeste-noroeste, al sur de las costas de El Salvador. El SMN estima un 60% de probabilidad de desarrollo cicl\u00f3nico en 48 horas y un 80% en 7 d\u00edas. Si evoluciona, podr\u00eda dar origen al cicl\u00f3n \u00abPilar\u00bb. La segunda zona de baja presi\u00f3n se espera que [&hellip;]\" \/>\n<meta property=\"og:url\" content=\"https:\/\/canal7slp.tv\/2023\/dos-ciclones-se-fortalecen-en-el-pacifico-mexicano\/\" \/>\n<meta property=\"og:site_name\" content=\"Canal 7 SLP - 2023\" \/>\n<meta property=\"article:publisher\" content=\"https:\/\/www.facebook.com\/noticieroscanalsiete\" \/>\n<meta property=\"article:published_time\" content=\"2023-10-26T22:14:56+00:00\" \/>\n<meta property=\"og:image\" content=\"https:\/\/canal7slp.tv\/2023\/wp-content\/uploads\/2023\/10\/06-21.jpg\" \/>\n\t<meta property=\"og:image:width\" content=\"768\" \/>\n\t<meta property=\"og:image:height\" content=\"511\" \/>\n\t<meta property=\"og:image:type\" content=\"image\/jpeg\" \/>\n<meta name=\"author\" content=\"Edici\u00f3n Web\" \/>\n<meta name=\"twitter:card\" content=\"summary_large_image\" \/>\n<meta name=\"twitter:creator\" content=\"@NOTICIEROS7\" \/>\n<meta name=\"twitter:site\" content=\"@NOTICIEROS7\" \/>\n<meta name=\"twitter:label1\" content=\"Escrito por\" \/>\n\t<meta name=\"twitter:data1\" content=\"Edici\u00f3n Web\" \/>\n\t<meta name=\"twitter:label2\" content=\"Tiempo de lectura\" \/>\n\t<meta name=\"twitter:data2\" content=\"1 minuto\" \/>\n<script type=\"application\/ld+json\" class=\"yoast-schema-graph\">{\"@context\":\"https:\\\/\\\/schema.org\",\"@graph\":[{\"@type\":\"Article\",\"@id\":\"https:\\\/\\\/canal7slp.tv\\\/2023\\\/dos-ciclones-se-fortalecen-en-el-pacifico-mexicano\\\/#article\",\"isPartOf\":{\"@id\":\"https:\\\/\\\/canal7slp.tv\\\/2023\\\/dos-ciclones-se-fortalecen-en-el-pacifico-mexicano\\\/\"},\"author\":{\"name\":\"Edici\u00f3n Web\",\"@id\":\"https:\\\/\\\/canal7slp.tv\\\/2023\\\/#\\\/schema\\\/person\\\/639c424e3584069003b11ae813915da6\"},\"headline\":\"Dos ciclones se fortalecen en el Pac\u00edfico mexicano\",\"datePublished\":\"2023-10-26T22:14:56+00:00\",\"mainEntityOfPage\":{\"@id\":\"https:\\\/\\\/canal7slp.tv\\\/2023\\\/dos-ciclones-se-fortalecen-en-el-pacifico-mexicano\\\/\"},\"wordCount\":236,\"publisher\":{\"@id\":\"https:\\\/\\\/canal7slp.tv\\\/2023\\\/#organization\"},\"image\":{\"@id\":\"https:\\\/\\\/canal7slp.tv\\\/2023\\\/dos-ciclones-se-fortalecen-en-el-pacifico-mexicano\\\/#primaryimage\"},\"thumbnailUrl\":\"https:\\\/\\\/canal7slp.tv\\\/2023\\\/wp-content\\\/uploads\\\/2023\\\/10\\\/06-21.jpg\",\"articleSection\":[\"NACIONALES\"],\"inLanguage\":\"es\"},{\"@type\":\"WebPage\",\"@id\":\"https:\\\/\\\/canal7slp.tv\\\/2023\\\/dos-ciclones-se-fortalecen-en-el-pacifico-mexicano\\\/\",\"url\":\"https:\\\/\\\/canal7slp.tv\\\/2023\\\/dos-ciclones-se-fortalecen-en-el-pacifico-mexicano\\\/\",\"name\":\"Dos ciclones se fortalecen en el Pac\u00edfico mexicano - Canal 7 SLP - 2023\",\"isPartOf\":{\"@id\":\"https:\\\/\\\/canal7slp.tv\\\/2023\\\/#website\"},\"primaryImageOfPage\":{\"@id\":\"https:\\\/\\\/canal7slp.tv\\\/2023\\\/dos-ciclones-se-fortalecen-en-el-pacifico-mexicano\\\/#primaryimage\"},\"image\":{\"@id\":\"https:\\\/\\\/canal7slp.tv\\\/2023\\\/dos-ciclones-se-fortalecen-en-el-pacifico-mexicano\\\/#primaryimage\"},\"thumbnailUrl\":\"https:\\\/\\\/canal7slp.tv\\\/2023\\\/wp-content\\\/uploads\\\/2023\\\/10\\\/06-21.jpg\",\"datePublished\":\"2023-10-26T22:14:56+00:00\",\"breadcrumb\":{\"@id\":\"https:\\\/\\\/canal7slp.tv\\\/2023\\\/dos-ciclones-se-fortalecen-en-el-pacifico-mexicano\\\/#breadcrumb\"},\"inLanguage\":\"es\",\"potentialAction\":[{\"@type\":\"ReadAction\",\"target\":[\"https:\\\/\\\/canal7slp.tv\\\/2023\\\/dos-ciclones-se-fortalecen-en-el-pacifico-mexicano\\\/\"]}]},{\"@type\":\"ImageObject\",\"inLanguage\":\"es\",\"@id\":\"https:\\\/\\\/canal7slp.tv\\\/2023\\\/dos-ciclones-se-fortalecen-en-el-pacifico-mexicano\\\/#primaryimage\",\"url\":\"https:\\\/\\\/canal7slp.tv\\\/2023\\\/wp-content\\\/uploads\\\/2023\\\/10\\\/06-21.jpg\",\"contentUrl\":\"https:\\\/\\\/canal7slp.tv\\\/2023\\\/wp-content\\\/uploads\\\/2023\\\/10\\\/06-21.jpg\",\"width\":768,\"height\":511},{\"@type\":\"BreadcrumbList\",\"@id\":\"https:\\\/\\\/canal7slp.tv\\\/2023\\\/dos-ciclones-se-fortalecen-en-el-pacifico-mexicano\\\/#breadcrumb\",\"itemListElement\":[{\"@type\":\"ListItem\",\"position\":1,\"name\":\"Portada\",\"item\":\"https:\\\/\\\/canal7slp.tv\\\/2023\\\/\"},{\"@type\":\"ListItem\",\"position\":2,\"name\":\"Dos ciclones se fortalecen en el Pac\u00edfico mexicano\"}]},{\"@type\":\"WebSite\",\"@id\":\"https:\\\/\\\/canal7slp.tv\\\/2023\\\/#website\",\"url\":\"https:\\\/\\\/canal7slp.tv\\\/2023\\\/\",\"name\":\"N7 - Noticieros Canal 7\",\"description\":\"Somos Televisi\u00f3n\",\"publisher\":{\"@id\":\"https:\\\/\\\/canal7slp.tv\\\/2023\\\/#organization\"},\"potentialAction\":[{\"@type\":\"SearchAction\",\"target\":{\"@type\":\"EntryPoint\",\"urlTemplate\":\"https:\\\/\\\/canal7slp.tv\\\/2023\\\/?s={search_term_string}\"},\"query-input\":{\"@type\":\"PropertyValueSpecification\",\"valueRequired\":true,\"valueName\":\"search_term_string\"}}],\"inLanguage\":\"es\"},{\"@type\":\"Organization\",\"@id\":\"https:\\\/\\\/canal7slp.tv\\\/2023\\\/#organization\",\"name\":\"Noticieros Canal 7\",\"url\":\"https:\\\/\\\/canal7slp.tv\\\/2023\\\/\",\"logo\":{\"@type\":\"ImageObject\",\"inLanguage\":\"es\",\"@id\":\"https:\\\/\\\/canal7slp.tv\\\/2023\\\/#\\\/schema\\\/logo\\\/image\\\/\",\"url\":\"https:\\\/\\\/canal7slp.tv\\\/2023\\\/wp-content\\\/uploads\\\/2021\\\/01\\\/logo-noticieros@2x.png\",\"contentUrl\":\"https:\\\/\\\/canal7slp.tv\\\/2023\\\/wp-content\\\/uploads\\\/2021\\\/01\\\/logo-noticieros@2x.png\",\"width\":1017,\"height\":268,\"caption\":\"Noticieros Canal 7\"},\"image\":{\"@id\":\"https:\\\/\\\/canal7slp.tv\\\/2023\\\/#\\\/schema\\\/logo\\\/image\\\/\"},\"sameAs\":[\"https:\\\/\\\/www.facebook.com\\\/noticieroscanalsiete\",\"https:\\\/\\\/x.com\\\/NOTICIEROS7\",\"https:\\\/\\\/www.instagram.com\\\/canal7_slp\",\"https:\\\/\\\/www.youtube.com\\\/channel\\\/UCliiYs-gP3JfJeqdPrNdd5A\"]},{\"@type\":\"Person\",\"@id\":\"https:\\\/\\\/canal7slp.tv\\\/2023\\\/#\\\/schema\\\/person\\\/639c424e3584069003b11ae813915da6\",\"name\":\"Edici\u00f3n Web\",\"image\":{\"@type\":\"ImageObject\",\"inLanguage\":\"es\",\"@id\":\"https:\\\/\\\/secure.gravatar.com\\\/avatar\\\/eee448fc3f7164808013b816ba91ac7e43bbe82a70bebac296f8bc6f0addaa1a?s=96&d=mm&r=g\",\"url\":\"https:\\\/\\\/secure.gravatar.com\\\/avatar\\\/eee448fc3f7164808013b816ba91ac7e43bbe82a70bebac296f8bc6f0addaa1a?s=96&d=mm&r=g\",\"contentUrl\":\"https:\\\/\\\/secure.gravatar.com\\\/avatar\\\/eee448fc3f7164808013b816ba91ac7e43bbe82a70bebac296f8bc6f0addaa1a?s=96&d=mm&r=g\",\"caption\":\"Edici\u00f3n Web\"},\"url\":\"https:\\\/\\\/canal7slp.tv\\\/2023\\\/author\\\/edicionweb\\\/\"}]}<\/script>\n<!-- \/ Yoast SEO plugin. -->","yoast_head_json":{"title":"Dos ciclones se fortalecen en el Pac\u00edfico mexicano - Canal 7 SLP - 2023","robots":{"index":"index","follow":"follow","max-snippet":"max-snippet:-1","max-image-preview":"max-image-preview:large","max-video-preview":"max-video-preview:-1"},"canonical":"https:\/\/canal7slp.tv\/2023\/dos-ciclones-se-fortalecen-en-el-pacifico-mexicano\/","og_locale":"es_ES","og_type":"article","og_title":"Dos ciclones se fortalecen en el Pac\u00edfico mexicano - Canal 7 SLP - 2023","og_description":"M\u00e9xico.- Tras la devastaci\u00f3n causada por el hurac\u00e1n \u00abOtis\u00bb en Guerrero, M\u00e9xico, el Servicio Meteorol\u00f3gico Nacional (SMN) mantiene una estrecha vigilancia sobre dos zonas de baja presi\u00f3n en el Oc\u00e9ano Pac\u00edfico que podr\u00edan convertirse en ciclones. La primera zona, formada a partir de los remanentes de la depresi\u00f3n tropical Veitiuno, se desplaza lentamente hacia el oeste-noroeste, al sur de las costas de El Salvador. El SMN estima un 60% de probabilidad de desarrollo cicl\u00f3nico en 48 horas y un 80% en 7 d\u00edas. Si evoluciona, podr\u00eda dar origen al cicl\u00f3n \u00abPilar\u00bb. La segunda zona de baja presi\u00f3n se espera que [&hellip;]","og_url":"https:\/\/canal7slp.tv\/2023\/dos-ciclones-se-fortalecen-en-el-pacifico-mexicano\/","og_site_name":"Canal 7 SLP - 2023","article_publisher":"https:\/\/www.facebook.com\/noticieroscanalsiete","article_published_time":"2023-10-26T22:14:56+00:00","og_image":[{"width":768,"height":511,"url":"https:\/\/canal7slp.tv\/2023\/wp-content\/uploads\/2023\/10\/06-21.jpg","type":"image\/jpeg"}],"author":"Edici\u00f3n Web","twitter_card":"summary_large_image","twitter_creator":"@NOTICIEROS7","twitter_site":"@NOTICIEROS7","twitter_misc":{"Escrito por":"Edici\u00f3n Web","Tiempo de lectura":"1 minuto"},"schema":{"@context":"https:\/\/schema.org","@graph":[{"@type":"Article","@id":"https:\/\/canal7slp.tv\/2023\/dos-ciclones-se-fortalecen-en-el-pacifico-mexicano\/#article","isPartOf":{"@id":"https:\/\/canal7slp.tv\/2023\/dos-ciclones-se-fortalecen-en-el-pacifico-mexicano\/"},"author":{"name":"Edici\u00f3n Web","@id":"https:\/\/canal7slp.tv\/2023\/#\/schema\/person\/639c424e3584069003b11ae813915da6"},"headline":"Dos ciclones se fortalecen en el Pac\u00edfico mexicano","datePublished":"2023-10-26T22:14:56+00:00","mainEntityOfPage":{"@id":"https:\/\/canal7slp.tv\/2023\/dos-ciclones-se-fortalecen-en-el-pacifico-mexicano\/"},"wordCount":236,"publisher":{"@id":"https:\/\/canal7slp.tv\/2023\/#organization"},"image":{"@id":"https:\/\/canal7slp.tv\/2023\/dos-ciclones-se-fortalecen-en-el-pacifico-mexicano\/#primaryimage"},"thumbnailUrl":"https:\/\/canal7slp.tv\/2023\/wp-content\/uploads\/2023\/10\/06-21.jpg","articleSection":["NACIONALES"],"inLanguage":"es"},{"@type":"WebPage","@id":"https:\/\/canal7slp.tv\/2023\/dos-ciclones-se-fortalecen-en-el-pacifico-mexicano\/","url":"https:\/\/canal7slp.tv\/2023\/dos-ciclones-se-fortalecen-en-el-pacifico-mexicano\/","name":"Dos ciclones se fortalecen en el Pac\u00edfico mexicano - Canal 7 SLP - 2023","isPartOf":{"@id":"https:\/\/canal7slp.tv\/2023\/#website"},"primaryImageOfPage":{"@id":"https:\/\/canal7slp.tv\/2023\/dos-ciclones-se-fortalecen-en-el-pacifico-mexicano\/#primaryimage"},"image":{"@id":"https:\/\/canal7slp.tv\/2023\/dos-ciclones-se-fortalecen-en-el-pacifico-mexicano\/#primaryimage"},"thumbnailUrl":"https:\/\/canal7slp.tv\/2023\/wp-content\/uploads\/2023\/10\/06-21.jpg","datePublished":"2023-10-26T22:14:56+00:00","breadcrumb":{"@id":"https:\/\/canal7slp.tv\/2023\/dos-ciclones-se-fortalecen-en-el-pacifico-mexicano\/#breadcrumb"},"inLanguage":"es","potentialAction":[{"@type":"ReadAction","target":["https:\/\/canal7slp.tv\/2023\/dos-ciclones-se-fortalecen-en-el-pacifico-mexicano\/"]}]},{"@type":"ImageObject","inLanguage":"es","@id":"https:\/\/canal7slp.tv\/2023\/dos-ciclones-se-fortalecen-en-el-pacifico-mexicano\/#primaryimage","url":"https:\/\/canal7slp.tv\/2023\/wp-content\/uploads\/2023\/10\/06-21.jpg","contentUrl":"https:\/\/canal7slp.tv\/2023\/wp-content\/uploads\/2023\/10\/06-21.jpg","width":768,"height":511},{"@type":"BreadcrumbList","@id":"https:\/\/canal7slp.tv\/2023\/dos-ciclones-se-fortalecen-en-el-pacifico-mexicano\/#breadcrumb","itemListElement":[{"@type":"ListItem","position":1,"name":"Portada","item":"https:\/\/canal7slp.tv\/2023\/"},{"@type":"ListItem","position":2,"name":"Dos ciclones se fortalecen en el Pac\u00edfico mexicano"}]},{"@type":"WebSite","@id":"https:\/\/canal7slp.tv\/2023\/#website","url":"https:\/\/canal7slp.tv\/2023\/","name":"N7 - Noticieros Canal 7","description":"Somos Televisi\u00f3n","publisher":{"@id":"https:\/\/canal7slp.tv\/2023\/#organization"},"potentialAction":[{"@type":"SearchAction","target":{"@type":"EntryPoint","urlTemplate":"https:\/\/canal7slp.tv\/2023\/?s={search_term_string}"},"query-input":{"@type":"PropertyValueSpecification","valueRequired":true,"valueName":"search_term_string"}}],"inLanguage":"es"},{"@type":"Organization","@id":"https:\/\/canal7slp.tv\/2023\/#organization","name":"Noticieros Canal 7","url":"https:\/\/canal7slp.tv\/2023\/","logo":{"@type":"ImageObject","inLanguage":"es","@id":"https:\/\/canal7slp.tv\/2023\/#\/schema\/logo\/image\/","url":"https:\/\/canal7slp.tv\/2023\/wp-content\/uploads\/2021\/01\/logo-noticieros@2x.png","contentUrl":"https:\/\/canal7slp.tv\/2023\/wp-content\/uploads\/2021\/01\/logo-noticieros@2x.png","width":1017,"height":268,"caption":"Noticieros Canal 7"},"image":{"@id":"https:\/\/canal7slp.tv\/2023\/#\/schema\/logo\/image\/"},"sameAs":["https:\/\/www.facebook.com\/noticieroscanalsiete","https:\/\/x.com\/NOTICIEROS7","https:\/\/www.instagram.com\/canal7_slp","https:\/\/www.youtube.com\/channel\/UCliiYs-gP3JfJeqdPrNdd5A"]},{"@type":"Person","@id":"https:\/\/canal7slp.tv\/2023\/#\/schema\/person\/639c424e3584069003b11ae813915da6","name":"Edici\u00f3n Web","image":{"@type":"ImageObject","inLanguage":"es","@id":"https:\/\/secure.gravatar.com\/avatar\/eee448fc3f7164808013b816ba91ac7e43bbe82a70bebac296f8bc6f0addaa1a?s=96&d=mm&r=g","url":"https:\/\/secure.gravatar.com\/avatar\/eee448fc3f7164808013b816ba91ac7e43bbe82a70bebac296f8bc6f0addaa1a?s=96&d=mm&r=g","contentUrl":"https:\/\/secure.gravatar.com\/avatar\/eee448fc3f7164808013b816ba91ac7e43bbe82a70bebac296f8bc6f0addaa1a?s=96&d=mm&r=g","caption":"Edici\u00f3n Web"},"url":"https:\/\/canal7slp.tv\/2023\/author\/edicionweb\/"}]}},"_links":{"self":[{"href":"https:\/\/canal7slp.tv\/2023\/wp-json\/wp\/v2\/posts\/111141","targetHints":{"allow":["GET"]}}],"collection":[{"href":"https:\/\/canal7slp.tv\/2023\/wp-json\/wp\/v2\/posts"}],"about":[{"href":"https:\/\/canal7slp.tv\/2023\/wp-json\/wp\/v2\/types\/post"}],"author":[{"embeddable":true,"href":"https:\/\/canal7slp.tv\/2023\/wp-json\/wp\/v2\/users\/2"}],"replies":[{"embeddable":true,"href":"https:\/\/canal7slp.tv\/2023\/wp-json\/wp\/v2\/comments?post=111141"}],"version-history":[{"count":3,"href":"https:\/\/canal7slp.tv\/2023\/wp-json\/wp\/v2\/posts\/111141\/revisions"}],"predecessor-version":[{"id":111199,"href":"https:\/\/canal7slp.tv\/2023\/wp-json\/wp\/v2\/posts\/111141\/revisions\/111199"}],"wp:featuredmedia":[{"embeddable":true,"href":"https:\/\/canal7slp.tv\/2023\/wp-json\/wp\/v2\/media\/111161"}],"wp:attachment":[{"href":"https:\/\/canal7slp.tv\/2023\/wp-json\/wp\/v2\/media?parent=111141"}],"wp:term":[{"taxonomy":"category","embeddable":true,"href":"https:\/\/canal7slp.tv\/2023\/wp-json\/wp\/v2\/categories?post=111141"},{"taxonomy":"post_tag","embeddable":true,"href":"https:\/\/canal7slp.tv\/2023\/wp-json\/wp\/v2\/tags?post=111141"}],"curies":[{"name":"wp","href":"https:\/\/api.w.org\/{rel}","templated":true}]}}