{"id":111140,"date":"2023-10-26T16:10:02","date_gmt":"2023-10-26T22:10:02","guid":{"rendered":"https:\/\/canal7slp.tv\/2023\/?p=111140"},"modified":"2023-10-26T16:10:02","modified_gmt":"2023-10-26T22:10:02","slug":"incomunicado-devastado-y-envuelto-en-caos-quedo-acapulco-con-el-paso-de-otis","status":"publish","type":"post","link":"https:\/\/canal7slp.tv\/2023\/incomunicado-devastado-y-envuelto-en-caos-quedo-acapulco-con-el-paso-de-otis\/","title":{"rendered":"Incomunicado, devastado y envuelto en caos qued\u00f3 Acapulco con el paso de \u00abOtis\u00bb"},"content":{"rendered":"<p style=\"text-align: justify;\">Acapulco.- Tras casi 24 horas del impacto de \u201cOtis\u201d, Acapulco sigue sin servicio el\u00e9ctrico ni comunicaciones, mientras que los municipios de Zihuatanejo, Coyuca de Ben\u00edtez, Benito Ju\u00e1rez (San Jer\u00f3nimo), Tecpan de Galeana y Atoyac tambi\u00e9n se encuentran incomunicados.<\/p>\n<p style=\"text-align: justify;\">Las autoridades de los tres niveles de gobierno a\u00fan no han emitido informes oficiales sobre la magnitud de los da\u00f1os, pero se advierte que son devastadores de manera preliminar.<\/p>\n<p style=\"text-align: justify;\">La gobernadora Evelyn Salgado Pineda ha informado a trav\u00e9s de redes sociales que la Comisi\u00f3n Federal de Electricidad est\u00e1 haciendo esfuerzos importantes para restablecer el servicio el\u00e9ctrico y el suministro de agua potable.<\/p>\n<p style=\"text-align: justify;\">Asimismo, las autoridades est\u00e1n haciendo recorridos constantes para evaluar completamente los da\u00f1os causados por \u00abOtis\u00bb. Adem\u00e1s, contin\u00faan los trabajos para la reapertura de las carreteras afectadas, incluyendo la Autopista del Sol (M\u00e9xico-Acapulco).<\/p>\n<p style=\"text-align: justify;\">Cabe se\u00f1alar que el presidente Andr\u00e9s Manuel L\u00f3pez Obrador qued\u00f3 varado en la Autopista del Sol mientras se dirig\u00eda hacia Acapulco. En ese punto, se le observ\u00f3 dialogando con el secretario de la Defensa Nacional, Luis Crescencio Sandoval Gonz\u00e1lez; la secretaria de Seguridad P\u00fablica y Protecci\u00f3n Ciudadana, Rosa Icela Rodr\u00edguez Vel\u00e1zquez; y la coordinadora Nacional de Protecci\u00f3n Civil, Laura Vel\u00e1zquez Alz\u00faa.<\/p>\n","protected":false},"excerpt":{"rendered":"<p>Acapulco.- Tras casi 24 horas del impacto de \u201cOtis\u201d, Acapulco sigue sin servicio el\u00e9ctrico ni comunicaciones, mientras que los municipios de Zihuatanejo, Coyuca de Ben\u00edtez, Benito Ju\u00e1rez (San Jer\u00f3nimo), Tecpan de Galeana y Atoyac tambi\u00e9n se encuentran incomunicados. Las autoridades de los tres niveles de gobierno a\u00fan no han emitido informes oficiales sobre la magnitud de los da\u00f1os, pero se advierte que son devastadores de manera preliminar. La gobernadora Evelyn Salgado Pineda ha informado a trav\u00e9s de redes sociales que la Comisi\u00f3n Federal de Electricidad est\u00e1 haciendo esfuerzos importantes para restablecer el servicio el\u00e9ctrico y el suministro de agua potable. [&hellip;]<\/p>\n","protected":false},"author":2,"featured_media":111160,"comment_status":"closed","ping_status":"closed","sticky":false,"template":"","format":"standard","meta":{"footnotes":""},"categories":[46],"tags":[],"class_list":["post-111140","post","type-post","status-publish","format-standard","has-post-thumbnail","hentry","category-nacional","post--single"],"yoast_head":"<!-- This site is optimized with the Yoast SEO plugin v27.4 - https:\/\/yoast.com\/product\/yoast-seo-wordpress\/ -->\n<title>Incomunicado, devastado y envuelto en caos qued\u00f3 Acapulco con el paso de &quot;Otis&quot; - Canal 7 SLP - 2023<\/title>\n<meta name=\"robots\" content=\"index, follow, max-snippet:-1, max-image-preview:large, max-video-preview:-1\" \/>\n<link rel=\"canonical\" href=\"https:\/\/canal7slp.tv\/2023\/incomunicado-devastado-y-envuelto-en-caos-quedo-acapulco-con-el-paso-de-otis\/\" \/>\n<meta property=\"og:locale\" content=\"es_ES\" \/>\n<meta property=\"og:type\" content=\"article\" \/>\n<meta property=\"og:title\" content=\"Incomunicado, devastado y envuelto en caos qued\u00f3 Acapulco con el paso de &quot;Otis&quot; - Canal 7 SLP - 2023\" \/>\n<meta property=\"og:description\" content=\"Acapulco.- Tras casi 24 horas del impacto de \u201cOtis\u201d, Acapulco sigue sin servicio el\u00e9ctrico ni comunicaciones, mientras que los municipios de Zihuatanejo, Coyuca de Ben\u00edtez, Benito Ju\u00e1rez (San Jer\u00f3nimo), Tecpan de Galeana y Atoyac tambi\u00e9n se encuentran incomunicados. Las autoridades de los tres niveles de gobierno a\u00fan no han emitido informes oficiales sobre la magnitud de los da\u00f1os, pero se advierte que son devastadores de manera preliminar. La gobernadora Evelyn Salgado Pineda ha informado a trav\u00e9s de redes sociales que la Comisi\u00f3n Federal de Electricidad est\u00e1 haciendo esfuerzos importantes para restablecer el servicio el\u00e9ctrico y el suministro de agua potable. [&hellip;]\" \/>\n<meta property=\"og:url\" content=\"https:\/\/canal7slp.tv\/2023\/incomunicado-devastado-y-envuelto-en-caos-quedo-acapulco-con-el-paso-de-otis\/\" \/>\n<meta property=\"og:site_name\" content=\"Canal 7 SLP - 2023\" \/>\n<meta property=\"article:publisher\" content=\"https:\/\/www.facebook.com\/noticieroscanalsiete\" \/>\n<meta property=\"article:published_time\" content=\"2023-10-26T22:10:02+00:00\" \/>\n<meta property=\"og:image\" content=\"https:\/\/canal7slp.tv\/2023\/wp-content\/uploads\/2023\/10\/05-18.jpg\" \/>\n\t<meta property=\"og:image:width\" content=\"1600\" \/>\n\t<meta property=\"og:image:height\" content=\"900\" \/>\n\t<meta property=\"og:image:type\" content=\"image\/jpeg\" \/>\n<meta name=\"author\" content=\"Edici\u00f3n Web\" \/>\n<meta name=\"twitter:card\" content=\"summary_large_image\" \/>\n<meta name=\"twitter:creator\" content=\"@NOTICIEROS7\" \/>\n<meta name=\"twitter:site\" content=\"@NOTICIEROS7\" \/>\n<meta name=\"twitter:label1\" content=\"Escrito por\" \/>\n\t<meta name=\"twitter:data1\" content=\"Edici\u00f3n Web\" \/>\n\t<meta name=\"twitter:label2\" content=\"Tiempo de lectura\" \/>\n\t<meta name=\"twitter:data2\" content=\"1 minuto\" \/>\n<script type=\"application\/ld+json\" class=\"yoast-schema-graph\">{\"@context\":\"https:\\\/\\\/schema.org\",\"@graph\":[{\"@type\":\"Article\",\"@id\":\"https:\\\/\\\/canal7slp.tv\\\/2023\\\/incomunicado-devastado-y-envuelto-en-caos-quedo-acapulco-con-el-paso-de-otis\\\/#article\",\"isPartOf\":{\"@id\":\"https:\\\/\\\/canal7slp.tv\\\/2023\\\/incomunicado-devastado-y-envuelto-en-caos-quedo-acapulco-con-el-paso-de-otis\\\/\"},\"author\":{\"name\":\"Edici\u00f3n Web\",\"@id\":\"https:\\\/\\\/canal7slp.tv\\\/2023\\\/#\\\/schema\\\/person\\\/639c424e3584069003b11ae813915da6\"},\"headline\":\"Incomunicado, devastado y envuelto en caos qued\u00f3 Acapulco con el paso de \u00abOtis\u00bb\",\"datePublished\":\"2023-10-26T22:10:02+00:00\",\"mainEntityOfPage\":{\"@id\":\"https:\\\/\\\/canal7slp.tv\\\/2023\\\/incomunicado-devastado-y-envuelto-en-caos-quedo-acapulco-con-el-paso-de-otis\\\/\"},\"wordCount\":233,\"publisher\":{\"@id\":\"https:\\\/\\\/canal7slp.tv\\\/2023\\\/#organization\"},\"image\":{\"@id\":\"https:\\\/\\\/canal7slp.tv\\\/2023\\\/incomunicado-devastado-y-envuelto-en-caos-quedo-acapulco-con-el-paso-de-otis\\\/#primaryimage\"},\"thumbnailUrl\":\"https:\\\/\\\/canal7slp.tv\\\/2023\\\/wp-content\\\/uploads\\\/2023\\\/10\\\/05-18.jpg\",\"articleSection\":[\"NACIONALES\"],\"inLanguage\":\"es\"},{\"@type\":\"WebPage\",\"@id\":\"https:\\\/\\\/canal7slp.tv\\\/2023\\\/incomunicado-devastado-y-envuelto-en-caos-quedo-acapulco-con-el-paso-de-otis\\\/\",\"url\":\"https:\\\/\\\/canal7slp.tv\\\/2023\\\/incomunicado-devastado-y-envuelto-en-caos-quedo-acapulco-con-el-paso-de-otis\\\/\",\"name\":\"Incomunicado, devastado y envuelto en caos qued\u00f3 Acapulco con el paso de \\\"Otis\\\" - Canal 7 SLP - 2023\",\"isPartOf\":{\"@id\":\"https:\\\/\\\/canal7slp.tv\\\/2023\\\/#website\"},\"primaryImageOfPage\":{\"@id\":\"https:\\\/\\\/canal7slp.tv\\\/2023\\\/incomunicado-devastado-y-envuelto-en-caos-quedo-acapulco-con-el-paso-de-otis\\\/#primaryimage\"},\"image\":{\"@id\":\"https:\\\/\\\/canal7slp.tv\\\/2023\\\/incomunicado-devastado-y-envuelto-en-caos-quedo-acapulco-con-el-paso-de-otis\\\/#primaryimage\"},\"thumbnailUrl\":\"https:\\\/\\\/canal7slp.tv\\\/2023\\\/wp-content\\\/uploads\\\/2023\\\/10\\\/05-18.jpg\",\"datePublished\":\"2023-10-26T22:10:02+00:00\",\"breadcrumb\":{\"@id\":\"https:\\\/\\\/canal7slp.tv\\\/2023\\\/incomunicado-devastado-y-envuelto-en-caos-quedo-acapulco-con-el-paso-de-otis\\\/#breadcrumb\"},\"inLanguage\":\"es\",\"potentialAction\":[{\"@type\":\"ReadAction\",\"target\":[\"https:\\\/\\\/canal7slp.tv\\\/2023\\\/incomunicado-devastado-y-envuelto-en-caos-quedo-acapulco-con-el-paso-de-otis\\\/\"]}]},{\"@type\":\"ImageObject\",\"inLanguage\":\"es\",\"@id\":\"https:\\\/\\\/canal7slp.tv\\\/2023\\\/incomunicado-devastado-y-envuelto-en-caos-quedo-acapulco-con-el-paso-de-otis\\\/#primaryimage\",\"url\":\"https:\\\/\\\/canal7slp.tv\\\/2023\\\/wp-content\\\/uploads\\\/2023\\\/10\\\/05-18.jpg\",\"contentUrl\":\"https:\\\/\\\/canal7slp.tv\\\/2023\\\/wp-content\\\/uploads\\\/2023\\\/10\\\/05-18.jpg\",\"width\":1600,\"height\":900},{\"@type\":\"BreadcrumbList\",\"@id\":\"https:\\\/\\\/canal7slp.tv\\\/2023\\\/incomunicado-devastado-y-envuelto-en-caos-quedo-acapulco-con-el-paso-de-otis\\\/#breadcrumb\",\"itemListElement\":[{\"@type\":\"ListItem\",\"position\":1,\"name\":\"Portada\",\"item\":\"https:\\\/\\\/canal7slp.tv\\\/2023\\\/\"},{\"@type\":\"ListItem\",\"position\":2,\"name\":\"Incomunicado, devastado y envuelto en caos qued\u00f3 Acapulco con el paso de &#8220;Otis&#8221;\"}]},{\"@type\":\"WebSite\",\"@id\":\"https:\\\/\\\/canal7slp.tv\\\/2023\\\/#website\",\"url\":\"https:\\\/\\\/canal7slp.tv\\\/2023\\\/\",\"name\":\"N7 - Noticieros Canal 7\",\"description\":\"Somos Televisi\u00f3n\",\"publisher\":{\"@id\":\"https:\\\/\\\/canal7slp.tv\\\/2023\\\/#organization\"},\"potentialAction\":[{\"@type\":\"SearchAction\",\"target\":{\"@type\":\"EntryPoint\",\"urlTemplate\":\"https:\\\/\\\/canal7slp.tv\\\/2023\\\/?s={search_term_string}\"},\"query-input\":{\"@type\":\"PropertyValueSpecification\",\"valueRequired\":true,\"valueName\":\"search_term_string\"}}],\"inLanguage\":\"es\"},{\"@type\":\"Organization\",\"@id\":\"https:\\\/\\\/canal7slp.tv\\\/2023\\\/#organization\",\"name\":\"Noticieros Canal 7\",\"url\":\"https:\\\/\\\/canal7slp.tv\\\/2023\\\/\",\"logo\":{\"@type\":\"ImageObject\",\"inLanguage\":\"es\",\"@id\":\"https:\\\/\\\/canal7slp.tv\\\/2023\\\/#\\\/schema\\\/logo\\\/image\\\/\",\"url\":\"https:\\\/\\\/canal7slp.tv\\\/2023\\\/wp-content\\\/uploads\\\/2021\\\/01\\\/logo-noticieros@2x.png\",\"contentUrl\":\"https:\\\/\\\/canal7slp.tv\\\/2023\\\/wp-content\\\/uploads\\\/2021\\\/01\\\/logo-noticieros@2x.png\",\"width\":1017,\"height\":268,\"caption\":\"Noticieros Canal 7\"},\"image\":{\"@id\":\"https:\\\/\\\/canal7slp.tv\\\/2023\\\/#\\\/schema\\\/logo\\\/image\\\/\"},\"sameAs\":[\"https:\\\/\\\/www.facebook.com\\\/noticieroscanalsiete\",\"https:\\\/\\\/x.com\\\/NOTICIEROS7\",\"https:\\\/\\\/www.instagram.com\\\/canal7_slp\",\"https:\\\/\\\/www.youtube.com\\\/channel\\\/UCliiYs-gP3JfJeqdPrNdd5A\"]},{\"@type\":\"Person\",\"@id\":\"https:\\\/\\\/canal7slp.tv\\\/2023\\\/#\\\/schema\\\/person\\\/639c424e3584069003b11ae813915da6\",\"name\":\"Edici\u00f3n Web\",\"image\":{\"@type\":\"ImageObject\",\"inLanguage\":\"es\",\"@id\":\"https:\\\/\\\/secure.gravatar.com\\\/avatar\\\/eee448fc3f7164808013b816ba91ac7e43bbe82a70bebac296f8bc6f0addaa1a?s=96&d=mm&r=g\",\"url\":\"https:\\\/\\\/secure.gravatar.com\\\/avatar\\\/eee448fc3f7164808013b816ba91ac7e43bbe82a70bebac296f8bc6f0addaa1a?s=96&d=mm&r=g\",\"contentUrl\":\"https:\\\/\\\/secure.gravatar.com\\\/avatar\\\/eee448fc3f7164808013b816ba91ac7e43bbe82a70bebac296f8bc6f0addaa1a?s=96&d=mm&r=g\",\"caption\":\"Edici\u00f3n Web\"},\"url\":\"https:\\\/\\\/canal7slp.tv\\\/2023\\\/author\\\/edicionweb\\\/\"}]}<\/script>\n<!-- \/ Yoast SEO plugin. -->","yoast_head_json":{"title":"Incomunicado, devastado y envuelto en caos qued\u00f3 Acapulco con el paso de \"Otis\" - Canal 7 SLP - 2023","robots":{"index":"index","follow":"follow","max-snippet":"max-snippet:-1","max-image-preview":"max-image-preview:large","max-video-preview":"max-video-preview:-1"},"canonical":"https:\/\/canal7slp.tv\/2023\/incomunicado-devastado-y-envuelto-en-caos-quedo-acapulco-con-el-paso-de-otis\/","og_locale":"es_ES","og_type":"article","og_title":"Incomunicado, devastado y envuelto en caos qued\u00f3 Acapulco con el paso de \"Otis\" - Canal 7 SLP - 2023","og_description":"Acapulco.- Tras casi 24 horas del impacto de \u201cOtis\u201d, Acapulco sigue sin servicio el\u00e9ctrico ni comunicaciones, mientras que los municipios de Zihuatanejo, Coyuca de Ben\u00edtez, Benito Ju\u00e1rez (San Jer\u00f3nimo), Tecpan de Galeana y Atoyac tambi\u00e9n se encuentran incomunicados. Las autoridades de los tres niveles de gobierno a\u00fan no han emitido informes oficiales sobre la magnitud de los da\u00f1os, pero se advierte que son devastadores de manera preliminar. La gobernadora Evelyn Salgado Pineda ha informado a trav\u00e9s de redes sociales que la Comisi\u00f3n Federal de Electricidad est\u00e1 haciendo esfuerzos importantes para restablecer el servicio el\u00e9ctrico y el suministro de agua potable. [&hellip;]","og_url":"https:\/\/canal7slp.tv\/2023\/incomunicado-devastado-y-envuelto-en-caos-quedo-acapulco-con-el-paso-de-otis\/","og_site_name":"Canal 7 SLP - 2023","article_publisher":"https:\/\/www.facebook.com\/noticieroscanalsiete","article_published_time":"2023-10-26T22:10:02+00:00","og_image":[{"width":1600,"height":900,"url":"https:\/\/canal7slp.tv\/2023\/wp-content\/uploads\/2023\/10\/05-18.jpg","type":"image\/jpeg"}],"author":"Edici\u00f3n Web","twitter_card":"summary_large_image","twitter_creator":"@NOTICIEROS7","twitter_site":"@NOTICIEROS7","twitter_misc":{"Escrito por":"Edici\u00f3n Web","Tiempo de lectura":"1 minuto"},"schema":{"@context":"https:\/\/schema.org","@graph":[{"@type":"Article","@id":"https:\/\/canal7slp.tv\/2023\/incomunicado-devastado-y-envuelto-en-caos-quedo-acapulco-con-el-paso-de-otis\/#article","isPartOf":{"@id":"https:\/\/canal7slp.tv\/2023\/incomunicado-devastado-y-envuelto-en-caos-quedo-acapulco-con-el-paso-de-otis\/"},"author":{"name":"Edici\u00f3n Web","@id":"https:\/\/canal7slp.tv\/2023\/#\/schema\/person\/639c424e3584069003b11ae813915da6"},"headline":"Incomunicado, devastado y envuelto en caos qued\u00f3 Acapulco con el paso de \u00abOtis\u00bb","datePublished":"2023-10-26T22:10:02+00:00","mainEntityOfPage":{"@id":"https:\/\/canal7slp.tv\/2023\/incomunicado-devastado-y-envuelto-en-caos-quedo-acapulco-con-el-paso-de-otis\/"},"wordCount":233,"publisher":{"@id":"https:\/\/canal7slp.tv\/2023\/#organization"},"image":{"@id":"https:\/\/canal7slp.tv\/2023\/incomunicado-devastado-y-envuelto-en-caos-quedo-acapulco-con-el-paso-de-otis\/#primaryimage"},"thumbnailUrl":"https:\/\/canal7slp.tv\/2023\/wp-content\/uploads\/2023\/10\/05-18.jpg","articleSection":["NACIONALES"],"inLanguage":"es"},{"@type":"WebPage","@id":"https:\/\/canal7slp.tv\/2023\/incomunicado-devastado-y-envuelto-en-caos-quedo-acapulco-con-el-paso-de-otis\/","url":"https:\/\/canal7slp.tv\/2023\/incomunicado-devastado-y-envuelto-en-caos-quedo-acapulco-con-el-paso-de-otis\/","name":"Incomunicado, devastado y envuelto en caos qued\u00f3 Acapulco con el paso de \"Otis\" - Canal 7 SLP - 2023","isPartOf":{"@id":"https:\/\/canal7slp.tv\/2023\/#website"},"primaryImageOfPage":{"@id":"https:\/\/canal7slp.tv\/2023\/incomunicado-devastado-y-envuelto-en-caos-quedo-acapulco-con-el-paso-de-otis\/#primaryimage"},"image":{"@id":"https:\/\/canal7slp.tv\/2023\/incomunicado-devastado-y-envuelto-en-caos-quedo-acapulco-con-el-paso-de-otis\/#primaryimage"},"thumbnailUrl":"https:\/\/canal7slp.tv\/2023\/wp-content\/uploads\/2023\/10\/05-18.jpg","datePublished":"2023-10-26T22:10:02+00:00","breadcrumb":{"@id":"https:\/\/canal7slp.tv\/2023\/incomunicado-devastado-y-envuelto-en-caos-quedo-acapulco-con-el-paso-de-otis\/#breadcrumb"},"inLanguage":"es","potentialAction":[{"@type":"ReadAction","target":["https:\/\/canal7slp.tv\/2023\/incomunicado-devastado-y-envuelto-en-caos-quedo-acapulco-con-el-paso-de-otis\/"]}]},{"@type":"ImageObject","inLanguage":"es","@id":"https:\/\/canal7slp.tv\/2023\/incomunicado-devastado-y-envuelto-en-caos-quedo-acapulco-con-el-paso-de-otis\/#primaryimage","url":"https:\/\/canal7slp.tv\/2023\/wp-content\/uploads\/2023\/10\/05-18.jpg","contentUrl":"https:\/\/canal7slp.tv\/2023\/wp-content\/uploads\/2023\/10\/05-18.jpg","width":1600,"height":900},{"@type":"BreadcrumbList","@id":"https:\/\/canal7slp.tv\/2023\/incomunicado-devastado-y-envuelto-en-caos-quedo-acapulco-con-el-paso-de-otis\/#breadcrumb","itemListElement":[{"@type":"ListItem","position":1,"name":"Portada","item":"https:\/\/canal7slp.tv\/2023\/"},{"@type":"ListItem","position":2,"name":"Incomunicado, devastado y envuelto en caos qued\u00f3 Acapulco con el paso de &#8220;Otis&#8221;"}]},{"@type":"WebSite","@id":"https:\/\/canal7slp.tv\/2023\/#website","url":"https:\/\/canal7slp.tv\/2023\/","name":"N7 - Noticieros Canal 7","description":"Somos Televisi\u00f3n","publisher":{"@id":"https:\/\/canal7slp.tv\/2023\/#organization"},"potentialAction":[{"@type":"SearchAction","target":{"@type":"EntryPoint","urlTemplate":"https:\/\/canal7slp.tv\/2023\/?s={search_term_string}"},"query-input":{"@type":"PropertyValueSpecification","valueRequired":true,"valueName":"search_term_string"}}],"inLanguage":"es"},{"@type":"Organization","@id":"https:\/\/canal7slp.tv\/2023\/#organization","name":"Noticieros Canal 7","url":"https:\/\/canal7slp.tv\/2023\/","logo":{"@type":"ImageObject","inLanguage":"es","@id":"https:\/\/canal7slp.tv\/2023\/#\/schema\/logo\/image\/","url":"https:\/\/canal7slp.tv\/2023\/wp-content\/uploads\/2021\/01\/logo-noticieros@2x.png","contentUrl":"https:\/\/canal7slp.tv\/2023\/wp-content\/uploads\/2021\/01\/logo-noticieros@2x.png","width":1017,"height":268,"caption":"Noticieros Canal 7"},"image":{"@id":"https:\/\/canal7slp.tv\/2023\/#\/schema\/logo\/image\/"},"sameAs":["https:\/\/www.facebook.com\/noticieroscanalsiete","https:\/\/x.com\/NOTICIEROS7","https:\/\/www.instagram.com\/canal7_slp","https:\/\/www.youtube.com\/channel\/UCliiYs-gP3JfJeqdPrNdd5A"]},{"@type":"Person","@id":"https:\/\/canal7slp.tv\/2023\/#\/schema\/person\/639c424e3584069003b11ae813915da6","name":"Edici\u00f3n Web","image":{"@type":"ImageObject","inLanguage":"es","@id":"https:\/\/secure.gravatar.com\/avatar\/eee448fc3f7164808013b816ba91ac7e43bbe82a70bebac296f8bc6f0addaa1a?s=96&d=mm&r=g","url":"https:\/\/secure.gravatar.com\/avatar\/eee448fc3f7164808013b816ba91ac7e43bbe82a70bebac296f8bc6f0addaa1a?s=96&d=mm&r=g","contentUrl":"https:\/\/secure.gravatar.com\/avatar\/eee448fc3f7164808013b816ba91ac7e43bbe82a70bebac296f8bc6f0addaa1a?s=96&d=mm&r=g","caption":"Edici\u00f3n Web"},"url":"https:\/\/canal7slp.tv\/2023\/author\/edicionweb\/"}]}},"_links":{"self":[{"href":"https:\/\/canal7slp.tv\/2023\/wp-json\/wp\/v2\/posts\/111140","targetHints":{"allow":["GET"]}}],"collection":[{"href":"https:\/\/canal7slp.tv\/2023\/wp-json\/wp\/v2\/posts"}],"about":[{"href":"https:\/\/canal7slp.tv\/2023\/wp-json\/wp\/v2\/types\/post"}],"author":[{"embeddable":true,"href":"https:\/\/canal7slp.tv\/2023\/wp-json\/wp\/v2\/users\/2"}],"replies":[{"embeddable":true,"href":"https:\/\/canal7slp.tv\/2023\/wp-json\/wp\/v2\/comments?post=111140"}],"version-history":[{"count":3,"href":"https:\/\/canal7slp.tv\/2023\/wp-json\/wp\/v2\/posts\/111140\/revisions"}],"predecessor-version":[{"id":111198,"href":"https:\/\/canal7slp.tv\/2023\/wp-json\/wp\/v2\/posts\/111140\/revisions\/111198"}],"wp:featuredmedia":[{"embeddable":true,"href":"https:\/\/canal7slp.tv\/2023\/wp-json\/wp\/v2\/media\/111160"}],"wp:attachment":[{"href":"https:\/\/canal7slp.tv\/2023\/wp-json\/wp\/v2\/media?parent=111140"}],"wp:term":[{"taxonomy":"category","embeddable":true,"href":"https:\/\/canal7slp.tv\/2023\/wp-json\/wp\/v2\/categories?post=111140"},{"taxonomy":"post_tag","embeddable":true,"href":"https:\/\/canal7slp.tv\/2023\/wp-json\/wp\/v2\/tags?post=111140"}],"curies":[{"name":"wp","href":"https:\/\/api.w.org\/{rel}","templated":true}]}}